{"id":2491,"date":"2013-12-19T00:00:00","date_gmt":"2013-12-19T00:00:00","guid":{"rendered":"http:\/\/psol50.org.br\/arquivo\/2013\/12\/19\/nota-publica-dos-movimentos-sociais-de-pe-pacto-seletivo-pela-vida-desvio-de-conduta-e-a-fala-do-secretario\/"},"modified":"2013-12-19T00:00:00","modified_gmt":"2013-12-19T00:00:00","slug":"nota-publica-dos-movimentos-sociais-de-pe-pacto-seletivo-pela-vida-desvio-de-conduta-e-a-fala-do-secretario","status":"publish","type":"post","link":"https:\/\/psol50.org.br\/nota-publica-dos-movimentos-sociais-de-pe-pacto-seletivo-pela-vida-desvio-de-conduta-e-a-fala-do-secretario\/","title":{"rendered":"Nota p\u00fablica dos movimentos sociais de PE &#8211; Pacto Seletivo pela Vida: desvio de conduta \u00e9 a fala do Secret\u00e1rio"},"content":{"rendered":"<div style=\"text-align: justify;\">\n\tDurante toda a semana, uma s\u00e9rie de mat\u00e9rias da jornalista Fabiana Moraes, do Jornal do Comm\u00e9rcio, mostrou, a partir do mote dos 80 anos de Casa Grande e Senzala, o horror do abuso sexual de jovens negras e pobres no Recife, reproduzindo at\u00e9 hoje a cultura do dom\u00ednio sexual do homem branco sobre as negras. Dentre os diversos casos denunciados os mais chocantes foram os de estupros cometidos por policiais militares, que deveriam proteger essas meninas, mas usam covardemente da for\u00e7a e da autoridade para agravar ainda mais a situa\u00e7\u00e3o delas. Por si s\u00f3, s\u00e3o dolorosos os relatos das meninas e de uma travesti adolescente e chamam aten\u00e7\u00e3o para o quadro alarmante de viol\u00eancia patriarcal em Pernambuco.<\/p>\n<p>\tPara responder sobre a viol\u00eancia policial, o JC entrou em contato com Wilson Dam\u00e1zio, Secretario de Defesa Social do Governo de Pernambuco. Dam\u00e1zio, que recentemente ordenou pris\u00f5es pol\u00edticas, legitimou e coordenou a trucul\u00eancia policial contra a popula\u00e7\u00e3o que foi \u00e0s ruas exigir melhores condi\u00e7\u00f5es de vida, nessa entrevista nos brindou com a inaceit\u00e1vel frase \u201cn\u00e3o sei por que mulher gosta tanto de farda\u201d, reafirmando valores machistas e homof\u00f3bicos e defendendo, sem nenhum pudor e de forma debochada, o discurso violento de que a culpa \u00e9 da v\u00edtima.<\/p>\n<p>\t\u201cDesvio de conduta a gente tem em todo lugar. Tem na casa da gente, tem um irm\u00e3o que \u00e9 homossexual, tem outro que \u00e9 ladr\u00e3o, entendeu? L\u00f3gico que homossexualidade n\u00e3o quer dizer bandidagem, mas foge ao comportamento da fam\u00edlia tradicional. Ent\u00e3o, todo lugar tem alguma coisa errada\u201d.<\/p>\n<p>\t\u201cAqui tem muitos problemas, com mulheres, principalmente\u2026 Elas \u00e0s vezes at\u00e9 se acham porque est\u00e3o com policial. O policial exerce um fasc\u00ednio no dito sexo fr\u00e1gil.. Eu n\u00e3o sei por que \u00e9 que mulher gosta tanto de farda. Todo policial militar mais antigo tem duas fam\u00edlias, tem uma amante, duas. \u00c9 um negocio. Eu sou policial federal, feio pra c**.. a gente ia pra Floresta (Sert\u00e3o), para esses lugares. Quando cheg\u00e1vamos l\u00e1, coloc\u00e1vamos o colete, as meninas ficavam tudo sassaricadas. \u00c0s vezes tinham namorado, \u00e0s vezes eram mulheres casadas. Pra ela \u00e9 o m\u00e1ximo t\u00e1 dando pra um policial. Dentro da viatura, ent\u00e3o, o fetiche vai l\u00e1 em cima, \u00e9 coisa de doido\u201d.<\/p>\n<p>\tO que est\u00e1 por tr\u00e1s das declara\u00e7\u00f5es repugnantes de Dam\u00e1zio?<\/p>\n<p>\tOra, al\u00e9m de provocar indigna\u00e7\u00e3o e revolta, as declara\u00e7\u00f5es tornam n\u00edtida a forma de gest\u00e3o da seguran\u00e7a p\u00fablica em Pernambuco e o descompromisso do governo Eduardo Campos com a luta contra a viol\u00eancia patriarcal \u2013 que s\u00f3 \u00e9 tratada na sua vertente dom\u00e9stica, deixando de lado toda a gama de situa\u00e7\u00f5es violent\u00edssimas e de viola\u00e7\u00e3o de direitos humanos de meninas e mulheres, como as abordadas na mat\u00e9ria do JC. O machismo institucional impregnado nas palavras do secret\u00e1rio \u00e9 o mesmo que est\u00e1 presente na atua\u00e7\u00e3o da pol\u00edcia. Assim, \u00e9 conivente e legitima estupros, espancamentos e abusos cometidos por policiais nas noites do Recife. Al\u00e9m disso, o carro chefe do modelo de seguran\u00e7a, que \u00e9 o \u201cPacto pela Vida\u201d, terminou por incorporar em suas pr\u00e1ticas, como a Patrulha dos Bairros, a viol\u00eancia policial contra meninas e mulheres negras. As palavras do secret\u00e1rio condensam a (n\u00e3o) pol\u00edtica do governo de Pernambuco para as mulheres e, em \u00faltima inst\u00e2ncia, refor\u00e7am a l\u00f3gica de que a culpa da viol\u00eancia que sofrem \u00e9 sempre das meninas e mulheres.<\/p>\n<p>\tDo mesmo modo, estas declara\u00e7\u00f5es deixam indignados aqueles que acreditam numa sociedade mais justa, sem discrimina\u00e7\u00e3o ou preconceitos baseados na orienta\u00e7\u00e3o sexual ou identidade de g\u00eanero das pessoas. Um governo que instituiu uma Assessoria de promo\u00e7\u00e3o da diversidade sexual jamais poderia produzir afirma\u00e7\u00f5es de tamanha homofobia. Homossexualidade \u00e9 um assunto bastante familiar, caro Secret\u00e1rio, e n\u00e3o deveria ser tratado como \u201ccoisa errada\u201d, \u201cdesvio de conduta\u201d nem como desvio do \u201ccomportamento da fam\u00edlia tradicional\u201d. Tradicional deveria ser aquela fam\u00edlia que cuida e respeita e n\u00e3o a que discrimina e exclui. Precisamos mudar muita coisa na forma como as institui\u00e7\u00f5es pernambucanas lidam com essa quest\u00e3o e, certamente, essa mudan\u00e7a come\u00e7a no modo como entendemos o problema. Homofobia sim \u00e9 \u201cdesvio\u201d, \u201ccoisa errada\u201d. Homossexualidade \u00e9 t\u00e3o somente experi\u00eancia de prazer, afeto e v\u00ednculo.<\/p>\n<p>\tEsta postura do secret\u00e1rio n\u00e3o pode permanecer impune. Por outro modelo de seguran\u00e7a p\u00fablica! Chega de viol\u00eancia policial! FORA DAM\u00c1ZIO! Dam\u00e1zios: N\u00e3o passar\u00e3o!<\/p>\n<p>\tAbong<br \/>\n\tArticula\u00e7\u00e3o AIDS de PE<br \/>\n\tAssembleia Nacional de Estudantes- Livre<br \/>\n\tCENDHEC<br \/>\n\tCentro de Cultura Luiz Freire<br \/>\n\tColetivo Toda Forma de Amar<br \/>\n\tComiss\u00e3o de \u00c9tica do Sindicato dos Jornalistas<br \/>\n\tConlutas<br \/>\n\tCSP<br \/>\n\tDireitos Urbanos\/Recife<br \/>\n\tForum de Mulheres de Pernambuco<br \/>\n\tForum LGBT de Pernambuco<br \/>\n\tForum Pernambucano de Comunica\u00e7\u00e3o<br \/>\n\tFrente de Luta pelo Transporte P\u00fablico de PE<br \/>\n\tGajop<br \/>\n\tGEMA\/UFPE<br \/>\n\tInstituto Papai<br \/>\n\tJuntos!<br \/>\n\tMarcha Mundial de Mulheres<br \/>\n\tMovimento Mulheres em Luta<br \/>\n\tMovimento Nacional de Direitos Humanos<br \/>\n\tNajup\/UFPE<br \/>\n\tPartido Pirata \u2013 PE<br \/>\n\tPSOL\/PE<br \/>\n\tRenaju (Rede Nacional de Assessoria Jur\u00eddica Universit\u00e1ria)<\/div>\n","protected":false},"excerpt":{"rendered":"<p>Durante toda a semana, uma s\u00e9rie de mat\u00e9rias da jornalista Fabiana Moraes, do Jornal do Comm\u00e9rcio, mostrou, a partir do mote dos 80 anos de Casa Grande e Senzala, o horror do abuso sexual de jovens negras e pobres no Recife, reproduzindo at\u00e9 hoje a cultura do dom\u00ednio sexual do homem branco sobre as negras. [&hellip;]<\/p>\n","protected":false},"author":2,"featured_media":0,"comment_status":"open","ping_status":"open","sticky":false,"template":"","format":"standard","meta":{"_acf_changed":false,"footnotes":""},"categories":[4766,1104,6],"tags":[],"class_list":{"0":"post-2491","1":"post","2":"type-post","3":"status-publish","4":"format-standard","6":"category-arquivo","7":"category-movimento","8":"category-noticias"},"acf":[],"yoast_head":"<!-- This site is optimized with the Yoast SEO plugin v26.5 - https:\/\/yoast.com\/wordpress\/plugins\/seo\/ -->\n<title>Nota p\u00fablica dos movimentos sociais de PE - Pacto Seletivo pela Vida: desvio de conduta \u00e9 a fala do Secret\u00e1rio - PSOL 50<\/title>\n<meta name=\"robots\" content=\"index, follow, max-snippet:-1, max-image-preview:large, max-video-preview:-1\" \/>\n<link rel=\"canonical\" href=\"https:\/\/psol50.org.br\/nota-publica-dos-movimentos-sociais-de-pe-pacto-seletivo-pela-vida-desvio-de-conduta-e-a-fala-do-secretario\/\" \/>\n<meta property=\"og:locale\" content=\"pt_BR\" \/>\n<meta property=\"og:type\" content=\"article\" \/>\n<meta property=\"og:title\" content=\"Nota p\u00fablica dos movimentos sociais de PE - Pacto Seletivo pela Vida: desvio de conduta \u00e9 a fala do Secret\u00e1rio - PSOL 50\" \/>\n<meta property=\"og:description\" content=\"Durante toda a semana, uma s\u00e9rie de mat\u00e9rias da jornalista Fabiana Moraes, do Jornal do Comm\u00e9rcio, mostrou, a partir do mote dos 80 anos de Casa Grande e Senzala, o horror do abuso sexual de jovens negras e pobres no Recife, reproduzindo at\u00e9 hoje a cultura do dom\u00ednio sexual do homem branco sobre as negras. [&hellip;]\" \/>\n<meta property=\"og:url\" content=\"https:\/\/psol50.org.br\/nota-publica-dos-movimentos-sociais-de-pe-pacto-seletivo-pela-vida-desvio-de-conduta-e-a-fala-do-secretario\/\" \/>\n<meta property=\"og:site_name\" content=\"PSOL 50\" \/>\n<meta property=\"article:publisher\" content=\"https:\/\/www.facebook.com\/psol50\" \/>\n<meta property=\"article:published_time\" content=\"2013-12-19T00:00:00+00:00\" \/>\n<meta property=\"og:image\" content=\"https:\/\/psol50.org.br\/inc\/uploads\/2018\/07\/capa.png\" \/>\n\t<meta property=\"og:image:width\" content=\"1350\" \/>\n\t<meta property=\"og:image:height\" content=\"900\" \/>\n\t<meta property=\"og:image:type\" content=\"image\/png\" \/>\n<meta name=\"author\" content=\"Comunica\u00e7\u00e3o PSOL\" \/>\n<meta name=\"twitter:card\" content=\"summary_large_image\" \/>\n<meta name=\"twitter:creator\" content=\"@psol50\" \/>\n<meta name=\"twitter:site\" content=\"@psol50\" \/>\n<meta name=\"twitter:label1\" content=\"Escrito por\" \/>\n\t<meta name=\"twitter:data1\" content=\"Comunica\u00e7\u00e3o PSOL\" \/>\n\t<meta name=\"twitter:label2\" content=\"Est. tempo de leitura\" \/>\n\t<meta name=\"twitter:data2\" content=\"4 minutos\" \/>\n<script type=\"application\/ld+json\" class=\"yoast-schema-graph\">{\"@context\":\"https:\/\/schema.org\",\"@graph\":[{\"@type\":\"Article\",\"@id\":\"https:\/\/psol50.org.br\/nota-publica-dos-movimentos-sociais-de-pe-pacto-seletivo-pela-vida-desvio-de-conduta-e-a-fala-do-secretario\/#article\",\"isPartOf\":{\"@id\":\"https:\/\/psol50.org.br\/nota-publica-dos-movimentos-sociais-de-pe-pacto-seletivo-pela-vida-desvio-de-conduta-e-a-fala-do-secretario\/\"},\"author\":{\"name\":\"Comunica\u00e7\u00e3o PSOL\",\"@id\":\"https:\/\/psol50.org.br\/#\/schema\/person\/475dfa57d0b815993c714c2e96491fcd\"},\"headline\":\"Nota p\u00fablica dos movimentos sociais de PE &#8211; Pacto Seletivo pela Vida: desvio de conduta \u00e9 a fala do Secret\u00e1rio\",\"datePublished\":\"2013-12-19T00:00:00+00:00\",\"mainEntityOfPage\":{\"@id\":\"https:\/\/psol50.org.br\/nota-publica-dos-movimentos-sociais-de-pe-pacto-seletivo-pela-vida-desvio-de-conduta-e-a-fala-do-secretario\/\"},\"wordCount\":891,\"commentCount\":0,\"publisher\":{\"@id\":\"https:\/\/psol50.org.br\/#organization\"},\"articleSection\":[\"Arquivo\",\"Movimento\",\"Not\u00edcias\"],\"inLanguage\":\"pt-BR\",\"potentialAction\":[{\"@type\":\"CommentAction\",\"name\":\"Comment\",\"target\":[\"https:\/\/psol50.org.br\/nota-publica-dos-movimentos-sociais-de-pe-pacto-seletivo-pela-vida-desvio-de-conduta-e-a-fala-do-secretario\/#respond\"]}]},{\"@type\":\"WebPage\",\"@id\":\"https:\/\/psol50.org.br\/nota-publica-dos-movimentos-sociais-de-pe-pacto-seletivo-pela-vida-desvio-de-conduta-e-a-fala-do-secretario\/\",\"url\":\"https:\/\/psol50.org.br\/nota-publica-dos-movimentos-sociais-de-pe-pacto-seletivo-pela-vida-desvio-de-conduta-e-a-fala-do-secretario\/\",\"name\":\"Nota p\u00fablica dos movimentos sociais de PE - Pacto Seletivo pela Vida: desvio de conduta \u00e9 a fala do Secret\u00e1rio - PSOL 50\",\"isPartOf\":{\"@id\":\"https:\/\/psol50.org.br\/#website\"},\"datePublished\":\"2013-12-19T00:00:00+00:00\",\"breadcrumb\":{\"@id\":\"https:\/\/psol50.org.br\/nota-publica-dos-movimentos-sociais-de-pe-pacto-seletivo-pela-vida-desvio-de-conduta-e-a-fala-do-secretario\/#breadcrumb\"},\"inLanguage\":\"pt-BR\",\"potentialAction\":[{\"@type\":\"ReadAction\",\"target\":[\"https:\/\/psol50.org.br\/nota-publica-dos-movimentos-sociais-de-pe-pacto-seletivo-pela-vida-desvio-de-conduta-e-a-fala-do-secretario\/\"]}]},{\"@type\":\"BreadcrumbList\",\"@id\":\"https:\/\/psol50.org.br\/nota-publica-dos-movimentos-sociais-de-pe-pacto-seletivo-pela-vida-desvio-de-conduta-e-a-fala-do-secretario\/#breadcrumb\",\"itemListElement\":[{\"@type\":\"ListItem\",\"position\":1,\"name\":\"In\u00edcio\",\"item\":\"https:\/\/psol50.org.br\/\"},{\"@type\":\"ListItem\",\"position\":2,\"name\":\"Nota p\u00fablica dos movimentos sociais de PE &#8211; Pacto Seletivo pela Vida: desvio de conduta \u00e9 a fala do Secret\u00e1rio\"}]},{\"@type\":\"WebSite\",\"@id\":\"https:\/\/psol50.org.br\/#website\",\"url\":\"https:\/\/psol50.org.br\/\",\"name\":\"PSOL 50\",\"description\":\"Site oficial do Partido Socialismo e Liberdade\",\"publisher\":{\"@id\":\"https:\/\/psol50.org.br\/#organization\"},\"alternateName\":\"PSOL50\",\"potentialAction\":[{\"@type\":\"SearchAction\",\"target\":{\"@type\":\"EntryPoint\",\"urlTemplate\":\"https:\/\/psol50.org.br\/?s={search_term_string}\"},\"query-input\":{\"@type\":\"PropertyValueSpecification\",\"valueRequired\":true,\"valueName\":\"search_term_string\"}}],\"inLanguage\":\"pt-BR\"},{\"@type\":\"Organization\",\"@id\":\"https:\/\/psol50.org.br\/#organization\",\"name\":\"PSOL 50\",\"alternateName\":\"PSOL 50\",\"url\":\"https:\/\/psol50.org.br\/\",\"logo\":{\"@type\":\"ImageObject\",\"inLanguage\":\"pt-BR\",\"@id\":\"https:\/\/psol50.org.br\/#\/schema\/logo\/image\/\",\"url\":\"https:\/\/psol50.org.br\/inc\/uploads\/2018\/07\/capa.png\",\"contentUrl\":\"https:\/\/psol50.org.br\/inc\/uploads\/2018\/07\/capa.png\",\"width\":1350,\"height\":900,\"caption\":\"PSOL 50\"},\"image\":{\"@id\":\"https:\/\/psol50.org.br\/#\/schema\/logo\/image\/\"},\"sameAs\":[\"https:\/\/www.facebook.com\/psol50\",\"https:\/\/x.com\/psol50\",\"https:\/\/www.instagram.com\/psol50\/\",\"https:\/\/www.youtube.com\/channel\/UC7SnJS5o1os7a6CaiNabzcg\"]},{\"@type\":\"Person\",\"@id\":\"https:\/\/psol50.org.br\/#\/schema\/person\/475dfa57d0b815993c714c2e96491fcd\",\"name\":\"Comunica\u00e7\u00e3o PSOL\",\"image\":{\"@type\":\"ImageObject\",\"inLanguage\":\"pt-BR\",\"@id\":\"https:\/\/psol50.org.br\/#\/schema\/person\/image\/\",\"url\":\"https:\/\/secure.gravatar.com\/avatar\/b34fc4f4e468a4e51785917065a3db57b841f5c95dba6ad8c73aaf8f66f8f9bf?s=96&d=mm&r=g\",\"contentUrl\":\"https:\/\/secure.gravatar.com\/avatar\/b34fc4f4e468a4e51785917065a3db57b841f5c95dba6ad8c73aaf8f66f8f9bf?s=96&d=mm&r=g\",\"caption\":\"Comunica\u00e7\u00e3o PSOL\"}}]}<\/script>\n<!-- \/ Yoast SEO plugin. -->","yoast_head_json":{"title":"Nota p\u00fablica dos movimentos sociais de PE - Pacto Seletivo pela Vida: desvio de conduta \u00e9 a fala do Secret\u00e1rio - PSOL 50","robots":{"index":"index","follow":"follow","max-snippet":"max-snippet:-1","max-image-preview":"max-image-preview:large","max-video-preview":"max-video-preview:-1"},"canonical":"https:\/\/psol50.org.br\/nota-publica-dos-movimentos-sociais-de-pe-pacto-seletivo-pela-vida-desvio-de-conduta-e-a-fala-do-secretario\/","og_locale":"pt_BR","og_type":"article","og_title":"Nota p\u00fablica dos movimentos sociais de PE - Pacto Seletivo pela Vida: desvio de conduta \u00e9 a fala do Secret\u00e1rio - PSOL 50","og_description":"Durante toda a semana, uma s\u00e9rie de mat\u00e9rias da jornalista Fabiana Moraes, do Jornal do Comm\u00e9rcio, mostrou, a partir do mote dos 80 anos de Casa Grande e Senzala, o horror do abuso sexual de jovens negras e pobres no Recife, reproduzindo at\u00e9 hoje a cultura do dom\u00ednio sexual do homem branco sobre as negras. [&hellip;]","og_url":"https:\/\/psol50.org.br\/nota-publica-dos-movimentos-sociais-de-pe-pacto-seletivo-pela-vida-desvio-de-conduta-e-a-fala-do-secretario\/","og_site_name":"PSOL 50","article_publisher":"https:\/\/www.facebook.com\/psol50","article_published_time":"2013-12-19T00:00:00+00:00","og_image":[{"width":1350,"height":900,"url":"https:\/\/psol50.org.br\/inc\/uploads\/2018\/07\/capa.png","type":"image\/png"}],"author":"Comunica\u00e7\u00e3o PSOL","twitter_card":"summary_large_image","twitter_creator":"@psol50","twitter_site":"@psol50","twitter_misc":{"Escrito por":"Comunica\u00e7\u00e3o PSOL","Est. tempo de leitura":"4 minutos"},"schema":{"@context":"https:\/\/schema.org","@graph":[{"@type":"Article","@id":"https:\/\/psol50.org.br\/nota-publica-dos-movimentos-sociais-de-pe-pacto-seletivo-pela-vida-desvio-de-conduta-e-a-fala-do-secretario\/#article","isPartOf":{"@id":"https:\/\/psol50.org.br\/nota-publica-dos-movimentos-sociais-de-pe-pacto-seletivo-pela-vida-desvio-de-conduta-e-a-fala-do-secretario\/"},"author":{"name":"Comunica\u00e7\u00e3o PSOL","@id":"https:\/\/psol50.org.br\/#\/schema\/person\/475dfa57d0b815993c714c2e96491fcd"},"headline":"Nota p\u00fablica dos movimentos sociais de PE &#8211; Pacto Seletivo pela Vida: desvio de conduta \u00e9 a fala do Secret\u00e1rio","datePublished":"2013-12-19T00:00:00+00:00","mainEntityOfPage":{"@id":"https:\/\/psol50.org.br\/nota-publica-dos-movimentos-sociais-de-pe-pacto-seletivo-pela-vida-desvio-de-conduta-e-a-fala-do-secretario\/"},"wordCount":891,"commentCount":0,"publisher":{"@id":"https:\/\/psol50.org.br\/#organization"},"articleSection":["Arquivo","Movimento","Not\u00edcias"],"inLanguage":"pt-BR","potentialAction":[{"@type":"CommentAction","name":"Comment","target":["https:\/\/psol50.org.br\/nota-publica-dos-movimentos-sociais-de-pe-pacto-seletivo-pela-vida-desvio-de-conduta-e-a-fala-do-secretario\/#respond"]}]},{"@type":"WebPage","@id":"https:\/\/psol50.org.br\/nota-publica-dos-movimentos-sociais-de-pe-pacto-seletivo-pela-vida-desvio-de-conduta-e-a-fala-do-secretario\/","url":"https:\/\/psol50.org.br\/nota-publica-dos-movimentos-sociais-de-pe-pacto-seletivo-pela-vida-desvio-de-conduta-e-a-fala-do-secretario\/","name":"Nota p\u00fablica dos movimentos sociais de PE - Pacto Seletivo pela Vida: desvio de conduta \u00e9 a fala do Secret\u00e1rio - PSOL 50","isPartOf":{"@id":"https:\/\/psol50.org.br\/#website"},"datePublished":"2013-12-19T00:00:00+00:00","breadcrumb":{"@id":"https:\/\/psol50.org.br\/nota-publica-dos-movimentos-sociais-de-pe-pacto-seletivo-pela-vida-desvio-de-conduta-e-a-fala-do-secretario\/#breadcrumb"},"inLanguage":"pt-BR","potentialAction":[{"@type":"ReadAction","target":["https:\/\/psol50.org.br\/nota-publica-dos-movimentos-sociais-de-pe-pacto-seletivo-pela-vida-desvio-de-conduta-e-a-fala-do-secretario\/"]}]},{"@type":"BreadcrumbList","@id":"https:\/\/psol50.org.br\/nota-publica-dos-movimentos-sociais-de-pe-pacto-seletivo-pela-vida-desvio-de-conduta-e-a-fala-do-secretario\/#breadcrumb","itemListElement":[{"@type":"ListItem","position":1,"name":"In\u00edcio","item":"https:\/\/psol50.org.br\/"},{"@type":"ListItem","position":2,"name":"Nota p\u00fablica dos movimentos sociais de PE &#8211; Pacto Seletivo pela Vida: desvio de conduta \u00e9 a fala do Secret\u00e1rio"}]},{"@type":"WebSite","@id":"https:\/\/psol50.org.br\/#website","url":"https:\/\/psol50.org.br\/","name":"PSOL 50","description":"Site oficial do Partido Socialismo e Liberdade","publisher":{"@id":"https:\/\/psol50.org.br\/#organization"},"alternateName":"PSOL50","potentialAction":[{"@type":"SearchAction","target":{"@type":"EntryPoint","urlTemplate":"https:\/\/psol50.org.br\/?s={search_term_string}"},"query-input":{"@type":"PropertyValueSpecification","valueRequired":true,"valueName":"search_term_string"}}],"inLanguage":"pt-BR"},{"@type":"Organization","@id":"https:\/\/psol50.org.br\/#organization","name":"PSOL 50","alternateName":"PSOL 50","url":"https:\/\/psol50.org.br\/","logo":{"@type":"ImageObject","inLanguage":"pt-BR","@id":"https:\/\/psol50.org.br\/#\/schema\/logo\/image\/","url":"https:\/\/psol50.org.br\/inc\/uploads\/2018\/07\/capa.png","contentUrl":"https:\/\/psol50.org.br\/inc\/uploads\/2018\/07\/capa.png","width":1350,"height":900,"caption":"PSOL 50"},"image":{"@id":"https:\/\/psol50.org.br\/#\/schema\/logo\/image\/"},"sameAs":["https:\/\/www.facebook.com\/psol50","https:\/\/x.com\/psol50","https:\/\/www.instagram.com\/psol50\/","https:\/\/www.youtube.com\/channel\/UC7SnJS5o1os7a6CaiNabzcg"]},{"@type":"Person","@id":"https:\/\/psol50.org.br\/#\/schema\/person\/475dfa57d0b815993c714c2e96491fcd","name":"Comunica\u00e7\u00e3o PSOL","image":{"@type":"ImageObject","inLanguage":"pt-BR","@id":"https:\/\/psol50.org.br\/#\/schema\/person\/image\/","url":"https:\/\/secure.gravatar.com\/avatar\/b34fc4f4e468a4e51785917065a3db57b841f5c95dba6ad8c73aaf8f66f8f9bf?s=96&d=mm&r=g","contentUrl":"https:\/\/secure.gravatar.com\/avatar\/b34fc4f4e468a4e51785917065a3db57b841f5c95dba6ad8c73aaf8f66f8f9bf?s=96&d=mm&r=g","caption":"Comunica\u00e7\u00e3o PSOL"}}]}},"_links":{"self":[{"href":"https:\/\/psol50.org.br\/rest\/wp\/v2\/posts\/2491","targetHints":{"allow":["GET"]}}],"collection":[{"href":"https:\/\/psol50.org.br\/rest\/wp\/v2\/posts"}],"about":[{"href":"https:\/\/psol50.org.br\/rest\/wp\/v2\/types\/post"}],"author":[{"embeddable":true,"href":"https:\/\/psol50.org.br\/rest\/wp\/v2\/users\/2"}],"replies":[{"embeddable":true,"href":"https:\/\/psol50.org.br\/rest\/wp\/v2\/comments?post=2491"}],"version-history":[{"count":0,"href":"https:\/\/psol50.org.br\/rest\/wp\/v2\/posts\/2491\/revisions"}],"wp:attachment":[{"href":"https:\/\/psol50.org.br\/rest\/wp\/v2\/media?parent=2491"}],"wp:term":[{"taxonomy":"category","embeddable":true,"href":"https:\/\/psol50.org.br\/rest\/wp\/v2\/categories?post=2491"},{"taxonomy":"post_tag","embeddable":true,"href":"https:\/\/psol50.org.br\/rest\/wp\/v2\/tags?post=2491"}],"curies":[{"name":"wp","href":"https:\/\/api.w.org\/{rel}","templated":true}]}}