{"id":24988,"date":"2019-04-22T17:07:42","date_gmt":"2019-04-22T20:07:42","guid":{"rendered":"http:\/\/psol50.org.br\/?p=24988"},"modified":"2019-04-22T17:07:42","modified_gmt":"2019-04-22T20:07:42","slug":"psol-apoia-acao-do-psb-no-stf-contra-ataques-a-demarcacao-de-terras-indigenas","status":"publish","type":"post","link":"https:\/\/psol50.org.br\/psol-apoia-acao-do-psb-no-stf-contra-ataques-a-demarcacao-de-terras-indigenas\/","title":{"rendered":"PSOL apoia a\u00e7\u00e3o do PSB no STF contra ataques \u00e0 demarca\u00e7\u00e3o de terras ind\u00edgenas"},"content":{"rendered":"\n<p>O PSOL pleiteou ingresso como <em>amicus curiae<\/em> em A\u00e7\u00e3o Direta de Inconstitucionalidade (ADI) apresentada pelo PSB no Supremo Tribunal Federal em que o partido pede a anula\u00e7\u00e3o da Medida Provis\u00f3ria 870, do governo Bolsonaro, que transferiu da Funda\u00e7\u00e3o Nacional do \u00cdndio (Funai) para o Minist\u00e9rio da Agricultura, Pecu\u00e1ria e Abastecimento (Mapa) as compet\u00eancias pela demarca\u00e7\u00e3o e licenciamento de territ\u00f3rios ind\u00edgenas.<\/p>\n\n\n\n<p><em>Amicus curiae<\/em> &#8211; ou &#8220;amigo da corte&#8221;, em tradu\u00e7\u00e3o literal &#8211; tem como objetivo participar de uma a\u00e7\u00e3o judicial em curso para oferecer uma opini\u00e3o relevante sobre o assunto, como parte interessada. O pleito do PSOL foi feito em conjunto a uma solicita\u00e7\u00e3o da Articula\u00e7\u00e3o dos Povos Ind\u00edgenas do Brasil (Apib).<\/p>\n\n\n\n<p>Para o PSOL, a portaria do governo \u00e9 flagrantemente inconstitucional. &#8220;A mudan\u00e7a das compet\u00eancias relativas \u00e0 demarca\u00e7\u00e3o de terras ind\u00edgenas&#8221;, afirma o partido no documento, &#8220;n\u00e3o se cuida de mera quest\u00e3o burocr\u00e1tica ou organizacional da Presid\u00eancia da Rep\u00fablica&#8221;. A mudan\u00e7a, na verdade, &#8220;fragiliza e precariza a demarca\u00e7\u00e3o de terras ind\u00edgenas, as dificultando mais e talvez mesmo as inviabilizando por completo&#8221;.<\/p>\n\n\n\n<p>O partido afirma, tamb\u00e9m, que a invers\u00e3o dos direitos constitucionais previstos aos ind\u00edgenas, representada na MP 870, atinge brutalmente a prote\u00e7\u00e3o e as garantias das demarca\u00e7\u00f5es de terras, &#8220;abrindo tais \u00e1reas, demarcadas ou n\u00e3o, \u00e0 j\u00e1 grandiosa press\u00e3o e ac\u0327\u00f5es criminosas de setores hist\u00f3rica e majoritariamente n\u00e3o preocupados prioritariamente com a preserva\u00e7\u00e3o de valores constitucionais, das pessoas e do meio ambiente, como os madeireiros, garimpeiros e, principalmente, da especula\u00e7\u00e3o fundi\u00e1ria e de parte do agroneg\u00f3cio&#8221;.<\/p>\n\n\n\n<p><strong><a href=\"http:\/\/psol50.org.br\/inc\/uploads\/2019\/04\/Amicus-Curiae-ADI-6062.pdf\" target=\"_blank\" rel=\"noreferrer noopener\" aria-label=\"Clique aqui e acesse na \u00edntegra o documento apresentado pelo PSOL (abre numa nova aba)\">Clique aqui e acesse na \u00edntegra o documento apresentado pelo PSOL<\/a><\/strong><\/p>\n","protected":false},"excerpt":{"rendered":"<p>O PSOL pleiteou ingresso como amicus curiae em A\u00e7\u00e3o Direta de Inconstitucionalidade (ADI) apresentada pelo PSB no Supremo Tribunal Federal em que o partido pede a anula\u00e7\u00e3o da Medida Provis\u00f3ria 870, do governo Bolsonaro, que transferiu da Funda\u00e7\u00e3o Nacional do \u00cdndio (Funai) para o Minist\u00e9rio da Agricultura, Pecu\u00e1ria e Abastecimento (Mapa) as compet\u00eancias pela demarca\u00e7\u00e3o [&hellip;]<\/p>\n","protected":false},"author":2,"featured_media":24993,"comment_status":"closed","ping_status":"open","sticky":false,"template":"","format":"standard","meta":{"_acf_changed":false,"footnotes":""},"categories":[6],"tags":[41,1775,12,45],"class_list":{"0":"post-24988","1":"post","2":"type-post","3":"status-publish","4":"format-standard","5":"has-post-thumbnail","7":"category-noticias","8":"tag-adi","9":"tag-articulacao-dos-povos-indigenas-do-brasil","10":"tag-indigenas","11":"tag-stf"},"acf":[],"yoast_head":"<!-- This site is optimized with the Yoast SEO plugin v26.5 - https:\/\/yoast.com\/wordpress\/plugins\/seo\/ -->\n<title>PSOL apoia a\u00e7\u00e3o do PSB no STF contra ataques \u00e0 demarca\u00e7\u00e3o de terras ind\u00edgenas<\/title>\n<meta name=\"robots\" content=\"index, follow, max-snippet:-1, max-image-preview:large, max-video-preview:-1\" \/>\n<link rel=\"canonical\" href=\"https:\/\/psol50.org.br\/psol-apoia-acao-do-psb-no-stf-contra-ataques-a-demarcacao-de-terras-indigenas\/\" \/>\n<meta property=\"og:locale\" content=\"pt_BR\" \/>\n<meta property=\"og:type\" content=\"article\" \/>\n<meta property=\"og:title\" content=\"PSOL apoia a\u00e7\u00e3o do PSB no STF contra ataques \u00e0 demarca\u00e7\u00e3o de terras ind\u00edgenas\" \/>\n<meta property=\"og:description\" content=\"PSOL se junta ao PSB na defesa dos territ\u00f3rios.\" \/>\n<meta property=\"og:url\" content=\"https:\/\/psol50.org.br\/psol-apoia-acao-do-psb-no-stf-contra-ataques-a-demarcacao-de-terras-indigenas\/\" \/>\n<meta property=\"og:site_name\" content=\"PSOL 50\" \/>\n<meta property=\"article:publisher\" content=\"https:\/\/www.facebook.com\/psol50\" \/>\n<meta property=\"article:published_time\" content=\"2019-04-22T20:07:42+00:00\" \/>\n<meta property=\"og:image\" content=\"https:\/\/psol50.org.br\/inc\/uploads\/2019\/04\/34303641611_1ad1b3475c_k.jpg\" \/>\n\t<meta property=\"og:image:width\" content=\"1800\" \/>\n\t<meta property=\"og:image:height\" content=\"1200\" \/>\n\t<meta property=\"og:image:type\" content=\"image\/jpeg\" \/>\n<meta name=\"author\" content=\"Comunica\u00e7\u00e3o PSOL\" \/>\n<meta name=\"twitter:card\" content=\"summary_large_image\" \/>\n<meta name=\"twitter:title\" content=\"PSOL apoia a\u00e7\u00e3o do PSB no STF contra ataques \u00e0 demarca\u00e7\u00e3o de terras ind\u00edgenas\" \/>\n<meta name=\"twitter:description\" content=\"PSOL se junta ao PSB na defesa dos territ\u00f3rios.\" \/>\n<meta name=\"twitter:image\" content=\"https:\/\/psol50.org.br\/inc\/uploads\/2019\/04\/34303641611_1ad1b3475c_k.jpg\" \/>\n<meta name=\"twitter:creator\" content=\"@psol50\" \/>\n<meta name=\"twitter:site\" content=\"@psol50\" \/>\n<meta name=\"twitter:label1\" content=\"Escrito por\" \/>\n\t<meta name=\"twitter:data1\" content=\"Comunica\u00e7\u00e3o PSOL\" \/>\n\t<meta name=\"twitter:label2\" content=\"Est. tempo de leitura\" \/>\n\t<meta name=\"twitter:data2\" content=\"1 minuto\" \/>\n<script type=\"application\/ld+json\" class=\"yoast-schema-graph\">{\"@context\":\"https:\/\/schema.org\",\"@graph\":[{\"@type\":\"Article\",\"@id\":\"https:\/\/psol50.org.br\/psol-apoia-acao-do-psb-no-stf-contra-ataques-a-demarcacao-de-terras-indigenas\/#article\",\"isPartOf\":{\"@id\":\"https:\/\/psol50.org.br\/psol-apoia-acao-do-psb-no-stf-contra-ataques-a-demarcacao-de-terras-indigenas\/\"},\"author\":{\"name\":\"Comunica\u00e7\u00e3o PSOL\",\"@id\":\"https:\/\/psol50.org.br\/#\/schema\/person\/475dfa57d0b815993c714c2e96491fcd\"},\"headline\":\"PSOL apoia a\u00e7\u00e3o do PSB no STF contra ataques \u00e0 demarca\u00e7\u00e3o de terras ind\u00edgenas\",\"datePublished\":\"2019-04-22T20:07:42+00:00\",\"mainEntityOfPage\":{\"@id\":\"https:\/\/psol50.org.br\/psol-apoia-acao-do-psb-no-stf-contra-ataques-a-demarcacao-de-terras-indigenas\/\"},\"wordCount\":310,\"publisher\":{\"@id\":\"https:\/\/psol50.org.br\/#organization\"},\"image\":{\"@id\":\"https:\/\/psol50.org.br\/psol-apoia-acao-do-psb-no-stf-contra-ataques-a-demarcacao-de-terras-indigenas\/#primaryimage\"},\"thumbnailUrl\":\"https:\/\/psol50.org.br\/inc\/uploads\/2019\/04\/34303641611_1ad1b3475c_k.jpg\",\"keywords\":[\"ADI\",\"Articula\u00e7\u00e3o dos Povos Ind\u00edgenas do Brasil\",\"Ind\u00edgenas\",\"STF\"],\"articleSection\":[\"Not\u00edcias\"],\"inLanguage\":\"pt-BR\"},{\"@type\":\"WebPage\",\"@id\":\"https:\/\/psol50.org.br\/psol-apoia-acao-do-psb-no-stf-contra-ataques-a-demarcacao-de-terras-indigenas\/\",\"url\":\"https:\/\/psol50.org.br\/psol-apoia-acao-do-psb-no-stf-contra-ataques-a-demarcacao-de-terras-indigenas\/\",\"name\":\"PSOL apoia a\u00e7\u00e3o do PSB no STF contra ataques \u00e0 demarca\u00e7\u00e3o de terras ind\u00edgenas\",\"isPartOf\":{\"@id\":\"https:\/\/psol50.org.br\/#website\"},\"primaryImageOfPage\":{\"@id\":\"https:\/\/psol50.org.br\/psol-apoia-acao-do-psb-no-stf-contra-ataques-a-demarcacao-de-terras-indigenas\/#primaryimage\"},\"image\":{\"@id\":\"https:\/\/psol50.org.br\/psol-apoia-acao-do-psb-no-stf-contra-ataques-a-demarcacao-de-terras-indigenas\/#primaryimage\"},\"thumbnailUrl\":\"https:\/\/psol50.org.br\/inc\/uploads\/2019\/04\/34303641611_1ad1b3475c_k.jpg\",\"datePublished\":\"2019-04-22T20:07:42+00:00\",\"breadcrumb\":{\"@id\":\"https:\/\/psol50.org.br\/psol-apoia-acao-do-psb-no-stf-contra-ataques-a-demarcacao-de-terras-indigenas\/#breadcrumb\"},\"inLanguage\":\"pt-BR\",\"potentialAction\":[{\"@type\":\"ReadAction\",\"target\":[\"https:\/\/psol50.org.br\/psol-apoia-acao-do-psb-no-stf-contra-ataques-a-demarcacao-de-terras-indigenas\/\"]}]},{\"@type\":\"ImageObject\",\"inLanguage\":\"pt-BR\",\"@id\":\"https:\/\/psol50.org.br\/psol-apoia-acao-do-psb-no-stf-contra-ataques-a-demarcacao-de-terras-indigenas\/#primaryimage\",\"url\":\"https:\/\/psol50.org.br\/inc\/uploads\/2019\/04\/34303641611_1ad1b3475c_k.jpg\",\"contentUrl\":\"https:\/\/psol50.org.br\/inc\/uploads\/2019\/04\/34303641611_1ad1b3475c_k.jpg\",\"width\":1800,\"height\":1200,\"caption\":\"M\u00eddia NINJA \/ Mobiliza\u00e7\u00e3o Nacional Ind\u00edgena\"},{\"@type\":\"BreadcrumbList\",\"@id\":\"https:\/\/psol50.org.br\/psol-apoia-acao-do-psb-no-stf-contra-ataques-a-demarcacao-de-terras-indigenas\/#breadcrumb\",\"itemListElement\":[{\"@type\":\"ListItem\",\"position\":1,\"name\":\"In\u00edcio\",\"item\":\"https:\/\/psol50.org.br\/\"},{\"@type\":\"ListItem\",\"position\":2,\"name\":\"PSOL apoia a\u00e7\u00e3o do PSB no STF contra ataques \u00e0 demarca\u00e7\u00e3o de terras ind\u00edgenas\"}]},{\"@type\":\"WebSite\",\"@id\":\"https:\/\/psol50.org.br\/#website\",\"url\":\"https:\/\/psol50.org.br\/\",\"name\":\"PSOL 50\",\"description\":\"Site oficial do Partido Socialismo e Liberdade\",\"publisher\":{\"@id\":\"https:\/\/psol50.org.br\/#organization\"},\"alternateName\":\"PSOL50\",\"potentialAction\":[{\"@type\":\"SearchAction\",\"target\":{\"@type\":\"EntryPoint\",\"urlTemplate\":\"https:\/\/psol50.org.br\/?s={search_term_string}\"},\"query-input\":{\"@type\":\"PropertyValueSpecification\",\"valueRequired\":true,\"valueName\":\"search_term_string\"}}],\"inLanguage\":\"pt-BR\"},{\"@type\":\"Organization\",\"@id\":\"https:\/\/psol50.org.br\/#organization\",\"name\":\"PSOL 50\",\"alternateName\":\"PSOL 50\",\"url\":\"https:\/\/psol50.org.br\/\",\"logo\":{\"@type\":\"ImageObject\",\"inLanguage\":\"pt-BR\",\"@id\":\"https:\/\/psol50.org.br\/#\/schema\/logo\/image\/\",\"url\":\"https:\/\/psol50.org.br\/inc\/uploads\/2018\/07\/capa.png\",\"contentUrl\":\"https:\/\/psol50.org.br\/inc\/uploads\/2018\/07\/capa.png\",\"width\":1350,\"height\":900,\"caption\":\"PSOL 50\"},\"image\":{\"@id\":\"https:\/\/psol50.org.br\/#\/schema\/logo\/image\/\"},\"sameAs\":[\"https:\/\/www.facebook.com\/psol50\",\"https:\/\/x.com\/psol50\",\"https:\/\/www.instagram.com\/psol50\/\",\"https:\/\/www.youtube.com\/channel\/UC7SnJS5o1os7a6CaiNabzcg\"]},{\"@type\":\"Person\",\"@id\":\"https:\/\/psol50.org.br\/#\/schema\/person\/475dfa57d0b815993c714c2e96491fcd\",\"name\":\"Comunica\u00e7\u00e3o PSOL\",\"image\":{\"@type\":\"ImageObject\",\"inLanguage\":\"pt-BR\",\"@id\":\"https:\/\/psol50.org.br\/#\/schema\/person\/image\/\",\"url\":\"https:\/\/secure.gravatar.com\/avatar\/b34fc4f4e468a4e51785917065a3db57b841f5c95dba6ad8c73aaf8f66f8f9bf?s=96&d=mm&r=g\",\"contentUrl\":\"https:\/\/secure.gravatar.com\/avatar\/b34fc4f4e468a4e51785917065a3db57b841f5c95dba6ad8c73aaf8f66f8f9bf?s=96&d=mm&r=g\",\"caption\":\"Comunica\u00e7\u00e3o PSOL\"}}]}<\/script>\n<!-- \/ Yoast SEO plugin. -->","yoast_head_json":{"title":"PSOL apoia a\u00e7\u00e3o do PSB no STF contra ataques \u00e0 demarca\u00e7\u00e3o de terras ind\u00edgenas","robots":{"index":"index","follow":"follow","max-snippet":"max-snippet:-1","max-image-preview":"max-image-preview:large","max-video-preview":"max-video-preview:-1"},"canonical":"https:\/\/psol50.org.br\/psol-apoia-acao-do-psb-no-stf-contra-ataques-a-demarcacao-de-terras-indigenas\/","og_locale":"pt_BR","og_type":"article","og_title":"PSOL apoia a\u00e7\u00e3o do PSB no STF contra ataques \u00e0 demarca\u00e7\u00e3o de terras ind\u00edgenas","og_description":"PSOL se junta ao PSB na defesa dos territ\u00f3rios.","og_url":"https:\/\/psol50.org.br\/psol-apoia-acao-do-psb-no-stf-contra-ataques-a-demarcacao-de-terras-indigenas\/","og_site_name":"PSOL 50","article_publisher":"https:\/\/www.facebook.com\/psol50","article_published_time":"2019-04-22T20:07:42+00:00","og_image":[{"width":1800,"height":1200,"url":"https:\/\/psol50.org.br\/inc\/uploads\/2019\/04\/34303641611_1ad1b3475c_k.jpg","type":"image\/jpeg"}],"author":"Comunica\u00e7\u00e3o PSOL","twitter_card":"summary_large_image","twitter_title":"PSOL apoia a\u00e7\u00e3o do PSB no STF contra ataques \u00e0 demarca\u00e7\u00e3o de terras ind\u00edgenas","twitter_description":"PSOL se junta ao PSB na defesa dos territ\u00f3rios.","twitter_image":"https:\/\/psol50.org.br\/inc\/uploads\/2019\/04\/34303641611_1ad1b3475c_k.jpg","twitter_creator":"@psol50","twitter_site":"@psol50","twitter_misc":{"Escrito por":"Comunica\u00e7\u00e3o PSOL","Est. tempo de leitura":"1 minuto"},"schema":{"@context":"https:\/\/schema.org","@graph":[{"@type":"Article","@id":"https:\/\/psol50.org.br\/psol-apoia-acao-do-psb-no-stf-contra-ataques-a-demarcacao-de-terras-indigenas\/#article","isPartOf":{"@id":"https:\/\/psol50.org.br\/psol-apoia-acao-do-psb-no-stf-contra-ataques-a-demarcacao-de-terras-indigenas\/"},"author":{"name":"Comunica\u00e7\u00e3o PSOL","@id":"https:\/\/psol50.org.br\/#\/schema\/person\/475dfa57d0b815993c714c2e96491fcd"},"headline":"PSOL apoia a\u00e7\u00e3o do PSB no STF contra ataques \u00e0 demarca\u00e7\u00e3o de terras ind\u00edgenas","datePublished":"2019-04-22T20:07:42+00:00","mainEntityOfPage":{"@id":"https:\/\/psol50.org.br\/psol-apoia-acao-do-psb-no-stf-contra-ataques-a-demarcacao-de-terras-indigenas\/"},"wordCount":310,"publisher":{"@id":"https:\/\/psol50.org.br\/#organization"},"image":{"@id":"https:\/\/psol50.org.br\/psol-apoia-acao-do-psb-no-stf-contra-ataques-a-demarcacao-de-terras-indigenas\/#primaryimage"},"thumbnailUrl":"https:\/\/psol50.org.br\/inc\/uploads\/2019\/04\/34303641611_1ad1b3475c_k.jpg","keywords":["ADI","Articula\u00e7\u00e3o dos Povos Ind\u00edgenas do Brasil","Ind\u00edgenas","STF"],"articleSection":["Not\u00edcias"],"inLanguage":"pt-BR"},{"@type":"WebPage","@id":"https:\/\/psol50.org.br\/psol-apoia-acao-do-psb-no-stf-contra-ataques-a-demarcacao-de-terras-indigenas\/","url":"https:\/\/psol50.org.br\/psol-apoia-acao-do-psb-no-stf-contra-ataques-a-demarcacao-de-terras-indigenas\/","name":"PSOL apoia a\u00e7\u00e3o do PSB no STF contra ataques \u00e0 demarca\u00e7\u00e3o de terras ind\u00edgenas","isPartOf":{"@id":"https:\/\/psol50.org.br\/#website"},"primaryImageOfPage":{"@id":"https:\/\/psol50.org.br\/psol-apoia-acao-do-psb-no-stf-contra-ataques-a-demarcacao-de-terras-indigenas\/#primaryimage"},"image":{"@id":"https:\/\/psol50.org.br\/psol-apoia-acao-do-psb-no-stf-contra-ataques-a-demarcacao-de-terras-indigenas\/#primaryimage"},"thumbnailUrl":"https:\/\/psol50.org.br\/inc\/uploads\/2019\/04\/34303641611_1ad1b3475c_k.jpg","datePublished":"2019-04-22T20:07:42+00:00","breadcrumb":{"@id":"https:\/\/psol50.org.br\/psol-apoia-acao-do-psb-no-stf-contra-ataques-a-demarcacao-de-terras-indigenas\/#breadcrumb"},"inLanguage":"pt-BR","potentialAction":[{"@type":"ReadAction","target":["https:\/\/psol50.org.br\/psol-apoia-acao-do-psb-no-stf-contra-ataques-a-demarcacao-de-terras-indigenas\/"]}]},{"@type":"ImageObject","inLanguage":"pt-BR","@id":"https:\/\/psol50.org.br\/psol-apoia-acao-do-psb-no-stf-contra-ataques-a-demarcacao-de-terras-indigenas\/#primaryimage","url":"https:\/\/psol50.org.br\/inc\/uploads\/2019\/04\/34303641611_1ad1b3475c_k.jpg","contentUrl":"https:\/\/psol50.org.br\/inc\/uploads\/2019\/04\/34303641611_1ad1b3475c_k.jpg","width":1800,"height":1200,"caption":"M\u00eddia NINJA \/ Mobiliza\u00e7\u00e3o Nacional Ind\u00edgena"},{"@type":"BreadcrumbList","@id":"https:\/\/psol50.org.br\/psol-apoia-acao-do-psb-no-stf-contra-ataques-a-demarcacao-de-terras-indigenas\/#breadcrumb","itemListElement":[{"@type":"ListItem","position":1,"name":"In\u00edcio","item":"https:\/\/psol50.org.br\/"},{"@type":"ListItem","position":2,"name":"PSOL apoia a\u00e7\u00e3o do PSB no STF contra ataques \u00e0 demarca\u00e7\u00e3o de terras ind\u00edgenas"}]},{"@type":"WebSite","@id":"https:\/\/psol50.org.br\/#website","url":"https:\/\/psol50.org.br\/","name":"PSOL 50","description":"Site oficial do Partido Socialismo e Liberdade","publisher":{"@id":"https:\/\/psol50.org.br\/#organization"},"alternateName":"PSOL50","potentialAction":[{"@type":"SearchAction","target":{"@type":"EntryPoint","urlTemplate":"https:\/\/psol50.org.br\/?s={search_term_string}"},"query-input":{"@type":"PropertyValueSpecification","valueRequired":true,"valueName":"search_term_string"}}],"inLanguage":"pt-BR"},{"@type":"Organization","@id":"https:\/\/psol50.org.br\/#organization","name":"PSOL 50","alternateName":"PSOL 50","url":"https:\/\/psol50.org.br\/","logo":{"@type":"ImageObject","inLanguage":"pt-BR","@id":"https:\/\/psol50.org.br\/#\/schema\/logo\/image\/","url":"https:\/\/psol50.org.br\/inc\/uploads\/2018\/07\/capa.png","contentUrl":"https:\/\/psol50.org.br\/inc\/uploads\/2018\/07\/capa.png","width":1350,"height":900,"caption":"PSOL 50"},"image":{"@id":"https:\/\/psol50.org.br\/#\/schema\/logo\/image\/"},"sameAs":["https:\/\/www.facebook.com\/psol50","https:\/\/x.com\/psol50","https:\/\/www.instagram.com\/psol50\/","https:\/\/www.youtube.com\/channel\/UC7SnJS5o1os7a6CaiNabzcg"]},{"@type":"Person","@id":"https:\/\/psol50.org.br\/#\/schema\/person\/475dfa57d0b815993c714c2e96491fcd","name":"Comunica\u00e7\u00e3o PSOL","image":{"@type":"ImageObject","inLanguage":"pt-BR","@id":"https:\/\/psol50.org.br\/#\/schema\/person\/image\/","url":"https:\/\/secure.gravatar.com\/avatar\/b34fc4f4e468a4e51785917065a3db57b841f5c95dba6ad8c73aaf8f66f8f9bf?s=96&d=mm&r=g","contentUrl":"https:\/\/secure.gravatar.com\/avatar\/b34fc4f4e468a4e51785917065a3db57b841f5c95dba6ad8c73aaf8f66f8f9bf?s=96&d=mm&r=g","caption":"Comunica\u00e7\u00e3o PSOL"}}]}},"_links":{"self":[{"href":"https:\/\/psol50.org.br\/rest\/wp\/v2\/posts\/24988","targetHints":{"allow":["GET"]}}],"collection":[{"href":"https:\/\/psol50.org.br\/rest\/wp\/v2\/posts"}],"about":[{"href":"https:\/\/psol50.org.br\/rest\/wp\/v2\/types\/post"}],"author":[{"embeddable":true,"href":"https:\/\/psol50.org.br\/rest\/wp\/v2\/users\/2"}],"replies":[{"embeddable":true,"href":"https:\/\/psol50.org.br\/rest\/wp\/v2\/comments?post=24988"}],"version-history":[{"count":0,"href":"https:\/\/psol50.org.br\/rest\/wp\/v2\/posts\/24988\/revisions"}],"wp:featuredmedia":[{"embeddable":true,"href":"https:\/\/psol50.org.br\/rest\/wp\/v2\/media\/24993"}],"wp:attachment":[{"href":"https:\/\/psol50.org.br\/rest\/wp\/v2\/media?parent=24988"}],"wp:term":[{"taxonomy":"category","embeddable":true,"href":"https:\/\/psol50.org.br\/rest\/wp\/v2\/categories?post=24988"},{"taxonomy":"post_tag","embeddable":true,"href":"https:\/\/psol50.org.br\/rest\/wp\/v2\/tags?post=24988"}],"curies":[{"name":"wp","href":"https:\/\/api.w.org\/{rel}","templated":true}]}}