{"id":25061,"date":"2019-04-29T09:46:45","date_gmt":"2019-04-29T12:46:45","guid":{"rendered":"http:\/\/psol50.org.br\/?p=25061"},"modified":"2019-04-29T09:46:45","modified_gmt":"2019-04-29T12:46:45","slug":"psol-lanca-campanha-contra-pacote-anti-pobre-de-sergio-moro","status":"publish","type":"post","link":"https:\/\/psol50.org.br\/psol-lanca-campanha-contra-pacote-anti-pobre-de-sergio-moro\/","title":{"rendered":"PSOL lan\u00e7a campanha contra pacote anti-pobre e anti-negro de S\u00e9rgio Moro"},"content":{"rendered":"<p>A Executiva Nacional do PSOL, reunida nesse final de semana, lan\u00e7ou campanha para combater o pacote &#8220;anti-crime&#8221; &#8211; na verdade, anti-pobre e anti-negro &#8211; do Ministro da Justi\u00e7a, S\u00e9rgio Moro.<\/p>\n<p>Na pr\u00e1tica, o pacote amplia desigualdades ao dar amparo legal para crimes passionais e permitir que mais pris\u00f5es sejam feitas sem que haja um julgamento adequado. O combate \u00e0s mil\u00edcias, por sua vez, \u00e9 ignorado pelo Ministro.<\/p>\n<p>Sob o falso pretexto de combate a corrup\u00e7\u00e3o e privil\u00e9gios, Moro criar\u00e1 um cen\u00e1rio mais favor\u00e1vel a pol\u00edtica de encarceramento em massa do Estado e aos feminic\u00eddios no Brasil.<\/p>\n<p>Leia a convocat\u00f3ria:<\/p>\n<p><strong>Nota da Executiva Nacional do PSOL sobre o Pacote \u201cAnticrime\u201d de S\u00e9rgio Moro.<\/strong><\/p>\n<p>1. A luta leg\u00edtima contra a corrup\u00e7\u00e3o e a impunidade vem sendo manipulada com o objetivo de restringir as liberdades individuais, o direito \u00e0 defesa e amplia o estado penal para negros e pobres. Isto \u00e9 o que faz Jair Bolsonaro e S\u00e9rgio Moro com a proposta de um \u201cpacote anticrime\u201d apresentada ao Congresso Nacional.<\/p>\n<p>2. O Brasil vive um hist\u00f3rico de absurdas viola\u00e7\u00f5es dos direitos humanos em comunidades pobres e de maioria negra. J\u00e1 temos a terceira maior popula\u00e7\u00e3o carcer\u00e1ria do mundo e 40% da popula\u00e7\u00e3o prisional, segundo o Conselho Nacional de Justi\u00e7a, \u00e9 composta por presos provis\u00f3rios, ou seja, pessoas sem julgamento definitivo. A proposta de Moro e Bolsonaro altera 14 pontos do C\u00f3digo Penal, C\u00f3digo de Processo Penal, Lei de Execu\u00e7\u00e3o Penal, Lei de Crimes Hediondos e C\u00f3digo Eleitoral. Estas medidas n\u00e3o t\u00eam efic\u00e1cia no combate a corrup\u00e7\u00e3o e a forma\u00e7\u00e3o de organiza\u00e7\u00f5es criminosas como as mil\u00edcias. <strong>Ali\u00e1s, n\u00e3o h\u00e1 no pacote de Moro nada em rela\u00e7\u00e3o ao combate \u00e0s mil\u00edcias e nenhum posicionamento deste ou do Governo Bolsonaro favor\u00e1vel a proposta do PSOL de uma CPI das Mil\u00edcias. <\/strong>Ao contr\u00e1rio, propostas como a pris\u00e3o em segunda inst\u00e2ncia <strong>sem direito a ampla defesa<\/strong>, o excludente de ilicitude para crimes cometidos por agentes do estado e o \u201cplea bargain\u201d levar\u00e3o ao aumento exponencial do encarceramento de pessoas negras e pobres, com menos recursos para garantir, na Justi\u00e7a, o direito \u00e0 ampla defesa. Por exemplo, o par\u00e1grafo 2\u00ba do artigo 23 do projeto de Moro tem a seguinte reda\u00e7\u00e3o: \u201cO juiz poder\u00e1 reduzir a pena at\u00e9 a metade ou deixar de aplic\u00e1-la se o excesso decorrer de escus\u00e1vel medo, surpresa ou violenta emo\u00e7\u00e3o\u201d. \u00c9 um retrocesso, pois ir\u00e1 funcionar como um retorno e autoriza\u00e7\u00e3o aos crimes &#8220;passionais&#8221; e crimes de honra, que eram usados, h\u00e1 algumas d\u00e9cadas, como salvo-conduto para agressores de mulheres e feminicidas.<\/p>\n<p>3. No pa\u00eds j\u00e1 existem empresas que atuam em pres\u00eddios privados interessadas neste mercado que prosperaria uma vez aprovado o \u201cpacote anticrime.\u201d O governador de Jo\u00e3o D\u00f3ria, do PSDB, j\u00e1 declarou sua inten\u00e7\u00e3o de privatizar todos os pres\u00eddios do estado de S\u00e3o Paulo.<\/p>\n<p>4. O PSOL j\u00e1 apresentou medidas ao combate a corrup\u00e7\u00e3o e estas n\u00e3o precisam, para ser efetivas, retirar liberdades individuais, o direito \u00e0 ampla defesa e referendar o genoc\u00eddio do povo negro. A popula\u00e7\u00e3o negra e os pobres s\u00e3o os verdadeiros alvos do \u201cpacote anti-crime\u201d de Moro. O que faz Moro com seu \u201cpacote anti-crime\u201d \u00e9 dar amparo legal a trag\u00e9dias como a que vitimou o m\u00fasico Evaldo Rosa dos Santos, executado com 80 tiros por for\u00e7as de ocupa\u00e7\u00e3o do Ex\u00e9rcito, no Rio de Janeiro, pelo simples fato de ser negro. Junto com o decreto que libera at\u00e9 quatro armas por &#8220;cidad\u00e3o de bem&#8221;, esse pacote vai expandir a pol\u00edtica genocida do Estado brasileiro, de uma forma que vitimar\u00e1 triplamente as mulheres negras &#8211; com a perda dos filhos para o encarceramento ou a morte, pelo pr\u00f3prio aprisionamento que se multiplica no Brasil e pelo feminic\u00eddio praticado pelos indiv\u00edduos armados ou agentes do Estado que estariam legalmente protegidos para arrastar corpos como o de Cl\u00e1udia da Silva pendurados em viaturas ou espancar mulheres at\u00e9 \u00e0 morte como fizeram com Luana Barbosa. N\u00e3o podemos permitir essa barb\u00e1rie.<\/p>\n<p>5. O PSOL est\u00e1 engajado, junto ao movimento negro e as organiza\u00e7\u00f5es de direitos humanos, a impedir este retrocesso no que diz respeito \u00e0s liberdades individuais em nosso pa\u00eds e promover\u00e1 uma campanha de conscientiza\u00e7\u00e3o e den\u00fancia sobre os efeitos deste projeto que, sob o discurso de combater a corrup\u00e7\u00e3o, d\u00e1 amparo a viola\u00e7\u00f5es de direitos civis da popula\u00e7\u00e3o pobre, negra e perif\u00e9rica.<\/p>\n<p><em>Executiva Nacional do PSOL\u00a0 \u00a0 \u00a0 \u00a0 \u00a0 \u00a0<\/em><br \/>\n<em>27 de abril de 2019<\/em><\/p>\n","protected":false},"excerpt":{"rendered":"<p>A Executiva Nacional do PSOL, reunida nesse final de semana, lan\u00e7ou campanha para combater o pacote &#8220;anti-crime&#8221; &#8211; na verdade, anti-pobre e anti-negro &#8211; do Ministro da Justi\u00e7a, S\u00e9rgio Moro. Na pr\u00e1tica, o pacote amplia desigualdades ao dar amparo legal para crimes passionais e permitir que mais pris\u00f5es sejam feitas sem que haja um julgamento [&hellip;]<\/p>\n","protected":false},"author":2,"featured_media":25063,"comment_status":"closed","ping_status":"open","sticky":false,"template":"","format":"standard","meta":{"_acf_changed":false,"footnotes":""},"categories":[6],"tags":[1783,1784,58,597,1050],"class_list":{"0":"post-25061","1":"post","2":"type-post","3":"status-publish","4":"format-standard","5":"has-post-thumbnail","7":"category-noticias","8":"tag-anti-crime","9":"tag-anti-pobre","10":"tag-corrupcao","11":"tag-ministro-da-justica","12":"tag-sergio-moro"},"acf":[],"yoast_head":"<!-- This site is optimized with the Yoast SEO plugin v26.5 - https:\/\/yoast.com\/wordpress\/plugins\/seo\/ -->\n<title>PSOL lan\u00e7a campanha contra pacote anti-pobre e anti-negro de S\u00e9rgio Moro<\/title>\n<meta name=\"robots\" content=\"index, follow, max-snippet:-1, max-image-preview:large, max-video-preview:-1\" \/>\n<link rel=\"canonical\" href=\"https:\/\/psol50.org.br\/psol-lanca-campanha-contra-pacote-anti-pobre-de-sergio-moro\/\" \/>\n<meta property=\"og:locale\" content=\"pt_BR\" \/>\n<meta property=\"og:type\" content=\"article\" \/>\n<meta property=\"og:title\" content=\"PSOL lan\u00e7a campanha contra pacote anti-pobre e anti-negro de S\u00e9rgio Moro\" \/>\n<meta property=\"og:description\" content=\"Leia a convocat\u00f3ria da Executiva Nacional do PSOL.\" \/>\n<meta property=\"og:url\" content=\"https:\/\/psol50.org.br\/psol-lanca-campanha-contra-pacote-anti-pobre-de-sergio-moro\/\" \/>\n<meta property=\"og:site_name\" content=\"PSOL 50\" \/>\n<meta property=\"article:publisher\" content=\"https:\/\/www.facebook.com\/psol50\" \/>\n<meta property=\"article:published_time\" content=\"2019-04-29T12:46:45+00:00\" \/>\n<meta property=\"og:image\" content=\"https:\/\/psol50.org.br\/inc\/uploads\/2019\/04\/PSOLcards4-21.png\" \/>\n\t<meta property=\"og:image:width\" content=\"1350\" \/>\n\t<meta property=\"og:image:height\" content=\"900\" \/>\n\t<meta property=\"og:image:type\" content=\"image\/png\" \/>\n<meta name=\"author\" content=\"Comunica\u00e7\u00e3o PSOL\" \/>\n<meta name=\"twitter:card\" content=\"summary_large_image\" \/>\n<meta name=\"twitter:title\" content=\"PSOL lan\u00e7a campanha contra pacote anti-pobre e anti-negro de S\u00e9rgio Moro\" \/>\n<meta name=\"twitter:description\" content=\"Leia a convocat\u00f3ria da Executiva Nacional do PSOL.\" \/>\n<meta name=\"twitter:image\" content=\"https:\/\/psol50.org.br\/inc\/uploads\/2019\/04\/PSOLcards4-21.png\" \/>\n<meta name=\"twitter:creator\" content=\"@psol50\" \/>\n<meta name=\"twitter:site\" content=\"@psol50\" \/>\n<meta name=\"twitter:label1\" content=\"Escrito por\" \/>\n\t<meta name=\"twitter:data1\" content=\"Comunica\u00e7\u00e3o PSOL\" \/>\n\t<meta name=\"twitter:label2\" content=\"Est. tempo de leitura\" \/>\n\t<meta name=\"twitter:data2\" content=\"4 minutos\" \/>\n<script type=\"application\/ld+json\" class=\"yoast-schema-graph\">{\"@context\":\"https:\/\/schema.org\",\"@graph\":[{\"@type\":\"Article\",\"@id\":\"https:\/\/psol50.org.br\/psol-lanca-campanha-contra-pacote-anti-pobre-de-sergio-moro\/#article\",\"isPartOf\":{\"@id\":\"https:\/\/psol50.org.br\/psol-lanca-campanha-contra-pacote-anti-pobre-de-sergio-moro\/\"},\"author\":{\"name\":\"Comunica\u00e7\u00e3o PSOL\",\"@id\":\"https:\/\/psol50.org.br\/#\/schema\/person\/475dfa57d0b815993c714c2e96491fcd\"},\"headline\":\"PSOL lan\u00e7a campanha contra pacote anti-pobre e anti-negro de S\u00e9rgio Moro\",\"datePublished\":\"2019-04-29T12:46:45+00:00\",\"mainEntityOfPage\":{\"@id\":\"https:\/\/psol50.org.br\/psol-lanca-campanha-contra-pacote-anti-pobre-de-sergio-moro\/\"},\"wordCount\":797,\"publisher\":{\"@id\":\"https:\/\/psol50.org.br\/#organization\"},\"image\":{\"@id\":\"https:\/\/psol50.org.br\/psol-lanca-campanha-contra-pacote-anti-pobre-de-sergio-moro\/#primaryimage\"},\"thumbnailUrl\":\"https:\/\/psol50.org.br\/inc\/uploads\/2019\/04\/PSOLcards4-21.png\",\"keywords\":[\"Anti-crime\",\"anti-pobre\",\"corrup\u00e7\u00e3o\",\"ministro da Justi\u00e7a\",\"S\u00e9rgio Moro\"],\"articleSection\":[\"Not\u00edcias\"],\"inLanguage\":\"pt-BR\"},{\"@type\":\"WebPage\",\"@id\":\"https:\/\/psol50.org.br\/psol-lanca-campanha-contra-pacote-anti-pobre-de-sergio-moro\/\",\"url\":\"https:\/\/psol50.org.br\/psol-lanca-campanha-contra-pacote-anti-pobre-de-sergio-moro\/\",\"name\":\"PSOL lan\u00e7a campanha contra pacote anti-pobre e anti-negro de S\u00e9rgio Moro\",\"isPartOf\":{\"@id\":\"https:\/\/psol50.org.br\/#website\"},\"primaryImageOfPage\":{\"@id\":\"https:\/\/psol50.org.br\/psol-lanca-campanha-contra-pacote-anti-pobre-de-sergio-moro\/#primaryimage\"},\"image\":{\"@id\":\"https:\/\/psol50.org.br\/psol-lanca-campanha-contra-pacote-anti-pobre-de-sergio-moro\/#primaryimage\"},\"thumbnailUrl\":\"https:\/\/psol50.org.br\/inc\/uploads\/2019\/04\/PSOLcards4-21.png\",\"datePublished\":\"2019-04-29T12:46:45+00:00\",\"breadcrumb\":{\"@id\":\"https:\/\/psol50.org.br\/psol-lanca-campanha-contra-pacote-anti-pobre-de-sergio-moro\/#breadcrumb\"},\"inLanguage\":\"pt-BR\",\"potentialAction\":[{\"@type\":\"ReadAction\",\"target\":[\"https:\/\/psol50.org.br\/psol-lanca-campanha-contra-pacote-anti-pobre-de-sergio-moro\/\"]}]},{\"@type\":\"ImageObject\",\"inLanguage\":\"pt-BR\",\"@id\":\"https:\/\/psol50.org.br\/psol-lanca-campanha-contra-pacote-anti-pobre-de-sergio-moro\/#primaryimage\",\"url\":\"https:\/\/psol50.org.br\/inc\/uploads\/2019\/04\/PSOLcards4-21.png\",\"contentUrl\":\"https:\/\/psol50.org.br\/inc\/uploads\/2019\/04\/PSOLcards4-21.png\",\"width\":1350,\"height\":900},{\"@type\":\"BreadcrumbList\",\"@id\":\"https:\/\/psol50.org.br\/psol-lanca-campanha-contra-pacote-anti-pobre-de-sergio-moro\/#breadcrumb\",\"itemListElement\":[{\"@type\":\"ListItem\",\"position\":1,\"name\":\"In\u00edcio\",\"item\":\"https:\/\/psol50.org.br\/\"},{\"@type\":\"ListItem\",\"position\":2,\"name\":\"PSOL lan\u00e7a campanha contra pacote anti-pobre e anti-negro de S\u00e9rgio Moro\"}]},{\"@type\":\"WebSite\",\"@id\":\"https:\/\/psol50.org.br\/#website\",\"url\":\"https:\/\/psol50.org.br\/\",\"name\":\"PSOL 50\",\"description\":\"Site oficial do Partido Socialismo e Liberdade\",\"publisher\":{\"@id\":\"https:\/\/psol50.org.br\/#organization\"},\"alternateName\":\"PSOL50\",\"potentialAction\":[{\"@type\":\"SearchAction\",\"target\":{\"@type\":\"EntryPoint\",\"urlTemplate\":\"https:\/\/psol50.org.br\/?s={search_term_string}\"},\"query-input\":{\"@type\":\"PropertyValueSpecification\",\"valueRequired\":true,\"valueName\":\"search_term_string\"}}],\"inLanguage\":\"pt-BR\"},{\"@type\":\"Organization\",\"@id\":\"https:\/\/psol50.org.br\/#organization\",\"name\":\"PSOL 50\",\"alternateName\":\"PSOL 50\",\"url\":\"https:\/\/psol50.org.br\/\",\"logo\":{\"@type\":\"ImageObject\",\"inLanguage\":\"pt-BR\",\"@id\":\"https:\/\/psol50.org.br\/#\/schema\/logo\/image\/\",\"url\":\"https:\/\/psol50.org.br\/inc\/uploads\/2018\/07\/capa.png\",\"contentUrl\":\"https:\/\/psol50.org.br\/inc\/uploads\/2018\/07\/capa.png\",\"width\":1350,\"height\":900,\"caption\":\"PSOL 50\"},\"image\":{\"@id\":\"https:\/\/psol50.org.br\/#\/schema\/logo\/image\/\"},\"sameAs\":[\"https:\/\/www.facebook.com\/psol50\",\"https:\/\/x.com\/psol50\",\"https:\/\/www.instagram.com\/psol50\/\",\"https:\/\/www.youtube.com\/channel\/UC7SnJS5o1os7a6CaiNabzcg\"]},{\"@type\":\"Person\",\"@id\":\"https:\/\/psol50.org.br\/#\/schema\/person\/475dfa57d0b815993c714c2e96491fcd\",\"name\":\"Comunica\u00e7\u00e3o PSOL\",\"image\":{\"@type\":\"ImageObject\",\"inLanguage\":\"pt-BR\",\"@id\":\"https:\/\/psol50.org.br\/#\/schema\/person\/image\/\",\"url\":\"https:\/\/secure.gravatar.com\/avatar\/b34fc4f4e468a4e51785917065a3db57b841f5c95dba6ad8c73aaf8f66f8f9bf?s=96&d=mm&r=g\",\"contentUrl\":\"https:\/\/secure.gravatar.com\/avatar\/b34fc4f4e468a4e51785917065a3db57b841f5c95dba6ad8c73aaf8f66f8f9bf?s=96&d=mm&r=g\",\"caption\":\"Comunica\u00e7\u00e3o PSOL\"}}]}<\/script>\n<!-- \/ Yoast SEO plugin. -->","yoast_head_json":{"title":"PSOL lan\u00e7a campanha contra pacote anti-pobre e anti-negro de S\u00e9rgio Moro","robots":{"index":"index","follow":"follow","max-snippet":"max-snippet:-1","max-image-preview":"max-image-preview:large","max-video-preview":"max-video-preview:-1"},"canonical":"https:\/\/psol50.org.br\/psol-lanca-campanha-contra-pacote-anti-pobre-de-sergio-moro\/","og_locale":"pt_BR","og_type":"article","og_title":"PSOL lan\u00e7a campanha contra pacote anti-pobre e anti-negro de S\u00e9rgio Moro","og_description":"Leia a convocat\u00f3ria da Executiva Nacional do PSOL.","og_url":"https:\/\/psol50.org.br\/psol-lanca-campanha-contra-pacote-anti-pobre-de-sergio-moro\/","og_site_name":"PSOL 50","article_publisher":"https:\/\/www.facebook.com\/psol50","article_published_time":"2019-04-29T12:46:45+00:00","og_image":[{"width":1350,"height":900,"url":"https:\/\/psol50.org.br\/inc\/uploads\/2019\/04\/PSOLcards4-21.png","type":"image\/png"}],"author":"Comunica\u00e7\u00e3o PSOL","twitter_card":"summary_large_image","twitter_title":"PSOL lan\u00e7a campanha contra pacote anti-pobre e anti-negro de S\u00e9rgio Moro","twitter_description":"Leia a convocat\u00f3ria da Executiva Nacional do PSOL.","twitter_image":"https:\/\/psol50.org.br\/inc\/uploads\/2019\/04\/PSOLcards4-21.png","twitter_creator":"@psol50","twitter_site":"@psol50","twitter_misc":{"Escrito por":"Comunica\u00e7\u00e3o PSOL","Est. tempo de leitura":"4 minutos"},"schema":{"@context":"https:\/\/schema.org","@graph":[{"@type":"Article","@id":"https:\/\/psol50.org.br\/psol-lanca-campanha-contra-pacote-anti-pobre-de-sergio-moro\/#article","isPartOf":{"@id":"https:\/\/psol50.org.br\/psol-lanca-campanha-contra-pacote-anti-pobre-de-sergio-moro\/"},"author":{"name":"Comunica\u00e7\u00e3o PSOL","@id":"https:\/\/psol50.org.br\/#\/schema\/person\/475dfa57d0b815993c714c2e96491fcd"},"headline":"PSOL lan\u00e7a campanha contra pacote anti-pobre e anti-negro de S\u00e9rgio Moro","datePublished":"2019-04-29T12:46:45+00:00","mainEntityOfPage":{"@id":"https:\/\/psol50.org.br\/psol-lanca-campanha-contra-pacote-anti-pobre-de-sergio-moro\/"},"wordCount":797,"publisher":{"@id":"https:\/\/psol50.org.br\/#organization"},"image":{"@id":"https:\/\/psol50.org.br\/psol-lanca-campanha-contra-pacote-anti-pobre-de-sergio-moro\/#primaryimage"},"thumbnailUrl":"https:\/\/psol50.org.br\/inc\/uploads\/2019\/04\/PSOLcards4-21.png","keywords":["Anti-crime","anti-pobre","corrup\u00e7\u00e3o","ministro da Justi\u00e7a","S\u00e9rgio Moro"],"articleSection":["Not\u00edcias"],"inLanguage":"pt-BR"},{"@type":"WebPage","@id":"https:\/\/psol50.org.br\/psol-lanca-campanha-contra-pacote-anti-pobre-de-sergio-moro\/","url":"https:\/\/psol50.org.br\/psol-lanca-campanha-contra-pacote-anti-pobre-de-sergio-moro\/","name":"PSOL lan\u00e7a campanha contra pacote anti-pobre e anti-negro de S\u00e9rgio Moro","isPartOf":{"@id":"https:\/\/psol50.org.br\/#website"},"primaryImageOfPage":{"@id":"https:\/\/psol50.org.br\/psol-lanca-campanha-contra-pacote-anti-pobre-de-sergio-moro\/#primaryimage"},"image":{"@id":"https:\/\/psol50.org.br\/psol-lanca-campanha-contra-pacote-anti-pobre-de-sergio-moro\/#primaryimage"},"thumbnailUrl":"https:\/\/psol50.org.br\/inc\/uploads\/2019\/04\/PSOLcards4-21.png","datePublished":"2019-04-29T12:46:45+00:00","breadcrumb":{"@id":"https:\/\/psol50.org.br\/psol-lanca-campanha-contra-pacote-anti-pobre-de-sergio-moro\/#breadcrumb"},"inLanguage":"pt-BR","potentialAction":[{"@type":"ReadAction","target":["https:\/\/psol50.org.br\/psol-lanca-campanha-contra-pacote-anti-pobre-de-sergio-moro\/"]}]},{"@type":"ImageObject","inLanguage":"pt-BR","@id":"https:\/\/psol50.org.br\/psol-lanca-campanha-contra-pacote-anti-pobre-de-sergio-moro\/#primaryimage","url":"https:\/\/psol50.org.br\/inc\/uploads\/2019\/04\/PSOLcards4-21.png","contentUrl":"https:\/\/psol50.org.br\/inc\/uploads\/2019\/04\/PSOLcards4-21.png","width":1350,"height":900},{"@type":"BreadcrumbList","@id":"https:\/\/psol50.org.br\/psol-lanca-campanha-contra-pacote-anti-pobre-de-sergio-moro\/#breadcrumb","itemListElement":[{"@type":"ListItem","position":1,"name":"In\u00edcio","item":"https:\/\/psol50.org.br\/"},{"@type":"ListItem","position":2,"name":"PSOL lan\u00e7a campanha contra pacote anti-pobre e anti-negro de S\u00e9rgio Moro"}]},{"@type":"WebSite","@id":"https:\/\/psol50.org.br\/#website","url":"https:\/\/psol50.org.br\/","name":"PSOL 50","description":"Site oficial do Partido Socialismo e Liberdade","publisher":{"@id":"https:\/\/psol50.org.br\/#organization"},"alternateName":"PSOL50","potentialAction":[{"@type":"SearchAction","target":{"@type":"EntryPoint","urlTemplate":"https:\/\/psol50.org.br\/?s={search_term_string}"},"query-input":{"@type":"PropertyValueSpecification","valueRequired":true,"valueName":"search_term_string"}}],"inLanguage":"pt-BR"},{"@type":"Organization","@id":"https:\/\/psol50.org.br\/#organization","name":"PSOL 50","alternateName":"PSOL 50","url":"https:\/\/psol50.org.br\/","logo":{"@type":"ImageObject","inLanguage":"pt-BR","@id":"https:\/\/psol50.org.br\/#\/schema\/logo\/image\/","url":"https:\/\/psol50.org.br\/inc\/uploads\/2018\/07\/capa.png","contentUrl":"https:\/\/psol50.org.br\/inc\/uploads\/2018\/07\/capa.png","width":1350,"height":900,"caption":"PSOL 50"},"image":{"@id":"https:\/\/psol50.org.br\/#\/schema\/logo\/image\/"},"sameAs":["https:\/\/www.facebook.com\/psol50","https:\/\/x.com\/psol50","https:\/\/www.instagram.com\/psol50\/","https:\/\/www.youtube.com\/channel\/UC7SnJS5o1os7a6CaiNabzcg"]},{"@type":"Person","@id":"https:\/\/psol50.org.br\/#\/schema\/person\/475dfa57d0b815993c714c2e96491fcd","name":"Comunica\u00e7\u00e3o PSOL","image":{"@type":"ImageObject","inLanguage":"pt-BR","@id":"https:\/\/psol50.org.br\/#\/schema\/person\/image\/","url":"https:\/\/secure.gravatar.com\/avatar\/b34fc4f4e468a4e51785917065a3db57b841f5c95dba6ad8c73aaf8f66f8f9bf?s=96&d=mm&r=g","contentUrl":"https:\/\/secure.gravatar.com\/avatar\/b34fc4f4e468a4e51785917065a3db57b841f5c95dba6ad8c73aaf8f66f8f9bf?s=96&d=mm&r=g","caption":"Comunica\u00e7\u00e3o PSOL"}}]}},"_links":{"self":[{"href":"https:\/\/psol50.org.br\/rest\/wp\/v2\/posts\/25061","targetHints":{"allow":["GET"]}}],"collection":[{"href":"https:\/\/psol50.org.br\/rest\/wp\/v2\/posts"}],"about":[{"href":"https:\/\/psol50.org.br\/rest\/wp\/v2\/types\/post"}],"author":[{"embeddable":true,"href":"https:\/\/psol50.org.br\/rest\/wp\/v2\/users\/2"}],"replies":[{"embeddable":true,"href":"https:\/\/psol50.org.br\/rest\/wp\/v2\/comments?post=25061"}],"version-history":[{"count":0,"href":"https:\/\/psol50.org.br\/rest\/wp\/v2\/posts\/25061\/revisions"}],"wp:featuredmedia":[{"embeddable":true,"href":"https:\/\/psol50.org.br\/rest\/wp\/v2\/media\/25063"}],"wp:attachment":[{"href":"https:\/\/psol50.org.br\/rest\/wp\/v2\/media?parent=25061"}],"wp:term":[{"taxonomy":"category","embeddable":true,"href":"https:\/\/psol50.org.br\/rest\/wp\/v2\/categories?post=25061"},{"taxonomy":"post_tag","embeddable":true,"href":"https:\/\/psol50.org.br\/rest\/wp\/v2\/tags?post=25061"}],"curies":[{"name":"wp","href":"https:\/\/api.w.org\/{rel}","templated":true}]}}