{"id":2507,"date":"2014-01-09T00:00:00","date_gmt":"2014-01-09T00:00:00","guid":{"rendered":"http:\/\/psol50.org.br\/arquivo\/2014\/01\/09\/trabalhadores-do-metro-de-lisboa-iniciam-ano-com-paralisacao-em-defesa-dos-direitos-trabalhistas\/"},"modified":"2014-01-09T00:00:00","modified_gmt":"2014-01-09T00:00:00","slug":"trabalhadores-do-metro-de-lisboa-iniciam-ano-com-paralisacao-em-defesa-dos-direitos-trabalhistas","status":"publish","type":"post","link":"https:\/\/psol50.org.br\/trabalhadores-do-metro-de-lisboa-iniciam-ano-com-paralisacao-em-defesa-dos-direitos-trabalhistas\/","title":{"rendered":"Trabalhadores do Metr\u00f4 de Lisboa iniciam ano com paralisa\u00e7\u00e3o em defesa dos direitos trabalhistas"},"content":{"rendered":"<p style=\"text-align: justify;\">\n\tO ano de 2014 mal come\u00e7ou e, ao que tudo indica, os metrovi\u00e1rios da capital portuguesa est\u00e3o dispostos a deflagrar um movimento de greve ainda este m\u00eas. Nesta quinta-feira (09), a categoria promoveu uma paralisa\u00e7\u00e3o geral, em defesa do transporte p\u00fablico e da valoriza\u00e7\u00e3o dos trabalhadores. A Federa\u00e7\u00e3o dos Sindicatos dos Transportes e Comunica\u00e7\u00f5es j\u00e1 anunciou a realiza\u00e7\u00e3o de novas paralisa\u00e7\u00f5es parciais nos dias 16 e 23 de janeiro. A greve desta quinta-feira contou com ades\u00e3o total da categoria, segundo a entidade sindical.<br \/>\n\t&nbsp;<br \/>\n\tEm declara\u00e7\u00f5es \u00e0 Ag\u00eancia Lusa, Anabela Carvalheira, da Federa\u00e7\u00e3o dos Sindicatos dos Transportes e Comunica\u00e7\u00f5es (FECTRANS), confirmou que a parte operacional do Metro de Lisboa esteve totalmente paralisada hoje, n\u00e3o havendo trabalhadores em servi\u00e7o. Os trens n\u00e3o circularam e as esta\u00e7\u00f5es mantiveram-se fechadas.<br \/>\n\t&nbsp;<br \/>\n\t&#8220;A ades\u00e3o \u00e9 total. Est\u00e1 a decorrer mais uma grande forma de luta dos trabalhadores do Metropolitano em torno daquilo que s\u00e3o as nossas reivindica\u00e7\u00f5es, que v\u00eam sendo cada vez mais agravadas por for\u00e7a das medidas avulsas que este Governo vai tomando&#8221;, disse a sindicalista logo pela manh\u00e3.<br \/>\n\t&nbsp;<br \/>\n\t&#8220;Os trabalhadores t\u00eam feito muito por esta empresa e querem continuar a defend\u00ea-la enquanto empresa do setor p\u00fablico e querem trabalho digno e com direitos&#8221;, acrescentou.<br \/>\n\t&nbsp;<br \/>\n\t<strong>Novas paralisa\u00e7\u00f5es nos dias 16 e 23 de janeiro<\/strong><br \/>\n\tA Federa\u00e7\u00e3o dos Sindicatos dos Transportes e Comunica\u00e7\u00f5es j\u00e1 anunciou novas greves para os dias 16 e 23 de janeiro.<br \/>\n\t&nbsp;<br \/>\n\tCom estas paralisa\u00e7\u00f5es, os trabalhadores pretendem demonstrar o seu protesto frente \u00e0s medidas previstas no decreto-lei 133\/2012, que visa &#8220;abrir as portas \u00e0 concess\u00e3o da empresa e, uma vez mais, reduzir trabalhadores, reduzir os seus direitos e reduzir a sua remunera\u00e7\u00e3o&#8221;, referiu Anabela Carvalheira.<br \/>\n\t&nbsp;<br \/>\n\tOs funcion\u00e1rios do Metropolitano de Lisboa contestam tamb\u00e9m o Or\u00e7amento do Estado para 2014, que, afirmam, elege novamente como alvo &#8220;os trabalhadores do setor empresarial do Estado, com cortes brutais, encaminhando estes trabalhadores para uma situa\u00e7\u00e3o insustent\u00e1vel&#8221;, frisou a representante da FECTRANS.<\/p>\n<p>&nbsp;<\/p>\n","protected":false},"excerpt":{"rendered":"<p>O ano de 2014 mal come\u00e7ou e, ao que tudo indica, os metrovi\u00e1rios da capital portuguesa est\u00e3o dispostos a deflagrar um movimento de greve ainda este m\u00eas. Nesta quinta-feira (09), a categoria promoveu uma paralisa\u00e7\u00e3o geral, em defesa do transporte p\u00fablico e da valoriza\u00e7\u00e3o dos trabalhadores. A Federa\u00e7\u00e3o dos Sindicatos dos Transportes e Comunica\u00e7\u00f5es j\u00e1 [&hellip;]<\/p>\n","protected":false},"author":2,"featured_media":0,"comment_status":"open","ping_status":"open","sticky":false,"template":"","format":"standard","meta":{"_acf_changed":false,"footnotes":""},"categories":[4766,6],"tags":[],"class_list":{"0":"post-2507","1":"post","2":"type-post","3":"status-publish","4":"format-standard","6":"category-arquivo","7":"category-noticias"},"acf":[],"yoast_head":"<!-- This site is optimized with the Yoast SEO plugin v26.5 - https:\/\/yoast.com\/wordpress\/plugins\/seo\/ -->\n<title>Trabalhadores do Metr\u00f4 de Lisboa iniciam ano com paralisa\u00e7\u00e3o em defesa dos direitos trabalhistas - PSOL 50<\/title>\n<meta name=\"robots\" content=\"index, follow, max-snippet:-1, max-image-preview:large, max-video-preview:-1\" \/>\n<link rel=\"canonical\" href=\"https:\/\/psol50.org.br\/trabalhadores-do-metro-de-lisboa-iniciam-ano-com-paralisacao-em-defesa-dos-direitos-trabalhistas\/\" \/>\n<meta property=\"og:locale\" content=\"pt_BR\" \/>\n<meta property=\"og:type\" content=\"article\" \/>\n<meta property=\"og:title\" content=\"Trabalhadores do Metr\u00f4 de Lisboa iniciam ano com paralisa\u00e7\u00e3o em defesa dos direitos trabalhistas - PSOL 50\" \/>\n<meta property=\"og:description\" content=\"O ano de 2014 mal come\u00e7ou e, ao que tudo indica, os metrovi\u00e1rios da capital portuguesa est\u00e3o dispostos a deflagrar um movimento de greve ainda este m\u00eas. Nesta quinta-feira (09), a categoria promoveu uma paralisa\u00e7\u00e3o geral, em defesa do transporte p\u00fablico e da valoriza\u00e7\u00e3o dos trabalhadores. A Federa\u00e7\u00e3o dos Sindicatos dos Transportes e Comunica\u00e7\u00f5es j\u00e1 [&hellip;]\" \/>\n<meta property=\"og:url\" content=\"https:\/\/psol50.org.br\/trabalhadores-do-metro-de-lisboa-iniciam-ano-com-paralisacao-em-defesa-dos-direitos-trabalhistas\/\" \/>\n<meta property=\"og:site_name\" content=\"PSOL 50\" \/>\n<meta property=\"article:publisher\" content=\"https:\/\/www.facebook.com\/psol50\" \/>\n<meta property=\"article:published_time\" content=\"2014-01-09T00:00:00+00:00\" \/>\n<meta property=\"og:image\" content=\"https:\/\/psol50.org.br\/inc\/uploads\/2018\/07\/capa.png\" \/>\n\t<meta property=\"og:image:width\" content=\"1350\" \/>\n\t<meta property=\"og:image:height\" content=\"900\" \/>\n\t<meta property=\"og:image:type\" content=\"image\/png\" \/>\n<meta name=\"author\" content=\"Comunica\u00e7\u00e3o PSOL\" \/>\n<meta name=\"twitter:card\" content=\"summary_large_image\" \/>\n<meta name=\"twitter:creator\" content=\"@psol50\" \/>\n<meta name=\"twitter:site\" content=\"@psol50\" \/>\n<meta name=\"twitter:label1\" content=\"Escrito por\" \/>\n\t<meta name=\"twitter:data1\" content=\"Comunica\u00e7\u00e3o PSOL\" \/>\n\t<meta name=\"twitter:label2\" content=\"Est. tempo de leitura\" \/>\n\t<meta name=\"twitter:data2\" content=\"2 minutos\" \/>\n<script type=\"application\/ld+json\" class=\"yoast-schema-graph\">{\"@context\":\"https:\/\/schema.org\",\"@graph\":[{\"@type\":\"Article\",\"@id\":\"https:\/\/psol50.org.br\/trabalhadores-do-metro-de-lisboa-iniciam-ano-com-paralisacao-em-defesa-dos-direitos-trabalhistas\/#article\",\"isPartOf\":{\"@id\":\"https:\/\/psol50.org.br\/trabalhadores-do-metro-de-lisboa-iniciam-ano-com-paralisacao-em-defesa-dos-direitos-trabalhistas\/\"},\"author\":{\"name\":\"Comunica\u00e7\u00e3o PSOL\",\"@id\":\"https:\/\/psol50.org.br\/#\/schema\/person\/475dfa57d0b815993c714c2e96491fcd\"},\"headline\":\"Trabalhadores do Metr\u00f4 de Lisboa iniciam ano com paralisa\u00e7\u00e3o em defesa dos direitos trabalhistas\",\"datePublished\":\"2014-01-09T00:00:00+00:00\",\"mainEntityOfPage\":{\"@id\":\"https:\/\/psol50.org.br\/trabalhadores-do-metro-de-lisboa-iniciam-ano-com-paralisacao-em-defesa-dos-direitos-trabalhistas\/\"},\"wordCount\":363,\"commentCount\":0,\"publisher\":{\"@id\":\"https:\/\/psol50.org.br\/#organization\"},\"articleSection\":[\"Arquivo\",\"Not\u00edcias\"],\"inLanguage\":\"pt-BR\",\"potentialAction\":[{\"@type\":\"CommentAction\",\"name\":\"Comment\",\"target\":[\"https:\/\/psol50.org.br\/trabalhadores-do-metro-de-lisboa-iniciam-ano-com-paralisacao-em-defesa-dos-direitos-trabalhistas\/#respond\"]}]},{\"@type\":\"WebPage\",\"@id\":\"https:\/\/psol50.org.br\/trabalhadores-do-metro-de-lisboa-iniciam-ano-com-paralisacao-em-defesa-dos-direitos-trabalhistas\/\",\"url\":\"https:\/\/psol50.org.br\/trabalhadores-do-metro-de-lisboa-iniciam-ano-com-paralisacao-em-defesa-dos-direitos-trabalhistas\/\",\"name\":\"Trabalhadores do Metr\u00f4 de Lisboa iniciam ano com paralisa\u00e7\u00e3o em defesa dos direitos trabalhistas - PSOL 50\",\"isPartOf\":{\"@id\":\"https:\/\/psol50.org.br\/#website\"},\"datePublished\":\"2014-01-09T00:00:00+00:00\",\"breadcrumb\":{\"@id\":\"https:\/\/psol50.org.br\/trabalhadores-do-metro-de-lisboa-iniciam-ano-com-paralisacao-em-defesa-dos-direitos-trabalhistas\/#breadcrumb\"},\"inLanguage\":\"pt-BR\",\"potentialAction\":[{\"@type\":\"ReadAction\",\"target\":[\"https:\/\/psol50.org.br\/trabalhadores-do-metro-de-lisboa-iniciam-ano-com-paralisacao-em-defesa-dos-direitos-trabalhistas\/\"]}]},{\"@type\":\"BreadcrumbList\",\"@id\":\"https:\/\/psol50.org.br\/trabalhadores-do-metro-de-lisboa-iniciam-ano-com-paralisacao-em-defesa-dos-direitos-trabalhistas\/#breadcrumb\",\"itemListElement\":[{\"@type\":\"ListItem\",\"position\":1,\"name\":\"In\u00edcio\",\"item\":\"https:\/\/psol50.org.br\/\"},{\"@type\":\"ListItem\",\"position\":2,\"name\":\"Trabalhadores do Metr\u00f4 de Lisboa iniciam ano com paralisa\u00e7\u00e3o em defesa dos direitos trabalhistas\"}]},{\"@type\":\"WebSite\",\"@id\":\"https:\/\/psol50.org.br\/#website\",\"url\":\"https:\/\/psol50.org.br\/\",\"name\":\"PSOL 50\",\"description\":\"Site oficial do Partido Socialismo e Liberdade\",\"publisher\":{\"@id\":\"https:\/\/psol50.org.br\/#organization\"},\"alternateName\":\"PSOL50\",\"potentialAction\":[{\"@type\":\"SearchAction\",\"target\":{\"@type\":\"EntryPoint\",\"urlTemplate\":\"https:\/\/psol50.org.br\/?s={search_term_string}\"},\"query-input\":{\"@type\":\"PropertyValueSpecification\",\"valueRequired\":true,\"valueName\":\"search_term_string\"}}],\"inLanguage\":\"pt-BR\"},{\"@type\":\"Organization\",\"@id\":\"https:\/\/psol50.org.br\/#organization\",\"name\":\"PSOL 50\",\"alternateName\":\"PSOL 50\",\"url\":\"https:\/\/psol50.org.br\/\",\"logo\":{\"@type\":\"ImageObject\",\"inLanguage\":\"pt-BR\",\"@id\":\"https:\/\/psol50.org.br\/#\/schema\/logo\/image\/\",\"url\":\"https:\/\/psol50.org.br\/inc\/uploads\/2018\/07\/capa.png\",\"contentUrl\":\"https:\/\/psol50.org.br\/inc\/uploads\/2018\/07\/capa.png\",\"width\":1350,\"height\":900,\"caption\":\"PSOL 50\"},\"image\":{\"@id\":\"https:\/\/psol50.org.br\/#\/schema\/logo\/image\/\"},\"sameAs\":[\"https:\/\/www.facebook.com\/psol50\",\"https:\/\/x.com\/psol50\",\"https:\/\/www.instagram.com\/psol50\/\",\"https:\/\/www.youtube.com\/channel\/UC7SnJS5o1os7a6CaiNabzcg\"]},{\"@type\":\"Person\",\"@id\":\"https:\/\/psol50.org.br\/#\/schema\/person\/475dfa57d0b815993c714c2e96491fcd\",\"name\":\"Comunica\u00e7\u00e3o PSOL\",\"image\":{\"@type\":\"ImageObject\",\"inLanguage\":\"pt-BR\",\"@id\":\"https:\/\/psol50.org.br\/#\/schema\/person\/image\/\",\"url\":\"https:\/\/secure.gravatar.com\/avatar\/b34fc4f4e468a4e51785917065a3db57b841f5c95dba6ad8c73aaf8f66f8f9bf?s=96&d=mm&r=g\",\"contentUrl\":\"https:\/\/secure.gravatar.com\/avatar\/b34fc4f4e468a4e51785917065a3db57b841f5c95dba6ad8c73aaf8f66f8f9bf?s=96&d=mm&r=g\",\"caption\":\"Comunica\u00e7\u00e3o PSOL\"}}]}<\/script>\n<!-- \/ Yoast SEO plugin. -->","yoast_head_json":{"title":"Trabalhadores do Metr\u00f4 de Lisboa iniciam ano com paralisa\u00e7\u00e3o em defesa dos direitos trabalhistas - PSOL 50","robots":{"index":"index","follow":"follow","max-snippet":"max-snippet:-1","max-image-preview":"max-image-preview:large","max-video-preview":"max-video-preview:-1"},"canonical":"https:\/\/psol50.org.br\/trabalhadores-do-metro-de-lisboa-iniciam-ano-com-paralisacao-em-defesa-dos-direitos-trabalhistas\/","og_locale":"pt_BR","og_type":"article","og_title":"Trabalhadores do Metr\u00f4 de Lisboa iniciam ano com paralisa\u00e7\u00e3o em defesa dos direitos trabalhistas - PSOL 50","og_description":"O ano de 2014 mal come\u00e7ou e, ao que tudo indica, os metrovi\u00e1rios da capital portuguesa est\u00e3o dispostos a deflagrar um movimento de greve ainda este m\u00eas. Nesta quinta-feira (09), a categoria promoveu uma paralisa\u00e7\u00e3o geral, em defesa do transporte p\u00fablico e da valoriza\u00e7\u00e3o dos trabalhadores. A Federa\u00e7\u00e3o dos Sindicatos dos Transportes e Comunica\u00e7\u00f5es j\u00e1 [&hellip;]","og_url":"https:\/\/psol50.org.br\/trabalhadores-do-metro-de-lisboa-iniciam-ano-com-paralisacao-em-defesa-dos-direitos-trabalhistas\/","og_site_name":"PSOL 50","article_publisher":"https:\/\/www.facebook.com\/psol50","article_published_time":"2014-01-09T00:00:00+00:00","og_image":[{"width":1350,"height":900,"url":"https:\/\/psol50.org.br\/inc\/uploads\/2018\/07\/capa.png","type":"image\/png"}],"author":"Comunica\u00e7\u00e3o PSOL","twitter_card":"summary_large_image","twitter_creator":"@psol50","twitter_site":"@psol50","twitter_misc":{"Escrito por":"Comunica\u00e7\u00e3o PSOL","Est. tempo de leitura":"2 minutos"},"schema":{"@context":"https:\/\/schema.org","@graph":[{"@type":"Article","@id":"https:\/\/psol50.org.br\/trabalhadores-do-metro-de-lisboa-iniciam-ano-com-paralisacao-em-defesa-dos-direitos-trabalhistas\/#article","isPartOf":{"@id":"https:\/\/psol50.org.br\/trabalhadores-do-metro-de-lisboa-iniciam-ano-com-paralisacao-em-defesa-dos-direitos-trabalhistas\/"},"author":{"name":"Comunica\u00e7\u00e3o PSOL","@id":"https:\/\/psol50.org.br\/#\/schema\/person\/475dfa57d0b815993c714c2e96491fcd"},"headline":"Trabalhadores do Metr\u00f4 de Lisboa iniciam ano com paralisa\u00e7\u00e3o em defesa dos direitos trabalhistas","datePublished":"2014-01-09T00:00:00+00:00","mainEntityOfPage":{"@id":"https:\/\/psol50.org.br\/trabalhadores-do-metro-de-lisboa-iniciam-ano-com-paralisacao-em-defesa-dos-direitos-trabalhistas\/"},"wordCount":363,"commentCount":0,"publisher":{"@id":"https:\/\/psol50.org.br\/#organization"},"articleSection":["Arquivo","Not\u00edcias"],"inLanguage":"pt-BR","potentialAction":[{"@type":"CommentAction","name":"Comment","target":["https:\/\/psol50.org.br\/trabalhadores-do-metro-de-lisboa-iniciam-ano-com-paralisacao-em-defesa-dos-direitos-trabalhistas\/#respond"]}]},{"@type":"WebPage","@id":"https:\/\/psol50.org.br\/trabalhadores-do-metro-de-lisboa-iniciam-ano-com-paralisacao-em-defesa-dos-direitos-trabalhistas\/","url":"https:\/\/psol50.org.br\/trabalhadores-do-metro-de-lisboa-iniciam-ano-com-paralisacao-em-defesa-dos-direitos-trabalhistas\/","name":"Trabalhadores do Metr\u00f4 de Lisboa iniciam ano com paralisa\u00e7\u00e3o em defesa dos direitos trabalhistas - PSOL 50","isPartOf":{"@id":"https:\/\/psol50.org.br\/#website"},"datePublished":"2014-01-09T00:00:00+00:00","breadcrumb":{"@id":"https:\/\/psol50.org.br\/trabalhadores-do-metro-de-lisboa-iniciam-ano-com-paralisacao-em-defesa-dos-direitos-trabalhistas\/#breadcrumb"},"inLanguage":"pt-BR","potentialAction":[{"@type":"ReadAction","target":["https:\/\/psol50.org.br\/trabalhadores-do-metro-de-lisboa-iniciam-ano-com-paralisacao-em-defesa-dos-direitos-trabalhistas\/"]}]},{"@type":"BreadcrumbList","@id":"https:\/\/psol50.org.br\/trabalhadores-do-metro-de-lisboa-iniciam-ano-com-paralisacao-em-defesa-dos-direitos-trabalhistas\/#breadcrumb","itemListElement":[{"@type":"ListItem","position":1,"name":"In\u00edcio","item":"https:\/\/psol50.org.br\/"},{"@type":"ListItem","position":2,"name":"Trabalhadores do Metr\u00f4 de Lisboa iniciam ano com paralisa\u00e7\u00e3o em defesa dos direitos trabalhistas"}]},{"@type":"WebSite","@id":"https:\/\/psol50.org.br\/#website","url":"https:\/\/psol50.org.br\/","name":"PSOL 50","description":"Site oficial do Partido Socialismo e Liberdade","publisher":{"@id":"https:\/\/psol50.org.br\/#organization"},"alternateName":"PSOL50","potentialAction":[{"@type":"SearchAction","target":{"@type":"EntryPoint","urlTemplate":"https:\/\/psol50.org.br\/?s={search_term_string}"},"query-input":{"@type":"PropertyValueSpecification","valueRequired":true,"valueName":"search_term_string"}}],"inLanguage":"pt-BR"},{"@type":"Organization","@id":"https:\/\/psol50.org.br\/#organization","name":"PSOL 50","alternateName":"PSOL 50","url":"https:\/\/psol50.org.br\/","logo":{"@type":"ImageObject","inLanguage":"pt-BR","@id":"https:\/\/psol50.org.br\/#\/schema\/logo\/image\/","url":"https:\/\/psol50.org.br\/inc\/uploads\/2018\/07\/capa.png","contentUrl":"https:\/\/psol50.org.br\/inc\/uploads\/2018\/07\/capa.png","width":1350,"height":900,"caption":"PSOL 50"},"image":{"@id":"https:\/\/psol50.org.br\/#\/schema\/logo\/image\/"},"sameAs":["https:\/\/www.facebook.com\/psol50","https:\/\/x.com\/psol50","https:\/\/www.instagram.com\/psol50\/","https:\/\/www.youtube.com\/channel\/UC7SnJS5o1os7a6CaiNabzcg"]},{"@type":"Person","@id":"https:\/\/psol50.org.br\/#\/schema\/person\/475dfa57d0b815993c714c2e96491fcd","name":"Comunica\u00e7\u00e3o PSOL","image":{"@type":"ImageObject","inLanguage":"pt-BR","@id":"https:\/\/psol50.org.br\/#\/schema\/person\/image\/","url":"https:\/\/secure.gravatar.com\/avatar\/b34fc4f4e468a4e51785917065a3db57b841f5c95dba6ad8c73aaf8f66f8f9bf?s=96&d=mm&r=g","contentUrl":"https:\/\/secure.gravatar.com\/avatar\/b34fc4f4e468a4e51785917065a3db57b841f5c95dba6ad8c73aaf8f66f8f9bf?s=96&d=mm&r=g","caption":"Comunica\u00e7\u00e3o PSOL"}}]}},"_links":{"self":[{"href":"https:\/\/psol50.org.br\/rest\/wp\/v2\/posts\/2507","targetHints":{"allow":["GET"]}}],"collection":[{"href":"https:\/\/psol50.org.br\/rest\/wp\/v2\/posts"}],"about":[{"href":"https:\/\/psol50.org.br\/rest\/wp\/v2\/types\/post"}],"author":[{"embeddable":true,"href":"https:\/\/psol50.org.br\/rest\/wp\/v2\/users\/2"}],"replies":[{"embeddable":true,"href":"https:\/\/psol50.org.br\/rest\/wp\/v2\/comments?post=2507"}],"version-history":[{"count":0,"href":"https:\/\/psol50.org.br\/rest\/wp\/v2\/posts\/2507\/revisions"}],"wp:attachment":[{"href":"https:\/\/psol50.org.br\/rest\/wp\/v2\/media?parent=2507"}],"wp:term":[{"taxonomy":"category","embeddable":true,"href":"https:\/\/psol50.org.br\/rest\/wp\/v2\/categories?post=2507"},{"taxonomy":"post_tag","embeddable":true,"href":"https:\/\/psol50.org.br\/rest\/wp\/v2\/tags?post=2507"}],"curies":[{"name":"wp","href":"https:\/\/api.w.org\/{rel}","templated":true}]}}