{"id":25071,"date":"2019-04-29T10:50:00","date_gmt":"2019-04-29T13:50:00","guid":{"rendered":"http:\/\/psol50.org.br\/?p=25071"},"modified":"2019-04-29T10:50:00","modified_gmt":"2019-04-29T13:50:00","slug":"nota-de-solidariedade-a-camila-mantovani-e-ao-povo-evangelico-que-luta-por-direitos-humanos","status":"publish","type":"post","link":"https:\/\/psol50.org.br\/nota-de-solidariedade-a-camila-mantovani-e-ao-povo-evangelico-que-luta-por-direitos-humanos\/","title":{"rendered":"Nota de solidariedade a Camila Mantovani e ao povo evang\u00e9lico que luta por direitos humanos"},"content":{"rendered":"<p>O Partido Socialismo e Liberdade expressa a sua profunda solidariedade \u00e0 companheira Camila Mantovani, jovem evang\u00e9lica, defensora dos direitos humanos, militante do PSOL e da Frente Evang\u00e9lica pela Legaliza\u00e7\u00e3o do Aborto, bem como \u00e0s mulheres e militantes evang\u00e9licas que lutam pela defesa dos direitos humanos. Entendemos o car\u00e1ter humanizador e revolucion\u00e1rio da mensagem do evangelho levada por essas companheiras.<\/p>\n<p>Nos \u00faltimos anos, vivemos no Brasil uma onda reacion\u00e1ria que ataca os direitos dos mais pobres, negras e negros, mulheres, LGBTs, povos origin\u00e1rios e tradicionais e da classe trabalhadora em geral, por meio das reformas trabalhista e previd\u00eanci\u00e1ria, exterm\u00ednio da juventude e ataque aos direitos humanos mais fundamentais.<\/p>\n<p>Uma bancada fundamentalista se constituiu nas casas legislativas a partir de um pretenso \u201cvoto evang\u00e9lico\u201d que organiza o \u00f3dio contra setores historicamente oprimidos sob uma perspectiva vil e conservadora. O maior ultraje desse setor pol\u00edtico \u00e9 tentar monopolizar o sentido e a mensagem com refer\u00eancia na f\u00e9 crist\u00e3. Mulheres como Camila Mantovani e tantas outras lideran\u00e7as religiosas se levantaram para mostrar que a mensagem do evangelho \u00e9 incompat\u00edvel com o discurso de \u00f3dio e desumanizador dos mercadores da f\u00e9.<\/p>\n<p>Em resposta a isso, j\u00e1 h\u00e1 dois anos, Camila tem sofrido ataques sistem\u00e1ticos e amea\u00e7as \u00e0 sua integridade f\u00edsica, inicialmente nas redes sociais, por simplesmente usar sua voz para expressar sua f\u00e9 em uma mensagem de amor e defesa dos mais oprimidos. Centralmente, essa \u00e9 uma luta pelos direitos das mulheres, pelo combate \u00e0 morte de milhares mulheres, especialmente as negras e pobres, que s\u00e3o obrigadas a se submeter a procedimentos irregulares de aborto, pelo direito destas decidirem sobre seu corpo, pela descriminaliza\u00e7\u00e3o e legaliza\u00e7\u00e3o do aborto. Por construir essas lutas, Camila e outras tantas mulheres crist\u00e3s est\u00e3o sendo perseguidas e amea\u00e7adas de morte.<\/p>\n<p>Recentemente, os ataques se tornaram mais s\u00e9rios, presenciais. Camila, por mais de uma vez foi seguida e abordada nas ruas, a\u00e7\u00f5es nitidamente intimidat\u00f3rias. Consideramos que aqueles que amea\u00e7am Camila se sentem legitimados por um discurso de \u00f3dio e autoritarismo que se expressa em algumas igrejas e na c\u00fapula da pol\u00edtica brasileiras que tentam calar pessoas como Camila.<\/p>\n<p>Diante disto, na imin\u00eancia de ter a vida de Camila retirada, organiza\u00e7\u00f5es internacionais da f\u00e9 crist\u00e3 providenciaram a entrada de Camila em um programa de refugiados e a companheira ser\u00e1 retirada do Brasil para preservar a sua vida e a sua luta.<\/p>\n<p>N\u00f3s do PSOL, partido de Camila e de tantas outras lideran\u00e7as religiosas que n\u00e3o sucumbem ao discurso do \u00f3dio, vamos fazer todo o poss\u00edvel para denunciar e impedir o avan\u00e7o desses grupos fascistas contra um dos direitos mais b\u00e1sicos do ser humano que \u00e9 o de expressar sua f\u00e9 e espiritualidade como quiser.<\/p>\n<p>Cobramos ao Estado brasileiro que investigue esses atentados \u00e0s liberdades democr\u00e1ticas constitucionais e que garanta a vida e a integridade f\u00edsica dessas lideran\u00e7as amea\u00e7adas. Somaremos esfor\u00e7os para denunciar internacionalmente a realidade brasileira de grande intoler\u00e2ncia que for\u00e7a paulatinamente muitos defensores de direitos humanos ao ex\u00edlio para preservar a vida.<\/p>\n<p>Fascistas n\u00e3o passar\u00e3o!<br \/>\nEm defesa da liberdade de express\u00e3o religiosa!<br \/>\n<em>Partido Socialismo e Liberdade<\/em><br \/>\n<em>Executiva Nacional<\/em><br \/>\n<em>27 de abril de 2019<\/em><\/p>\n","protected":false},"excerpt":{"rendered":"<p>O Partido Socialismo e Liberdade expressa a sua profunda solidariedade \u00e0 companheira Camila Mantovani, jovem evang\u00e9lica, defensora dos direitos humanos, militante do PSOL e da Frente Evang\u00e9lica pela Legaliza\u00e7\u00e3o do Aborto, bem como \u00e0s mulheres e militantes evang\u00e9licas que lutam pela defesa dos direitos humanos. Entendemos o car\u00e1ter humanizador e revolucion\u00e1rio da mensagem do evangelho [&hellip;]<\/p>\n","protected":false},"author":2,"featured_media":25076,"comment_status":"closed","ping_status":"open","sticky":false,"template":"","format":"standard","meta":{"_acf_changed":false,"footnotes":""},"categories":[6],"tags":[1788,1789,1790,332],"class_list":{"0":"post-25071","1":"post","2":"type-post","3":"status-publish","4":"format-standard","5":"has-post-thumbnail","7":"category-noticias","8":"tag-camila-mantovani","9":"tag-evangelica","10":"tag-legalizacao-do-aborto","11":"tag-militante"},"acf":[],"yoast_head":"<!-- This site is optimized with the Yoast SEO plugin v26.5 - https:\/\/yoast.com\/wordpress\/plugins\/seo\/ -->\n<title>Nota de solidariedade a Camila Mantovani e ao povo evang\u00e9lico que luta por direitos humanos - PSOL 50<\/title>\n<meta name=\"robots\" content=\"index, follow, max-snippet:-1, max-image-preview:large, max-video-preview:-1\" \/>\n<link rel=\"canonical\" href=\"https:\/\/psol50.org.br\/nota-de-solidariedade-a-camila-mantovani-e-ao-povo-evangelico-que-luta-por-direitos-humanos\/\" \/>\n<meta property=\"og:locale\" content=\"pt_BR\" \/>\n<meta property=\"og:type\" content=\"article\" \/>\n<meta property=\"og:title\" content=\"Nota de solidariedade a Camila Mantovani e ao povo evang\u00e9lico que luta por direitos humanos\" \/>\n<meta property=\"og:description\" content=\"Camila Mantovani \u00e9 jovem evang\u00e9lica, defensora dos direitos humanos, militante do PSOL e da Frente Evang\u00e9lica pela Legaliza\u00e7\u00e3o do Aborto.\" \/>\n<meta property=\"og:url\" content=\"https:\/\/psol50.org.br\/nota-de-solidariedade-a-camila-mantovani-e-ao-povo-evangelico-que-luta-por-direitos-humanos\/\" \/>\n<meta property=\"og:site_name\" content=\"PSOL 50\" \/>\n<meta property=\"article:publisher\" content=\"https:\/\/www.facebook.com\/psol50\" \/>\n<meta property=\"article:published_time\" content=\"2019-04-29T13:50:00+00:00\" \/>\n<meta property=\"og:image\" content=\"https:\/\/psol50.org.br\/inc\/uploads\/2019\/04\/IMG_9806.jpg\" \/>\n\t<meta property=\"og:image:width\" content=\"1800\" \/>\n\t<meta property=\"og:image:height\" content=\"1200\" \/>\n\t<meta property=\"og:image:type\" content=\"image\/jpeg\" \/>\n<meta name=\"author\" content=\"Comunica\u00e7\u00e3o PSOL\" \/>\n<meta name=\"twitter:card\" content=\"summary_large_image\" \/>\n<meta name=\"twitter:title\" content=\"Nota de solidariedade a Camila Mantovani e ao povo evang\u00e9lico que luta por direitos humanos\" \/>\n<meta name=\"twitter:description\" content=\"Camila Mantovani \u00e9 jovem evang\u00e9lica, defensora dos direitos humanos, militante do PSOL e da Frente Evang\u00e9lica pela Legaliza\u00e7\u00e3o do Aborto.\" \/>\n<meta name=\"twitter:image\" content=\"https:\/\/psol50.org.br\/inc\/uploads\/2019\/04\/IMG_9806.jpg\" \/>\n<meta name=\"twitter:creator\" content=\"@psol50\" \/>\n<meta name=\"twitter:site\" content=\"@psol50\" \/>\n<meta name=\"twitter:label1\" content=\"Escrito por\" \/>\n\t<meta name=\"twitter:data1\" content=\"Comunica\u00e7\u00e3o PSOL\" \/>\n\t<meta name=\"twitter:label2\" content=\"Est. tempo de leitura\" \/>\n\t<meta name=\"twitter:data2\" content=\"3 minutos\" \/>\n<script type=\"application\/ld+json\" class=\"yoast-schema-graph\">{\"@context\":\"https:\/\/schema.org\",\"@graph\":[{\"@type\":\"Article\",\"@id\":\"https:\/\/psol50.org.br\/nota-de-solidariedade-a-camila-mantovani-e-ao-povo-evangelico-que-luta-por-direitos-humanos\/#article\",\"isPartOf\":{\"@id\":\"https:\/\/psol50.org.br\/nota-de-solidariedade-a-camila-mantovani-e-ao-povo-evangelico-que-luta-por-direitos-humanos\/\"},\"author\":{\"name\":\"Comunica\u00e7\u00e3o PSOL\",\"@id\":\"https:\/\/psol50.org.br\/#\/schema\/person\/475dfa57d0b815993c714c2e96491fcd\"},\"headline\":\"Nota de solidariedade a Camila Mantovani e ao povo evang\u00e9lico que luta por direitos humanos\",\"datePublished\":\"2019-04-29T13:50:00+00:00\",\"mainEntityOfPage\":{\"@id\":\"https:\/\/psol50.org.br\/nota-de-solidariedade-a-camila-mantovani-e-ao-povo-evangelico-que-luta-por-direitos-humanos\/\"},\"wordCount\":569,\"publisher\":{\"@id\":\"https:\/\/psol50.org.br\/#organization\"},\"image\":{\"@id\":\"https:\/\/psol50.org.br\/nota-de-solidariedade-a-camila-mantovani-e-ao-povo-evangelico-que-luta-por-direitos-humanos\/#primaryimage\"},\"thumbnailUrl\":\"https:\/\/psol50.org.br\/inc\/uploads\/2019\/04\/IMG_9806.jpg\",\"keywords\":[\"Camila Mantovani\",\"evang\u00e9lica\",\"legaliza\u00e7\u00e3o do aborto\",\"militante\"],\"articleSection\":[\"Not\u00edcias\"],\"inLanguage\":\"pt-BR\"},{\"@type\":\"WebPage\",\"@id\":\"https:\/\/psol50.org.br\/nota-de-solidariedade-a-camila-mantovani-e-ao-povo-evangelico-que-luta-por-direitos-humanos\/\",\"url\":\"https:\/\/psol50.org.br\/nota-de-solidariedade-a-camila-mantovani-e-ao-povo-evangelico-que-luta-por-direitos-humanos\/\",\"name\":\"Nota de solidariedade a Camila Mantovani e ao povo evang\u00e9lico que luta por direitos humanos - PSOL 50\",\"isPartOf\":{\"@id\":\"https:\/\/psol50.org.br\/#website\"},\"primaryImageOfPage\":{\"@id\":\"https:\/\/psol50.org.br\/nota-de-solidariedade-a-camila-mantovani-e-ao-povo-evangelico-que-luta-por-direitos-humanos\/#primaryimage\"},\"image\":{\"@id\":\"https:\/\/psol50.org.br\/nota-de-solidariedade-a-camila-mantovani-e-ao-povo-evangelico-que-luta-por-direitos-humanos\/#primaryimage\"},\"thumbnailUrl\":\"https:\/\/psol50.org.br\/inc\/uploads\/2019\/04\/IMG_9806.jpg\",\"datePublished\":\"2019-04-29T13:50:00+00:00\",\"breadcrumb\":{\"@id\":\"https:\/\/psol50.org.br\/nota-de-solidariedade-a-camila-mantovani-e-ao-povo-evangelico-que-luta-por-direitos-humanos\/#breadcrumb\"},\"inLanguage\":\"pt-BR\",\"potentialAction\":[{\"@type\":\"ReadAction\",\"target\":[\"https:\/\/psol50.org.br\/nota-de-solidariedade-a-camila-mantovani-e-ao-povo-evangelico-que-luta-por-direitos-humanos\/\"]}]},{\"@type\":\"ImageObject\",\"inLanguage\":\"pt-BR\",\"@id\":\"https:\/\/psol50.org.br\/nota-de-solidariedade-a-camila-mantovani-e-ao-povo-evangelico-que-luta-por-direitos-humanos\/#primaryimage\",\"url\":\"https:\/\/psol50.org.br\/inc\/uploads\/2019\/04\/IMG_9806.jpg\",\"contentUrl\":\"https:\/\/psol50.org.br\/inc\/uploads\/2019\/04\/IMG_9806.jpg\",\"width\":1800,\"height\":1200,\"caption\":\"Annelize Tozetto\"},{\"@type\":\"BreadcrumbList\",\"@id\":\"https:\/\/psol50.org.br\/nota-de-solidariedade-a-camila-mantovani-e-ao-povo-evangelico-que-luta-por-direitos-humanos\/#breadcrumb\",\"itemListElement\":[{\"@type\":\"ListItem\",\"position\":1,\"name\":\"In\u00edcio\",\"item\":\"https:\/\/psol50.org.br\/\"},{\"@type\":\"ListItem\",\"position\":2,\"name\":\"Nota de solidariedade a Camila Mantovani e ao povo evang\u00e9lico que luta por direitos humanos\"}]},{\"@type\":\"WebSite\",\"@id\":\"https:\/\/psol50.org.br\/#website\",\"url\":\"https:\/\/psol50.org.br\/\",\"name\":\"PSOL 50\",\"description\":\"Site oficial do Partido Socialismo e Liberdade\",\"publisher\":{\"@id\":\"https:\/\/psol50.org.br\/#organization\"},\"alternateName\":\"PSOL50\",\"potentialAction\":[{\"@type\":\"SearchAction\",\"target\":{\"@type\":\"EntryPoint\",\"urlTemplate\":\"https:\/\/psol50.org.br\/?s={search_term_string}\"},\"query-input\":{\"@type\":\"PropertyValueSpecification\",\"valueRequired\":true,\"valueName\":\"search_term_string\"}}],\"inLanguage\":\"pt-BR\"},{\"@type\":\"Organization\",\"@id\":\"https:\/\/psol50.org.br\/#organization\",\"name\":\"PSOL 50\",\"alternateName\":\"PSOL 50\",\"url\":\"https:\/\/psol50.org.br\/\",\"logo\":{\"@type\":\"ImageObject\",\"inLanguage\":\"pt-BR\",\"@id\":\"https:\/\/psol50.org.br\/#\/schema\/logo\/image\/\",\"url\":\"https:\/\/psol50.org.br\/inc\/uploads\/2018\/07\/capa.png\",\"contentUrl\":\"https:\/\/psol50.org.br\/inc\/uploads\/2018\/07\/capa.png\",\"width\":1350,\"height\":900,\"caption\":\"PSOL 50\"},\"image\":{\"@id\":\"https:\/\/psol50.org.br\/#\/schema\/logo\/image\/\"},\"sameAs\":[\"https:\/\/www.facebook.com\/psol50\",\"https:\/\/x.com\/psol50\",\"https:\/\/www.instagram.com\/psol50\/\",\"https:\/\/www.youtube.com\/channel\/UC7SnJS5o1os7a6CaiNabzcg\"]},{\"@type\":\"Person\",\"@id\":\"https:\/\/psol50.org.br\/#\/schema\/person\/475dfa57d0b815993c714c2e96491fcd\",\"name\":\"Comunica\u00e7\u00e3o PSOL\",\"image\":{\"@type\":\"ImageObject\",\"inLanguage\":\"pt-BR\",\"@id\":\"https:\/\/psol50.org.br\/#\/schema\/person\/image\/\",\"url\":\"https:\/\/secure.gravatar.com\/avatar\/b34fc4f4e468a4e51785917065a3db57b841f5c95dba6ad8c73aaf8f66f8f9bf?s=96&d=mm&r=g\",\"contentUrl\":\"https:\/\/secure.gravatar.com\/avatar\/b34fc4f4e468a4e51785917065a3db57b841f5c95dba6ad8c73aaf8f66f8f9bf?s=96&d=mm&r=g\",\"caption\":\"Comunica\u00e7\u00e3o PSOL\"}}]}<\/script>\n<!-- \/ Yoast SEO plugin. -->","yoast_head_json":{"title":"Nota de solidariedade a Camila Mantovani e ao povo evang\u00e9lico que luta por direitos humanos - PSOL 50","robots":{"index":"index","follow":"follow","max-snippet":"max-snippet:-1","max-image-preview":"max-image-preview:large","max-video-preview":"max-video-preview:-1"},"canonical":"https:\/\/psol50.org.br\/nota-de-solidariedade-a-camila-mantovani-e-ao-povo-evangelico-que-luta-por-direitos-humanos\/","og_locale":"pt_BR","og_type":"article","og_title":"Nota de solidariedade a Camila Mantovani e ao povo evang\u00e9lico que luta por direitos humanos","og_description":"Camila Mantovani \u00e9 jovem evang\u00e9lica, defensora dos direitos humanos, militante do PSOL e da Frente Evang\u00e9lica pela Legaliza\u00e7\u00e3o do Aborto.","og_url":"https:\/\/psol50.org.br\/nota-de-solidariedade-a-camila-mantovani-e-ao-povo-evangelico-que-luta-por-direitos-humanos\/","og_site_name":"PSOL 50","article_publisher":"https:\/\/www.facebook.com\/psol50","article_published_time":"2019-04-29T13:50:00+00:00","og_image":[{"width":1800,"height":1200,"url":"https:\/\/psol50.org.br\/inc\/uploads\/2019\/04\/IMG_9806.jpg","type":"image\/jpeg"}],"author":"Comunica\u00e7\u00e3o PSOL","twitter_card":"summary_large_image","twitter_title":"Nota de solidariedade a Camila Mantovani e ao povo evang\u00e9lico que luta por direitos humanos","twitter_description":"Camila Mantovani \u00e9 jovem evang\u00e9lica, defensora dos direitos humanos, militante do PSOL e da Frente Evang\u00e9lica pela Legaliza\u00e7\u00e3o do Aborto.","twitter_image":"https:\/\/psol50.org.br\/inc\/uploads\/2019\/04\/IMG_9806.jpg","twitter_creator":"@psol50","twitter_site":"@psol50","twitter_misc":{"Escrito por":"Comunica\u00e7\u00e3o PSOL","Est. tempo de leitura":"3 minutos"},"schema":{"@context":"https:\/\/schema.org","@graph":[{"@type":"Article","@id":"https:\/\/psol50.org.br\/nota-de-solidariedade-a-camila-mantovani-e-ao-povo-evangelico-que-luta-por-direitos-humanos\/#article","isPartOf":{"@id":"https:\/\/psol50.org.br\/nota-de-solidariedade-a-camila-mantovani-e-ao-povo-evangelico-que-luta-por-direitos-humanos\/"},"author":{"name":"Comunica\u00e7\u00e3o PSOL","@id":"https:\/\/psol50.org.br\/#\/schema\/person\/475dfa57d0b815993c714c2e96491fcd"},"headline":"Nota de solidariedade a Camila Mantovani e ao povo evang\u00e9lico que luta por direitos humanos","datePublished":"2019-04-29T13:50:00+00:00","mainEntityOfPage":{"@id":"https:\/\/psol50.org.br\/nota-de-solidariedade-a-camila-mantovani-e-ao-povo-evangelico-que-luta-por-direitos-humanos\/"},"wordCount":569,"publisher":{"@id":"https:\/\/psol50.org.br\/#organization"},"image":{"@id":"https:\/\/psol50.org.br\/nota-de-solidariedade-a-camila-mantovani-e-ao-povo-evangelico-que-luta-por-direitos-humanos\/#primaryimage"},"thumbnailUrl":"https:\/\/psol50.org.br\/inc\/uploads\/2019\/04\/IMG_9806.jpg","keywords":["Camila Mantovani","evang\u00e9lica","legaliza\u00e7\u00e3o do aborto","militante"],"articleSection":["Not\u00edcias"],"inLanguage":"pt-BR"},{"@type":"WebPage","@id":"https:\/\/psol50.org.br\/nota-de-solidariedade-a-camila-mantovani-e-ao-povo-evangelico-que-luta-por-direitos-humanos\/","url":"https:\/\/psol50.org.br\/nota-de-solidariedade-a-camila-mantovani-e-ao-povo-evangelico-que-luta-por-direitos-humanos\/","name":"Nota de solidariedade a Camila Mantovani e ao povo evang\u00e9lico que luta por direitos humanos - PSOL 50","isPartOf":{"@id":"https:\/\/psol50.org.br\/#website"},"primaryImageOfPage":{"@id":"https:\/\/psol50.org.br\/nota-de-solidariedade-a-camila-mantovani-e-ao-povo-evangelico-que-luta-por-direitos-humanos\/#primaryimage"},"image":{"@id":"https:\/\/psol50.org.br\/nota-de-solidariedade-a-camila-mantovani-e-ao-povo-evangelico-que-luta-por-direitos-humanos\/#primaryimage"},"thumbnailUrl":"https:\/\/psol50.org.br\/inc\/uploads\/2019\/04\/IMG_9806.jpg","datePublished":"2019-04-29T13:50:00+00:00","breadcrumb":{"@id":"https:\/\/psol50.org.br\/nota-de-solidariedade-a-camila-mantovani-e-ao-povo-evangelico-que-luta-por-direitos-humanos\/#breadcrumb"},"inLanguage":"pt-BR","potentialAction":[{"@type":"ReadAction","target":["https:\/\/psol50.org.br\/nota-de-solidariedade-a-camila-mantovani-e-ao-povo-evangelico-que-luta-por-direitos-humanos\/"]}]},{"@type":"ImageObject","inLanguage":"pt-BR","@id":"https:\/\/psol50.org.br\/nota-de-solidariedade-a-camila-mantovani-e-ao-povo-evangelico-que-luta-por-direitos-humanos\/#primaryimage","url":"https:\/\/psol50.org.br\/inc\/uploads\/2019\/04\/IMG_9806.jpg","contentUrl":"https:\/\/psol50.org.br\/inc\/uploads\/2019\/04\/IMG_9806.jpg","width":1800,"height":1200,"caption":"Annelize Tozetto"},{"@type":"BreadcrumbList","@id":"https:\/\/psol50.org.br\/nota-de-solidariedade-a-camila-mantovani-e-ao-povo-evangelico-que-luta-por-direitos-humanos\/#breadcrumb","itemListElement":[{"@type":"ListItem","position":1,"name":"In\u00edcio","item":"https:\/\/psol50.org.br\/"},{"@type":"ListItem","position":2,"name":"Nota de solidariedade a Camila Mantovani e ao povo evang\u00e9lico que luta por direitos humanos"}]},{"@type":"WebSite","@id":"https:\/\/psol50.org.br\/#website","url":"https:\/\/psol50.org.br\/","name":"PSOL 50","description":"Site oficial do Partido Socialismo e Liberdade","publisher":{"@id":"https:\/\/psol50.org.br\/#organization"},"alternateName":"PSOL50","potentialAction":[{"@type":"SearchAction","target":{"@type":"EntryPoint","urlTemplate":"https:\/\/psol50.org.br\/?s={search_term_string}"},"query-input":{"@type":"PropertyValueSpecification","valueRequired":true,"valueName":"search_term_string"}}],"inLanguage":"pt-BR"},{"@type":"Organization","@id":"https:\/\/psol50.org.br\/#organization","name":"PSOL 50","alternateName":"PSOL 50","url":"https:\/\/psol50.org.br\/","logo":{"@type":"ImageObject","inLanguage":"pt-BR","@id":"https:\/\/psol50.org.br\/#\/schema\/logo\/image\/","url":"https:\/\/psol50.org.br\/inc\/uploads\/2018\/07\/capa.png","contentUrl":"https:\/\/psol50.org.br\/inc\/uploads\/2018\/07\/capa.png","width":1350,"height":900,"caption":"PSOL 50"},"image":{"@id":"https:\/\/psol50.org.br\/#\/schema\/logo\/image\/"},"sameAs":["https:\/\/www.facebook.com\/psol50","https:\/\/x.com\/psol50","https:\/\/www.instagram.com\/psol50\/","https:\/\/www.youtube.com\/channel\/UC7SnJS5o1os7a6CaiNabzcg"]},{"@type":"Person","@id":"https:\/\/psol50.org.br\/#\/schema\/person\/475dfa57d0b815993c714c2e96491fcd","name":"Comunica\u00e7\u00e3o PSOL","image":{"@type":"ImageObject","inLanguage":"pt-BR","@id":"https:\/\/psol50.org.br\/#\/schema\/person\/image\/","url":"https:\/\/secure.gravatar.com\/avatar\/b34fc4f4e468a4e51785917065a3db57b841f5c95dba6ad8c73aaf8f66f8f9bf?s=96&d=mm&r=g","contentUrl":"https:\/\/secure.gravatar.com\/avatar\/b34fc4f4e468a4e51785917065a3db57b841f5c95dba6ad8c73aaf8f66f8f9bf?s=96&d=mm&r=g","caption":"Comunica\u00e7\u00e3o PSOL"}}]}},"_links":{"self":[{"href":"https:\/\/psol50.org.br\/rest\/wp\/v2\/posts\/25071","targetHints":{"allow":["GET"]}}],"collection":[{"href":"https:\/\/psol50.org.br\/rest\/wp\/v2\/posts"}],"about":[{"href":"https:\/\/psol50.org.br\/rest\/wp\/v2\/types\/post"}],"author":[{"embeddable":true,"href":"https:\/\/psol50.org.br\/rest\/wp\/v2\/users\/2"}],"replies":[{"embeddable":true,"href":"https:\/\/psol50.org.br\/rest\/wp\/v2\/comments?post=25071"}],"version-history":[{"count":0,"href":"https:\/\/psol50.org.br\/rest\/wp\/v2\/posts\/25071\/revisions"}],"wp:featuredmedia":[{"embeddable":true,"href":"https:\/\/psol50.org.br\/rest\/wp\/v2\/media\/25076"}],"wp:attachment":[{"href":"https:\/\/psol50.org.br\/rest\/wp\/v2\/media?parent=25071"}],"wp:term":[{"taxonomy":"category","embeddable":true,"href":"https:\/\/psol50.org.br\/rest\/wp\/v2\/categories?post=25071"},{"taxonomy":"post_tag","embeddable":true,"href":"https:\/\/psol50.org.br\/rest\/wp\/v2\/tags?post=25071"}],"curies":[{"name":"wp","href":"https:\/\/api.w.org\/{rel}","templated":true}]}}