{"id":2508,"date":"2014-01-09T00:00:00","date_gmt":"2014-01-09T00:00:00","guid":{"rendered":"http:\/\/psol50.org.br\/arquivo\/2014\/01\/09\/nota-do-psol-am-sobre-os-acontecimentos-barbaros-no-municipio-de-humaita-no-amazonas\/"},"modified":"2014-01-09T00:00:00","modified_gmt":"2014-01-09T00:00:00","slug":"nota-do-psol-am-sobre-os-acontecimentos-barbaros-no-municipio-de-humaita-no-amazonas","status":"publish","type":"post","link":"https:\/\/psol50.org.br\/nota-do-psol-am-sobre-os-acontecimentos-barbaros-no-municipio-de-humaita-no-amazonas\/","title":{"rendered":"Nota do PSOL-AM sobre os acontecimentos b\u00e1rbaros no munic\u00edpio de Humait\u00e1, no Amazonas"},"content":{"rendered":"<p style=\"text-align: justify;\">\n\tO PSOL Amazonas est\u00e1 consternado com o estado de abandono da popula\u00e7\u00e3o do munic\u00edpio de Humait\u00e1 (AM) e&nbsp; com os \u00faltimos acontecimentos envolvendo o desaparecimento de tr\u00eas pessoas que, ap\u00f3s os familiares solicitarem ajuda das autoridades policiais do Estado do Amazonas e do Governo Federal, e,&nbsp;por n\u00e3o receberem a devida aten\u00e7\u00e3o, resolveram partir para a barb\u00e1rie atacando os desprotegidos \u00cdndios sem que os mesmos fossem sequer suspeitos do sumi\u00e7o das tr\u00eas pessoas, os funcion\u00e1rios da Funai e da Funasa, cujo resultado at\u00e9 agora foi a depreda\u00e7\u00e3o da sede dos organismo de prote\u00e7\u00e3o aos \u00edndios, barcos, lanchas e carros. Um verdadeiro atentado \u00e0 vida de pessoas inocentes e indefesas. Tudo sobre o olhar complacente das autoridades do Estado brasileiro!<\/p>\n<p>\tDe forma irrespons\u00e1vel, a Policia Federal anunciou, por analogia, que os tr\u00eas desaparecidos estariam dentro da Reserva Ind\u00edgena dos Tenharim, fato que despertou a f\u00faria de mais de tr\u00eas mil pessoas na cidade de Humait\u00e1.<\/p>\n<p>\tA consequ\u00eancia da informa\u00e7\u00e3o sem provas dos \u00f3rg\u00e3os de seguran\u00e7a envolvidos na investiga\u00e7\u00e3o foi a incita\u00e7\u00e3o por parte de pol\u00edticos, grileiros, madeireiros e institui\u00e7\u00f5es ligado ao agroneg\u00f3cio que atuam em Humait\u00e1, Apu\u00ed e na regi\u00e3o de Santo Ant\u00f4nio de Matupi, distrito do munic\u00edpio de Manicor\u00e9, localizado na BR-230(AM), e a viol\u00eancia contra os \u00cdndios.<\/p>\n<p>\tA incita\u00e7\u00e3o foi t\u00e3o bem orquestrada que a multid\u00e3o de manifestantes amea\u00e7arem de morte 140 \u00edndios das etnias Tenharim, Parintintin e Juma, ateando fogo na sede da Funai e da Funasa, em barcos e lanchas, num grande ato de vandalismo, sem que os organismos de seguran\u00e7a tentassem impedir essa trag\u00e9dia.<\/p>\n<p>\tO PSOL exige do governador do Amazonas e da presidente da Republica que apurem com empenho o desaparecimento das tr\u00eas pessoas: Stef Pinheiro de Souza, professor da rede p\u00fablica municipal de Apu\u00ed; Aldeney Ribeiro Salvador,&nbsp; gerente da Eletrobr\u00e1s Amazonas Energia em Santo Ant\u00f4nio do Matupi (Distrito de Manicor\u00e9-AM); e Luciano da Concei\u00e7\u00e3o Ferreira Freire, representante comercial e morador de Humait\u00e1.<\/p>\n<p>\tDa mesma forma, exigimos das duas autoridades, governador Omar e presidente Dilma, que os mesmos determinem que sejam apurados com rigor os verdadeiros respons\u00e1veis pela incita\u00e7\u00e3o \u00e0 viol\u00eancia contra os \u00edndios, para que os mesmos sejam punidos dentro dos rigores da Lei. E, ao mesmo tempo, exigimos do Estado brasileiro a garantia da integridade f\u00edsica dos \u00edndios e dos funcion\u00e1rios da Funai e da Funasa, todos amea\u00e7ados de morte!<\/p>\n<p>\tManaus, dezembro de 2013,<br \/>\n\tElson de Melo \u2013 Presidente do PSOL \u2013 Amazonas&nbsp;<\/p>\n<p>&nbsp;<\/p>\n","protected":false},"excerpt":{"rendered":"<p>O PSOL Amazonas est\u00e1 consternado com o estado de abandono da popula\u00e7\u00e3o do munic\u00edpio de Humait\u00e1 (AM) e&nbsp; com os \u00faltimos acontecimentos envolvendo o desaparecimento de tr\u00eas pessoas que, ap\u00f3s os familiares solicitarem ajuda das autoridades policiais do Estado do Amazonas e do Governo Federal, e,&nbsp;por n\u00e3o receberem a devida aten\u00e7\u00e3o, resolveram partir para a [&hellip;]<\/p>\n","protected":false},"author":2,"featured_media":0,"comment_status":"open","ping_status":"open","sticky":false,"template":"","format":"standard","meta":{"_acf_changed":false,"footnotes":""},"categories":[4766,6],"tags":[22],"class_list":{"0":"post-2508","1":"post","2":"type-post","3":"status-publish","4":"format-standard","6":"category-arquivo","7":"category-noticias","8":"tag-psol"},"acf":[],"yoast_head":"<!-- This site is optimized with the Yoast SEO plugin v26.5 - https:\/\/yoast.com\/wordpress\/plugins\/seo\/ -->\n<title>Nota do PSOL-AM sobre os acontecimentos b\u00e1rbaros no munic\u00edpio de Humait\u00e1, no Amazonas - PSOL 50<\/title>\n<meta name=\"robots\" content=\"index, follow, max-snippet:-1, max-image-preview:large, max-video-preview:-1\" \/>\n<link rel=\"canonical\" href=\"https:\/\/psol50.org.br\/nota-do-psol-am-sobre-os-acontecimentos-barbaros-no-municipio-de-humaita-no-amazonas\/\" \/>\n<meta property=\"og:locale\" content=\"pt_BR\" \/>\n<meta property=\"og:type\" content=\"article\" \/>\n<meta property=\"og:title\" content=\"Nota do PSOL-AM sobre os acontecimentos b\u00e1rbaros no munic\u00edpio de Humait\u00e1, no Amazonas - PSOL 50\" \/>\n<meta property=\"og:description\" content=\"O PSOL Amazonas est\u00e1 consternado com o estado de abandono da popula\u00e7\u00e3o do munic\u00edpio de Humait\u00e1 (AM) e&nbsp; com os \u00faltimos acontecimentos envolvendo o desaparecimento de tr\u00eas pessoas que, ap\u00f3s os familiares solicitarem ajuda das autoridades policiais do Estado do Amazonas e do Governo Federal, e,&nbsp;por n\u00e3o receberem a devida aten\u00e7\u00e3o, resolveram partir para a [&hellip;]\" \/>\n<meta property=\"og:url\" content=\"https:\/\/psol50.org.br\/nota-do-psol-am-sobre-os-acontecimentos-barbaros-no-municipio-de-humaita-no-amazonas\/\" \/>\n<meta property=\"og:site_name\" content=\"PSOL 50\" \/>\n<meta property=\"article:publisher\" content=\"https:\/\/www.facebook.com\/psol50\" \/>\n<meta property=\"article:published_time\" content=\"2014-01-09T00:00:00+00:00\" \/>\n<meta property=\"og:image\" content=\"https:\/\/psol50.org.br\/inc\/uploads\/2018\/07\/capa.png\" \/>\n\t<meta property=\"og:image:width\" content=\"1350\" \/>\n\t<meta property=\"og:image:height\" content=\"900\" \/>\n\t<meta property=\"og:image:type\" content=\"image\/png\" \/>\n<meta name=\"author\" content=\"Comunica\u00e7\u00e3o PSOL\" \/>\n<meta name=\"twitter:card\" content=\"summary_large_image\" \/>\n<meta name=\"twitter:creator\" content=\"@psol50\" \/>\n<meta name=\"twitter:site\" content=\"@psol50\" \/>\n<meta name=\"twitter:label1\" content=\"Escrito por\" \/>\n\t<meta name=\"twitter:data1\" content=\"Comunica\u00e7\u00e3o PSOL\" \/>\n\t<meta name=\"twitter:label2\" content=\"Est. tempo de leitura\" \/>\n\t<meta name=\"twitter:data2\" content=\"2 minutos\" \/>\n<script type=\"application\/ld+json\" class=\"yoast-schema-graph\">{\"@context\":\"https:\/\/schema.org\",\"@graph\":[{\"@type\":\"Article\",\"@id\":\"https:\/\/psol50.org.br\/nota-do-psol-am-sobre-os-acontecimentos-barbaros-no-municipio-de-humaita-no-amazonas\/#article\",\"isPartOf\":{\"@id\":\"https:\/\/psol50.org.br\/nota-do-psol-am-sobre-os-acontecimentos-barbaros-no-municipio-de-humaita-no-amazonas\/\"},\"author\":{\"name\":\"Comunica\u00e7\u00e3o PSOL\",\"@id\":\"https:\/\/psol50.org.br\/#\/schema\/person\/475dfa57d0b815993c714c2e96491fcd\"},\"headline\":\"Nota do PSOL-AM sobre os acontecimentos b\u00e1rbaros no munic\u00edpio de Humait\u00e1, no Amazonas\",\"datePublished\":\"2014-01-09T00:00:00+00:00\",\"mainEntityOfPage\":{\"@id\":\"https:\/\/psol50.org.br\/nota-do-psol-am-sobre-os-acontecimentos-barbaros-no-municipio-de-humaita-no-amazonas\/\"},\"wordCount\":463,\"commentCount\":0,\"publisher\":{\"@id\":\"https:\/\/psol50.org.br\/#organization\"},\"keywords\":[\"PSOL\"],\"articleSection\":[\"Arquivo\",\"Not\u00edcias\"],\"inLanguage\":\"pt-BR\",\"potentialAction\":[{\"@type\":\"CommentAction\",\"name\":\"Comment\",\"target\":[\"https:\/\/psol50.org.br\/nota-do-psol-am-sobre-os-acontecimentos-barbaros-no-municipio-de-humaita-no-amazonas\/#respond\"]}]},{\"@type\":\"WebPage\",\"@id\":\"https:\/\/psol50.org.br\/nota-do-psol-am-sobre-os-acontecimentos-barbaros-no-municipio-de-humaita-no-amazonas\/\",\"url\":\"https:\/\/psol50.org.br\/nota-do-psol-am-sobre-os-acontecimentos-barbaros-no-municipio-de-humaita-no-amazonas\/\",\"name\":\"Nota do PSOL-AM sobre os acontecimentos b\u00e1rbaros no munic\u00edpio de Humait\u00e1, no Amazonas - PSOL 50\",\"isPartOf\":{\"@id\":\"https:\/\/psol50.org.br\/#website\"},\"datePublished\":\"2014-01-09T00:00:00+00:00\",\"breadcrumb\":{\"@id\":\"https:\/\/psol50.org.br\/nota-do-psol-am-sobre-os-acontecimentos-barbaros-no-municipio-de-humaita-no-amazonas\/#breadcrumb\"},\"inLanguage\":\"pt-BR\",\"potentialAction\":[{\"@type\":\"ReadAction\",\"target\":[\"https:\/\/psol50.org.br\/nota-do-psol-am-sobre-os-acontecimentos-barbaros-no-municipio-de-humaita-no-amazonas\/\"]}]},{\"@type\":\"BreadcrumbList\",\"@id\":\"https:\/\/psol50.org.br\/nota-do-psol-am-sobre-os-acontecimentos-barbaros-no-municipio-de-humaita-no-amazonas\/#breadcrumb\",\"itemListElement\":[{\"@type\":\"ListItem\",\"position\":1,\"name\":\"In\u00edcio\",\"item\":\"https:\/\/psol50.org.br\/\"},{\"@type\":\"ListItem\",\"position\":2,\"name\":\"Nota do PSOL-AM sobre os acontecimentos b\u00e1rbaros no munic\u00edpio de Humait\u00e1, no Amazonas\"}]},{\"@type\":\"WebSite\",\"@id\":\"https:\/\/psol50.org.br\/#website\",\"url\":\"https:\/\/psol50.org.br\/\",\"name\":\"PSOL 50\",\"description\":\"Site oficial do Partido Socialismo e Liberdade\",\"publisher\":{\"@id\":\"https:\/\/psol50.org.br\/#organization\"},\"alternateName\":\"PSOL50\",\"potentialAction\":[{\"@type\":\"SearchAction\",\"target\":{\"@type\":\"EntryPoint\",\"urlTemplate\":\"https:\/\/psol50.org.br\/?s={search_term_string}\"},\"query-input\":{\"@type\":\"PropertyValueSpecification\",\"valueRequired\":true,\"valueName\":\"search_term_string\"}}],\"inLanguage\":\"pt-BR\"},{\"@type\":\"Organization\",\"@id\":\"https:\/\/psol50.org.br\/#organization\",\"name\":\"PSOL 50\",\"alternateName\":\"PSOL 50\",\"url\":\"https:\/\/psol50.org.br\/\",\"logo\":{\"@type\":\"ImageObject\",\"inLanguage\":\"pt-BR\",\"@id\":\"https:\/\/psol50.org.br\/#\/schema\/logo\/image\/\",\"url\":\"https:\/\/psol50.org.br\/inc\/uploads\/2018\/07\/capa.png\",\"contentUrl\":\"https:\/\/psol50.org.br\/inc\/uploads\/2018\/07\/capa.png\",\"width\":1350,\"height\":900,\"caption\":\"PSOL 50\"},\"image\":{\"@id\":\"https:\/\/psol50.org.br\/#\/schema\/logo\/image\/\"},\"sameAs\":[\"https:\/\/www.facebook.com\/psol50\",\"https:\/\/x.com\/psol50\",\"https:\/\/www.instagram.com\/psol50\/\",\"https:\/\/www.youtube.com\/channel\/UC7SnJS5o1os7a6CaiNabzcg\"]},{\"@type\":\"Person\",\"@id\":\"https:\/\/psol50.org.br\/#\/schema\/person\/475dfa57d0b815993c714c2e96491fcd\",\"name\":\"Comunica\u00e7\u00e3o PSOL\",\"image\":{\"@type\":\"ImageObject\",\"inLanguage\":\"pt-BR\",\"@id\":\"https:\/\/psol50.org.br\/#\/schema\/person\/image\/\",\"url\":\"https:\/\/secure.gravatar.com\/avatar\/b34fc4f4e468a4e51785917065a3db57b841f5c95dba6ad8c73aaf8f66f8f9bf?s=96&d=mm&r=g\",\"contentUrl\":\"https:\/\/secure.gravatar.com\/avatar\/b34fc4f4e468a4e51785917065a3db57b841f5c95dba6ad8c73aaf8f66f8f9bf?s=96&d=mm&r=g\",\"caption\":\"Comunica\u00e7\u00e3o PSOL\"}}]}<\/script>\n<!-- \/ Yoast SEO plugin. -->","yoast_head_json":{"title":"Nota do PSOL-AM sobre os acontecimentos b\u00e1rbaros no munic\u00edpio de Humait\u00e1, no Amazonas - PSOL 50","robots":{"index":"index","follow":"follow","max-snippet":"max-snippet:-1","max-image-preview":"max-image-preview:large","max-video-preview":"max-video-preview:-1"},"canonical":"https:\/\/psol50.org.br\/nota-do-psol-am-sobre-os-acontecimentos-barbaros-no-municipio-de-humaita-no-amazonas\/","og_locale":"pt_BR","og_type":"article","og_title":"Nota do PSOL-AM sobre os acontecimentos b\u00e1rbaros no munic\u00edpio de Humait\u00e1, no Amazonas - PSOL 50","og_description":"O PSOL Amazonas est\u00e1 consternado com o estado de abandono da popula\u00e7\u00e3o do munic\u00edpio de Humait\u00e1 (AM) e&nbsp; com os \u00faltimos acontecimentos envolvendo o desaparecimento de tr\u00eas pessoas que, ap\u00f3s os familiares solicitarem ajuda das autoridades policiais do Estado do Amazonas e do Governo Federal, e,&nbsp;por n\u00e3o receberem a devida aten\u00e7\u00e3o, resolveram partir para a [&hellip;]","og_url":"https:\/\/psol50.org.br\/nota-do-psol-am-sobre-os-acontecimentos-barbaros-no-municipio-de-humaita-no-amazonas\/","og_site_name":"PSOL 50","article_publisher":"https:\/\/www.facebook.com\/psol50","article_published_time":"2014-01-09T00:00:00+00:00","og_image":[{"width":1350,"height":900,"url":"https:\/\/psol50.org.br\/inc\/uploads\/2018\/07\/capa.png","type":"image\/png"}],"author":"Comunica\u00e7\u00e3o PSOL","twitter_card":"summary_large_image","twitter_creator":"@psol50","twitter_site":"@psol50","twitter_misc":{"Escrito por":"Comunica\u00e7\u00e3o PSOL","Est. tempo de leitura":"2 minutos"},"schema":{"@context":"https:\/\/schema.org","@graph":[{"@type":"Article","@id":"https:\/\/psol50.org.br\/nota-do-psol-am-sobre-os-acontecimentos-barbaros-no-municipio-de-humaita-no-amazonas\/#article","isPartOf":{"@id":"https:\/\/psol50.org.br\/nota-do-psol-am-sobre-os-acontecimentos-barbaros-no-municipio-de-humaita-no-amazonas\/"},"author":{"name":"Comunica\u00e7\u00e3o PSOL","@id":"https:\/\/psol50.org.br\/#\/schema\/person\/475dfa57d0b815993c714c2e96491fcd"},"headline":"Nota do PSOL-AM sobre os acontecimentos b\u00e1rbaros no munic\u00edpio de Humait\u00e1, no Amazonas","datePublished":"2014-01-09T00:00:00+00:00","mainEntityOfPage":{"@id":"https:\/\/psol50.org.br\/nota-do-psol-am-sobre-os-acontecimentos-barbaros-no-municipio-de-humaita-no-amazonas\/"},"wordCount":463,"commentCount":0,"publisher":{"@id":"https:\/\/psol50.org.br\/#organization"},"keywords":["PSOL"],"articleSection":["Arquivo","Not\u00edcias"],"inLanguage":"pt-BR","potentialAction":[{"@type":"CommentAction","name":"Comment","target":["https:\/\/psol50.org.br\/nota-do-psol-am-sobre-os-acontecimentos-barbaros-no-municipio-de-humaita-no-amazonas\/#respond"]}]},{"@type":"WebPage","@id":"https:\/\/psol50.org.br\/nota-do-psol-am-sobre-os-acontecimentos-barbaros-no-municipio-de-humaita-no-amazonas\/","url":"https:\/\/psol50.org.br\/nota-do-psol-am-sobre-os-acontecimentos-barbaros-no-municipio-de-humaita-no-amazonas\/","name":"Nota do PSOL-AM sobre os acontecimentos b\u00e1rbaros no munic\u00edpio de Humait\u00e1, no Amazonas - PSOL 50","isPartOf":{"@id":"https:\/\/psol50.org.br\/#website"},"datePublished":"2014-01-09T00:00:00+00:00","breadcrumb":{"@id":"https:\/\/psol50.org.br\/nota-do-psol-am-sobre-os-acontecimentos-barbaros-no-municipio-de-humaita-no-amazonas\/#breadcrumb"},"inLanguage":"pt-BR","potentialAction":[{"@type":"ReadAction","target":["https:\/\/psol50.org.br\/nota-do-psol-am-sobre-os-acontecimentos-barbaros-no-municipio-de-humaita-no-amazonas\/"]}]},{"@type":"BreadcrumbList","@id":"https:\/\/psol50.org.br\/nota-do-psol-am-sobre-os-acontecimentos-barbaros-no-municipio-de-humaita-no-amazonas\/#breadcrumb","itemListElement":[{"@type":"ListItem","position":1,"name":"In\u00edcio","item":"https:\/\/psol50.org.br\/"},{"@type":"ListItem","position":2,"name":"Nota do PSOL-AM sobre os acontecimentos b\u00e1rbaros no munic\u00edpio de Humait\u00e1, no Amazonas"}]},{"@type":"WebSite","@id":"https:\/\/psol50.org.br\/#website","url":"https:\/\/psol50.org.br\/","name":"PSOL 50","description":"Site oficial do Partido Socialismo e Liberdade","publisher":{"@id":"https:\/\/psol50.org.br\/#organization"},"alternateName":"PSOL50","potentialAction":[{"@type":"SearchAction","target":{"@type":"EntryPoint","urlTemplate":"https:\/\/psol50.org.br\/?s={search_term_string}"},"query-input":{"@type":"PropertyValueSpecification","valueRequired":true,"valueName":"search_term_string"}}],"inLanguage":"pt-BR"},{"@type":"Organization","@id":"https:\/\/psol50.org.br\/#organization","name":"PSOL 50","alternateName":"PSOL 50","url":"https:\/\/psol50.org.br\/","logo":{"@type":"ImageObject","inLanguage":"pt-BR","@id":"https:\/\/psol50.org.br\/#\/schema\/logo\/image\/","url":"https:\/\/psol50.org.br\/inc\/uploads\/2018\/07\/capa.png","contentUrl":"https:\/\/psol50.org.br\/inc\/uploads\/2018\/07\/capa.png","width":1350,"height":900,"caption":"PSOL 50"},"image":{"@id":"https:\/\/psol50.org.br\/#\/schema\/logo\/image\/"},"sameAs":["https:\/\/www.facebook.com\/psol50","https:\/\/x.com\/psol50","https:\/\/www.instagram.com\/psol50\/","https:\/\/www.youtube.com\/channel\/UC7SnJS5o1os7a6CaiNabzcg"]},{"@type":"Person","@id":"https:\/\/psol50.org.br\/#\/schema\/person\/475dfa57d0b815993c714c2e96491fcd","name":"Comunica\u00e7\u00e3o PSOL","image":{"@type":"ImageObject","inLanguage":"pt-BR","@id":"https:\/\/psol50.org.br\/#\/schema\/person\/image\/","url":"https:\/\/secure.gravatar.com\/avatar\/b34fc4f4e468a4e51785917065a3db57b841f5c95dba6ad8c73aaf8f66f8f9bf?s=96&d=mm&r=g","contentUrl":"https:\/\/secure.gravatar.com\/avatar\/b34fc4f4e468a4e51785917065a3db57b841f5c95dba6ad8c73aaf8f66f8f9bf?s=96&d=mm&r=g","caption":"Comunica\u00e7\u00e3o PSOL"}}]}},"_links":{"self":[{"href":"https:\/\/psol50.org.br\/rest\/wp\/v2\/posts\/2508","targetHints":{"allow":["GET"]}}],"collection":[{"href":"https:\/\/psol50.org.br\/rest\/wp\/v2\/posts"}],"about":[{"href":"https:\/\/psol50.org.br\/rest\/wp\/v2\/types\/post"}],"author":[{"embeddable":true,"href":"https:\/\/psol50.org.br\/rest\/wp\/v2\/users\/2"}],"replies":[{"embeddable":true,"href":"https:\/\/psol50.org.br\/rest\/wp\/v2\/comments?post=2508"}],"version-history":[{"count":0,"href":"https:\/\/psol50.org.br\/rest\/wp\/v2\/posts\/2508\/revisions"}],"wp:attachment":[{"href":"https:\/\/psol50.org.br\/rest\/wp\/v2\/media?parent=2508"}],"wp:term":[{"taxonomy":"category","embeddable":true,"href":"https:\/\/psol50.org.br\/rest\/wp\/v2\/categories?post=2508"},{"taxonomy":"post_tag","embeddable":true,"href":"https:\/\/psol50.org.br\/rest\/wp\/v2\/tags?post=2508"}],"curies":[{"name":"wp","href":"https:\/\/api.w.org\/{rel}","templated":true}]}}