{"id":25082,"date":"2019-04-30T13:23:29","date_gmt":"2019-04-30T16:23:29","guid":{"rendered":"http:\/\/psol50.org.br\/?p=25082"},"modified":"2019-04-30T13:23:29","modified_gmt":"2019-04-30T16:23:29","slug":"psol-vai-a-pgr-contra-ministro-da-educacao-por-improbidade-administrativa","status":"publish","type":"post","link":"https:\/\/psol50.org.br\/psol-vai-a-pgr-contra-ministro-da-educacao-por-improbidade-administrativa\/","title":{"rendered":"PSOL vai \u00e0 PGR contra ministro da Educa\u00e7\u00e3o por improbidade administrativa"},"content":{"rendered":"<p>O PSOL vai representar na Procuradoria-Geral da Rep\u00fablica (PGR) contra o ministro da Educa\u00e7\u00e3o, Abraham Weintraub, por improbidade administrativa. A a\u00e7\u00e3o \u00e9 assinada pelo presidente nacional do partido, Juliano Medeiros.<\/p>\n<p>Em decreto publicado nesta segunda-feira (29), o MEC deixou de repassar 30% de verbas para a Universidade de Bras\u00edlia (UnB), a Universidade Federal Fluminense (UFF) e a Universidade Federal da Bahia (UFBA) em repres\u00e1lia por terem sido realizadas atividades de cunho pol\u00edtico e cr\u00edtico ao governo Bolsonaro em seus c\u00e2mpus &#8211; coisa que o ministro considera &#8220;eventos rid\u00edculos&#8221;. O caso \u00e9 uma clara persegui\u00e7\u00e3o pol\u00edtica.<\/p>\n<p><a href=\"http:\/\/psol50.org.br\/bancada-do-psol-apresentara-projeto-para-impedir-cortes-em-orcamento-de-universidades\/\" target=\"_blank\" rel=\"noopener noreferrer\"><em><strong>Leia tamb\u00e9m: Bancada do PSOL apresentar\u00e1 projeto para impedir cortes em universidades<\/strong><\/em><\/a><\/p>\n<p>Em entrevista, o ministro tamb\u00e9m citou suposto &#8220;desempenho acad\u00eamico aqu\u00e9m do esperado&#8221; das universidades &#8211; apesar de elas estarem entre as mais bem avaliadas do pa\u00eds.<\/p>\n<p>O corte em si j\u00e1 seria question\u00e1vel, dada a brutal crise nas universidades, que sofrem com falta de verbas h\u00e1 anos. Para al\u00e9m disso, os crit\u00e9rios estabelecidos pelo ministro s\u00e3o absurdos e totalmente ilegais. Para o PSOL, demonstra a disposi\u00e7\u00e3o do governo em perseguir universidades &#8220;que, de algum modo e dentro da estrita legalidade exerceram suas prerrogativas e suas autonomias&#8221;.<\/p>\n<p>O ato do ministro consegue, ao mesmo tempo, patrocinar o descontrole dos gastos, ferir a autonomia das universidades, afetar\u00a0 o sistema e percentuais obrigat\u00f3rios de financiamento da educa\u00e7\u00e3o, demonstrar profundo descaso com a coisa p\u00fablica, com normas de finan\u00e7as p\u00fablicas e com a responsabilidade fiscal.<\/p>\n","protected":false},"excerpt":{"rendered":"<p>O PSOL vai representar na Procuradoria-Geral da Rep\u00fablica (PGR) contra o ministro da Educa\u00e7\u00e3o, Abraham Weintraub, por improbidade administrativa. A a\u00e7\u00e3o \u00e9 assinada pelo presidente nacional do partido, Juliano Medeiros. Em decreto publicado nesta segunda-feira (29), o MEC deixou de repassar 30% de verbas para a Universidade de Bras\u00edlia (UnB), a Universidade Federal Fluminense (UFF) [&hellip;]<\/p>\n","protected":false},"author":2,"featured_media":25083,"comment_status":"closed","ping_status":"open","sticky":false,"template":"","format":"standard","meta":{"_acf_changed":false,"footnotes":""},"categories":[6,14],"tags":[1791,164,259,1105,77,1606],"class_list":{"0":"post-25082","1":"post","2":"type-post","3":"status-publish","4":"format-standard","5":"has-post-thumbnail","7":"category-noticias","8":"category-partido","9":"tag-abrahan-weintraub","10":"tag-educacao","11":"tag-juliano-medeiros","12":"tag-ministerio-da-educacao","13":"tag-pgr","14":"tag-representacao"},"acf":[],"yoast_head":"<!-- This site is optimized with the Yoast SEO plugin v26.5 - https:\/\/yoast.com\/wordpress\/plugins\/seo\/ -->\n<title>PSOL vai \u00e0 PGR contra ministro da Educa\u00e7\u00e3o por improbidade administrativa<\/title>\n<meta name=\"robots\" content=\"index, follow, max-snippet:-1, max-image-preview:large, max-video-preview:-1\" \/>\n<link rel=\"canonical\" href=\"https:\/\/psol50.org.br\/psol-vai-a-pgr-contra-ministro-da-educacao-por-improbidade-administrativa\/\" \/>\n<meta property=\"og:locale\" content=\"pt_BR\" \/>\n<meta property=\"og:type\" content=\"article\" \/>\n<meta property=\"og:title\" content=\"PSOL vai \u00e0 PGR contra ministro da Educa\u00e7\u00e3o por improbidade administrativa\" \/>\n<meta property=\"og:description\" content=\"O governo Bolsonaro s\u00f3 sabe promover persegui\u00e7\u00e3o pol\u00edtica e atacar direitos.\" \/>\n<meta property=\"og:url\" content=\"https:\/\/psol50.org.br\/psol-vai-a-pgr-contra-ministro-da-educacao-por-improbidade-administrativa\/\" \/>\n<meta property=\"og:site_name\" content=\"PSOL 50\" \/>\n<meta property=\"article:publisher\" content=\"https:\/\/www.facebook.com\/psol50\" \/>\n<meta property=\"article:published_time\" content=\"2019-04-30T16:23:29+00:00\" \/>\n<meta property=\"og:image\" content=\"https:\/\/psol50.org.br\/inc\/uploads\/2019\/04\/Weintraub.MEC_.ValterCampanato.Abr_.jpg\" \/>\n\t<meta property=\"og:image:width\" content=\"1800\" \/>\n\t<meta property=\"og:image:height\" content=\"1200\" \/>\n\t<meta property=\"og:image:type\" content=\"image\/jpeg\" \/>\n<meta name=\"author\" content=\"Comunica\u00e7\u00e3o PSOL\" \/>\n<meta name=\"twitter:card\" content=\"summary_large_image\" \/>\n<meta name=\"twitter:title\" content=\"PSOL vai \u00e0 PGR contra ministro da Educa\u00e7\u00e3o por improbidade administrativa\" \/>\n<meta name=\"twitter:description\" content=\"O governo Bolsonaro s\u00f3 sabe promover persegui\u00e7\u00e3o pol\u00edtica e atacar direitos.\" \/>\n<meta name=\"twitter:image\" content=\"https:\/\/psol50.org.br\/inc\/uploads\/2019\/04\/Weintraub.MEC_.ValterCampanato.Abr_.jpg\" \/>\n<meta name=\"twitter:creator\" content=\"@psol50\" \/>\n<meta name=\"twitter:site\" content=\"@psol50\" \/>\n<meta name=\"twitter:label1\" content=\"Escrito por\" \/>\n\t<meta name=\"twitter:data1\" content=\"Comunica\u00e7\u00e3o PSOL\" \/>\n\t<meta name=\"twitter:label2\" content=\"Est. tempo de leitura\" \/>\n\t<meta name=\"twitter:data2\" content=\"1 minuto\" \/>\n<script type=\"application\/ld+json\" class=\"yoast-schema-graph\">{\"@context\":\"https:\/\/schema.org\",\"@graph\":[{\"@type\":\"Article\",\"@id\":\"https:\/\/psol50.org.br\/psol-vai-a-pgr-contra-ministro-da-educacao-por-improbidade-administrativa\/#article\",\"isPartOf\":{\"@id\":\"https:\/\/psol50.org.br\/psol-vai-a-pgr-contra-ministro-da-educacao-por-improbidade-administrativa\/\"},\"author\":{\"name\":\"Comunica\u00e7\u00e3o PSOL\",\"@id\":\"https:\/\/psol50.org.br\/#\/schema\/person\/475dfa57d0b815993c714c2e96491fcd\"},\"headline\":\"PSOL vai \u00e0 PGR contra ministro da Educa\u00e7\u00e3o por improbidade administrativa\",\"datePublished\":\"2019-04-30T16:23:29+00:00\",\"mainEntityOfPage\":{\"@id\":\"https:\/\/psol50.org.br\/psol-vai-a-pgr-contra-ministro-da-educacao-por-improbidade-administrativa\/\"},\"wordCount\":271,\"publisher\":{\"@id\":\"https:\/\/psol50.org.br\/#organization\"},\"image\":{\"@id\":\"https:\/\/psol50.org.br\/psol-vai-a-pgr-contra-ministro-da-educacao-por-improbidade-administrativa\/#primaryimage\"},\"thumbnailUrl\":\"https:\/\/psol50.org.br\/inc\/uploads\/2019\/04\/Weintraub.MEC_.ValterCampanato.Abr_.jpg\",\"keywords\":[\"Abrahan Weintraub\",\"Educa\u00e7\u00e3o\",\"Juliano Medeiros\",\"Minist\u00e9rio da Educa\u00e7\u00e3o\",\"PGR\",\"representa\u00e7\u00e3o\"],\"articleSection\":[\"Not\u00edcias\",\"Partido\"],\"inLanguage\":\"pt-BR\"},{\"@type\":\"WebPage\",\"@id\":\"https:\/\/psol50.org.br\/psol-vai-a-pgr-contra-ministro-da-educacao-por-improbidade-administrativa\/\",\"url\":\"https:\/\/psol50.org.br\/psol-vai-a-pgr-contra-ministro-da-educacao-por-improbidade-administrativa\/\",\"name\":\"PSOL vai \u00e0 PGR contra ministro da Educa\u00e7\u00e3o por improbidade administrativa\",\"isPartOf\":{\"@id\":\"https:\/\/psol50.org.br\/#website\"},\"primaryImageOfPage\":{\"@id\":\"https:\/\/psol50.org.br\/psol-vai-a-pgr-contra-ministro-da-educacao-por-improbidade-administrativa\/#primaryimage\"},\"image\":{\"@id\":\"https:\/\/psol50.org.br\/psol-vai-a-pgr-contra-ministro-da-educacao-por-improbidade-administrativa\/#primaryimage\"},\"thumbnailUrl\":\"https:\/\/psol50.org.br\/inc\/uploads\/2019\/04\/Weintraub.MEC_.ValterCampanato.Abr_.jpg\",\"datePublished\":\"2019-04-30T16:23:29+00:00\",\"breadcrumb\":{\"@id\":\"https:\/\/psol50.org.br\/psol-vai-a-pgr-contra-ministro-da-educacao-por-improbidade-administrativa\/#breadcrumb\"},\"inLanguage\":\"pt-BR\",\"potentialAction\":[{\"@type\":\"ReadAction\",\"target\":[\"https:\/\/psol50.org.br\/psol-vai-a-pgr-contra-ministro-da-educacao-por-improbidade-administrativa\/\"]}]},{\"@type\":\"ImageObject\",\"inLanguage\":\"pt-BR\",\"@id\":\"https:\/\/psol50.org.br\/psol-vai-a-pgr-contra-ministro-da-educacao-por-improbidade-administrativa\/#primaryimage\",\"url\":\"https:\/\/psol50.org.br\/inc\/uploads\/2019\/04\/Weintraub.MEC_.ValterCampanato.Abr_.jpg\",\"contentUrl\":\"https:\/\/psol50.org.br\/inc\/uploads\/2019\/04\/Weintraub.MEC_.ValterCampanato.Abr_.jpg\",\"width\":1800,\"height\":1200,\"caption\":\"O presidente Jair Bolsonaro d\u00e1 posse ao novo ministro da Educa\u00e7\u00e3o, Abraham Weintraub, em cerim\u00f4nia no Pal\u00e1cio do Planalto.\"},{\"@type\":\"BreadcrumbList\",\"@id\":\"https:\/\/psol50.org.br\/psol-vai-a-pgr-contra-ministro-da-educacao-por-improbidade-administrativa\/#breadcrumb\",\"itemListElement\":[{\"@type\":\"ListItem\",\"position\":1,\"name\":\"In\u00edcio\",\"item\":\"https:\/\/psol50.org.br\/\"},{\"@type\":\"ListItem\",\"position\":2,\"name\":\"PSOL vai \u00e0 PGR contra ministro da Educa\u00e7\u00e3o por improbidade administrativa\"}]},{\"@type\":\"WebSite\",\"@id\":\"https:\/\/psol50.org.br\/#website\",\"url\":\"https:\/\/psol50.org.br\/\",\"name\":\"PSOL 50\",\"description\":\"Site oficial do Partido Socialismo e Liberdade\",\"publisher\":{\"@id\":\"https:\/\/psol50.org.br\/#organization\"},\"alternateName\":\"PSOL50\",\"potentialAction\":[{\"@type\":\"SearchAction\",\"target\":{\"@type\":\"EntryPoint\",\"urlTemplate\":\"https:\/\/psol50.org.br\/?s={search_term_string}\"},\"query-input\":{\"@type\":\"PropertyValueSpecification\",\"valueRequired\":true,\"valueName\":\"search_term_string\"}}],\"inLanguage\":\"pt-BR\"},{\"@type\":\"Organization\",\"@id\":\"https:\/\/psol50.org.br\/#organization\",\"name\":\"PSOL 50\",\"alternateName\":\"PSOL 50\",\"url\":\"https:\/\/psol50.org.br\/\",\"logo\":{\"@type\":\"ImageObject\",\"inLanguage\":\"pt-BR\",\"@id\":\"https:\/\/psol50.org.br\/#\/schema\/logo\/image\/\",\"url\":\"https:\/\/psol50.org.br\/inc\/uploads\/2018\/07\/capa.png\",\"contentUrl\":\"https:\/\/psol50.org.br\/inc\/uploads\/2018\/07\/capa.png\",\"width\":1350,\"height\":900,\"caption\":\"PSOL 50\"},\"image\":{\"@id\":\"https:\/\/psol50.org.br\/#\/schema\/logo\/image\/\"},\"sameAs\":[\"https:\/\/www.facebook.com\/psol50\",\"https:\/\/x.com\/psol50\",\"https:\/\/www.instagram.com\/psol50\/\",\"https:\/\/www.youtube.com\/channel\/UC7SnJS5o1os7a6CaiNabzcg\"]},{\"@type\":\"Person\",\"@id\":\"https:\/\/psol50.org.br\/#\/schema\/person\/475dfa57d0b815993c714c2e96491fcd\",\"name\":\"Comunica\u00e7\u00e3o PSOL\",\"image\":{\"@type\":\"ImageObject\",\"inLanguage\":\"pt-BR\",\"@id\":\"https:\/\/psol50.org.br\/#\/schema\/person\/image\/\",\"url\":\"https:\/\/secure.gravatar.com\/avatar\/b34fc4f4e468a4e51785917065a3db57b841f5c95dba6ad8c73aaf8f66f8f9bf?s=96&d=mm&r=g\",\"contentUrl\":\"https:\/\/secure.gravatar.com\/avatar\/b34fc4f4e468a4e51785917065a3db57b841f5c95dba6ad8c73aaf8f66f8f9bf?s=96&d=mm&r=g\",\"caption\":\"Comunica\u00e7\u00e3o PSOL\"}}]}<\/script>\n<!-- \/ Yoast SEO plugin. -->","yoast_head_json":{"title":"PSOL vai \u00e0 PGR contra ministro da Educa\u00e7\u00e3o por improbidade administrativa","robots":{"index":"index","follow":"follow","max-snippet":"max-snippet:-1","max-image-preview":"max-image-preview:large","max-video-preview":"max-video-preview:-1"},"canonical":"https:\/\/psol50.org.br\/psol-vai-a-pgr-contra-ministro-da-educacao-por-improbidade-administrativa\/","og_locale":"pt_BR","og_type":"article","og_title":"PSOL vai \u00e0 PGR contra ministro da Educa\u00e7\u00e3o por improbidade administrativa","og_description":"O governo Bolsonaro s\u00f3 sabe promover persegui\u00e7\u00e3o pol\u00edtica e atacar direitos.","og_url":"https:\/\/psol50.org.br\/psol-vai-a-pgr-contra-ministro-da-educacao-por-improbidade-administrativa\/","og_site_name":"PSOL 50","article_publisher":"https:\/\/www.facebook.com\/psol50","article_published_time":"2019-04-30T16:23:29+00:00","og_image":[{"width":1800,"height":1200,"url":"https:\/\/psol50.org.br\/inc\/uploads\/2019\/04\/Weintraub.MEC_.ValterCampanato.Abr_.jpg","type":"image\/jpeg"}],"author":"Comunica\u00e7\u00e3o PSOL","twitter_card":"summary_large_image","twitter_title":"PSOL vai \u00e0 PGR contra ministro da Educa\u00e7\u00e3o por improbidade administrativa","twitter_description":"O governo Bolsonaro s\u00f3 sabe promover persegui\u00e7\u00e3o pol\u00edtica e atacar direitos.","twitter_image":"https:\/\/psol50.org.br\/inc\/uploads\/2019\/04\/Weintraub.MEC_.ValterCampanato.Abr_.jpg","twitter_creator":"@psol50","twitter_site":"@psol50","twitter_misc":{"Escrito por":"Comunica\u00e7\u00e3o PSOL","Est. tempo de leitura":"1 minuto"},"schema":{"@context":"https:\/\/schema.org","@graph":[{"@type":"Article","@id":"https:\/\/psol50.org.br\/psol-vai-a-pgr-contra-ministro-da-educacao-por-improbidade-administrativa\/#article","isPartOf":{"@id":"https:\/\/psol50.org.br\/psol-vai-a-pgr-contra-ministro-da-educacao-por-improbidade-administrativa\/"},"author":{"name":"Comunica\u00e7\u00e3o PSOL","@id":"https:\/\/psol50.org.br\/#\/schema\/person\/475dfa57d0b815993c714c2e96491fcd"},"headline":"PSOL vai \u00e0 PGR contra ministro da Educa\u00e7\u00e3o por improbidade administrativa","datePublished":"2019-04-30T16:23:29+00:00","mainEntityOfPage":{"@id":"https:\/\/psol50.org.br\/psol-vai-a-pgr-contra-ministro-da-educacao-por-improbidade-administrativa\/"},"wordCount":271,"publisher":{"@id":"https:\/\/psol50.org.br\/#organization"},"image":{"@id":"https:\/\/psol50.org.br\/psol-vai-a-pgr-contra-ministro-da-educacao-por-improbidade-administrativa\/#primaryimage"},"thumbnailUrl":"https:\/\/psol50.org.br\/inc\/uploads\/2019\/04\/Weintraub.MEC_.ValterCampanato.Abr_.jpg","keywords":["Abrahan Weintraub","Educa\u00e7\u00e3o","Juliano Medeiros","Minist\u00e9rio da Educa\u00e7\u00e3o","PGR","representa\u00e7\u00e3o"],"articleSection":["Not\u00edcias","Partido"],"inLanguage":"pt-BR"},{"@type":"WebPage","@id":"https:\/\/psol50.org.br\/psol-vai-a-pgr-contra-ministro-da-educacao-por-improbidade-administrativa\/","url":"https:\/\/psol50.org.br\/psol-vai-a-pgr-contra-ministro-da-educacao-por-improbidade-administrativa\/","name":"PSOL vai \u00e0 PGR contra ministro da Educa\u00e7\u00e3o por improbidade administrativa","isPartOf":{"@id":"https:\/\/psol50.org.br\/#website"},"primaryImageOfPage":{"@id":"https:\/\/psol50.org.br\/psol-vai-a-pgr-contra-ministro-da-educacao-por-improbidade-administrativa\/#primaryimage"},"image":{"@id":"https:\/\/psol50.org.br\/psol-vai-a-pgr-contra-ministro-da-educacao-por-improbidade-administrativa\/#primaryimage"},"thumbnailUrl":"https:\/\/psol50.org.br\/inc\/uploads\/2019\/04\/Weintraub.MEC_.ValterCampanato.Abr_.jpg","datePublished":"2019-04-30T16:23:29+00:00","breadcrumb":{"@id":"https:\/\/psol50.org.br\/psol-vai-a-pgr-contra-ministro-da-educacao-por-improbidade-administrativa\/#breadcrumb"},"inLanguage":"pt-BR","potentialAction":[{"@type":"ReadAction","target":["https:\/\/psol50.org.br\/psol-vai-a-pgr-contra-ministro-da-educacao-por-improbidade-administrativa\/"]}]},{"@type":"ImageObject","inLanguage":"pt-BR","@id":"https:\/\/psol50.org.br\/psol-vai-a-pgr-contra-ministro-da-educacao-por-improbidade-administrativa\/#primaryimage","url":"https:\/\/psol50.org.br\/inc\/uploads\/2019\/04\/Weintraub.MEC_.ValterCampanato.Abr_.jpg","contentUrl":"https:\/\/psol50.org.br\/inc\/uploads\/2019\/04\/Weintraub.MEC_.ValterCampanato.Abr_.jpg","width":1800,"height":1200,"caption":"O presidente Jair Bolsonaro d\u00e1 posse ao novo ministro da Educa\u00e7\u00e3o, Abraham Weintraub, em cerim\u00f4nia no Pal\u00e1cio do Planalto."},{"@type":"BreadcrumbList","@id":"https:\/\/psol50.org.br\/psol-vai-a-pgr-contra-ministro-da-educacao-por-improbidade-administrativa\/#breadcrumb","itemListElement":[{"@type":"ListItem","position":1,"name":"In\u00edcio","item":"https:\/\/psol50.org.br\/"},{"@type":"ListItem","position":2,"name":"PSOL vai \u00e0 PGR contra ministro da Educa\u00e7\u00e3o por improbidade administrativa"}]},{"@type":"WebSite","@id":"https:\/\/psol50.org.br\/#website","url":"https:\/\/psol50.org.br\/","name":"PSOL 50","description":"Site oficial do Partido Socialismo e Liberdade","publisher":{"@id":"https:\/\/psol50.org.br\/#organization"},"alternateName":"PSOL50","potentialAction":[{"@type":"SearchAction","target":{"@type":"EntryPoint","urlTemplate":"https:\/\/psol50.org.br\/?s={search_term_string}"},"query-input":{"@type":"PropertyValueSpecification","valueRequired":true,"valueName":"search_term_string"}}],"inLanguage":"pt-BR"},{"@type":"Organization","@id":"https:\/\/psol50.org.br\/#organization","name":"PSOL 50","alternateName":"PSOL 50","url":"https:\/\/psol50.org.br\/","logo":{"@type":"ImageObject","inLanguage":"pt-BR","@id":"https:\/\/psol50.org.br\/#\/schema\/logo\/image\/","url":"https:\/\/psol50.org.br\/inc\/uploads\/2018\/07\/capa.png","contentUrl":"https:\/\/psol50.org.br\/inc\/uploads\/2018\/07\/capa.png","width":1350,"height":900,"caption":"PSOL 50"},"image":{"@id":"https:\/\/psol50.org.br\/#\/schema\/logo\/image\/"},"sameAs":["https:\/\/www.facebook.com\/psol50","https:\/\/x.com\/psol50","https:\/\/www.instagram.com\/psol50\/","https:\/\/www.youtube.com\/channel\/UC7SnJS5o1os7a6CaiNabzcg"]},{"@type":"Person","@id":"https:\/\/psol50.org.br\/#\/schema\/person\/475dfa57d0b815993c714c2e96491fcd","name":"Comunica\u00e7\u00e3o PSOL","image":{"@type":"ImageObject","inLanguage":"pt-BR","@id":"https:\/\/psol50.org.br\/#\/schema\/person\/image\/","url":"https:\/\/secure.gravatar.com\/avatar\/b34fc4f4e468a4e51785917065a3db57b841f5c95dba6ad8c73aaf8f66f8f9bf?s=96&d=mm&r=g","contentUrl":"https:\/\/secure.gravatar.com\/avatar\/b34fc4f4e468a4e51785917065a3db57b841f5c95dba6ad8c73aaf8f66f8f9bf?s=96&d=mm&r=g","caption":"Comunica\u00e7\u00e3o PSOL"}}]}},"_links":{"self":[{"href":"https:\/\/psol50.org.br\/rest\/wp\/v2\/posts\/25082","targetHints":{"allow":["GET"]}}],"collection":[{"href":"https:\/\/psol50.org.br\/rest\/wp\/v2\/posts"}],"about":[{"href":"https:\/\/psol50.org.br\/rest\/wp\/v2\/types\/post"}],"author":[{"embeddable":true,"href":"https:\/\/psol50.org.br\/rest\/wp\/v2\/users\/2"}],"replies":[{"embeddable":true,"href":"https:\/\/psol50.org.br\/rest\/wp\/v2\/comments?post=25082"}],"version-history":[{"count":0,"href":"https:\/\/psol50.org.br\/rest\/wp\/v2\/posts\/25082\/revisions"}],"wp:featuredmedia":[{"embeddable":true,"href":"https:\/\/psol50.org.br\/rest\/wp\/v2\/media\/25083"}],"wp:attachment":[{"href":"https:\/\/psol50.org.br\/rest\/wp\/v2\/media?parent=25082"}],"wp:term":[{"taxonomy":"category","embeddable":true,"href":"https:\/\/psol50.org.br\/rest\/wp\/v2\/categories?post=25082"},{"taxonomy":"post_tag","embeddable":true,"href":"https:\/\/psol50.org.br\/rest\/wp\/v2\/tags?post=25082"}],"curies":[{"name":"wp","href":"https:\/\/api.w.org\/{rel}","templated":true}]}}