{"id":25093,"date":"2019-05-02T15:19:38","date_gmt":"2019-05-02T18:19:38","guid":{"rendered":"http:\/\/psol50.org.br\/?p=25093"},"modified":"2019-05-02T15:19:38","modified_gmt":"2019-05-02T18:19:38","slug":"14-de-junho-e-greve-geral-contra-a-reforma-da-previdencia","status":"publish","type":"post","link":"https:\/\/psol50.org.br\/14-de-junho-e-greve-geral-contra-a-reforma-da-previdencia\/","title":{"rendered":"14 de junho \u00e9 greve geral contra a reforma da previd\u00eancia"},"content":{"rendered":"<p>Anote a data: no dia 14 de junho, trabalhadoras e trabalhadores de todo o pa\u00eds v\u00e3o realizar uma grande greve geral contra a reforma da previd\u00eancia e os ataques do governo Bolsonaro.<\/p>\n<p>Nesta quarta, durante os atos do 1\u00ba de Maio que aconteceram de forma unificada em todo o pa\u00eds,\u00a0foi anunciada a data da greve, convocada pelas centrais sindicais, a frente Povo Sem Medo e a Brasil Popular, al\u00e9m de diversos movimentos sociais.<\/p>\n<p>A greve foi convocada em rep\u00fadio \u00e0 reforma da previd\u00eancia e aos altos \u00edndices de desemprego no pa\u00eds. Segundo dados do Instituto Brasileiro de Geografia e Estat\u00edstica, o IBGE, 12,7% da popula\u00e7\u00e3o economicamente ativa est\u00e1 desempregada.<\/p>\n<p>No ato de S\u00e3o Paulo deste 1\u00ba de maio, Guilherme Boulos afirmou que &#8220;n\u00e3o \u00e9 uma reforma da previd\u00eancia, n\u00f3s temos que chamar a coisa pelo nome: \u00e9 a destrui\u00e7\u00e3o da previd\u00eancia p\u00fablica no Brasil. \u00c9 tornar a aposentadoria, que hoje \u00e9 um direito, um privil\u00e9gio.&#8221;<\/p>\n<blockquote class=\"twitter-tweet\" data-width=\"550\" data-dnt=\"true\">\n<p lang=\"pt\" dir=\"ltr\">Vai ter resist\u00eancia contra o desmonte da previd\u00eancia! Fala de <a href=\"https:\/\/twitter.com\/GuilhermeBoulos?ref_src=twsrc%5Etfw\">@GuilhermeBoulos<\/a> no ato unificado do 1\u00ba de Maio em SP. <a href=\"https:\/\/twitter.com\/hashtag\/DiaDoTrabalhador?src=hash&amp;ref_src=twsrc%5Etfw\">#DiaDoTrabalhador<\/a> <a href=\"https:\/\/twitter.com\/hashtag\/DiaDaTrabalhadora?src=hash&amp;ref_src=twsrc%5Etfw\">#DiaDaTrabalhadora<\/a> <a href=\"https:\/\/t.co\/Bu6lkyqWiR\">pic.twitter.com\/Bu6lkyqWiR<\/a><\/p>\n<p>&mdash; PSOL 50 (@psol50) <a href=\"https:\/\/twitter.com\/psol50\/status\/1123638624388558848?ref_src=twsrc%5Etfw\">May 1, 2019<\/a><\/p><\/blockquote>\n<p><script async src=\"https:\/\/platform.twitter.com\/widgets.js\" charset=\"utf-8\"><\/script><\/p>\n<p>&nbsp;<\/p>\n","protected":false},"excerpt":{"rendered":"<p>Anote a data: no dia 14 de junho, trabalhadoras e trabalhadores de todo o pa\u00eds v\u00e3o realizar uma grande greve geral contra a reforma da previd\u00eancia e os ataques do governo Bolsonaro. Nesta quarta, durante os atos do 1\u00ba de Maio que aconteceram de forma unificada em todo o pa\u00eds,\u00a0foi anunciada a data da greve, [&hellip;]<\/p>\n","protected":false},"author":2,"featured_media":25094,"comment_status":"closed","ping_status":"open","sticky":false,"template":"","format":"standard","meta":{"_acf_changed":false,"footnotes":""},"categories":[6],"tags":[1792,1793,39,1794],"class_list":{"0":"post-25093","1":"post","2":"type-post","3":"status-publish","4":"format-standard","5":"has-post-thumbnail","7":"category-noticias","8":"tag-centrais-sindicais","9":"tag-greve-geral","10":"tag-reforma-da-previdencia","11":"tag-sindicatos"},"acf":[],"yoast_head":"<!-- This site is optimized with the Yoast SEO plugin v26.5 - https:\/\/yoast.com\/wordpress\/plugins\/seo\/ -->\n<title>14 de junho \u00e9 greve geral contra a reforma da previd\u00eancia - PSOL 50<\/title>\n<meta name=\"robots\" content=\"index, follow, max-snippet:-1, max-image-preview:large, max-video-preview:-1\" \/>\n<link rel=\"canonical\" href=\"https:\/\/psol50.org.br\/14-de-junho-e-greve-geral-contra-a-reforma-da-previdencia\/\" \/>\n<meta property=\"og:locale\" content=\"pt_BR\" \/>\n<meta property=\"og:type\" content=\"article\" \/>\n<meta property=\"og:title\" content=\"Sindicatos convocam greve geral para dia 14 de junho\" \/>\n<meta property=\"og:description\" content=\"Saiba mais sobre a greve convocada pelas centrais sindicais, a frente Povo Sem Medo e a Brasil Popular, al\u00e9m de diversos movimentos sociais\" \/>\n<meta property=\"og:url\" content=\"https:\/\/psol50.org.br\/14-de-junho-e-greve-geral-contra-a-reforma-da-previdencia\/\" \/>\n<meta property=\"og:site_name\" content=\"PSOL 50\" \/>\n<meta property=\"article:publisher\" content=\"https:\/\/www.facebook.com\/psol50\" \/>\n<meta property=\"article:published_time\" content=\"2019-05-02T18:19:38+00:00\" \/>\n<meta property=\"og:image\" content=\"https:\/\/psol50.org.br\/inc\/uploads\/2019\/05\/photo_2019-05-02-11.28.19.jpeg\" \/>\n\t<meta property=\"og:image:width\" content=\"1280\" \/>\n\t<meta property=\"og:image:height\" content=\"853\" \/>\n\t<meta property=\"og:image:type\" content=\"image\/jpeg\" \/>\n<meta name=\"author\" content=\"Comunica\u00e7\u00e3o PSOL\" \/>\n<meta name=\"twitter:card\" content=\"summary_large_image\" \/>\n<meta name=\"twitter:title\" content=\"Sindicatos convocam greve geral para dia 14 de junho\" \/>\n<meta name=\"twitter:description\" content=\"Saiba mais sobre a greve convocada pelas centrais sindicais, a frente Povo Sem Medo e a Brasil Popular, al\u00e9m de diversos movimentos sociais\" \/>\n<meta name=\"twitter:image\" content=\"https:\/\/psol50.org.br\/inc\/uploads\/2019\/05\/photo_2019-05-02-11.28.19.jpeg\" \/>\n<meta name=\"twitter:creator\" content=\"@psol50\" \/>\n<meta name=\"twitter:site\" content=\"@psol50\" \/>\n<meta name=\"twitter:label1\" content=\"Escrito por\" \/>\n\t<meta name=\"twitter:data1\" content=\"Comunica\u00e7\u00e3o PSOL\" \/>\n\t<meta name=\"twitter:label2\" content=\"Est. tempo de leitura\" \/>\n\t<meta name=\"twitter:data2\" content=\"1 minuto\" \/>\n<script type=\"application\/ld+json\" class=\"yoast-schema-graph\">{\"@context\":\"https:\/\/schema.org\",\"@graph\":[{\"@type\":\"Article\",\"@id\":\"https:\/\/psol50.org.br\/14-de-junho-e-greve-geral-contra-a-reforma-da-previdencia\/#article\",\"isPartOf\":{\"@id\":\"https:\/\/psol50.org.br\/14-de-junho-e-greve-geral-contra-a-reforma-da-previdencia\/\"},\"author\":{\"name\":\"Comunica\u00e7\u00e3o PSOL\",\"@id\":\"https:\/\/psol50.org.br\/#\/schema\/person\/475dfa57d0b815993c714c2e96491fcd\"},\"headline\":\"14 de junho \u00e9 greve geral contra a reforma da previd\u00eancia\",\"datePublished\":\"2019-05-02T18:19:38+00:00\",\"mainEntityOfPage\":{\"@id\":\"https:\/\/psol50.org.br\/14-de-junho-e-greve-geral-contra-a-reforma-da-previdencia\/\"},\"wordCount\":181,\"publisher\":{\"@id\":\"https:\/\/psol50.org.br\/#organization\"},\"image\":{\"@id\":\"https:\/\/psol50.org.br\/14-de-junho-e-greve-geral-contra-a-reforma-da-previdencia\/#primaryimage\"},\"thumbnailUrl\":\"https:\/\/psol50.org.br\/inc\/uploads\/2019\/05\/photo_2019-05-02-11.28.19.jpeg\",\"keywords\":[\"centrais sindicais\",\"greve geral\",\"reforma da previd\u00eancia\",\"sindicatos\"],\"articleSection\":[\"Not\u00edcias\"],\"inLanguage\":\"pt-BR\"},{\"@type\":\"WebPage\",\"@id\":\"https:\/\/psol50.org.br\/14-de-junho-e-greve-geral-contra-a-reforma-da-previdencia\/\",\"url\":\"https:\/\/psol50.org.br\/14-de-junho-e-greve-geral-contra-a-reforma-da-previdencia\/\",\"name\":\"14 de junho \u00e9 greve geral contra a reforma da previd\u00eancia - PSOL 50\",\"isPartOf\":{\"@id\":\"https:\/\/psol50.org.br\/#website\"},\"primaryImageOfPage\":{\"@id\":\"https:\/\/psol50.org.br\/14-de-junho-e-greve-geral-contra-a-reforma-da-previdencia\/#primaryimage\"},\"image\":{\"@id\":\"https:\/\/psol50.org.br\/14-de-junho-e-greve-geral-contra-a-reforma-da-previdencia\/#primaryimage\"},\"thumbnailUrl\":\"https:\/\/psol50.org.br\/inc\/uploads\/2019\/05\/photo_2019-05-02-11.28.19.jpeg\",\"datePublished\":\"2019-05-02T18:19:38+00:00\",\"breadcrumb\":{\"@id\":\"https:\/\/psol50.org.br\/14-de-junho-e-greve-geral-contra-a-reforma-da-previdencia\/#breadcrumb\"},\"inLanguage\":\"pt-BR\",\"potentialAction\":[{\"@type\":\"ReadAction\",\"target\":[\"https:\/\/psol50.org.br\/14-de-junho-e-greve-geral-contra-a-reforma-da-previdencia\/\"]}]},{\"@type\":\"ImageObject\",\"inLanguage\":\"pt-BR\",\"@id\":\"https:\/\/psol50.org.br\/14-de-junho-e-greve-geral-contra-a-reforma-da-previdencia\/#primaryimage\",\"url\":\"https:\/\/psol50.org.br\/inc\/uploads\/2019\/05\/photo_2019-05-02-11.28.19.jpeg\",\"contentUrl\":\"https:\/\/psol50.org.br\/inc\/uploads\/2019\/05\/photo_2019-05-02-11.28.19.jpeg\",\"width\":1280,\"height\":853,\"caption\":\"Kau\u00ea Scarim\/PSOL\"},{\"@type\":\"BreadcrumbList\",\"@id\":\"https:\/\/psol50.org.br\/14-de-junho-e-greve-geral-contra-a-reforma-da-previdencia\/#breadcrumb\",\"itemListElement\":[{\"@type\":\"ListItem\",\"position\":1,\"name\":\"In\u00edcio\",\"item\":\"https:\/\/psol50.org.br\/\"},{\"@type\":\"ListItem\",\"position\":2,\"name\":\"14 de junho \u00e9 greve geral contra a reforma da previd\u00eancia\"}]},{\"@type\":\"WebSite\",\"@id\":\"https:\/\/psol50.org.br\/#website\",\"url\":\"https:\/\/psol50.org.br\/\",\"name\":\"PSOL 50\",\"description\":\"Site oficial do Partido Socialismo e Liberdade\",\"publisher\":{\"@id\":\"https:\/\/psol50.org.br\/#organization\"},\"alternateName\":\"PSOL50\",\"potentialAction\":[{\"@type\":\"SearchAction\",\"target\":{\"@type\":\"EntryPoint\",\"urlTemplate\":\"https:\/\/psol50.org.br\/?s={search_term_string}\"},\"query-input\":{\"@type\":\"PropertyValueSpecification\",\"valueRequired\":true,\"valueName\":\"search_term_string\"}}],\"inLanguage\":\"pt-BR\"},{\"@type\":\"Organization\",\"@id\":\"https:\/\/psol50.org.br\/#organization\",\"name\":\"PSOL 50\",\"alternateName\":\"PSOL 50\",\"url\":\"https:\/\/psol50.org.br\/\",\"logo\":{\"@type\":\"ImageObject\",\"inLanguage\":\"pt-BR\",\"@id\":\"https:\/\/psol50.org.br\/#\/schema\/logo\/image\/\",\"url\":\"https:\/\/psol50.org.br\/inc\/uploads\/2018\/07\/capa.png\",\"contentUrl\":\"https:\/\/psol50.org.br\/inc\/uploads\/2018\/07\/capa.png\",\"width\":1350,\"height\":900,\"caption\":\"PSOL 50\"},\"image\":{\"@id\":\"https:\/\/psol50.org.br\/#\/schema\/logo\/image\/\"},\"sameAs\":[\"https:\/\/www.facebook.com\/psol50\",\"https:\/\/x.com\/psol50\",\"https:\/\/www.instagram.com\/psol50\/\",\"https:\/\/www.youtube.com\/channel\/UC7SnJS5o1os7a6CaiNabzcg\"]},{\"@type\":\"Person\",\"@id\":\"https:\/\/psol50.org.br\/#\/schema\/person\/475dfa57d0b815993c714c2e96491fcd\",\"name\":\"Comunica\u00e7\u00e3o PSOL\",\"image\":{\"@type\":\"ImageObject\",\"inLanguage\":\"pt-BR\",\"@id\":\"https:\/\/psol50.org.br\/#\/schema\/person\/image\/\",\"url\":\"https:\/\/secure.gravatar.com\/avatar\/b34fc4f4e468a4e51785917065a3db57b841f5c95dba6ad8c73aaf8f66f8f9bf?s=96&d=mm&r=g\",\"contentUrl\":\"https:\/\/secure.gravatar.com\/avatar\/b34fc4f4e468a4e51785917065a3db57b841f5c95dba6ad8c73aaf8f66f8f9bf?s=96&d=mm&r=g\",\"caption\":\"Comunica\u00e7\u00e3o PSOL\"}}]}<\/script>\n<!-- \/ Yoast SEO plugin. -->","yoast_head_json":{"title":"14 de junho \u00e9 greve geral contra a reforma da previd\u00eancia - PSOL 50","robots":{"index":"index","follow":"follow","max-snippet":"max-snippet:-1","max-image-preview":"max-image-preview:large","max-video-preview":"max-video-preview:-1"},"canonical":"https:\/\/psol50.org.br\/14-de-junho-e-greve-geral-contra-a-reforma-da-previdencia\/","og_locale":"pt_BR","og_type":"article","og_title":"Sindicatos convocam greve geral para dia 14 de junho","og_description":"Saiba mais sobre a greve convocada pelas centrais sindicais, a frente Povo Sem Medo e a Brasil Popular, al\u00e9m de diversos movimentos sociais","og_url":"https:\/\/psol50.org.br\/14-de-junho-e-greve-geral-contra-a-reforma-da-previdencia\/","og_site_name":"PSOL 50","article_publisher":"https:\/\/www.facebook.com\/psol50","article_published_time":"2019-05-02T18:19:38+00:00","og_image":[{"width":1280,"height":853,"url":"https:\/\/psol50.org.br\/inc\/uploads\/2019\/05\/photo_2019-05-02-11.28.19.jpeg","type":"image\/jpeg"}],"author":"Comunica\u00e7\u00e3o PSOL","twitter_card":"summary_large_image","twitter_title":"Sindicatos convocam greve geral para dia 14 de junho","twitter_description":"Saiba mais sobre a greve convocada pelas centrais sindicais, a frente Povo Sem Medo e a Brasil Popular, al\u00e9m de diversos movimentos sociais","twitter_image":"https:\/\/psol50.org.br\/inc\/uploads\/2019\/05\/photo_2019-05-02-11.28.19.jpeg","twitter_creator":"@psol50","twitter_site":"@psol50","twitter_misc":{"Escrito por":"Comunica\u00e7\u00e3o PSOL","Est. tempo de leitura":"1 minuto"},"schema":{"@context":"https:\/\/schema.org","@graph":[{"@type":"Article","@id":"https:\/\/psol50.org.br\/14-de-junho-e-greve-geral-contra-a-reforma-da-previdencia\/#article","isPartOf":{"@id":"https:\/\/psol50.org.br\/14-de-junho-e-greve-geral-contra-a-reforma-da-previdencia\/"},"author":{"name":"Comunica\u00e7\u00e3o PSOL","@id":"https:\/\/psol50.org.br\/#\/schema\/person\/475dfa57d0b815993c714c2e96491fcd"},"headline":"14 de junho \u00e9 greve geral contra a reforma da previd\u00eancia","datePublished":"2019-05-02T18:19:38+00:00","mainEntityOfPage":{"@id":"https:\/\/psol50.org.br\/14-de-junho-e-greve-geral-contra-a-reforma-da-previdencia\/"},"wordCount":181,"publisher":{"@id":"https:\/\/psol50.org.br\/#organization"},"image":{"@id":"https:\/\/psol50.org.br\/14-de-junho-e-greve-geral-contra-a-reforma-da-previdencia\/#primaryimage"},"thumbnailUrl":"https:\/\/psol50.org.br\/inc\/uploads\/2019\/05\/photo_2019-05-02-11.28.19.jpeg","keywords":["centrais sindicais","greve geral","reforma da previd\u00eancia","sindicatos"],"articleSection":["Not\u00edcias"],"inLanguage":"pt-BR"},{"@type":"WebPage","@id":"https:\/\/psol50.org.br\/14-de-junho-e-greve-geral-contra-a-reforma-da-previdencia\/","url":"https:\/\/psol50.org.br\/14-de-junho-e-greve-geral-contra-a-reforma-da-previdencia\/","name":"14 de junho \u00e9 greve geral contra a reforma da previd\u00eancia - PSOL 50","isPartOf":{"@id":"https:\/\/psol50.org.br\/#website"},"primaryImageOfPage":{"@id":"https:\/\/psol50.org.br\/14-de-junho-e-greve-geral-contra-a-reforma-da-previdencia\/#primaryimage"},"image":{"@id":"https:\/\/psol50.org.br\/14-de-junho-e-greve-geral-contra-a-reforma-da-previdencia\/#primaryimage"},"thumbnailUrl":"https:\/\/psol50.org.br\/inc\/uploads\/2019\/05\/photo_2019-05-02-11.28.19.jpeg","datePublished":"2019-05-02T18:19:38+00:00","breadcrumb":{"@id":"https:\/\/psol50.org.br\/14-de-junho-e-greve-geral-contra-a-reforma-da-previdencia\/#breadcrumb"},"inLanguage":"pt-BR","potentialAction":[{"@type":"ReadAction","target":["https:\/\/psol50.org.br\/14-de-junho-e-greve-geral-contra-a-reforma-da-previdencia\/"]}]},{"@type":"ImageObject","inLanguage":"pt-BR","@id":"https:\/\/psol50.org.br\/14-de-junho-e-greve-geral-contra-a-reforma-da-previdencia\/#primaryimage","url":"https:\/\/psol50.org.br\/inc\/uploads\/2019\/05\/photo_2019-05-02-11.28.19.jpeg","contentUrl":"https:\/\/psol50.org.br\/inc\/uploads\/2019\/05\/photo_2019-05-02-11.28.19.jpeg","width":1280,"height":853,"caption":"Kau\u00ea Scarim\/PSOL"},{"@type":"BreadcrumbList","@id":"https:\/\/psol50.org.br\/14-de-junho-e-greve-geral-contra-a-reforma-da-previdencia\/#breadcrumb","itemListElement":[{"@type":"ListItem","position":1,"name":"In\u00edcio","item":"https:\/\/psol50.org.br\/"},{"@type":"ListItem","position":2,"name":"14 de junho \u00e9 greve geral contra a reforma da previd\u00eancia"}]},{"@type":"WebSite","@id":"https:\/\/psol50.org.br\/#website","url":"https:\/\/psol50.org.br\/","name":"PSOL 50","description":"Site oficial do Partido Socialismo e Liberdade","publisher":{"@id":"https:\/\/psol50.org.br\/#organization"},"alternateName":"PSOL50","potentialAction":[{"@type":"SearchAction","target":{"@type":"EntryPoint","urlTemplate":"https:\/\/psol50.org.br\/?s={search_term_string}"},"query-input":{"@type":"PropertyValueSpecification","valueRequired":true,"valueName":"search_term_string"}}],"inLanguage":"pt-BR"},{"@type":"Organization","@id":"https:\/\/psol50.org.br\/#organization","name":"PSOL 50","alternateName":"PSOL 50","url":"https:\/\/psol50.org.br\/","logo":{"@type":"ImageObject","inLanguage":"pt-BR","@id":"https:\/\/psol50.org.br\/#\/schema\/logo\/image\/","url":"https:\/\/psol50.org.br\/inc\/uploads\/2018\/07\/capa.png","contentUrl":"https:\/\/psol50.org.br\/inc\/uploads\/2018\/07\/capa.png","width":1350,"height":900,"caption":"PSOL 50"},"image":{"@id":"https:\/\/psol50.org.br\/#\/schema\/logo\/image\/"},"sameAs":["https:\/\/www.facebook.com\/psol50","https:\/\/x.com\/psol50","https:\/\/www.instagram.com\/psol50\/","https:\/\/www.youtube.com\/channel\/UC7SnJS5o1os7a6CaiNabzcg"]},{"@type":"Person","@id":"https:\/\/psol50.org.br\/#\/schema\/person\/475dfa57d0b815993c714c2e96491fcd","name":"Comunica\u00e7\u00e3o PSOL","image":{"@type":"ImageObject","inLanguage":"pt-BR","@id":"https:\/\/psol50.org.br\/#\/schema\/person\/image\/","url":"https:\/\/secure.gravatar.com\/avatar\/b34fc4f4e468a4e51785917065a3db57b841f5c95dba6ad8c73aaf8f66f8f9bf?s=96&d=mm&r=g","contentUrl":"https:\/\/secure.gravatar.com\/avatar\/b34fc4f4e468a4e51785917065a3db57b841f5c95dba6ad8c73aaf8f66f8f9bf?s=96&d=mm&r=g","caption":"Comunica\u00e7\u00e3o PSOL"}}]}},"_links":{"self":[{"href":"https:\/\/psol50.org.br\/rest\/wp\/v2\/posts\/25093","targetHints":{"allow":["GET"]}}],"collection":[{"href":"https:\/\/psol50.org.br\/rest\/wp\/v2\/posts"}],"about":[{"href":"https:\/\/psol50.org.br\/rest\/wp\/v2\/types\/post"}],"author":[{"embeddable":true,"href":"https:\/\/psol50.org.br\/rest\/wp\/v2\/users\/2"}],"replies":[{"embeddable":true,"href":"https:\/\/psol50.org.br\/rest\/wp\/v2\/comments?post=25093"}],"version-history":[{"count":0,"href":"https:\/\/psol50.org.br\/rest\/wp\/v2\/posts\/25093\/revisions"}],"wp:featuredmedia":[{"embeddable":true,"href":"https:\/\/psol50.org.br\/rest\/wp\/v2\/media\/25094"}],"wp:attachment":[{"href":"https:\/\/psol50.org.br\/rest\/wp\/v2\/media?parent=25093"}],"wp:term":[{"taxonomy":"category","embeddable":true,"href":"https:\/\/psol50.org.br\/rest\/wp\/v2\/categories?post=25093"},{"taxonomy":"post_tag","embeddable":true,"href":"https:\/\/psol50.org.br\/rest\/wp\/v2\/tags?post=25093"}],"curies":[{"name":"wp","href":"https:\/\/api.w.org\/{rel}","templated":true}]}}