{"id":25120,"date":"2019-05-10T17:39:52","date_gmt":"2019-05-10T20:39:52","guid":{"rendered":"http:\/\/psol50.org.br\/?p=25120"},"modified":"2019-05-10T17:39:52","modified_gmt":"2019-05-10T20:39:52","slug":"psol-apresenta-acao-de-inconstitucionalidade-no-stf-contra-decreto-que-flexibiliza-porte-de-armas","status":"publish","type":"post","link":"https:\/\/psol50.org.br\/psol-apresenta-acao-de-inconstitucionalidade-no-stf-contra-decreto-que-flexibiliza-porte-de-armas\/","title":{"rendered":"PSOL apresenta a\u00e7\u00e3o de inconstitucionalidade no STF contra decreto que flexibiliza porte de armas"},"content":{"rendered":"<p>O PSOL apresentou, nessa sexta-feira (8), uma A\u00e7\u00e3o Direta de Inconstitucionalidade (ADI) no Supremo Tribunal Federal (STF) contra o decreto que flexibiliza o porte de armas no pa\u00eds, inclusive para propriet\u00e1rios rurais e donos de clube de tiro, assinado por Bolsonaro na ter\u00e7a-feira (7).<\/p>\n<p>Al\u00e9m disso, a bancada do partido <a href=\"http:\/\/psol50.org.br\/psol-apresenta-projeto-para-sustar-decreto-que-amplia-porte-de-armas\/\" target=\"_blank\" rel=\"noopener noreferrer\"><strong>apresentou um Projeto de Decreto Legislativo<\/strong><\/a> na C\u00e2mara dos Deputados para sustar o decreto.<\/p>\n<p>O decreto pode colocar mais de 250 mil armas nas ruas. A a\u00e7\u00e3o do partido \u00e9 assinada por Juliano Medeiros, presidente nacional do PSOL. Para ele, o decreto de Bolsonaro vai piorar ainda mais a grave situa\u00e7\u00e3o de seguran\u00e7a p\u00fablica no pa\u00eds.<\/p>\n<blockquote class=\"twitter-tweet\" data-width=\"550\" data-dnt=\"true\">\n<p lang=\"pt\" dir=\"ltr\">Acabo de protocolar no <a href=\"https:\/\/twitter.com\/STF_oficial?ref_src=twsrc%5Etfw\">@STF_oficial<\/a> A\u00e7\u00e3o de Inconstitucionalidade em nome do PSOL questionando o decreto que facilita o porte de armas, j\u00e1 que contraria a lei e a Constitui\u00e7\u00e3o. Estou otimista: a ministra Rosa Weber acaba de pedir explica\u00e7\u00f5es a Bolsonaro sobre esse absurdo.<\/p>\n<p>&mdash; Juliano Medeiros (@julianopsol) <a href=\"https:\/\/twitter.com\/julianopsol\/status\/1126947133972799488?ref_src=twsrc%5Etfw\">May 10, 2019<\/a><\/p><\/blockquote>\n<p><script async src=\"https:\/\/platform.twitter.com\/widgets.js\" charset=\"utf-8\"><\/script><\/p>\n<p>No texto da a\u00e7\u00e3o, o PSOL argumenta que o decreto de Bolsonaro n\u00e3o respeita &#8220;a compet\u00eancia do Congresso Nacional, a reserva de lei, a separa\u00e7\u00e3o de poderes&#8221; e que o presidente legislou por si &#8220;e, de modo autorit\u00e1rio, unilateral e abusivo, ampliou inconstitucionalmente e totalmente avesso ao disposto na Lei 10.826\/2003, a posse e o porte de armas de fogo&#8221;.<\/p>\n<p>Para acessar a a\u00e7\u00e3o na \u00edntegra, <a href=\"http:\/\/psol50.org.br\/inc\/uploads\/2019\/05\/ADI.STF_.Armas_.pdf\" target=\"_blank\" rel=\"noopener noreferrer\"><strong>clique aqui<\/strong><\/a>.<\/p>\n<p>Caso o absurdo decreto n\u00e3o seja barrado, a lista de cargos que iriam cumprir os requisitos para o porte de armas aumenta para essa:<\/p>\n<p>I &#8211; instrutor de tiro ou armeiro credenciado pela Pol\u00edcia Federal;<br \/>\nII &#8211; colecionador ou ca\u00e7ador com Certificado de Registro de Arma de Fogo expedido pelo Comando do Ex\u00e9rcito;<br \/>\nIII &#8211; agente p\u00fablico, inclusive inativo:<br \/>\na) da \u00e1rea de seguran\u00e7a p\u00fablica;<br \/>\nb) da Ag\u00eancia Brasileira de Intelig\u00eancia;<br \/>\nc) da administra\u00e7\u00e3o penitenci\u00e1ria;<br \/>\nd) do sistema socioeducativo lotado nas unidades de interna\u00e7\u00e3o<br \/>\ne) que exer\u00e7a atividade com poder de pol\u00edcia administrativa ou de correi\u00e7\u00e3o em car\u00e1ter permanente;<br \/>\nf) dos \u00f3rg\u00e3os policiais das assembleias legislativas dos Estados e da C\u00e2mara Legislativa do Distrito Federal;<br \/>\ng) detentor de mandato eletivo nos Poderes Executivo e Legislativo da Uni\u00e3o, dos Estados, do Distrito Federal e dos Munic\u00edpios, quando no exerc\u00edcio do mandato;<br \/>\nh) que exer\u00e7a a profiss\u00e3o de advogado;<br \/>\ni) que exer\u00e7a a profiss\u00e3o de oficial de justi\u00e7a;<br \/>\nIII &#8211; propriet\u00e1rio de estabelecimento que comercialize armas de fogo ou de escolas de tiro;<br \/>\nIV &#8211; dirigente de clubes de tiro;<br \/>\nV &#8211; residente em \u00e1rea rural;<br \/>\nVI &#8211; profissional da imprensa que atue na cobertura policial;<br \/>\nVII &#8211; conselheiro tutelar;<br \/>\nVIII &#8211; agente de tr\u00e2nsito;<br \/>\nIX &#8211; motoristas de empresas e transportadores aut\u00f4nomos de cargas;<br \/>\nXI &#8211; funcion\u00e1rios de empresas de seguran\u00e7a privada e de transporte de valores.<\/p>\n","protected":false},"excerpt":{"rendered":"<p>O PSOL apresentou, nessa sexta-feira (8), uma A\u00e7\u00e3o Direta de Inconstitucionalidade (ADI) no Supremo Tribunal Federal (STF) contra o decreto que flexibiliza o porte de armas no pa\u00eds, inclusive para propriet\u00e1rios rurais e donos de clube de tiro, assinado por Bolsonaro na ter\u00e7a-feira (7). Al\u00e9m disso, a bancada do partido apresentou um Projeto de Decreto [&hellip;]<\/p>\n","protected":false},"author":2,"featured_media":25155,"comment_status":"closed","ping_status":"open","sticky":false,"template":"","format":"standard","meta":{"_acf_changed":false,"footnotes":""},"categories":[6,14],"tags":[41,182,1040,244,45],"class_list":{"0":"post-25120","1":"post","2":"type-post","3":"status-publish","4":"format-standard","5":"has-post-thumbnail","7":"category-noticias","8":"category-partido","9":"tag-adi","10":"tag-armas","11":"tag-decreto","12":"tag-jair-bolsonaro","13":"tag-stf"},"acf":[],"yoast_head":"<!-- This site is optimized with the Yoast SEO plugin v26.5 - https:\/\/yoast.com\/wordpress\/plugins\/seo\/ -->\n<title>PSOL apresenta a\u00e7\u00e3o de inconstitucionalidade no STF contra decreto que flexibiliza porte de armas<\/title>\n<meta name=\"robots\" content=\"index, follow, max-snippet:-1, max-image-preview:large, max-video-preview:-1\" \/>\n<link rel=\"canonical\" href=\"https:\/\/psol50.org.br\/psol-apresenta-acao-de-inconstitucionalidade-no-stf-contra-decreto-que-flexibiliza-porte-de-armas\/\" \/>\n<meta property=\"og:locale\" content=\"pt_BR\" \/>\n<meta property=\"og:type\" content=\"article\" \/>\n<meta property=\"og:title\" content=\"PSOL apresenta a\u00e7\u00e3o no STF contra decreto que flexibiliza porte de armas\" \/>\n<meta property=\"og:description\" content=\"Bancada na C\u00e2mara tamb\u00e9m apresenta projeto para sustar o decreto.\" \/>\n<meta property=\"og:url\" content=\"https:\/\/psol50.org.br\/psol-apresenta-acao-de-inconstitucionalidade-no-stf-contra-decreto-que-flexibiliza-porte-de-armas\/\" \/>\n<meta property=\"og:site_name\" content=\"PSOL 50\" \/>\n<meta property=\"article:publisher\" content=\"https:\/\/www.facebook.com\/psol50\" \/>\n<meta property=\"article:published_time\" content=\"2019-05-10T20:39:52+00:00\" \/>\n<meta property=\"og:image\" content=\"https:\/\/psol50.org.br\/inc\/uploads\/2019\/05\/faroeste.jpg\" \/>\n\t<meta property=\"og:image:width\" content=\"1300\" \/>\n\t<meta property=\"og:image:height\" content=\"867\" \/>\n\t<meta property=\"og:image:type\" content=\"image\/jpeg\" \/>\n<meta name=\"author\" content=\"Comunica\u00e7\u00e3o PSOL\" \/>\n<meta name=\"twitter:card\" content=\"summary_large_image\" \/>\n<meta name=\"twitter:title\" content=\"PSOL apresenta a\u00e7\u00e3o no STF contra decreto que flexibiliza porte de armas\" \/>\n<meta name=\"twitter:description\" content=\"Bancada na C\u00e2mara tamb\u00e9m apresenta projeto para sustar o decreto.\" \/>\n<meta name=\"twitter:image\" content=\"https:\/\/psol50.org.br\/inc\/uploads\/2019\/05\/faroeste.jpg\" \/>\n<meta name=\"twitter:creator\" content=\"@psol50\" \/>\n<meta name=\"twitter:site\" content=\"@psol50\" \/>\n<meta name=\"twitter:label1\" content=\"Escrito por\" \/>\n\t<meta name=\"twitter:data1\" content=\"Comunica\u00e7\u00e3o PSOL\" \/>\n\t<meta name=\"twitter:label2\" content=\"Est. tempo de leitura\" \/>\n\t<meta name=\"twitter:data2\" content=\"2 minutos\" \/>\n<script type=\"application\/ld+json\" class=\"yoast-schema-graph\">{\"@context\":\"https:\/\/schema.org\",\"@graph\":[{\"@type\":\"Article\",\"@id\":\"https:\/\/psol50.org.br\/psol-apresenta-acao-de-inconstitucionalidade-no-stf-contra-decreto-que-flexibiliza-porte-de-armas\/#article\",\"isPartOf\":{\"@id\":\"https:\/\/psol50.org.br\/psol-apresenta-acao-de-inconstitucionalidade-no-stf-contra-decreto-que-flexibiliza-porte-de-armas\/\"},\"author\":{\"name\":\"Comunica\u00e7\u00e3o PSOL\",\"@id\":\"https:\/\/psol50.org.br\/#\/schema\/person\/475dfa57d0b815993c714c2e96491fcd\"},\"headline\":\"PSOL apresenta a\u00e7\u00e3o de inconstitucionalidade no STF contra decreto que flexibiliza porte de armas\",\"datePublished\":\"2019-05-10T20:39:52+00:00\",\"mainEntityOfPage\":{\"@id\":\"https:\/\/psol50.org.br\/psol-apresenta-acao-de-inconstitucionalidade-no-stf-contra-decreto-que-flexibiliza-porte-de-armas\/\"},\"wordCount\":464,\"publisher\":{\"@id\":\"https:\/\/psol50.org.br\/#organization\"},\"image\":{\"@id\":\"https:\/\/psol50.org.br\/psol-apresenta-acao-de-inconstitucionalidade-no-stf-contra-decreto-que-flexibiliza-porte-de-armas\/#primaryimage\"},\"thumbnailUrl\":\"https:\/\/psol50.org.br\/inc\/uploads\/2019\/05\/faroeste.jpg\",\"keywords\":[\"ADI\",\"armas\",\"decreto\",\"Jair Bolsonaro\",\"STF\"],\"articleSection\":[\"Not\u00edcias\",\"Partido\"],\"inLanguage\":\"pt-BR\"},{\"@type\":\"WebPage\",\"@id\":\"https:\/\/psol50.org.br\/psol-apresenta-acao-de-inconstitucionalidade-no-stf-contra-decreto-que-flexibiliza-porte-de-armas\/\",\"url\":\"https:\/\/psol50.org.br\/psol-apresenta-acao-de-inconstitucionalidade-no-stf-contra-decreto-que-flexibiliza-porte-de-armas\/\",\"name\":\"PSOL apresenta a\u00e7\u00e3o de inconstitucionalidade no STF contra decreto que flexibiliza porte de armas\",\"isPartOf\":{\"@id\":\"https:\/\/psol50.org.br\/#website\"},\"primaryImageOfPage\":{\"@id\":\"https:\/\/psol50.org.br\/psol-apresenta-acao-de-inconstitucionalidade-no-stf-contra-decreto-que-flexibiliza-porte-de-armas\/#primaryimage\"},\"image\":{\"@id\":\"https:\/\/psol50.org.br\/psol-apresenta-acao-de-inconstitucionalidade-no-stf-contra-decreto-que-flexibiliza-porte-de-armas\/#primaryimage\"},\"thumbnailUrl\":\"https:\/\/psol50.org.br\/inc\/uploads\/2019\/05\/faroeste.jpg\",\"datePublished\":\"2019-05-10T20:39:52+00:00\",\"breadcrumb\":{\"@id\":\"https:\/\/psol50.org.br\/psol-apresenta-acao-de-inconstitucionalidade-no-stf-contra-decreto-que-flexibiliza-porte-de-armas\/#breadcrumb\"},\"inLanguage\":\"pt-BR\",\"potentialAction\":[{\"@type\":\"ReadAction\",\"target\":[\"https:\/\/psol50.org.br\/psol-apresenta-acao-de-inconstitucionalidade-no-stf-contra-decreto-que-flexibiliza-porte-de-armas\/\"]}]},{\"@type\":\"ImageObject\",\"inLanguage\":\"pt-BR\",\"@id\":\"https:\/\/psol50.org.br\/psol-apresenta-acao-de-inconstitucionalidade-no-stf-contra-decreto-que-flexibiliza-porte-de-armas\/#primaryimage\",\"url\":\"https:\/\/psol50.org.br\/inc\/uploads\/2019\/05\/faroeste.jpg\",\"contentUrl\":\"https:\/\/psol50.org.br\/inc\/uploads\/2019\/05\/faroeste.jpg\",\"width\":1300,\"height\":867},{\"@type\":\"BreadcrumbList\",\"@id\":\"https:\/\/psol50.org.br\/psol-apresenta-acao-de-inconstitucionalidade-no-stf-contra-decreto-que-flexibiliza-porte-de-armas\/#breadcrumb\",\"itemListElement\":[{\"@type\":\"ListItem\",\"position\":1,\"name\":\"In\u00edcio\",\"item\":\"https:\/\/psol50.org.br\/\"},{\"@type\":\"ListItem\",\"position\":2,\"name\":\"PSOL apresenta a\u00e7\u00e3o de inconstitucionalidade no STF contra decreto que flexibiliza porte de armas\"}]},{\"@type\":\"WebSite\",\"@id\":\"https:\/\/psol50.org.br\/#website\",\"url\":\"https:\/\/psol50.org.br\/\",\"name\":\"PSOL 50\",\"description\":\"Site oficial do Partido Socialismo e Liberdade\",\"publisher\":{\"@id\":\"https:\/\/psol50.org.br\/#organization\"},\"alternateName\":\"PSOL50\",\"potentialAction\":[{\"@type\":\"SearchAction\",\"target\":{\"@type\":\"EntryPoint\",\"urlTemplate\":\"https:\/\/psol50.org.br\/?s={search_term_string}\"},\"query-input\":{\"@type\":\"PropertyValueSpecification\",\"valueRequired\":true,\"valueName\":\"search_term_string\"}}],\"inLanguage\":\"pt-BR\"},{\"@type\":\"Organization\",\"@id\":\"https:\/\/psol50.org.br\/#organization\",\"name\":\"PSOL 50\",\"alternateName\":\"PSOL 50\",\"url\":\"https:\/\/psol50.org.br\/\",\"logo\":{\"@type\":\"ImageObject\",\"inLanguage\":\"pt-BR\",\"@id\":\"https:\/\/psol50.org.br\/#\/schema\/logo\/image\/\",\"url\":\"https:\/\/psol50.org.br\/inc\/uploads\/2018\/07\/capa.png\",\"contentUrl\":\"https:\/\/psol50.org.br\/inc\/uploads\/2018\/07\/capa.png\",\"width\":1350,\"height\":900,\"caption\":\"PSOL 50\"},\"image\":{\"@id\":\"https:\/\/psol50.org.br\/#\/schema\/logo\/image\/\"},\"sameAs\":[\"https:\/\/www.facebook.com\/psol50\",\"https:\/\/x.com\/psol50\",\"https:\/\/www.instagram.com\/psol50\/\",\"https:\/\/www.youtube.com\/channel\/UC7SnJS5o1os7a6CaiNabzcg\"]},{\"@type\":\"Person\",\"@id\":\"https:\/\/psol50.org.br\/#\/schema\/person\/475dfa57d0b815993c714c2e96491fcd\",\"name\":\"Comunica\u00e7\u00e3o PSOL\",\"image\":{\"@type\":\"ImageObject\",\"inLanguage\":\"pt-BR\",\"@id\":\"https:\/\/psol50.org.br\/#\/schema\/person\/image\/\",\"url\":\"https:\/\/secure.gravatar.com\/avatar\/b34fc4f4e468a4e51785917065a3db57b841f5c95dba6ad8c73aaf8f66f8f9bf?s=96&d=mm&r=g\",\"contentUrl\":\"https:\/\/secure.gravatar.com\/avatar\/b34fc4f4e468a4e51785917065a3db57b841f5c95dba6ad8c73aaf8f66f8f9bf?s=96&d=mm&r=g\",\"caption\":\"Comunica\u00e7\u00e3o PSOL\"}}]}<\/script>\n<!-- \/ Yoast SEO plugin. -->","yoast_head_json":{"title":"PSOL apresenta a\u00e7\u00e3o de inconstitucionalidade no STF contra decreto que flexibiliza porte de armas","robots":{"index":"index","follow":"follow","max-snippet":"max-snippet:-1","max-image-preview":"max-image-preview:large","max-video-preview":"max-video-preview:-1"},"canonical":"https:\/\/psol50.org.br\/psol-apresenta-acao-de-inconstitucionalidade-no-stf-contra-decreto-que-flexibiliza-porte-de-armas\/","og_locale":"pt_BR","og_type":"article","og_title":"PSOL apresenta a\u00e7\u00e3o no STF contra decreto que flexibiliza porte de armas","og_description":"Bancada na C\u00e2mara tamb\u00e9m apresenta projeto para sustar o decreto.","og_url":"https:\/\/psol50.org.br\/psol-apresenta-acao-de-inconstitucionalidade-no-stf-contra-decreto-que-flexibiliza-porte-de-armas\/","og_site_name":"PSOL 50","article_publisher":"https:\/\/www.facebook.com\/psol50","article_published_time":"2019-05-10T20:39:52+00:00","og_image":[{"width":1300,"height":867,"url":"https:\/\/psol50.org.br\/inc\/uploads\/2019\/05\/faroeste.jpg","type":"image\/jpeg"}],"author":"Comunica\u00e7\u00e3o PSOL","twitter_card":"summary_large_image","twitter_title":"PSOL apresenta a\u00e7\u00e3o no STF contra decreto que flexibiliza porte de armas","twitter_description":"Bancada na C\u00e2mara tamb\u00e9m apresenta projeto para sustar o decreto.","twitter_image":"https:\/\/psol50.org.br\/inc\/uploads\/2019\/05\/faroeste.jpg","twitter_creator":"@psol50","twitter_site":"@psol50","twitter_misc":{"Escrito por":"Comunica\u00e7\u00e3o PSOL","Est. tempo de leitura":"2 minutos"},"schema":{"@context":"https:\/\/schema.org","@graph":[{"@type":"Article","@id":"https:\/\/psol50.org.br\/psol-apresenta-acao-de-inconstitucionalidade-no-stf-contra-decreto-que-flexibiliza-porte-de-armas\/#article","isPartOf":{"@id":"https:\/\/psol50.org.br\/psol-apresenta-acao-de-inconstitucionalidade-no-stf-contra-decreto-que-flexibiliza-porte-de-armas\/"},"author":{"name":"Comunica\u00e7\u00e3o PSOL","@id":"https:\/\/psol50.org.br\/#\/schema\/person\/475dfa57d0b815993c714c2e96491fcd"},"headline":"PSOL apresenta a\u00e7\u00e3o de inconstitucionalidade no STF contra decreto que flexibiliza porte de armas","datePublished":"2019-05-10T20:39:52+00:00","mainEntityOfPage":{"@id":"https:\/\/psol50.org.br\/psol-apresenta-acao-de-inconstitucionalidade-no-stf-contra-decreto-que-flexibiliza-porte-de-armas\/"},"wordCount":464,"publisher":{"@id":"https:\/\/psol50.org.br\/#organization"},"image":{"@id":"https:\/\/psol50.org.br\/psol-apresenta-acao-de-inconstitucionalidade-no-stf-contra-decreto-que-flexibiliza-porte-de-armas\/#primaryimage"},"thumbnailUrl":"https:\/\/psol50.org.br\/inc\/uploads\/2019\/05\/faroeste.jpg","keywords":["ADI","armas","decreto","Jair Bolsonaro","STF"],"articleSection":["Not\u00edcias","Partido"],"inLanguage":"pt-BR"},{"@type":"WebPage","@id":"https:\/\/psol50.org.br\/psol-apresenta-acao-de-inconstitucionalidade-no-stf-contra-decreto-que-flexibiliza-porte-de-armas\/","url":"https:\/\/psol50.org.br\/psol-apresenta-acao-de-inconstitucionalidade-no-stf-contra-decreto-que-flexibiliza-porte-de-armas\/","name":"PSOL apresenta a\u00e7\u00e3o de inconstitucionalidade no STF contra decreto que flexibiliza porte de armas","isPartOf":{"@id":"https:\/\/psol50.org.br\/#website"},"primaryImageOfPage":{"@id":"https:\/\/psol50.org.br\/psol-apresenta-acao-de-inconstitucionalidade-no-stf-contra-decreto-que-flexibiliza-porte-de-armas\/#primaryimage"},"image":{"@id":"https:\/\/psol50.org.br\/psol-apresenta-acao-de-inconstitucionalidade-no-stf-contra-decreto-que-flexibiliza-porte-de-armas\/#primaryimage"},"thumbnailUrl":"https:\/\/psol50.org.br\/inc\/uploads\/2019\/05\/faroeste.jpg","datePublished":"2019-05-10T20:39:52+00:00","breadcrumb":{"@id":"https:\/\/psol50.org.br\/psol-apresenta-acao-de-inconstitucionalidade-no-stf-contra-decreto-que-flexibiliza-porte-de-armas\/#breadcrumb"},"inLanguage":"pt-BR","potentialAction":[{"@type":"ReadAction","target":["https:\/\/psol50.org.br\/psol-apresenta-acao-de-inconstitucionalidade-no-stf-contra-decreto-que-flexibiliza-porte-de-armas\/"]}]},{"@type":"ImageObject","inLanguage":"pt-BR","@id":"https:\/\/psol50.org.br\/psol-apresenta-acao-de-inconstitucionalidade-no-stf-contra-decreto-que-flexibiliza-porte-de-armas\/#primaryimage","url":"https:\/\/psol50.org.br\/inc\/uploads\/2019\/05\/faroeste.jpg","contentUrl":"https:\/\/psol50.org.br\/inc\/uploads\/2019\/05\/faroeste.jpg","width":1300,"height":867},{"@type":"BreadcrumbList","@id":"https:\/\/psol50.org.br\/psol-apresenta-acao-de-inconstitucionalidade-no-stf-contra-decreto-que-flexibiliza-porte-de-armas\/#breadcrumb","itemListElement":[{"@type":"ListItem","position":1,"name":"In\u00edcio","item":"https:\/\/psol50.org.br\/"},{"@type":"ListItem","position":2,"name":"PSOL apresenta a\u00e7\u00e3o de inconstitucionalidade no STF contra decreto que flexibiliza porte de armas"}]},{"@type":"WebSite","@id":"https:\/\/psol50.org.br\/#website","url":"https:\/\/psol50.org.br\/","name":"PSOL 50","description":"Site oficial do Partido Socialismo e Liberdade","publisher":{"@id":"https:\/\/psol50.org.br\/#organization"},"alternateName":"PSOL50","potentialAction":[{"@type":"SearchAction","target":{"@type":"EntryPoint","urlTemplate":"https:\/\/psol50.org.br\/?s={search_term_string}"},"query-input":{"@type":"PropertyValueSpecification","valueRequired":true,"valueName":"search_term_string"}}],"inLanguage":"pt-BR"},{"@type":"Organization","@id":"https:\/\/psol50.org.br\/#organization","name":"PSOL 50","alternateName":"PSOL 50","url":"https:\/\/psol50.org.br\/","logo":{"@type":"ImageObject","inLanguage":"pt-BR","@id":"https:\/\/psol50.org.br\/#\/schema\/logo\/image\/","url":"https:\/\/psol50.org.br\/inc\/uploads\/2018\/07\/capa.png","contentUrl":"https:\/\/psol50.org.br\/inc\/uploads\/2018\/07\/capa.png","width":1350,"height":900,"caption":"PSOL 50"},"image":{"@id":"https:\/\/psol50.org.br\/#\/schema\/logo\/image\/"},"sameAs":["https:\/\/www.facebook.com\/psol50","https:\/\/x.com\/psol50","https:\/\/www.instagram.com\/psol50\/","https:\/\/www.youtube.com\/channel\/UC7SnJS5o1os7a6CaiNabzcg"]},{"@type":"Person","@id":"https:\/\/psol50.org.br\/#\/schema\/person\/475dfa57d0b815993c714c2e96491fcd","name":"Comunica\u00e7\u00e3o PSOL","image":{"@type":"ImageObject","inLanguage":"pt-BR","@id":"https:\/\/psol50.org.br\/#\/schema\/person\/image\/","url":"https:\/\/secure.gravatar.com\/avatar\/b34fc4f4e468a4e51785917065a3db57b841f5c95dba6ad8c73aaf8f66f8f9bf?s=96&d=mm&r=g","contentUrl":"https:\/\/secure.gravatar.com\/avatar\/b34fc4f4e468a4e51785917065a3db57b841f5c95dba6ad8c73aaf8f66f8f9bf?s=96&d=mm&r=g","caption":"Comunica\u00e7\u00e3o PSOL"}}]}},"_links":{"self":[{"href":"https:\/\/psol50.org.br\/rest\/wp\/v2\/posts\/25120","targetHints":{"allow":["GET"]}}],"collection":[{"href":"https:\/\/psol50.org.br\/rest\/wp\/v2\/posts"}],"about":[{"href":"https:\/\/psol50.org.br\/rest\/wp\/v2\/types\/post"}],"author":[{"embeddable":true,"href":"https:\/\/psol50.org.br\/rest\/wp\/v2\/users\/2"}],"replies":[{"embeddable":true,"href":"https:\/\/psol50.org.br\/rest\/wp\/v2\/comments?post=25120"}],"version-history":[{"count":0,"href":"https:\/\/psol50.org.br\/rest\/wp\/v2\/posts\/25120\/revisions"}],"wp:featuredmedia":[{"embeddable":true,"href":"https:\/\/psol50.org.br\/rest\/wp\/v2\/media\/25155"}],"wp:attachment":[{"href":"https:\/\/psol50.org.br\/rest\/wp\/v2\/media?parent=25120"}],"wp:term":[{"taxonomy":"category","embeddable":true,"href":"https:\/\/psol50.org.br\/rest\/wp\/v2\/categories?post=25120"},{"taxonomy":"post_tag","embeddable":true,"href":"https:\/\/psol50.org.br\/rest\/wp\/v2\/tags?post=25120"}],"curies":[{"name":"wp","href":"https:\/\/api.w.org\/{rel}","templated":true}]}}