{"id":25123,"date":"2019-05-08T10:24:08","date_gmt":"2019-05-08T13:24:08","guid":{"rendered":"http:\/\/psol50.org.br\/?p=25123"},"modified":"2019-05-08T10:24:08","modified_gmt":"2019-05-08T13:24:08","slug":"nota-do-psol-carioca-fora-crivella-eleicoes-diretas-ja-o-povo-deve-decidir","status":"publish","type":"post","link":"https:\/\/psol50.org.br\/nota-do-psol-carioca-fora-crivella-eleicoes-diretas-ja-o-povo-deve-decidir\/","title":{"rendered":"Nota do PSOL Carioca: Fora Crivella! Elei\u00e7\u00f5es diretas j\u00e1! O povo deve decidir!"},"content":{"rendered":"<p><em>Originalmente publicado em <a href=\"https:\/\/psolcarioca.com.br\/2019\/05\/07\/fora-crivella-eleicoes-diretas-ja-o-povo-deve-decidir\/\" target=\"_blank\" rel=\"noopener noreferrer\">PSOL Carioca.<\/a><\/em><\/p>\n<p>A insatisfa\u00e7\u00e3o popular com a prefeitura de Marcelo Crivella (PRB) chegou nas \u00faltimas semanas a um ponto cr\u00edtico. Aquele que prometia \u201ccuidar das pessoas\u201d \u00e9 o respons\u00e1vel direto por uma gest\u00e3o que elevou o sucateamento da sa\u00fade e da educa\u00e7\u00e3o p\u00fablicas a patamares intoler\u00e1veis, agravou a injusti\u00e7a na cobran\u00e7a do IPTU e ampliou a hist\u00f3rica submiss\u00e3o da prefeitura \u00e0s m\u00e1fias das empresas de \u00f4nibus.<\/p>\n<p>Na realidade, os mais elementares servi\u00e7os p\u00fablicos est\u00e3o \u00e0s tra\u00e7as. A cidade tem sinais de abandono em todos sentidos. \u00c9 o que demonstra, uma vez mais, a completa vulnerabilidade do munic\u00edpio frente \u00e0s chuvas, sobretudo do ponto de vista da preven\u00e7\u00e3o de enchentes, que receberam investimentos decrescentes a cada ano. Os servidores do munic\u00edpio, por sua vez, tem seus sal\u00e1rios e condi\u00e7\u00f5es de trabalho degradados, como a recente greve dos garis denunciou.<\/p>\n<p>O PSOL esteve, desde o in\u00edcio, na linha de frente da luta contra o projeto pol\u00edtico de Crivella. Consideramos que Crivella governa para poucos, excluindo a maioria de sua parte devida, e denunciamos suas tentativas de cercear a liberdade de consci\u00eancia e manifesta\u00e7\u00e3o. Para n\u00f3s, e para a maioria da popula\u00e7\u00e3o carioca, Crivella \u00e9 respons\u00e1vel pela situa\u00e7\u00e3o cr\u00edtica pela qual a cidade passa e n\u00e3o deve seguir governando. Por isso, o PSOL junta sua voz aos que gritam:\u00a0<b>Fora Crivella!<\/b><\/p>\n<p>O prefeito enfrenta agora uma s\u00e9rie de den\u00fancias, por improbidade administrativa, nepotismo e uso da m\u00e1quina p\u00fablica para fins privados. \u00c9 fundamental que estas den\u00fancias sejam averiguadas at\u00e9 o seu final e que, caso comprovadas, Crivella seja responsabilizado. Por isso, votamos a favor da instala\u00e7\u00e3o do processo de impeachment contra o prefeito. Somos contr\u00e1rios, por\u00e9m, a toda e qualquer manobra que busque fazer da eventual queda de Crivella uma oportunidade para a elei\u00e7\u00e3o indireta de um novo prefeito, via modifica\u00e7\u00e3o na Lei Org\u00e2nica do Munic\u00edpio.<\/p>\n<p>\u00c9 o povo quem deve decidir seus governantes, n\u00e3o os acordos de bastidores. Caso Crivella seja condenado ou renuncie, devem ser realizadas, como prev\u00ea a lei,\u00a0<b>novas elei\u00e7\u00f5es diretas<\/b>\u00a0<b>para que o povo decida o novo prefeito<\/b>. \u00c9 somente com democracia e transpar\u00eancia que a crise por que passa o munic\u00edpio poder\u00e1 ser superada.<\/p>\n<p>\u00c9 hora de ocupar as ruas. O PSOL estar\u00e1, com seus militantes e apoiadores, fortalecendo a mobiliza\u00e7\u00e3o da classe trabalhadora e dos setores oprimidos do povo carioca, para derrotar Crivella e em defesa de uma sa\u00edda democr\u00e1tica, que preserve a soberania popular.<\/p>\n<p><b>FORA CRIVELLA<br \/>\n<\/b><b>Elei\u00e7\u00f5es diretas j\u00e1<br \/>\n<\/b><b>O povo deve decidir<\/b><\/p>\n<p><em>Executiva Municipal do PSOL Carioca<\/em><\/p>\n","protected":false},"excerpt":{"rendered":"<p>Originalmente publicado em PSOL Carioca. A insatisfa\u00e7\u00e3o popular com a prefeitura de Marcelo Crivella (PRB) chegou nas \u00faltimas semanas a um ponto cr\u00edtico. Aquele que prometia \u201ccuidar das pessoas\u201d \u00e9 o respons\u00e1vel direto por uma gest\u00e3o que elevou o sucateamento da sa\u00fade e da educa\u00e7\u00e3o p\u00fablicas a patamares intoler\u00e1veis, agravou a injusti\u00e7a na cobran\u00e7a do [&hellip;]<\/p>\n","protected":false},"author":2,"featured_media":25124,"comment_status":"closed","ping_status":"open","sticky":false,"template":"","format":"standard","meta":{"_acf_changed":false,"footnotes":""},"categories":[6],"tags":[305,1752,162],"class_list":{"0":"post-25123","1":"post","2":"type-post","3":"status-publish","4":"format-standard","5":"has-post-thumbnail","7":"category-noticias","8":"tag-crivella","9":"tag-psol-carioca","10":"tag-rio-de-janeiro"},"acf":[],"yoast_head":"<!-- This site is optimized with the Yoast SEO plugin v26.5 - https:\/\/yoast.com\/wordpress\/plugins\/seo\/ -->\n<title>Nota do PSOL Carioca: Fora Crivella! Elei\u00e7\u00f5es diretas j\u00e1! O povo deve decidir! - PSOL 50<\/title>\n<meta name=\"robots\" content=\"index, follow, max-snippet:-1, max-image-preview:large, max-video-preview:-1\" \/>\n<link rel=\"canonical\" href=\"https:\/\/psol50.org.br\/nota-do-psol-carioca-fora-crivella-eleicoes-diretas-ja-o-povo-deve-decidir\/\" \/>\n<meta property=\"og:locale\" content=\"pt_BR\" \/>\n<meta property=\"og:type\" content=\"article\" \/>\n<meta property=\"og:title\" content=\"Nota do PSOL Carioca: Fora Crivella! Elei\u00e7\u00f5es diretas j\u00e1! O povo deve decidir!\" \/>\n<meta property=\"og:description\" content=\"O PSOL esteve na linha de frente da luta contra o projeto pol\u00edtico de Crivella. O prefeito enfrenta agora uma s\u00e9rie de den\u00fancias.\" \/>\n<meta property=\"og:url\" content=\"https:\/\/psol50.org.br\/nota-do-psol-carioca-fora-crivella-eleicoes-diretas-ja-o-povo-deve-decidir\/\" \/>\n<meta property=\"og:site_name\" content=\"PSOL 50\" \/>\n<meta property=\"article:publisher\" content=\"https:\/\/www.facebook.com\/psol50\" \/>\n<meta property=\"article:published_time\" content=\"2019-05-08T13:24:08+00:00\" \/>\n<meta property=\"og:image\" content=\"https:\/\/psol50.org.br\/inc\/uploads\/2019\/05\/Capa-fora-crivella-800x445-1.png\" \/>\n\t<meta property=\"og:image:width\" content=\"800\" \/>\n\t<meta property=\"og:image:height\" content=\"445\" \/>\n\t<meta property=\"og:image:type\" content=\"image\/png\" \/>\n<meta name=\"author\" content=\"Comunica\u00e7\u00e3o PSOL\" \/>\n<meta name=\"twitter:card\" content=\"summary_large_image\" \/>\n<meta name=\"twitter:title\" content=\"Nota do PSOL Carioca: Fora Crivella! Elei\u00e7\u00f5es diretas j\u00e1! O povo deve decidir!\" \/>\n<meta name=\"twitter:description\" content=\"O PSOL esteve na linha de frente da luta contra o projeto pol\u00edtico de Crivella. O prefeito enfrenta agora uma s\u00e9rie de den\u00fancias.\" \/>\n<meta name=\"twitter:image\" content=\"https:\/\/psol50.org.br\/inc\/uploads\/2019\/05\/Capa-fora-crivella-800x445-1.png\" \/>\n<meta name=\"twitter:creator\" content=\"@psol50\" \/>\n<meta name=\"twitter:site\" content=\"@psol50\" \/>\n<meta name=\"twitter:label1\" content=\"Escrito por\" \/>\n\t<meta name=\"twitter:data1\" content=\"Comunica\u00e7\u00e3o PSOL\" \/>\n\t<meta name=\"twitter:label2\" content=\"Est. tempo de leitura\" \/>\n\t<meta name=\"twitter:data2\" content=\"2 minutos\" \/>\n<script type=\"application\/ld+json\" class=\"yoast-schema-graph\">{\"@context\":\"https:\/\/schema.org\",\"@graph\":[{\"@type\":\"Article\",\"@id\":\"https:\/\/psol50.org.br\/nota-do-psol-carioca-fora-crivella-eleicoes-diretas-ja-o-povo-deve-decidir\/#article\",\"isPartOf\":{\"@id\":\"https:\/\/psol50.org.br\/nota-do-psol-carioca-fora-crivella-eleicoes-diretas-ja-o-povo-deve-decidir\/\"},\"author\":{\"name\":\"Comunica\u00e7\u00e3o PSOL\",\"@id\":\"https:\/\/psol50.org.br\/#\/schema\/person\/475dfa57d0b815993c714c2e96491fcd\"},\"headline\":\"Nota do PSOL Carioca: Fora Crivella! Elei\u00e7\u00f5es diretas j\u00e1! O povo deve decidir!\",\"datePublished\":\"2019-05-08T13:24:08+00:00\",\"mainEntityOfPage\":{\"@id\":\"https:\/\/psol50.org.br\/nota-do-psol-carioca-fora-crivella-eleicoes-diretas-ja-o-povo-deve-decidir\/\"},\"wordCount\":475,\"publisher\":{\"@id\":\"https:\/\/psol50.org.br\/#organization\"},\"image\":{\"@id\":\"https:\/\/psol50.org.br\/nota-do-psol-carioca-fora-crivella-eleicoes-diretas-ja-o-povo-deve-decidir\/#primaryimage\"},\"thumbnailUrl\":\"https:\/\/psol50.org.br\/inc\/uploads\/2019\/05\/Capa-fora-crivella-800x445-1.png\",\"keywords\":[\"Crivella\",\"PSOL Carioca\",\"Rio de Janeiro\"],\"articleSection\":[\"Not\u00edcias\"],\"inLanguage\":\"pt-BR\"},{\"@type\":\"WebPage\",\"@id\":\"https:\/\/psol50.org.br\/nota-do-psol-carioca-fora-crivella-eleicoes-diretas-ja-o-povo-deve-decidir\/\",\"url\":\"https:\/\/psol50.org.br\/nota-do-psol-carioca-fora-crivella-eleicoes-diretas-ja-o-povo-deve-decidir\/\",\"name\":\"Nota do PSOL Carioca: Fora Crivella! Elei\u00e7\u00f5es diretas j\u00e1! O povo deve decidir! - PSOL 50\",\"isPartOf\":{\"@id\":\"https:\/\/psol50.org.br\/#website\"},\"primaryImageOfPage\":{\"@id\":\"https:\/\/psol50.org.br\/nota-do-psol-carioca-fora-crivella-eleicoes-diretas-ja-o-povo-deve-decidir\/#primaryimage\"},\"image\":{\"@id\":\"https:\/\/psol50.org.br\/nota-do-psol-carioca-fora-crivella-eleicoes-diretas-ja-o-povo-deve-decidir\/#primaryimage\"},\"thumbnailUrl\":\"https:\/\/psol50.org.br\/inc\/uploads\/2019\/05\/Capa-fora-crivella-800x445-1.png\",\"datePublished\":\"2019-05-08T13:24:08+00:00\",\"breadcrumb\":{\"@id\":\"https:\/\/psol50.org.br\/nota-do-psol-carioca-fora-crivella-eleicoes-diretas-ja-o-povo-deve-decidir\/#breadcrumb\"},\"inLanguage\":\"pt-BR\",\"potentialAction\":[{\"@type\":\"ReadAction\",\"target\":[\"https:\/\/psol50.org.br\/nota-do-psol-carioca-fora-crivella-eleicoes-diretas-ja-o-povo-deve-decidir\/\"]}]},{\"@type\":\"ImageObject\",\"inLanguage\":\"pt-BR\",\"@id\":\"https:\/\/psol50.org.br\/nota-do-psol-carioca-fora-crivella-eleicoes-diretas-ja-o-povo-deve-decidir\/#primaryimage\",\"url\":\"https:\/\/psol50.org.br\/inc\/uploads\/2019\/05\/Capa-fora-crivella-800x445-1.png\",\"contentUrl\":\"https:\/\/psol50.org.br\/inc\/uploads\/2019\/05\/Capa-fora-crivella-800x445-1.png\",\"width\":800,\"height\":445},{\"@type\":\"BreadcrumbList\",\"@id\":\"https:\/\/psol50.org.br\/nota-do-psol-carioca-fora-crivella-eleicoes-diretas-ja-o-povo-deve-decidir\/#breadcrumb\",\"itemListElement\":[{\"@type\":\"ListItem\",\"position\":1,\"name\":\"In\u00edcio\",\"item\":\"https:\/\/psol50.org.br\/\"},{\"@type\":\"ListItem\",\"position\":2,\"name\":\"Nota do PSOL Carioca: Fora Crivella! Elei\u00e7\u00f5es diretas j\u00e1! O povo deve decidir!\"}]},{\"@type\":\"WebSite\",\"@id\":\"https:\/\/psol50.org.br\/#website\",\"url\":\"https:\/\/psol50.org.br\/\",\"name\":\"PSOL 50\",\"description\":\"Site oficial do Partido Socialismo e Liberdade\",\"publisher\":{\"@id\":\"https:\/\/psol50.org.br\/#organization\"},\"alternateName\":\"PSOL50\",\"potentialAction\":[{\"@type\":\"SearchAction\",\"target\":{\"@type\":\"EntryPoint\",\"urlTemplate\":\"https:\/\/psol50.org.br\/?s={search_term_string}\"},\"query-input\":{\"@type\":\"PropertyValueSpecification\",\"valueRequired\":true,\"valueName\":\"search_term_string\"}}],\"inLanguage\":\"pt-BR\"},{\"@type\":\"Organization\",\"@id\":\"https:\/\/psol50.org.br\/#organization\",\"name\":\"PSOL 50\",\"alternateName\":\"PSOL 50\",\"url\":\"https:\/\/psol50.org.br\/\",\"logo\":{\"@type\":\"ImageObject\",\"inLanguage\":\"pt-BR\",\"@id\":\"https:\/\/psol50.org.br\/#\/schema\/logo\/image\/\",\"url\":\"https:\/\/psol50.org.br\/inc\/uploads\/2018\/07\/capa.png\",\"contentUrl\":\"https:\/\/psol50.org.br\/inc\/uploads\/2018\/07\/capa.png\",\"width\":1350,\"height\":900,\"caption\":\"PSOL 50\"},\"image\":{\"@id\":\"https:\/\/psol50.org.br\/#\/schema\/logo\/image\/\"},\"sameAs\":[\"https:\/\/www.facebook.com\/psol50\",\"https:\/\/x.com\/psol50\",\"https:\/\/www.instagram.com\/psol50\/\",\"https:\/\/www.youtube.com\/channel\/UC7SnJS5o1os7a6CaiNabzcg\"]},{\"@type\":\"Person\",\"@id\":\"https:\/\/psol50.org.br\/#\/schema\/person\/475dfa57d0b815993c714c2e96491fcd\",\"name\":\"Comunica\u00e7\u00e3o PSOL\",\"image\":{\"@type\":\"ImageObject\",\"inLanguage\":\"pt-BR\",\"@id\":\"https:\/\/psol50.org.br\/#\/schema\/person\/image\/\",\"url\":\"https:\/\/secure.gravatar.com\/avatar\/b34fc4f4e468a4e51785917065a3db57b841f5c95dba6ad8c73aaf8f66f8f9bf?s=96&d=mm&r=g\",\"contentUrl\":\"https:\/\/secure.gravatar.com\/avatar\/b34fc4f4e468a4e51785917065a3db57b841f5c95dba6ad8c73aaf8f66f8f9bf?s=96&d=mm&r=g\",\"caption\":\"Comunica\u00e7\u00e3o PSOL\"}}]}<\/script>\n<!-- \/ Yoast SEO plugin. -->","yoast_head_json":{"title":"Nota do PSOL Carioca: Fora Crivella! Elei\u00e7\u00f5es diretas j\u00e1! O povo deve decidir! - PSOL 50","robots":{"index":"index","follow":"follow","max-snippet":"max-snippet:-1","max-image-preview":"max-image-preview:large","max-video-preview":"max-video-preview:-1"},"canonical":"https:\/\/psol50.org.br\/nota-do-psol-carioca-fora-crivella-eleicoes-diretas-ja-o-povo-deve-decidir\/","og_locale":"pt_BR","og_type":"article","og_title":"Nota do PSOL Carioca: Fora Crivella! Elei\u00e7\u00f5es diretas j\u00e1! O povo deve decidir!","og_description":"O PSOL esteve na linha de frente da luta contra o projeto pol\u00edtico de Crivella. O prefeito enfrenta agora uma s\u00e9rie de den\u00fancias.","og_url":"https:\/\/psol50.org.br\/nota-do-psol-carioca-fora-crivella-eleicoes-diretas-ja-o-povo-deve-decidir\/","og_site_name":"PSOL 50","article_publisher":"https:\/\/www.facebook.com\/psol50","article_published_time":"2019-05-08T13:24:08+00:00","og_image":[{"width":800,"height":445,"url":"https:\/\/psol50.org.br\/inc\/uploads\/2019\/05\/Capa-fora-crivella-800x445-1.png","type":"image\/png"}],"author":"Comunica\u00e7\u00e3o PSOL","twitter_card":"summary_large_image","twitter_title":"Nota do PSOL Carioca: Fora Crivella! Elei\u00e7\u00f5es diretas j\u00e1! O povo deve decidir!","twitter_description":"O PSOL esteve na linha de frente da luta contra o projeto pol\u00edtico de Crivella. O prefeito enfrenta agora uma s\u00e9rie de den\u00fancias.","twitter_image":"https:\/\/psol50.org.br\/inc\/uploads\/2019\/05\/Capa-fora-crivella-800x445-1.png","twitter_creator":"@psol50","twitter_site":"@psol50","twitter_misc":{"Escrito por":"Comunica\u00e7\u00e3o PSOL","Est. tempo de leitura":"2 minutos"},"schema":{"@context":"https:\/\/schema.org","@graph":[{"@type":"Article","@id":"https:\/\/psol50.org.br\/nota-do-psol-carioca-fora-crivella-eleicoes-diretas-ja-o-povo-deve-decidir\/#article","isPartOf":{"@id":"https:\/\/psol50.org.br\/nota-do-psol-carioca-fora-crivella-eleicoes-diretas-ja-o-povo-deve-decidir\/"},"author":{"name":"Comunica\u00e7\u00e3o PSOL","@id":"https:\/\/psol50.org.br\/#\/schema\/person\/475dfa57d0b815993c714c2e96491fcd"},"headline":"Nota do PSOL Carioca: Fora Crivella! Elei\u00e7\u00f5es diretas j\u00e1! O povo deve decidir!","datePublished":"2019-05-08T13:24:08+00:00","mainEntityOfPage":{"@id":"https:\/\/psol50.org.br\/nota-do-psol-carioca-fora-crivella-eleicoes-diretas-ja-o-povo-deve-decidir\/"},"wordCount":475,"publisher":{"@id":"https:\/\/psol50.org.br\/#organization"},"image":{"@id":"https:\/\/psol50.org.br\/nota-do-psol-carioca-fora-crivella-eleicoes-diretas-ja-o-povo-deve-decidir\/#primaryimage"},"thumbnailUrl":"https:\/\/psol50.org.br\/inc\/uploads\/2019\/05\/Capa-fora-crivella-800x445-1.png","keywords":["Crivella","PSOL Carioca","Rio de Janeiro"],"articleSection":["Not\u00edcias"],"inLanguage":"pt-BR"},{"@type":"WebPage","@id":"https:\/\/psol50.org.br\/nota-do-psol-carioca-fora-crivella-eleicoes-diretas-ja-o-povo-deve-decidir\/","url":"https:\/\/psol50.org.br\/nota-do-psol-carioca-fora-crivella-eleicoes-diretas-ja-o-povo-deve-decidir\/","name":"Nota do PSOL Carioca: Fora Crivella! Elei\u00e7\u00f5es diretas j\u00e1! O povo deve decidir! - PSOL 50","isPartOf":{"@id":"https:\/\/psol50.org.br\/#website"},"primaryImageOfPage":{"@id":"https:\/\/psol50.org.br\/nota-do-psol-carioca-fora-crivella-eleicoes-diretas-ja-o-povo-deve-decidir\/#primaryimage"},"image":{"@id":"https:\/\/psol50.org.br\/nota-do-psol-carioca-fora-crivella-eleicoes-diretas-ja-o-povo-deve-decidir\/#primaryimage"},"thumbnailUrl":"https:\/\/psol50.org.br\/inc\/uploads\/2019\/05\/Capa-fora-crivella-800x445-1.png","datePublished":"2019-05-08T13:24:08+00:00","breadcrumb":{"@id":"https:\/\/psol50.org.br\/nota-do-psol-carioca-fora-crivella-eleicoes-diretas-ja-o-povo-deve-decidir\/#breadcrumb"},"inLanguage":"pt-BR","potentialAction":[{"@type":"ReadAction","target":["https:\/\/psol50.org.br\/nota-do-psol-carioca-fora-crivella-eleicoes-diretas-ja-o-povo-deve-decidir\/"]}]},{"@type":"ImageObject","inLanguage":"pt-BR","@id":"https:\/\/psol50.org.br\/nota-do-psol-carioca-fora-crivella-eleicoes-diretas-ja-o-povo-deve-decidir\/#primaryimage","url":"https:\/\/psol50.org.br\/inc\/uploads\/2019\/05\/Capa-fora-crivella-800x445-1.png","contentUrl":"https:\/\/psol50.org.br\/inc\/uploads\/2019\/05\/Capa-fora-crivella-800x445-1.png","width":800,"height":445},{"@type":"BreadcrumbList","@id":"https:\/\/psol50.org.br\/nota-do-psol-carioca-fora-crivella-eleicoes-diretas-ja-o-povo-deve-decidir\/#breadcrumb","itemListElement":[{"@type":"ListItem","position":1,"name":"In\u00edcio","item":"https:\/\/psol50.org.br\/"},{"@type":"ListItem","position":2,"name":"Nota do PSOL Carioca: Fora Crivella! Elei\u00e7\u00f5es diretas j\u00e1! O povo deve decidir!"}]},{"@type":"WebSite","@id":"https:\/\/psol50.org.br\/#website","url":"https:\/\/psol50.org.br\/","name":"PSOL 50","description":"Site oficial do Partido Socialismo e Liberdade","publisher":{"@id":"https:\/\/psol50.org.br\/#organization"},"alternateName":"PSOL50","potentialAction":[{"@type":"SearchAction","target":{"@type":"EntryPoint","urlTemplate":"https:\/\/psol50.org.br\/?s={search_term_string}"},"query-input":{"@type":"PropertyValueSpecification","valueRequired":true,"valueName":"search_term_string"}}],"inLanguage":"pt-BR"},{"@type":"Organization","@id":"https:\/\/psol50.org.br\/#organization","name":"PSOL 50","alternateName":"PSOL 50","url":"https:\/\/psol50.org.br\/","logo":{"@type":"ImageObject","inLanguage":"pt-BR","@id":"https:\/\/psol50.org.br\/#\/schema\/logo\/image\/","url":"https:\/\/psol50.org.br\/inc\/uploads\/2018\/07\/capa.png","contentUrl":"https:\/\/psol50.org.br\/inc\/uploads\/2018\/07\/capa.png","width":1350,"height":900,"caption":"PSOL 50"},"image":{"@id":"https:\/\/psol50.org.br\/#\/schema\/logo\/image\/"},"sameAs":["https:\/\/www.facebook.com\/psol50","https:\/\/x.com\/psol50","https:\/\/www.instagram.com\/psol50\/","https:\/\/www.youtube.com\/channel\/UC7SnJS5o1os7a6CaiNabzcg"]},{"@type":"Person","@id":"https:\/\/psol50.org.br\/#\/schema\/person\/475dfa57d0b815993c714c2e96491fcd","name":"Comunica\u00e7\u00e3o PSOL","image":{"@type":"ImageObject","inLanguage":"pt-BR","@id":"https:\/\/psol50.org.br\/#\/schema\/person\/image\/","url":"https:\/\/secure.gravatar.com\/avatar\/b34fc4f4e468a4e51785917065a3db57b841f5c95dba6ad8c73aaf8f66f8f9bf?s=96&d=mm&r=g","contentUrl":"https:\/\/secure.gravatar.com\/avatar\/b34fc4f4e468a4e51785917065a3db57b841f5c95dba6ad8c73aaf8f66f8f9bf?s=96&d=mm&r=g","caption":"Comunica\u00e7\u00e3o PSOL"}}]}},"_links":{"self":[{"href":"https:\/\/psol50.org.br\/rest\/wp\/v2\/posts\/25123","targetHints":{"allow":["GET"]}}],"collection":[{"href":"https:\/\/psol50.org.br\/rest\/wp\/v2\/posts"}],"about":[{"href":"https:\/\/psol50.org.br\/rest\/wp\/v2\/types\/post"}],"author":[{"embeddable":true,"href":"https:\/\/psol50.org.br\/rest\/wp\/v2\/users\/2"}],"replies":[{"embeddable":true,"href":"https:\/\/psol50.org.br\/rest\/wp\/v2\/comments?post=25123"}],"version-history":[{"count":0,"href":"https:\/\/psol50.org.br\/rest\/wp\/v2\/posts\/25123\/revisions"}],"wp:featuredmedia":[{"embeddable":true,"href":"https:\/\/psol50.org.br\/rest\/wp\/v2\/media\/25124"}],"wp:attachment":[{"href":"https:\/\/psol50.org.br\/rest\/wp\/v2\/media?parent=25123"}],"wp:term":[{"taxonomy":"category","embeddable":true,"href":"https:\/\/psol50.org.br\/rest\/wp\/v2\/categories?post=25123"},{"taxonomy":"post_tag","embeddable":true,"href":"https:\/\/psol50.org.br\/rest\/wp\/v2\/tags?post=25123"}],"curies":[{"name":"wp","href":"https:\/\/api.w.org\/{rel}","templated":true}]}}