{"id":25127,"date":"2019-05-08T12:17:27","date_gmt":"2019-05-08T15:17:27","guid":{"rendered":"http:\/\/psol50.org.br\/?p=25127"},"modified":"2019-05-08T12:17:27","modified_gmt":"2019-05-08T15:17:27","slug":"juliano-medeiros-e-luiz-araujo-a-educacao-nao-e-inimiga-do-brasil","status":"publish","type":"post","link":"https:\/\/psol50.org.br\/juliano-medeiros-e-luiz-araujo-a-educacao-nao-e-inimiga-do-brasil\/","title":{"rendered":"Juliano Medeiros e Luiz Ara\u00fajo | A educa\u00e7\u00e3o n\u00e3o \u00e9 inimiga do Brasil"},"content":{"rendered":"<p><em>Originalmente publicado no blog de <a href=\"https:\/\/politica.estadao.com.br\/blogs\/fausto-macedo\/a-educacao-nao-e-inimiga-do-brasil\/\" target=\"_blank\" rel=\"noopener noreferrer\">Fausto Macedo no Estad\u00e3o.<\/a><\/em><\/p>\n<p>N\u00e3o existe candidato ou governante eleito que n\u00e3o prometa melhorar a educa\u00e7\u00e3o em nosso pa\u00eds. E isso acontece devido a problemas reais e desafiadores. Temos milh\u00f5es de crian\u00e7as sem escola na educa\u00e7\u00e3o infantil, um n\u00famero vergonhoso de adultos analfabetos e muito menos universit\u00e1rios do que nossos vizinhos. Quando testada, a aprendizagem fica a desejar.<\/p>\n<p>Garantir o direito \u00e0 educa\u00e7\u00e3o \u00e9 uma tarefa de todos os entes da Federa\u00e7\u00e3o, mas cabe \u00e0 Uni\u00e3o papel decisivo, especialmente no seu financiamento. Lei aprovada em 2014 estabeleceu como meta chegarmos a aplicar 10% do nosso PIB na \u00e1rea, intuito seriamente amea\u00e7ado pela emenda constitucional 95, aprovada no governo Temer, e pela cruzada lan\u00e7ada por Jair Bolsonaro contra a educa\u00e7\u00e3o.<\/p>\n<p>Temos um governo que elegeu a educa\u00e7\u00e3o como principal inimiga em sua guerra contra moinhos imagin\u00e1rios: o \u201cmarxismo cultural\u201d, eleito como a causa maior de todos os males educacionais. Al\u00e9m de enorme desperd\u00edcio de energia e de recursos p\u00fablicos, a cruzada de Bolsonaro e seu l\u00edder \u201cintelectual\u201d, Olavo de Carvalho, pode inviabilizar o futuro da pesquisa cient\u00edfica e a forma\u00e7\u00e3o de milhares de brasileiros e brasileiras.<\/p>\n<p>Aliada \u00e0 falta de foco, temos uma instabilidade permanente na gest\u00e3o do Minist\u00e9rio da Educa\u00e7\u00e3o. Troca de ministros, disputas intestinais e uma insist\u00eancia na escolha de quadros sem nenhuma experi\u00eancia na gest\u00e3o da educa\u00e7\u00e3o superior ou b\u00e1sica.<\/p>\n<p>Nos \u00faltimos anos, a educa\u00e7\u00e3o sofreu as consequ\u00eancias de uma tripla combina\u00e7\u00e3o: recess\u00e3o (que asfixia a arrecada\u00e7\u00e3o), aprova\u00e7\u00e3o da Emenda 95 (retirando recursos valiosos da \u00e1rea social) e cortes sucessivos das verbas para custeio e investimentos das universidades.<\/p>\n<p>Ap\u00f3s quatro anos de crise a situa\u00e7\u00e3o das institui\u00e7\u00f5es federais j\u00e1 estava no limite. Mas sempre pode piorar. O governo federal decretou em mar\u00e7o um corte de R$ 5,8 bilh\u00f5es de recursos discricion\u00e1rios. E no in\u00edcio deste m\u00eas acrescentou mais R$ 1,7 bilh\u00e3o de contingenciamento.<\/p>\n<p>Essas medidas v\u00e3o inviabilizar o funcionamento do ensino, a pesquisa e a extens\u00e3o nas universidades. Ao contr\u00e1rio do que o senso comum dissemina, cortar verbas de custeio nessas institui\u00e7\u00f5es significa suspender viagens de campo, bolsas de perman\u00eancia, extinguir postos de vigil\u00e2ncia nos campi, inviabilizar a aquisi\u00e7\u00e3o de insumos de laborat\u00f3rios de pesquisa, para enumerar alguns exemplos. E, em muitos casos, significa falta de luz e \u00e1gua, ou seja, o b\u00e1sico.<\/p>\n<p>Os cortes representam um verdadeiro ataque ao ensino e \u00e0 pesquisa. Um crime contra a possibilidade de dotar o Pa\u00eds de melhores condi\u00e7\u00f5es para sua inser\u00e7\u00e3o no cen\u00e1rio internacional. \u00c9 um atentado contra o desenvolvimento do Pa\u00eds, a inser\u00e7\u00e3o de nossos jovens e a supera\u00e7\u00e3o da estagna\u00e7\u00e3o de nossa economia.<\/p>\n<p>Enquanto o ministro da Educa\u00e7\u00e3o, Abraham Weintraub, continua enfrentando fantasmas, o Brasil perde a oportunidade de debater solu\u00e7\u00f5es concretas para a educa\u00e7\u00e3o brasileira.<\/p>\n<p>O ministro deveria estar ouvindo gestores estaduais e municipais para aperfei\u00e7oar o Fundeb, garantindo maior participa\u00e7\u00e3o da Uni\u00e3o, vinculando a reformula\u00e7\u00e3o ao estabelecimento de um padr\u00e3o m\u00ednimo de qualidade e \u00e0 corre\u00e7\u00e3o de distor\u00e7\u00f5es que freiam o crescimento da oferta de educa\u00e7\u00e3o infantil.<\/p>\n<p>Assim, em vez de atacar o funcionamento das universidades, o que s\u00f3 contribui para turbinar o setor privado, o governo deveria estar negociando com gestores das universidades e institutos um formato de crescimento sustent\u00e1vel de vagas, vinculado a uma estrat\u00e9gia de desenvolvimento social.<\/p>\n<p>Existe outro caminho. E ele \u00e9 poss\u00edvel. Mas para isso \u00e9 preciso preservar a autonomia das universidades, viabilizar recursos que garantam sua sobreviv\u00eancia, ouvir gestores estaduais e municipais e escutar a voz da sociedade civil.<\/p>\n<p>Tamb\u00e9m \u00e9 necess\u00e1rio mostrar compromisso com a escola p\u00fablica e com o Plano Nacional da Educa\u00e7\u00e3o (PNE), aprovado por unanimidade pelo parlamento brasileiro.<\/p>\n<p>Mas seria pedir demais para um governo que acredita estar em meio a uma caricatura de Guerra Fria.<\/p>\n<p><em>Juliano Medeiros \u00e9 historiador e presidente nacional do PSOL<\/em><\/p>\n<p><em>Luiz Ara\u00fajo \u00e9 professor da Faculdade de Educa\u00e7\u00e3o da UnB e ex-presidente do Instituto Nacional de Estudos e Pesquisas Educacionais An\u00edsio Teixeira, o Inep.<\/em><\/p>\n","protected":false},"excerpt":{"rendered":"<p>Originalmente publicado no blog de Fausto Macedo no Estad\u00e3o. N\u00e3o existe candidato ou governante eleito que n\u00e3o prometa melhorar a educa\u00e7\u00e3o em nosso pa\u00eds. E isso acontece devido a problemas reais e desafiadores. Temos milh\u00f5es de crian\u00e7as sem escola na educa\u00e7\u00e3o infantil, um n\u00famero vergonhoso de adultos analfabetos e muito menos universit\u00e1rios do que nossos [&hellip;]<\/p>\n","protected":false},"author":2,"featured_media":25128,"comment_status":"closed","ping_status":"open","sticky":false,"template":"","format":"standard","meta":{"_acf_changed":false,"footnotes":""},"categories":[6],"tags":[164,259,1801],"class_list":{"0":"post-25127","1":"post","2":"type-post","3":"status-publish","4":"format-standard","5":"has-post-thumbnail","7":"category-noticias","8":"tag-educacao","9":"tag-juliano-medeiros","10":"tag-luiz-araujo"},"acf":[],"yoast_head":"<!-- This site is optimized with the Yoast SEO plugin v26.5 - https:\/\/yoast.com\/wordpress\/plugins\/seo\/ -->\n<title>Juliano Medeiros e Luiz Ara\u00fajo | A educa\u00e7\u00e3o n\u00e3o \u00e9 inimiga do Brasil - PSOL 50<\/title>\n<meta name=\"robots\" content=\"index, follow, max-snippet:-1, max-image-preview:large, max-video-preview:-1\" \/>\n<link rel=\"canonical\" href=\"https:\/\/psol50.org.br\/juliano-medeiros-e-luiz-araujo-a-educacao-nao-e-inimiga-do-brasil\/\" \/>\n<meta property=\"og:locale\" content=\"pt_BR\" \/>\n<meta property=\"og:type\" content=\"article\" \/>\n<meta property=\"og:title\" content=\"A educa\u00e7\u00e3o n\u00e3o \u00e9 inimiga do Brasil\" \/>\n<meta property=\"og:description\" content=\"Juliano Medeiros e Luiz Ara\u00fajo analisam os ataques do governo Bolsonaro na \u00e1rea da educa\u00e7\u00e3o.\" \/>\n<meta property=\"og:url\" content=\"https:\/\/psol50.org.br\/juliano-medeiros-e-luiz-araujo-a-educacao-nao-e-inimiga-do-brasil\/\" \/>\n<meta property=\"og:site_name\" content=\"PSOL 50\" \/>\n<meta property=\"article:publisher\" content=\"https:\/\/www.facebook.com\/psol50\" \/>\n<meta property=\"article:published_time\" content=\"2019-05-08T15:17:27+00:00\" \/>\n<meta property=\"og:image\" content=\"https:\/\/psol50.org.br\/inc\/uploads\/2018\/07\/capa.png\" \/>\n\t<meta property=\"og:image:width\" content=\"1350\" \/>\n\t<meta property=\"og:image:height\" content=\"900\" \/>\n\t<meta property=\"og:image:type\" content=\"image\/png\" \/>\n<meta name=\"author\" content=\"Comunica\u00e7\u00e3o PSOL\" \/>\n<meta name=\"twitter:card\" content=\"summary_large_image\" \/>\n<meta name=\"twitter:title\" content=\"A educa\u00e7\u00e3o n\u00e3o \u00e9 inimiga do Brasil\" \/>\n<meta name=\"twitter:description\" content=\"Juliano Medeiros e Luiz Ara\u00fajo analisam os ataques do governo Bolsonaro na \u00e1rea da educa\u00e7\u00e3o.\" \/>\n<meta name=\"twitter:creator\" content=\"@psol50\" \/>\n<meta name=\"twitter:site\" content=\"@psol50\" \/>\n<meta name=\"twitter:label1\" content=\"Escrito por\" \/>\n\t<meta name=\"twitter:data1\" content=\"Comunica\u00e7\u00e3o PSOL\" \/>\n\t<meta name=\"twitter:label2\" content=\"Est. tempo de leitura\" \/>\n\t<meta name=\"twitter:data2\" content=\"4 minutos\" \/>\n<script type=\"application\/ld+json\" class=\"yoast-schema-graph\">{\"@context\":\"https:\/\/schema.org\",\"@graph\":[{\"@type\":\"Article\",\"@id\":\"https:\/\/psol50.org.br\/juliano-medeiros-e-luiz-araujo-a-educacao-nao-e-inimiga-do-brasil\/#article\",\"isPartOf\":{\"@id\":\"https:\/\/psol50.org.br\/juliano-medeiros-e-luiz-araujo-a-educacao-nao-e-inimiga-do-brasil\/\"},\"author\":{\"name\":\"Comunica\u00e7\u00e3o PSOL\",\"@id\":\"https:\/\/psol50.org.br\/#\/schema\/person\/475dfa57d0b815993c714c2e96491fcd\"},\"headline\":\"Juliano Medeiros e Luiz Ara\u00fajo | A educa\u00e7\u00e3o n\u00e3o \u00e9 inimiga do Brasil\",\"datePublished\":\"2019-05-08T15:17:27+00:00\",\"mainEntityOfPage\":{\"@id\":\"https:\/\/psol50.org.br\/juliano-medeiros-e-luiz-araujo-a-educacao-nao-e-inimiga-do-brasil\/\"},\"wordCount\":731,\"publisher\":{\"@id\":\"https:\/\/psol50.org.br\/#organization\"},\"image\":{\"@id\":\"https:\/\/psol50.org.br\/juliano-medeiros-e-luiz-araujo-a-educacao-nao-e-inimiga-do-brasil\/#primaryimage\"},\"thumbnailUrl\":\"\",\"keywords\":[\"Educa\u00e7\u00e3o\",\"Juliano Medeiros\",\"Luiz Ara\u00fajo\"],\"articleSection\":[\"Not\u00edcias\"],\"inLanguage\":\"pt-BR\"},{\"@type\":\"WebPage\",\"@id\":\"https:\/\/psol50.org.br\/juliano-medeiros-e-luiz-araujo-a-educacao-nao-e-inimiga-do-brasil\/\",\"url\":\"https:\/\/psol50.org.br\/juliano-medeiros-e-luiz-araujo-a-educacao-nao-e-inimiga-do-brasil\/\",\"name\":\"Juliano Medeiros e Luiz Ara\u00fajo | A educa\u00e7\u00e3o n\u00e3o \u00e9 inimiga do Brasil - PSOL 50\",\"isPartOf\":{\"@id\":\"https:\/\/psol50.org.br\/#website\"},\"primaryImageOfPage\":{\"@id\":\"https:\/\/psol50.org.br\/juliano-medeiros-e-luiz-araujo-a-educacao-nao-e-inimiga-do-brasil\/#primaryimage\"},\"image\":{\"@id\":\"https:\/\/psol50.org.br\/juliano-medeiros-e-luiz-araujo-a-educacao-nao-e-inimiga-do-brasil\/#primaryimage\"},\"thumbnailUrl\":\"\",\"datePublished\":\"2019-05-08T15:17:27+00:00\",\"breadcrumb\":{\"@id\":\"https:\/\/psol50.org.br\/juliano-medeiros-e-luiz-araujo-a-educacao-nao-e-inimiga-do-brasil\/#breadcrumb\"},\"inLanguage\":\"pt-BR\",\"potentialAction\":[{\"@type\":\"ReadAction\",\"target\":[\"https:\/\/psol50.org.br\/juliano-medeiros-e-luiz-araujo-a-educacao-nao-e-inimiga-do-brasil\/\"]}]},{\"@type\":\"ImageObject\",\"inLanguage\":\"pt-BR\",\"@id\":\"https:\/\/psol50.org.br\/juliano-medeiros-e-luiz-araujo-a-educacao-nao-e-inimiga-do-brasil\/#primaryimage\",\"url\":\"\",\"contentUrl\":\"\"},{\"@type\":\"BreadcrumbList\",\"@id\":\"https:\/\/psol50.org.br\/juliano-medeiros-e-luiz-araujo-a-educacao-nao-e-inimiga-do-brasil\/#breadcrumb\",\"itemListElement\":[{\"@type\":\"ListItem\",\"position\":1,\"name\":\"In\u00edcio\",\"item\":\"https:\/\/psol50.org.br\/\"},{\"@type\":\"ListItem\",\"position\":2,\"name\":\"Juliano Medeiros e Luiz Ara\u00fajo | A educa\u00e7\u00e3o n\u00e3o \u00e9 inimiga do Brasil\"}]},{\"@type\":\"WebSite\",\"@id\":\"https:\/\/psol50.org.br\/#website\",\"url\":\"https:\/\/psol50.org.br\/\",\"name\":\"PSOL 50\",\"description\":\"Site oficial do Partido Socialismo e Liberdade\",\"publisher\":{\"@id\":\"https:\/\/psol50.org.br\/#organization\"},\"alternateName\":\"PSOL50\",\"potentialAction\":[{\"@type\":\"SearchAction\",\"target\":{\"@type\":\"EntryPoint\",\"urlTemplate\":\"https:\/\/psol50.org.br\/?s={search_term_string}\"},\"query-input\":{\"@type\":\"PropertyValueSpecification\",\"valueRequired\":true,\"valueName\":\"search_term_string\"}}],\"inLanguage\":\"pt-BR\"},{\"@type\":\"Organization\",\"@id\":\"https:\/\/psol50.org.br\/#organization\",\"name\":\"PSOL 50\",\"alternateName\":\"PSOL 50\",\"url\":\"https:\/\/psol50.org.br\/\",\"logo\":{\"@type\":\"ImageObject\",\"inLanguage\":\"pt-BR\",\"@id\":\"https:\/\/psol50.org.br\/#\/schema\/logo\/image\/\",\"url\":\"https:\/\/psol50.org.br\/inc\/uploads\/2018\/07\/capa.png\",\"contentUrl\":\"https:\/\/psol50.org.br\/inc\/uploads\/2018\/07\/capa.png\",\"width\":1350,\"height\":900,\"caption\":\"PSOL 50\"},\"image\":{\"@id\":\"https:\/\/psol50.org.br\/#\/schema\/logo\/image\/\"},\"sameAs\":[\"https:\/\/www.facebook.com\/psol50\",\"https:\/\/x.com\/psol50\",\"https:\/\/www.instagram.com\/psol50\/\",\"https:\/\/www.youtube.com\/channel\/UC7SnJS5o1os7a6CaiNabzcg\"]},{\"@type\":\"Person\",\"@id\":\"https:\/\/psol50.org.br\/#\/schema\/person\/475dfa57d0b815993c714c2e96491fcd\",\"name\":\"Comunica\u00e7\u00e3o PSOL\",\"image\":{\"@type\":\"ImageObject\",\"inLanguage\":\"pt-BR\",\"@id\":\"https:\/\/psol50.org.br\/#\/schema\/person\/image\/\",\"url\":\"https:\/\/secure.gravatar.com\/avatar\/b34fc4f4e468a4e51785917065a3db57b841f5c95dba6ad8c73aaf8f66f8f9bf?s=96&d=mm&r=g\",\"contentUrl\":\"https:\/\/secure.gravatar.com\/avatar\/b34fc4f4e468a4e51785917065a3db57b841f5c95dba6ad8c73aaf8f66f8f9bf?s=96&d=mm&r=g\",\"caption\":\"Comunica\u00e7\u00e3o PSOL\"}}]}<\/script>\n<!-- \/ Yoast SEO plugin. -->","yoast_head_json":{"title":"Juliano Medeiros e Luiz Ara\u00fajo | A educa\u00e7\u00e3o n\u00e3o \u00e9 inimiga do Brasil - PSOL 50","robots":{"index":"index","follow":"follow","max-snippet":"max-snippet:-1","max-image-preview":"max-image-preview:large","max-video-preview":"max-video-preview:-1"},"canonical":"https:\/\/psol50.org.br\/juliano-medeiros-e-luiz-araujo-a-educacao-nao-e-inimiga-do-brasil\/","og_locale":"pt_BR","og_type":"article","og_title":"A educa\u00e7\u00e3o n\u00e3o \u00e9 inimiga do Brasil","og_description":"Juliano Medeiros e Luiz Ara\u00fajo analisam os ataques do governo Bolsonaro na \u00e1rea da educa\u00e7\u00e3o.","og_url":"https:\/\/psol50.org.br\/juliano-medeiros-e-luiz-araujo-a-educacao-nao-e-inimiga-do-brasil\/","og_site_name":"PSOL 50","article_publisher":"https:\/\/www.facebook.com\/psol50","article_published_time":"2019-05-08T15:17:27+00:00","og_image":[{"width":1350,"height":900,"url":"https:\/\/psol50.org.br\/inc\/uploads\/2018\/07\/capa.png","type":"image\/png"}],"author":"Comunica\u00e7\u00e3o PSOL","twitter_card":"summary_large_image","twitter_title":"A educa\u00e7\u00e3o n\u00e3o \u00e9 inimiga do Brasil","twitter_description":"Juliano Medeiros e Luiz Ara\u00fajo analisam os ataques do governo Bolsonaro na \u00e1rea da educa\u00e7\u00e3o.","twitter_creator":"@psol50","twitter_site":"@psol50","twitter_misc":{"Escrito por":"Comunica\u00e7\u00e3o PSOL","Est. tempo de leitura":"4 minutos"},"schema":{"@context":"https:\/\/schema.org","@graph":[{"@type":"Article","@id":"https:\/\/psol50.org.br\/juliano-medeiros-e-luiz-araujo-a-educacao-nao-e-inimiga-do-brasil\/#article","isPartOf":{"@id":"https:\/\/psol50.org.br\/juliano-medeiros-e-luiz-araujo-a-educacao-nao-e-inimiga-do-brasil\/"},"author":{"name":"Comunica\u00e7\u00e3o PSOL","@id":"https:\/\/psol50.org.br\/#\/schema\/person\/475dfa57d0b815993c714c2e96491fcd"},"headline":"Juliano Medeiros e Luiz Ara\u00fajo | A educa\u00e7\u00e3o n\u00e3o \u00e9 inimiga do Brasil","datePublished":"2019-05-08T15:17:27+00:00","mainEntityOfPage":{"@id":"https:\/\/psol50.org.br\/juliano-medeiros-e-luiz-araujo-a-educacao-nao-e-inimiga-do-brasil\/"},"wordCount":731,"publisher":{"@id":"https:\/\/psol50.org.br\/#organization"},"image":{"@id":"https:\/\/psol50.org.br\/juliano-medeiros-e-luiz-araujo-a-educacao-nao-e-inimiga-do-brasil\/#primaryimage"},"thumbnailUrl":"","keywords":["Educa\u00e7\u00e3o","Juliano Medeiros","Luiz Ara\u00fajo"],"articleSection":["Not\u00edcias"],"inLanguage":"pt-BR"},{"@type":"WebPage","@id":"https:\/\/psol50.org.br\/juliano-medeiros-e-luiz-araujo-a-educacao-nao-e-inimiga-do-brasil\/","url":"https:\/\/psol50.org.br\/juliano-medeiros-e-luiz-araujo-a-educacao-nao-e-inimiga-do-brasil\/","name":"Juliano Medeiros e Luiz Ara\u00fajo | A educa\u00e7\u00e3o n\u00e3o \u00e9 inimiga do Brasil - PSOL 50","isPartOf":{"@id":"https:\/\/psol50.org.br\/#website"},"primaryImageOfPage":{"@id":"https:\/\/psol50.org.br\/juliano-medeiros-e-luiz-araujo-a-educacao-nao-e-inimiga-do-brasil\/#primaryimage"},"image":{"@id":"https:\/\/psol50.org.br\/juliano-medeiros-e-luiz-araujo-a-educacao-nao-e-inimiga-do-brasil\/#primaryimage"},"thumbnailUrl":"","datePublished":"2019-05-08T15:17:27+00:00","breadcrumb":{"@id":"https:\/\/psol50.org.br\/juliano-medeiros-e-luiz-araujo-a-educacao-nao-e-inimiga-do-brasil\/#breadcrumb"},"inLanguage":"pt-BR","potentialAction":[{"@type":"ReadAction","target":["https:\/\/psol50.org.br\/juliano-medeiros-e-luiz-araujo-a-educacao-nao-e-inimiga-do-brasil\/"]}]},{"@type":"ImageObject","inLanguage":"pt-BR","@id":"https:\/\/psol50.org.br\/juliano-medeiros-e-luiz-araujo-a-educacao-nao-e-inimiga-do-brasil\/#primaryimage","url":"","contentUrl":""},{"@type":"BreadcrumbList","@id":"https:\/\/psol50.org.br\/juliano-medeiros-e-luiz-araujo-a-educacao-nao-e-inimiga-do-brasil\/#breadcrumb","itemListElement":[{"@type":"ListItem","position":1,"name":"In\u00edcio","item":"https:\/\/psol50.org.br\/"},{"@type":"ListItem","position":2,"name":"Juliano Medeiros e Luiz Ara\u00fajo | A educa\u00e7\u00e3o n\u00e3o \u00e9 inimiga do Brasil"}]},{"@type":"WebSite","@id":"https:\/\/psol50.org.br\/#website","url":"https:\/\/psol50.org.br\/","name":"PSOL 50","description":"Site oficial do Partido Socialismo e Liberdade","publisher":{"@id":"https:\/\/psol50.org.br\/#organization"},"alternateName":"PSOL50","potentialAction":[{"@type":"SearchAction","target":{"@type":"EntryPoint","urlTemplate":"https:\/\/psol50.org.br\/?s={search_term_string}"},"query-input":{"@type":"PropertyValueSpecification","valueRequired":true,"valueName":"search_term_string"}}],"inLanguage":"pt-BR"},{"@type":"Organization","@id":"https:\/\/psol50.org.br\/#organization","name":"PSOL 50","alternateName":"PSOL 50","url":"https:\/\/psol50.org.br\/","logo":{"@type":"ImageObject","inLanguage":"pt-BR","@id":"https:\/\/psol50.org.br\/#\/schema\/logo\/image\/","url":"https:\/\/psol50.org.br\/inc\/uploads\/2018\/07\/capa.png","contentUrl":"https:\/\/psol50.org.br\/inc\/uploads\/2018\/07\/capa.png","width":1350,"height":900,"caption":"PSOL 50"},"image":{"@id":"https:\/\/psol50.org.br\/#\/schema\/logo\/image\/"},"sameAs":["https:\/\/www.facebook.com\/psol50","https:\/\/x.com\/psol50","https:\/\/www.instagram.com\/psol50\/","https:\/\/www.youtube.com\/channel\/UC7SnJS5o1os7a6CaiNabzcg"]},{"@type":"Person","@id":"https:\/\/psol50.org.br\/#\/schema\/person\/475dfa57d0b815993c714c2e96491fcd","name":"Comunica\u00e7\u00e3o PSOL","image":{"@type":"ImageObject","inLanguage":"pt-BR","@id":"https:\/\/psol50.org.br\/#\/schema\/person\/image\/","url":"https:\/\/secure.gravatar.com\/avatar\/b34fc4f4e468a4e51785917065a3db57b841f5c95dba6ad8c73aaf8f66f8f9bf?s=96&d=mm&r=g","contentUrl":"https:\/\/secure.gravatar.com\/avatar\/b34fc4f4e468a4e51785917065a3db57b841f5c95dba6ad8c73aaf8f66f8f9bf?s=96&d=mm&r=g","caption":"Comunica\u00e7\u00e3o PSOL"}}]}},"_links":{"self":[{"href":"https:\/\/psol50.org.br\/rest\/wp\/v2\/posts\/25127","targetHints":{"allow":["GET"]}}],"collection":[{"href":"https:\/\/psol50.org.br\/rest\/wp\/v2\/posts"}],"about":[{"href":"https:\/\/psol50.org.br\/rest\/wp\/v2\/types\/post"}],"author":[{"embeddable":true,"href":"https:\/\/psol50.org.br\/rest\/wp\/v2\/users\/2"}],"replies":[{"embeddable":true,"href":"https:\/\/psol50.org.br\/rest\/wp\/v2\/comments?post=25127"}],"version-history":[{"count":0,"href":"https:\/\/psol50.org.br\/rest\/wp\/v2\/posts\/25127\/revisions"}],"wp:featuredmedia":[{"embeddable":true,"href":"https:\/\/psol50.org.br\/rest\/"}],"wp:attachment":[{"href":"https:\/\/psol50.org.br\/rest\/wp\/v2\/media?parent=25127"}],"wp:term":[{"taxonomy":"category","embeddable":true,"href":"https:\/\/psol50.org.br\/rest\/wp\/v2\/categories?post=25127"},{"taxonomy":"post_tag","embeddable":true,"href":"https:\/\/psol50.org.br\/rest\/wp\/v2\/tags?post=25127"}],"curies":[{"name":"wp","href":"https:\/\/api.w.org\/{rel}","templated":true}]}}