{"id":2513,"date":"2014-01-13T00:00:00","date_gmt":"2014-01-13T00:00:00","guid":{"rendered":"http:\/\/psol50.org.br\/arquivo\/2014\/01\/13\/setorial-de-direitos-humanos-do-psol-ma-repudia-violacao-de-direitos-humanos-em-sao-luis\/"},"modified":"2014-01-13T00:00:00","modified_gmt":"2014-01-13T00:00:00","slug":"setorial-de-direitos-humanos-do-psol-ma-repudia-violacao-de-direitos-humanos-em-sao-luis","status":"publish","type":"post","link":"https:\/\/psol50.org.br\/setorial-de-direitos-humanos-do-psol-ma-repudia-violacao-de-direitos-humanos-em-sao-luis\/","title":{"rendered":"Setorial de Direitos Humanos do PSOL-MA repudia viola\u00e7\u00e3o de direitos humanos em S\u00e3o Lu\u00eds"},"content":{"rendered":"<div style=\"margin-bottom: 0cm; font-style: normal; font-weight: normal; text-align: justify;\">\n\t<span style=\"font-size:12px;\"><font color=\"#000000\"><span style=\"background: #ffffff\">\u201c<font face=\"Arial, sans-serif\"><i>A crise do sistema penitenci\u00e1rio no Maranh\u00e3o apresenta singularidades decorrentes da explora\u00e7\u00e3o econ\u00f4mica, ambiental e cultural que nosso povo v\u00eam sofrendo h\u00e1 meio s\u00e9culo pela Oligarquia Sarney (PMDB) que, em alian\u00e7a com o governo federal nas gest\u00f5es Lula\/Dilma (PT\/PMDB), aprofunda o descompasso das pol\u00edticas do Estado com as reais necessidades sociais\u201d<\/i><\/font><\/span><\/font><\/p>\n<p>\t<font color=\"#000000\"><font face=\"Arial, sans-serif\"><span style=\"background: #ffffff\">O Setorial de Direitos Humanos do PSOL do Maranh\u00e3o, em reuni\u00e3o na \u00faltima sexta-feira (10), aprovou a nota que segue abaixo, sobre a situa\u00e7\u00e3o do sistema prisional no Maranh\u00e3o. No texto, a milit\u00e2ncia repudia \u00e0s graves viola\u00e7\u00f5es de direitos humanos ocorridas em S\u00e3o Lu\u00eds, devido \u00e0 crise da seguran\u00e7a p\u00fablica e dos \u00faltimos fatos ocorridos no Complexo Penitenci\u00e1rio de Pedrinhas, e defende a interven\u00e7\u00e3o federal, desde que alinhada \u00e0s necessidades reais da popula\u00e7\u00e3o. <\/span><\/font><\/font><\/p>\n<p>\t<font color=\"#000000\"><font face=\"Arial, sans-serif\"><span style=\"background: #ffffff\">Confira abaixo a \u00edntegra da nota.<\/span><\/font><\/font><\/p>\n<p>\t<font color=\"#000000\"><font face=\"Arial, sans-serif\"><b><span style=\"background: #ffffff\">Pela garantia do direito \u00e0 ressocializa\u00e7\u00e3o e por um fim ao exterm\u00ednio da juventude negra e pobre<\/span><\/b><\/font><\/font><\/p>\n<p>\t<font color=\"#000000\"><font face=\"Arial, sans-serif\"><span style=\"background: #ffffff\">Interven\u00e7\u00e3o Federal no Maranh\u00e3o j\u00e1!<\/span><\/font><\/font><br \/>\n\t<font color=\"#000000\"><font face=\"Arial, sans-serif\"><span style=\"background: #ffffff\">Federaliza\u00e7\u00e3o dos crimes que ocorrem nos pres\u00eddios!<\/span><\/font><\/font><br \/>\n\t<font color=\"#000000\"><font face=\"Arial, sans-serif\"><span style=\"background: #ffffff\">Concurso p\u00fablico para agentes e policiais. Pol\u00edticas p\u00fablicas efetivas!<\/span><\/font><\/font><\/p>\n<p>\t<font color=\"#000000\"><font face=\"Arial, sans-serif\"><span style=\"background: #ffffff\">O Setorial de Direitos Humanos do Partido Socialismo e Liberdade do PSOL\/MA vem a p\u00fablico declarar seu rep\u00fadio \u00e0s graves viola\u00e7\u00f5es de direitos humanos ocorridas na ilha de S\u00e3o Lu\u00eds, em raz\u00e3o da crise de seguran\u00e7a p\u00fablica e no Complexo Penitenci\u00e1rio de Pedrinhas.<\/span><\/font><\/font><\/p>\n<p>\t<font color=\"#000000\"><font face=\"Arial, sans-serif\"><span style=\"background: #ffffff\">A crise do sistema penitenci\u00e1rio no Maranh\u00e3o apresenta singularidades decorrentes da explora\u00e7\u00e3o econ\u00f4mica, ambiental e cultural que nosso povo v\u00eam sofrendo h\u00e1 meio s\u00e9culo pela Oligarquia Sarney (PMDB) que, em alian\u00e7a com o governo federal nas gest\u00f5es Lula\/Dilma (PT\/PMDB), aprofunda o descompasso das pol\u00edticas do Estado com as reais necessidades sociais.<\/span><\/font><\/font><\/p>\n<p>\t<font color=\"#000000\"><font face=\"Arial, sans-serif\"><span style=\"background: #ffffff\">Por outro lado, a falsa oposi\u00e7\u00e3o, capitaneada por Fl\u00e1vio Dino (PCdoB) e seus parceiros pol\u00edticos, tais como Raimundo Cutrim (ex-secret\u00e1rio de Seguran\u00e7a do governo Roseana Sarney),&nbsp; mostra-se incapaz de responder \u00e0 crise social instaurada, pois revela-se reprodutora da mesma estrutura pol\u00edtica coronelista que impera h\u00e1 d\u00e9cadas no Estado.<\/span><\/font><\/font><\/p>\n<p>\t<font color=\"#000000\"><font face=\"Arial, sans-serif\"><span style=\"background: #ffffff\">No que se refere \u00e0 seguran\u00e7a p\u00fablica, \u00e9 not\u00f3ria a completa aus\u00eancia de vontade pol\u00edtica em assegurar o m\u00ednimo garantido constitucionalmente, principalmente quando se fala do sistema penitenci\u00e1rio. De janeiro de 2013 a janeiro de 2014, j\u00e1 se somam 62 mortos dentro do Complexo de Pedrinhas, al\u00e9m das constantes den\u00fancias de mulheres sendo v\u00edtimas de viol\u00eancia sexual dentro da penitenci\u00e1ria.<\/span><\/font><\/font><\/p>\n<p>\t<font color=\"#000000\"><font face=\"Arial, sans-serif\"><span style=\"background: #ffffff\">Nessa linha, o Maranh\u00e3o apresenta o mais alto \u00edndice de assassinatos de presos, em sua maioria jovens at\u00e9 25 anos, negros oriundos de \u00e1reas perif\u00e9ricas. Com apenas 1% da popula\u00e7\u00e3o carcer\u00e1ria do pa\u00eds, responde por aproximadamente 30% de mortes no sistema prisional brasileiro. H\u00e1 mais de 3.000 indiv\u00edduos presos al\u00e9m da capacidade das unidades prisionais do Maranh\u00e3o. Com essa superlota\u00e7\u00e3o, fica praticamente imposs\u00edvel existir um controle satisfat\u00f3rio, tanto social &#8211; causando a prov\u00e1vel forma\u00e7\u00e3o de grupos rivais que disputam o espa\u00e7o, como jur\u00eddica &#8211; com a fraca assist\u00eancia judici\u00e1ria gratuita fornecida pelo Estado e a demora no andamento processual, h\u00e1 in\u00fameras pris\u00f5es ilegais de pessoas que j\u00e1 deveriam estar em liberdade, agravando mais ainda os problemas de lota\u00e7\u00e3o carcer\u00e1ria.<\/span><\/font><\/font><\/p>\n<p>\t<font color=\"#000000\"><font face=\"Arial, sans-serif\"><span style=\"background: #ffffff\">Esta situa\u00e7\u00e3o, aliada \u00e0 insalubridade do ambiente (unidades prisionais sem condi\u00e7\u00f5es de habita\u00e7\u00e3o, com o ac\u00famulo de lixo, dejetos, baratas, celas sem circula\u00e7\u00e3o de ar, etc.) e de crescimento das disputas internas pelo espa\u00e7o, dando-se principalmente com a polariza\u00e7\u00e3o &#8220;presos da capital&#8221; <i>versus<\/i> &#8220;presos do interior&#8221; (estes mantidos longe de seus familiares e de sua comunidade), j\u00e1 \u00e9 de conhecimento claro do governo do Maranh\u00e3o h\u00e1 pelo menos uma d\u00e9cada, e nada foi feito de concreto e eficaz para p\u00f4r fim a essa crise.<\/span><\/font><\/font><\/p>\n<p>\t<font color=\"#000000\"><font face=\"Arial, sans-serif\"><span style=\"background: #ffffff\">Pelo contr\u00e1rio: o governo Roseana Sarney (PMDB\/PT) finge n\u00e3o ver a forma\u00e7\u00e3o de grupos organizados rivais e se mostra surpreso ap\u00f3s a morte sistem\u00e1tica de 62 presos, o inc\u00eandio de cinco \u00f4nibus e de cinco pessoas, gerando a tr\u00e1gica morte de Ana Clara, de apenas 6 anos de idade. Enquanto isso, na ilha, a popula\u00e7\u00e3o fica ref\u00e9m do medo e dos joguetes do governo em culpar exclusivamente as fac\u00e7\u00f5es rivais de Pedrinhas pelo caos instalado dentro e fora do pres\u00eddio.<\/span><\/font><\/font><\/p>\n<p>\t<font color=\"#000000\"><font face=\"Arial, sans-serif\"><span style=\"background: #ffffff\">Entretanto, \u00e9 necess\u00e1rio direcionarmos a responsabilidade para o verdadeiro causador dessa crise: a gest\u00e3o Roseana Sarney, que n\u00e3o garante o m\u00ednimo de dignidade humana aos presidi\u00e1rios que, ao se verem encurralados de todas as formas por viol\u00eancia e abandono, resolvem reagir tamb\u00e9m com viol\u00eancia, causando esse saldo de morte, perdas, dor, dentro e fora do sistema penitenci\u00e1rio.<\/span><\/font><\/font><\/p>\n<p>\t<font color=\"#000000\"><font face=\"Arial, sans-serif\"><span style=\"background: #ffffff\">\u00c9 importante que a sociedade maranhense questione essa situa\u00e7\u00e3o e exija:<\/span><\/font><\/font><br \/>\n\t<font color=\"#000000\"><font face=\"Arial, sans-serif\"><span style=\"background: #ffffff\">&#8211; a descentraliza\u00e7\u00e3o das unidades prisionais de menor porte;<\/span><\/font><\/font><br \/>\n\t<font color=\"#000000\"><font face=\"Arial, sans-serif\"><span style=\"background: #ffffff\">&#8211; a implanta\u00e7\u00e3o de um novo m\u00e9todo de ressocializa\u00e7\u00e3o;<\/span><\/font><\/font><br \/>\n\t<font color=\"#000000\"><font face=\"Arial, sans-serif\"><span style=\"background: #ffffff\">&#8211; a apura\u00e7\u00e3o dos crimes cometidos dentro das penitenci\u00e1rias;<\/span><\/font><\/font><br \/>\n\t<font color=\"#000000\"><font face=\"Arial, sans-serif\"><span style=\"background: #ffffff\">&#8211; a realiza\u00e7\u00e3o de concurso p\u00fablico para o cargo de agentes penitenci\u00e1rios e policiais;<\/span><\/font><\/font><br \/>\n\t<font color=\"#000000\"><font face=\"Arial, sans-serif\"><span style=\"background: #ffffff\">&#8211; a implos\u00e3o imediata da Casa de Deten\u00e7\u00e3o (CADET), que come\u00e7a a ser reformada, ainda mantendo a mesma estrutura inadequada \u00e0 habita\u00e7\u00e3o humana;<\/span><\/font><\/font><br \/>\n\t<font color=\"#000000\"><font face=\"Arial, sans-serif\"><span style=\"background: #ffffff\">&#8211; a ampla revis\u00e3o judici\u00e1ria dos processos criminais e de execu\u00e7\u00e3o.<\/span><\/font><\/font><\/p>\n<p>\t<font color=\"#000000\"><font face=\"Arial, sans-serif\"><span style=\"background: #ffffff\">Por tudo o que foi exposto: Apoiamos a interven\u00e7\u00e3o federal no estado, se for alinhada \u00e0s reais necessidades sociais do nosso povo!<\/span><\/font><\/font><\/p>\n<p>\t<font color=\"#000000\"><font face=\"Arial, sans-serif\"><span style=\"background: #ffffff\">Apoiamos a federaliza\u00e7\u00e3o dos crimes que ocorrem nos pres\u00eddios e a responsabiliza\u00e7\u00e3o do estado brasileiro pelas inst\u00e2ncias internacionais, porque tais medidas poder\u00e3o significar uma resposta \u00e0 completa inefici\u00eancia do Estado (Governo Roseana e Governo Dilma) em resolver a crise do sistema prisional maranhense, que insiste em dizimar e encarcerar a juventude pobre e negra do Maranh\u00e3o, e em militarizar Pedrinhas e a ilha, quando a situa\u00e7\u00e3o pede, h\u00e1 muito tempo, um distensionamento, preven\u00e7\u00e3o, pol\u00edticas p\u00fablicas sociais e dignidade humana.<\/span><\/font><\/font><\/p>\n<p>\t<font color=\"#000000\"><font face=\"Arial, sans-serif\"><span style=\"background: #ffffff\">Partido Socialismo e Liberdade (PSOL\/MA)<\/span><\/font><\/font><br \/>\n\t<font color=\"#000000\"><font face=\"Arial, sans-serif\"><span style=\"background: #ffffff\">Setorial de Direitos Humanos<\/span> <\/font><\/font><\/span><\/div>\n","protected":false},"excerpt":{"rendered":"<p>\u201cA crise do sistema penitenci\u00e1rio no Maranh\u00e3o apresenta singularidades decorrentes da explora\u00e7\u00e3o econ\u00f4mica, ambiental e cultural que nosso povo v\u00eam sofrendo h\u00e1 meio s\u00e9culo pela Oligarquia Sarney (PMDB) que, em alian\u00e7a com o governo federal nas gest\u00f5es Lula\/Dilma (PT\/PMDB), aprofunda o descompasso das pol\u00edticas do Estado com as reais necessidades sociais\u201d O Setorial de Direitos [&hellip;]<\/p>\n","protected":false},"author":2,"featured_media":0,"comment_status":"open","ping_status":"open","sticky":false,"template":"","format":"standard","meta":{"_acf_changed":false,"footnotes":""},"categories":[4766,6],"tags":[22],"class_list":{"0":"post-2513","1":"post","2":"type-post","3":"status-publish","4":"format-standard","6":"category-arquivo","7":"category-noticias","8":"tag-psol"},"acf":[],"yoast_head":"<!-- This site is optimized with the Yoast SEO plugin v26.5 - https:\/\/yoast.com\/wordpress\/plugins\/seo\/ -->\n<title>Setorial de Direitos Humanos do PSOL-MA repudia viola\u00e7\u00e3o de direitos humanos em S\u00e3o Lu\u00eds - PSOL 50<\/title>\n<meta name=\"robots\" content=\"index, follow, max-snippet:-1, max-image-preview:large, max-video-preview:-1\" \/>\n<link rel=\"canonical\" href=\"https:\/\/psol50.org.br\/setorial-de-direitos-humanos-do-psol-ma-repudia-violacao-de-direitos-humanos-em-sao-luis\/\" \/>\n<meta property=\"og:locale\" content=\"pt_BR\" \/>\n<meta property=\"og:type\" content=\"article\" \/>\n<meta property=\"og:title\" content=\"Setorial de Direitos Humanos do PSOL-MA repudia viola\u00e7\u00e3o de direitos humanos em S\u00e3o Lu\u00eds - PSOL 50\" \/>\n<meta property=\"og:description\" content=\"\u201cA crise do sistema penitenci\u00e1rio no Maranh\u00e3o apresenta singularidades decorrentes da explora\u00e7\u00e3o econ\u00f4mica, ambiental e cultural que nosso povo v\u00eam sofrendo h\u00e1 meio s\u00e9culo pela Oligarquia Sarney (PMDB) que, em alian\u00e7a com o governo federal nas gest\u00f5es Lula\/Dilma (PT\/PMDB), aprofunda o descompasso das pol\u00edticas do Estado com as reais necessidades sociais\u201d O Setorial de Direitos [&hellip;]\" \/>\n<meta property=\"og:url\" content=\"https:\/\/psol50.org.br\/setorial-de-direitos-humanos-do-psol-ma-repudia-violacao-de-direitos-humanos-em-sao-luis\/\" \/>\n<meta property=\"og:site_name\" content=\"PSOL 50\" \/>\n<meta property=\"article:publisher\" content=\"https:\/\/www.facebook.com\/psol50\" \/>\n<meta property=\"article:published_time\" content=\"2014-01-13T00:00:00+00:00\" \/>\n<meta property=\"og:image\" content=\"https:\/\/psol50.org.br\/inc\/uploads\/2018\/07\/capa.png\" \/>\n\t<meta property=\"og:image:width\" content=\"1350\" \/>\n\t<meta property=\"og:image:height\" content=\"900\" \/>\n\t<meta property=\"og:image:type\" content=\"image\/png\" \/>\n<meta name=\"author\" content=\"Comunica\u00e7\u00e3o PSOL\" \/>\n<meta name=\"twitter:card\" content=\"summary_large_image\" \/>\n<meta name=\"twitter:creator\" content=\"@psol50\" \/>\n<meta name=\"twitter:site\" content=\"@psol50\" \/>\n<meta name=\"twitter:label1\" content=\"Escrito por\" \/>\n\t<meta name=\"twitter:data1\" content=\"Comunica\u00e7\u00e3o PSOL\" \/>\n\t<meta name=\"twitter:label2\" content=\"Est. tempo de leitura\" \/>\n\t<meta name=\"twitter:data2\" content=\"5 minutos\" \/>\n<script type=\"application\/ld+json\" class=\"yoast-schema-graph\">{\"@context\":\"https:\/\/schema.org\",\"@graph\":[{\"@type\":\"Article\",\"@id\":\"https:\/\/psol50.org.br\/setorial-de-direitos-humanos-do-psol-ma-repudia-violacao-de-direitos-humanos-em-sao-luis\/#article\",\"isPartOf\":{\"@id\":\"https:\/\/psol50.org.br\/setorial-de-direitos-humanos-do-psol-ma-repudia-violacao-de-direitos-humanos-em-sao-luis\/\"},\"author\":{\"name\":\"Comunica\u00e7\u00e3o PSOL\",\"@id\":\"https:\/\/psol50.org.br\/#\/schema\/person\/475dfa57d0b815993c714c2e96491fcd\"},\"headline\":\"Setorial de Direitos Humanos do PSOL-MA repudia viola\u00e7\u00e3o de direitos humanos em S\u00e3o Lu\u00eds\",\"datePublished\":\"2014-01-13T00:00:00+00:00\",\"mainEntityOfPage\":{\"@id\":\"https:\/\/psol50.org.br\/setorial-de-direitos-humanos-do-psol-ma-repudia-violacao-de-direitos-humanos-em-sao-luis\/\"},\"wordCount\":1058,\"commentCount\":0,\"publisher\":{\"@id\":\"https:\/\/psol50.org.br\/#organization\"},\"keywords\":[\"PSOL\"],\"articleSection\":[\"Arquivo\",\"Not\u00edcias\"],\"inLanguage\":\"pt-BR\",\"potentialAction\":[{\"@type\":\"CommentAction\",\"name\":\"Comment\",\"target\":[\"https:\/\/psol50.org.br\/setorial-de-direitos-humanos-do-psol-ma-repudia-violacao-de-direitos-humanos-em-sao-luis\/#respond\"]}]},{\"@type\":\"WebPage\",\"@id\":\"https:\/\/psol50.org.br\/setorial-de-direitos-humanos-do-psol-ma-repudia-violacao-de-direitos-humanos-em-sao-luis\/\",\"url\":\"https:\/\/psol50.org.br\/setorial-de-direitos-humanos-do-psol-ma-repudia-violacao-de-direitos-humanos-em-sao-luis\/\",\"name\":\"Setorial de Direitos Humanos do PSOL-MA repudia viola\u00e7\u00e3o de direitos humanos em S\u00e3o Lu\u00eds - PSOL 50\",\"isPartOf\":{\"@id\":\"https:\/\/psol50.org.br\/#website\"},\"datePublished\":\"2014-01-13T00:00:00+00:00\",\"breadcrumb\":{\"@id\":\"https:\/\/psol50.org.br\/setorial-de-direitos-humanos-do-psol-ma-repudia-violacao-de-direitos-humanos-em-sao-luis\/#breadcrumb\"},\"inLanguage\":\"pt-BR\",\"potentialAction\":[{\"@type\":\"ReadAction\",\"target\":[\"https:\/\/psol50.org.br\/setorial-de-direitos-humanos-do-psol-ma-repudia-violacao-de-direitos-humanos-em-sao-luis\/\"]}]},{\"@type\":\"BreadcrumbList\",\"@id\":\"https:\/\/psol50.org.br\/setorial-de-direitos-humanos-do-psol-ma-repudia-violacao-de-direitos-humanos-em-sao-luis\/#breadcrumb\",\"itemListElement\":[{\"@type\":\"ListItem\",\"position\":1,\"name\":\"In\u00edcio\",\"item\":\"https:\/\/psol50.org.br\/\"},{\"@type\":\"ListItem\",\"position\":2,\"name\":\"Setorial de Direitos Humanos do PSOL-MA repudia viola\u00e7\u00e3o de direitos humanos em S\u00e3o Lu\u00eds\"}]},{\"@type\":\"WebSite\",\"@id\":\"https:\/\/psol50.org.br\/#website\",\"url\":\"https:\/\/psol50.org.br\/\",\"name\":\"PSOL 50\",\"description\":\"Site oficial do Partido Socialismo e Liberdade\",\"publisher\":{\"@id\":\"https:\/\/psol50.org.br\/#organization\"},\"alternateName\":\"PSOL50\",\"potentialAction\":[{\"@type\":\"SearchAction\",\"target\":{\"@type\":\"EntryPoint\",\"urlTemplate\":\"https:\/\/psol50.org.br\/?s={search_term_string}\"},\"query-input\":{\"@type\":\"PropertyValueSpecification\",\"valueRequired\":true,\"valueName\":\"search_term_string\"}}],\"inLanguage\":\"pt-BR\"},{\"@type\":\"Organization\",\"@id\":\"https:\/\/psol50.org.br\/#organization\",\"name\":\"PSOL 50\",\"alternateName\":\"PSOL 50\",\"url\":\"https:\/\/psol50.org.br\/\",\"logo\":{\"@type\":\"ImageObject\",\"inLanguage\":\"pt-BR\",\"@id\":\"https:\/\/psol50.org.br\/#\/schema\/logo\/image\/\",\"url\":\"https:\/\/psol50.org.br\/inc\/uploads\/2018\/07\/capa.png\",\"contentUrl\":\"https:\/\/psol50.org.br\/inc\/uploads\/2018\/07\/capa.png\",\"width\":1350,\"height\":900,\"caption\":\"PSOL 50\"},\"image\":{\"@id\":\"https:\/\/psol50.org.br\/#\/schema\/logo\/image\/\"},\"sameAs\":[\"https:\/\/www.facebook.com\/psol50\",\"https:\/\/x.com\/psol50\",\"https:\/\/www.instagram.com\/psol50\/\",\"https:\/\/www.youtube.com\/channel\/UC7SnJS5o1os7a6CaiNabzcg\"]},{\"@type\":\"Person\",\"@id\":\"https:\/\/psol50.org.br\/#\/schema\/person\/475dfa57d0b815993c714c2e96491fcd\",\"name\":\"Comunica\u00e7\u00e3o PSOL\",\"image\":{\"@type\":\"ImageObject\",\"inLanguage\":\"pt-BR\",\"@id\":\"https:\/\/psol50.org.br\/#\/schema\/person\/image\/\",\"url\":\"https:\/\/secure.gravatar.com\/avatar\/b34fc4f4e468a4e51785917065a3db57b841f5c95dba6ad8c73aaf8f66f8f9bf?s=96&d=mm&r=g\",\"contentUrl\":\"https:\/\/secure.gravatar.com\/avatar\/b34fc4f4e468a4e51785917065a3db57b841f5c95dba6ad8c73aaf8f66f8f9bf?s=96&d=mm&r=g\",\"caption\":\"Comunica\u00e7\u00e3o PSOL\"}}]}<\/script>\n<!-- \/ Yoast SEO plugin. -->","yoast_head_json":{"title":"Setorial de Direitos Humanos do PSOL-MA repudia viola\u00e7\u00e3o de direitos humanos em S\u00e3o Lu\u00eds - PSOL 50","robots":{"index":"index","follow":"follow","max-snippet":"max-snippet:-1","max-image-preview":"max-image-preview:large","max-video-preview":"max-video-preview:-1"},"canonical":"https:\/\/psol50.org.br\/setorial-de-direitos-humanos-do-psol-ma-repudia-violacao-de-direitos-humanos-em-sao-luis\/","og_locale":"pt_BR","og_type":"article","og_title":"Setorial de Direitos Humanos do PSOL-MA repudia viola\u00e7\u00e3o de direitos humanos em S\u00e3o Lu\u00eds - PSOL 50","og_description":"\u201cA crise do sistema penitenci\u00e1rio no Maranh\u00e3o apresenta singularidades decorrentes da explora\u00e7\u00e3o econ\u00f4mica, ambiental e cultural que nosso povo v\u00eam sofrendo h\u00e1 meio s\u00e9culo pela Oligarquia Sarney (PMDB) que, em alian\u00e7a com o governo federal nas gest\u00f5es Lula\/Dilma (PT\/PMDB), aprofunda o descompasso das pol\u00edticas do Estado com as reais necessidades sociais\u201d O Setorial de Direitos [&hellip;]","og_url":"https:\/\/psol50.org.br\/setorial-de-direitos-humanos-do-psol-ma-repudia-violacao-de-direitos-humanos-em-sao-luis\/","og_site_name":"PSOL 50","article_publisher":"https:\/\/www.facebook.com\/psol50","article_published_time":"2014-01-13T00:00:00+00:00","og_image":[{"width":1350,"height":900,"url":"https:\/\/psol50.org.br\/inc\/uploads\/2018\/07\/capa.png","type":"image\/png"}],"author":"Comunica\u00e7\u00e3o PSOL","twitter_card":"summary_large_image","twitter_creator":"@psol50","twitter_site":"@psol50","twitter_misc":{"Escrito por":"Comunica\u00e7\u00e3o PSOL","Est. tempo de leitura":"5 minutos"},"schema":{"@context":"https:\/\/schema.org","@graph":[{"@type":"Article","@id":"https:\/\/psol50.org.br\/setorial-de-direitos-humanos-do-psol-ma-repudia-violacao-de-direitos-humanos-em-sao-luis\/#article","isPartOf":{"@id":"https:\/\/psol50.org.br\/setorial-de-direitos-humanos-do-psol-ma-repudia-violacao-de-direitos-humanos-em-sao-luis\/"},"author":{"name":"Comunica\u00e7\u00e3o PSOL","@id":"https:\/\/psol50.org.br\/#\/schema\/person\/475dfa57d0b815993c714c2e96491fcd"},"headline":"Setorial de Direitos Humanos do PSOL-MA repudia viola\u00e7\u00e3o de direitos humanos em S\u00e3o Lu\u00eds","datePublished":"2014-01-13T00:00:00+00:00","mainEntityOfPage":{"@id":"https:\/\/psol50.org.br\/setorial-de-direitos-humanos-do-psol-ma-repudia-violacao-de-direitos-humanos-em-sao-luis\/"},"wordCount":1058,"commentCount":0,"publisher":{"@id":"https:\/\/psol50.org.br\/#organization"},"keywords":["PSOL"],"articleSection":["Arquivo","Not\u00edcias"],"inLanguage":"pt-BR","potentialAction":[{"@type":"CommentAction","name":"Comment","target":["https:\/\/psol50.org.br\/setorial-de-direitos-humanos-do-psol-ma-repudia-violacao-de-direitos-humanos-em-sao-luis\/#respond"]}]},{"@type":"WebPage","@id":"https:\/\/psol50.org.br\/setorial-de-direitos-humanos-do-psol-ma-repudia-violacao-de-direitos-humanos-em-sao-luis\/","url":"https:\/\/psol50.org.br\/setorial-de-direitos-humanos-do-psol-ma-repudia-violacao-de-direitos-humanos-em-sao-luis\/","name":"Setorial de Direitos Humanos do PSOL-MA repudia viola\u00e7\u00e3o de direitos humanos em S\u00e3o Lu\u00eds - PSOL 50","isPartOf":{"@id":"https:\/\/psol50.org.br\/#website"},"datePublished":"2014-01-13T00:00:00+00:00","breadcrumb":{"@id":"https:\/\/psol50.org.br\/setorial-de-direitos-humanos-do-psol-ma-repudia-violacao-de-direitos-humanos-em-sao-luis\/#breadcrumb"},"inLanguage":"pt-BR","potentialAction":[{"@type":"ReadAction","target":["https:\/\/psol50.org.br\/setorial-de-direitos-humanos-do-psol-ma-repudia-violacao-de-direitos-humanos-em-sao-luis\/"]}]},{"@type":"BreadcrumbList","@id":"https:\/\/psol50.org.br\/setorial-de-direitos-humanos-do-psol-ma-repudia-violacao-de-direitos-humanos-em-sao-luis\/#breadcrumb","itemListElement":[{"@type":"ListItem","position":1,"name":"In\u00edcio","item":"https:\/\/psol50.org.br\/"},{"@type":"ListItem","position":2,"name":"Setorial de Direitos Humanos do PSOL-MA repudia viola\u00e7\u00e3o de direitos humanos em S\u00e3o Lu\u00eds"}]},{"@type":"WebSite","@id":"https:\/\/psol50.org.br\/#website","url":"https:\/\/psol50.org.br\/","name":"PSOL 50","description":"Site oficial do Partido Socialismo e Liberdade","publisher":{"@id":"https:\/\/psol50.org.br\/#organization"},"alternateName":"PSOL50","potentialAction":[{"@type":"SearchAction","target":{"@type":"EntryPoint","urlTemplate":"https:\/\/psol50.org.br\/?s={search_term_string}"},"query-input":{"@type":"PropertyValueSpecification","valueRequired":true,"valueName":"search_term_string"}}],"inLanguage":"pt-BR"},{"@type":"Organization","@id":"https:\/\/psol50.org.br\/#organization","name":"PSOL 50","alternateName":"PSOL 50","url":"https:\/\/psol50.org.br\/","logo":{"@type":"ImageObject","inLanguage":"pt-BR","@id":"https:\/\/psol50.org.br\/#\/schema\/logo\/image\/","url":"https:\/\/psol50.org.br\/inc\/uploads\/2018\/07\/capa.png","contentUrl":"https:\/\/psol50.org.br\/inc\/uploads\/2018\/07\/capa.png","width":1350,"height":900,"caption":"PSOL 50"},"image":{"@id":"https:\/\/psol50.org.br\/#\/schema\/logo\/image\/"},"sameAs":["https:\/\/www.facebook.com\/psol50","https:\/\/x.com\/psol50","https:\/\/www.instagram.com\/psol50\/","https:\/\/www.youtube.com\/channel\/UC7SnJS5o1os7a6CaiNabzcg"]},{"@type":"Person","@id":"https:\/\/psol50.org.br\/#\/schema\/person\/475dfa57d0b815993c714c2e96491fcd","name":"Comunica\u00e7\u00e3o PSOL","image":{"@type":"ImageObject","inLanguage":"pt-BR","@id":"https:\/\/psol50.org.br\/#\/schema\/person\/image\/","url":"https:\/\/secure.gravatar.com\/avatar\/b34fc4f4e468a4e51785917065a3db57b841f5c95dba6ad8c73aaf8f66f8f9bf?s=96&d=mm&r=g","contentUrl":"https:\/\/secure.gravatar.com\/avatar\/b34fc4f4e468a4e51785917065a3db57b841f5c95dba6ad8c73aaf8f66f8f9bf?s=96&d=mm&r=g","caption":"Comunica\u00e7\u00e3o PSOL"}}]}},"_links":{"self":[{"href":"https:\/\/psol50.org.br\/rest\/wp\/v2\/posts\/2513","targetHints":{"allow":["GET"]}}],"collection":[{"href":"https:\/\/psol50.org.br\/rest\/wp\/v2\/posts"}],"about":[{"href":"https:\/\/psol50.org.br\/rest\/wp\/v2\/types\/post"}],"author":[{"embeddable":true,"href":"https:\/\/psol50.org.br\/rest\/wp\/v2\/users\/2"}],"replies":[{"embeddable":true,"href":"https:\/\/psol50.org.br\/rest\/wp\/v2\/comments?post=2513"}],"version-history":[{"count":0,"href":"https:\/\/psol50.org.br\/rest\/wp\/v2\/posts\/2513\/revisions"}],"wp:attachment":[{"href":"https:\/\/psol50.org.br\/rest\/wp\/v2\/media?parent=2513"}],"wp:term":[{"taxonomy":"category","embeddable":true,"href":"https:\/\/psol50.org.br\/rest\/wp\/v2\/categories?post=2513"},{"taxonomy":"post_tag","embeddable":true,"href":"https:\/\/psol50.org.br\/rest\/wp\/v2\/tags?post=2513"}],"curies":[{"name":"wp","href":"https:\/\/api.w.org\/{rel}","templated":true}]}}