{"id":25130,"date":"2019-05-08T13:00:48","date_gmt":"2019-05-08T16:00:48","guid":{"rendered":"http:\/\/psol50.org.br\/?p=25130"},"modified":"2019-05-08T13:00:48","modified_gmt":"2019-05-08T16:00:48","slug":"psol-apresenta-projeto-para-sustar-decreto-que-amplia-porte-de-armas","status":"publish","type":"post","link":"https:\/\/psol50.org.br\/psol-apresenta-projeto-para-sustar-decreto-que-amplia-porte-de-armas\/","title":{"rendered":"PSOL apresenta projeto para sustar decreto que amplia porte de armas"},"content":{"rendered":"<p>A bancada do PSOL na C\u00e2mara dos Deputados apresentou, nessa quarta-feira (8), um Projeto de Decreto Legislativo (n\u00ba 227), para sustar o decreto de Jair Bolsonaro que amplia o porte de armas no Brasil, inclusive para donos de clubes de tiro e propriet\u00e1rios rurais.<\/p>\n<p>O PSOL tamb\u00e9m vai apresentar uma A\u00e7\u00e3o Direta de Inconstitucionalidade no STF contra o decreto.<\/p>\n<p>Para o partido, a iniciativa de Bolsonaro \u00e9 um retrocesso inadmiss\u00edvel das pol\u00edticas de controle de armas de fogo e do seu uso. &#8220;Ao facilitar amplamente a posse, porte, registro e comercializa\u00e7\u00e3o dessas armas, tender\u00e1 a agravar ainda mais o quadro de viol\u00eancia que assola o pa\u00eds&#8221;, afirma o projeto do PSOL.<\/p>\n<p>Al\u00e9m disso, o decreto usurpou as prerrogativas do Congresso Nacional para legislar sobre material b\u00e9lico, como j\u00e1 decidiu o pr\u00f3prio Supremo Tribunal Federal.<\/p>\n<p>Segundo pesquisa recente do instituto Datafolha, 64% da popula\u00e7\u00e3o brasileira consideram que a posse de armas deve ser proibida e que isso n\u00e3o aumenta a sensa\u00e7\u00e3o de seguran\u00e7a. &#8220;Diversos estudos apontam que ampliar a quantidade de armas de fogo em circula\u00e7\u00e3o produz aumento dos \u00edndices de homic\u00eddios intrafamiliares, feminic\u00eddios, suic\u00eddios, a possibilidade de acidentes envolvendo crian\u00e7as e adolescentes, viol\u00eancia contra a mulher, os homic\u00eddios por motivos f\u00fateis e por conflitos interpessoais variados, al\u00e9m de facilitar o acesso de criminosos a armas de fogo&#8221;, afirma o texto.<\/p>\n<p><a href=\"http:\/\/psol50.org.br\/inc\/uploads\/2019\/05\/PDC.DecretoArmas.pdf\" target=\"_blank\" rel=\"noopener noreferrer\"><strong>Conhe\u00e7a a \u00edntegra do projeto clicando aqui<\/strong><\/a><\/p>\n","protected":false},"excerpt":{"rendered":"<p>A bancada do PSOL na C\u00e2mara dos Deputados apresentou, nessa quarta-feira (8), um Projeto de Decreto Legislativo (n\u00ba 227), para sustar o decreto de Jair Bolsonaro que amplia o porte de armas no Brasil, inclusive para donos de clubes de tiro e propriet\u00e1rios rurais. O PSOL tamb\u00e9m vai apresentar uma A\u00e7\u00e3o Direta de Inconstitucionalidade no [&hellip;]<\/p>\n","protected":false},"author":2,"featured_media":25122,"comment_status":"closed","ping_status":"open","sticky":false,"template":"","format":"standard","meta":{"_acf_changed":false,"footnotes":""},"categories":[10,6],"tags":[182,56,709,1040,417],"class_list":{"0":"post-25130","1":"post","2":"type-post","3":"status-publish","4":"format-standard","5":"has-post-thumbnail","7":"category-acao-parlamentares","8":"category-noticias","9":"tag-armas","10":"tag-bolsonaro","11":"tag-camara-dos-deputados","12":"tag-decreto","13":"tag-psol-na-camara"},"acf":[],"yoast_head":"<!-- This site is optimized with the Yoast SEO plugin v26.5 - https:\/\/yoast.com\/wordpress\/plugins\/seo\/ -->\n<title>PSOL apresenta projeto para sustar decreto que amplia porte de armas - PSOL 50<\/title>\n<meta name=\"robots\" content=\"index, follow, max-snippet:-1, max-image-preview:large, max-video-preview:-1\" \/>\n<link rel=\"canonical\" href=\"https:\/\/psol50.org.br\/psol-apresenta-projeto-para-sustar-decreto-que-amplia-porte-de-armas\/\" \/>\n<meta property=\"og:locale\" content=\"pt_BR\" \/>\n<meta property=\"og:type\" content=\"article\" \/>\n<meta property=\"og:title\" content=\"PSOL apresenta projeto para sustar decreto que amplia porte de armas\" \/>\n<meta property=\"og:description\" content=\"Iniciativa de Bolsonaro \u00e9 um retrocesso inadmiss\u00edvel das pol\u00edticas de controle de armas de fogo.\" \/>\n<meta property=\"og:url\" content=\"https:\/\/psol50.org.br\/psol-apresenta-projeto-para-sustar-decreto-que-amplia-porte-de-armas\/\" \/>\n<meta property=\"og:site_name\" content=\"PSOL 50\" \/>\n<meta property=\"article:publisher\" content=\"https:\/\/www.facebook.com\/psol50\" \/>\n<meta property=\"article:published_time\" content=\"2019-05-08T16:00:48+00:00\" \/>\n<meta property=\"og:image\" content=\"https:\/\/psol50.org.br\/inc\/uploads\/2019\/05\/JairBolsonaro.IsacNobrega.PR_.jpg\" \/>\n\t<meta property=\"og:image:width\" content=\"1140\" \/>\n\t<meta property=\"og:image:height\" content=\"760\" \/>\n\t<meta property=\"og:image:type\" content=\"image\/jpeg\" \/>\n<meta name=\"author\" content=\"Comunica\u00e7\u00e3o PSOL\" \/>\n<meta name=\"twitter:card\" content=\"summary_large_image\" \/>\n<meta name=\"twitter:title\" content=\"PSOL apresenta projeto para sustar decreto que amplia porte de armas\" \/>\n<meta name=\"twitter:description\" content=\"Iniciativa de Bolsonaro \u00e9 um retrocesso inadmiss\u00edvel das pol\u00edticas de controle de armas de fogo.\" \/>\n<meta name=\"twitter:image\" content=\"https:\/\/psol50.org.br\/inc\/uploads\/2019\/05\/JairBolsonaro.IsacNobrega.PR_.jpg\" \/>\n<meta name=\"twitter:creator\" content=\"@psol50\" \/>\n<meta name=\"twitter:site\" content=\"@psol50\" \/>\n<meta name=\"twitter:label1\" content=\"Escrito por\" \/>\n\t<meta name=\"twitter:data1\" content=\"Comunica\u00e7\u00e3o PSOL\" \/>\n\t<meta name=\"twitter:label2\" content=\"Est. tempo de leitura\" \/>\n\t<meta name=\"twitter:data2\" content=\"1 minuto\" \/>\n<script type=\"application\/ld+json\" class=\"yoast-schema-graph\">{\"@context\":\"https:\/\/schema.org\",\"@graph\":[{\"@type\":\"Article\",\"@id\":\"https:\/\/psol50.org.br\/psol-apresenta-projeto-para-sustar-decreto-que-amplia-porte-de-armas\/#article\",\"isPartOf\":{\"@id\":\"https:\/\/psol50.org.br\/psol-apresenta-projeto-para-sustar-decreto-que-amplia-porte-de-armas\/\"},\"author\":{\"name\":\"Comunica\u00e7\u00e3o PSOL\",\"@id\":\"https:\/\/psol50.org.br\/#\/schema\/person\/475dfa57d0b815993c714c2e96491fcd\"},\"headline\":\"PSOL apresenta projeto para sustar decreto que amplia porte de armas\",\"datePublished\":\"2019-05-08T16:00:48+00:00\",\"mainEntityOfPage\":{\"@id\":\"https:\/\/psol50.org.br\/psol-apresenta-projeto-para-sustar-decreto-que-amplia-porte-de-armas\/\"},\"wordCount\":260,\"publisher\":{\"@id\":\"https:\/\/psol50.org.br\/#organization\"},\"image\":{\"@id\":\"https:\/\/psol50.org.br\/psol-apresenta-projeto-para-sustar-decreto-que-amplia-porte-de-armas\/#primaryimage\"},\"thumbnailUrl\":\"https:\/\/psol50.org.br\/inc\/uploads\/2019\/05\/JairBolsonaro.IsacNobrega.PR_.jpg\",\"keywords\":[\"armas\",\"Bolsonaro\",\"C\u00e2mara dos Deputados\",\"decreto\",\"PSOL na C\u00e2mara\"],\"articleSection\":[\"A\u00e7\u00e3o Parlamentar\",\"Not\u00edcias\"],\"inLanguage\":\"pt-BR\"},{\"@type\":\"WebPage\",\"@id\":\"https:\/\/psol50.org.br\/psol-apresenta-projeto-para-sustar-decreto-que-amplia-porte-de-armas\/\",\"url\":\"https:\/\/psol50.org.br\/psol-apresenta-projeto-para-sustar-decreto-que-amplia-porte-de-armas\/\",\"name\":\"PSOL apresenta projeto para sustar decreto que amplia porte de armas - PSOL 50\",\"isPartOf\":{\"@id\":\"https:\/\/psol50.org.br\/#website\"},\"primaryImageOfPage\":{\"@id\":\"https:\/\/psol50.org.br\/psol-apresenta-projeto-para-sustar-decreto-que-amplia-porte-de-armas\/#primaryimage\"},\"image\":{\"@id\":\"https:\/\/psol50.org.br\/psol-apresenta-projeto-para-sustar-decreto-que-amplia-porte-de-armas\/#primaryimage\"},\"thumbnailUrl\":\"https:\/\/psol50.org.br\/inc\/uploads\/2019\/05\/JairBolsonaro.IsacNobrega.PR_.jpg\",\"datePublished\":\"2019-05-08T16:00:48+00:00\",\"breadcrumb\":{\"@id\":\"https:\/\/psol50.org.br\/psol-apresenta-projeto-para-sustar-decreto-que-amplia-porte-de-armas\/#breadcrumb\"},\"inLanguage\":\"pt-BR\",\"potentialAction\":[{\"@type\":\"ReadAction\",\"target\":[\"https:\/\/psol50.org.br\/psol-apresenta-projeto-para-sustar-decreto-que-amplia-porte-de-armas\/\"]}]},{\"@type\":\"ImageObject\",\"inLanguage\":\"pt-BR\",\"@id\":\"https:\/\/psol50.org.br\/psol-apresenta-projeto-para-sustar-decreto-que-amplia-porte-de-armas\/#primaryimage\",\"url\":\"https:\/\/psol50.org.br\/inc\/uploads\/2019\/05\/JairBolsonaro.IsacNobrega.PR_.jpg\",\"contentUrl\":\"https:\/\/psol50.org.br\/inc\/uploads\/2019\/05\/JairBolsonaro.IsacNobrega.PR_.jpg\",\"width\":1140,\"height\":760,\"caption\":\"Isac N\u00f3brega \/ PR\"},{\"@type\":\"BreadcrumbList\",\"@id\":\"https:\/\/psol50.org.br\/psol-apresenta-projeto-para-sustar-decreto-que-amplia-porte-de-armas\/#breadcrumb\",\"itemListElement\":[{\"@type\":\"ListItem\",\"position\":1,\"name\":\"In\u00edcio\",\"item\":\"https:\/\/psol50.org.br\/\"},{\"@type\":\"ListItem\",\"position\":2,\"name\":\"PSOL apresenta projeto para sustar decreto que amplia porte de armas\"}]},{\"@type\":\"WebSite\",\"@id\":\"https:\/\/psol50.org.br\/#website\",\"url\":\"https:\/\/psol50.org.br\/\",\"name\":\"PSOL 50\",\"description\":\"Site oficial do Partido Socialismo e Liberdade\",\"publisher\":{\"@id\":\"https:\/\/psol50.org.br\/#organization\"},\"alternateName\":\"PSOL50\",\"potentialAction\":[{\"@type\":\"SearchAction\",\"target\":{\"@type\":\"EntryPoint\",\"urlTemplate\":\"https:\/\/psol50.org.br\/?s={search_term_string}\"},\"query-input\":{\"@type\":\"PropertyValueSpecification\",\"valueRequired\":true,\"valueName\":\"search_term_string\"}}],\"inLanguage\":\"pt-BR\"},{\"@type\":\"Organization\",\"@id\":\"https:\/\/psol50.org.br\/#organization\",\"name\":\"PSOL 50\",\"alternateName\":\"PSOL 50\",\"url\":\"https:\/\/psol50.org.br\/\",\"logo\":{\"@type\":\"ImageObject\",\"inLanguage\":\"pt-BR\",\"@id\":\"https:\/\/psol50.org.br\/#\/schema\/logo\/image\/\",\"url\":\"https:\/\/psol50.org.br\/inc\/uploads\/2018\/07\/capa.png\",\"contentUrl\":\"https:\/\/psol50.org.br\/inc\/uploads\/2018\/07\/capa.png\",\"width\":1350,\"height\":900,\"caption\":\"PSOL 50\"},\"image\":{\"@id\":\"https:\/\/psol50.org.br\/#\/schema\/logo\/image\/\"},\"sameAs\":[\"https:\/\/www.facebook.com\/psol50\",\"https:\/\/x.com\/psol50\",\"https:\/\/www.instagram.com\/psol50\/\",\"https:\/\/www.youtube.com\/channel\/UC7SnJS5o1os7a6CaiNabzcg\"]},{\"@type\":\"Person\",\"@id\":\"https:\/\/psol50.org.br\/#\/schema\/person\/475dfa57d0b815993c714c2e96491fcd\",\"name\":\"Comunica\u00e7\u00e3o PSOL\",\"image\":{\"@type\":\"ImageObject\",\"inLanguage\":\"pt-BR\",\"@id\":\"https:\/\/psol50.org.br\/#\/schema\/person\/image\/\",\"url\":\"https:\/\/secure.gravatar.com\/avatar\/b34fc4f4e468a4e51785917065a3db57b841f5c95dba6ad8c73aaf8f66f8f9bf?s=96&d=mm&r=g\",\"contentUrl\":\"https:\/\/secure.gravatar.com\/avatar\/b34fc4f4e468a4e51785917065a3db57b841f5c95dba6ad8c73aaf8f66f8f9bf?s=96&d=mm&r=g\",\"caption\":\"Comunica\u00e7\u00e3o PSOL\"}}]}<\/script>\n<!-- \/ Yoast SEO plugin. -->","yoast_head_json":{"title":"PSOL apresenta projeto para sustar decreto que amplia porte de armas - PSOL 50","robots":{"index":"index","follow":"follow","max-snippet":"max-snippet:-1","max-image-preview":"max-image-preview:large","max-video-preview":"max-video-preview:-1"},"canonical":"https:\/\/psol50.org.br\/psol-apresenta-projeto-para-sustar-decreto-que-amplia-porte-de-armas\/","og_locale":"pt_BR","og_type":"article","og_title":"PSOL apresenta projeto para sustar decreto que amplia porte de armas","og_description":"Iniciativa de Bolsonaro \u00e9 um retrocesso inadmiss\u00edvel das pol\u00edticas de controle de armas de fogo.","og_url":"https:\/\/psol50.org.br\/psol-apresenta-projeto-para-sustar-decreto-que-amplia-porte-de-armas\/","og_site_name":"PSOL 50","article_publisher":"https:\/\/www.facebook.com\/psol50","article_published_time":"2019-05-08T16:00:48+00:00","og_image":[{"width":1140,"height":760,"url":"https:\/\/psol50.org.br\/inc\/uploads\/2019\/05\/JairBolsonaro.IsacNobrega.PR_.jpg","type":"image\/jpeg"}],"author":"Comunica\u00e7\u00e3o PSOL","twitter_card":"summary_large_image","twitter_title":"PSOL apresenta projeto para sustar decreto que amplia porte de armas","twitter_description":"Iniciativa de Bolsonaro \u00e9 um retrocesso inadmiss\u00edvel das pol\u00edticas de controle de armas de fogo.","twitter_image":"https:\/\/psol50.org.br\/inc\/uploads\/2019\/05\/JairBolsonaro.IsacNobrega.PR_.jpg","twitter_creator":"@psol50","twitter_site":"@psol50","twitter_misc":{"Escrito por":"Comunica\u00e7\u00e3o PSOL","Est. tempo de leitura":"1 minuto"},"schema":{"@context":"https:\/\/schema.org","@graph":[{"@type":"Article","@id":"https:\/\/psol50.org.br\/psol-apresenta-projeto-para-sustar-decreto-que-amplia-porte-de-armas\/#article","isPartOf":{"@id":"https:\/\/psol50.org.br\/psol-apresenta-projeto-para-sustar-decreto-que-amplia-porte-de-armas\/"},"author":{"name":"Comunica\u00e7\u00e3o PSOL","@id":"https:\/\/psol50.org.br\/#\/schema\/person\/475dfa57d0b815993c714c2e96491fcd"},"headline":"PSOL apresenta projeto para sustar decreto que amplia porte de armas","datePublished":"2019-05-08T16:00:48+00:00","mainEntityOfPage":{"@id":"https:\/\/psol50.org.br\/psol-apresenta-projeto-para-sustar-decreto-que-amplia-porte-de-armas\/"},"wordCount":260,"publisher":{"@id":"https:\/\/psol50.org.br\/#organization"},"image":{"@id":"https:\/\/psol50.org.br\/psol-apresenta-projeto-para-sustar-decreto-que-amplia-porte-de-armas\/#primaryimage"},"thumbnailUrl":"https:\/\/psol50.org.br\/inc\/uploads\/2019\/05\/JairBolsonaro.IsacNobrega.PR_.jpg","keywords":["armas","Bolsonaro","C\u00e2mara dos Deputados","decreto","PSOL na C\u00e2mara"],"articleSection":["A\u00e7\u00e3o Parlamentar","Not\u00edcias"],"inLanguage":"pt-BR"},{"@type":"WebPage","@id":"https:\/\/psol50.org.br\/psol-apresenta-projeto-para-sustar-decreto-que-amplia-porte-de-armas\/","url":"https:\/\/psol50.org.br\/psol-apresenta-projeto-para-sustar-decreto-que-amplia-porte-de-armas\/","name":"PSOL apresenta projeto para sustar decreto que amplia porte de armas - PSOL 50","isPartOf":{"@id":"https:\/\/psol50.org.br\/#website"},"primaryImageOfPage":{"@id":"https:\/\/psol50.org.br\/psol-apresenta-projeto-para-sustar-decreto-que-amplia-porte-de-armas\/#primaryimage"},"image":{"@id":"https:\/\/psol50.org.br\/psol-apresenta-projeto-para-sustar-decreto-que-amplia-porte-de-armas\/#primaryimage"},"thumbnailUrl":"https:\/\/psol50.org.br\/inc\/uploads\/2019\/05\/JairBolsonaro.IsacNobrega.PR_.jpg","datePublished":"2019-05-08T16:00:48+00:00","breadcrumb":{"@id":"https:\/\/psol50.org.br\/psol-apresenta-projeto-para-sustar-decreto-que-amplia-porte-de-armas\/#breadcrumb"},"inLanguage":"pt-BR","potentialAction":[{"@type":"ReadAction","target":["https:\/\/psol50.org.br\/psol-apresenta-projeto-para-sustar-decreto-que-amplia-porte-de-armas\/"]}]},{"@type":"ImageObject","inLanguage":"pt-BR","@id":"https:\/\/psol50.org.br\/psol-apresenta-projeto-para-sustar-decreto-que-amplia-porte-de-armas\/#primaryimage","url":"https:\/\/psol50.org.br\/inc\/uploads\/2019\/05\/JairBolsonaro.IsacNobrega.PR_.jpg","contentUrl":"https:\/\/psol50.org.br\/inc\/uploads\/2019\/05\/JairBolsonaro.IsacNobrega.PR_.jpg","width":1140,"height":760,"caption":"Isac N\u00f3brega \/ PR"},{"@type":"BreadcrumbList","@id":"https:\/\/psol50.org.br\/psol-apresenta-projeto-para-sustar-decreto-que-amplia-porte-de-armas\/#breadcrumb","itemListElement":[{"@type":"ListItem","position":1,"name":"In\u00edcio","item":"https:\/\/psol50.org.br\/"},{"@type":"ListItem","position":2,"name":"PSOL apresenta projeto para sustar decreto que amplia porte de armas"}]},{"@type":"WebSite","@id":"https:\/\/psol50.org.br\/#website","url":"https:\/\/psol50.org.br\/","name":"PSOL 50","description":"Site oficial do Partido Socialismo e Liberdade","publisher":{"@id":"https:\/\/psol50.org.br\/#organization"},"alternateName":"PSOL50","potentialAction":[{"@type":"SearchAction","target":{"@type":"EntryPoint","urlTemplate":"https:\/\/psol50.org.br\/?s={search_term_string}"},"query-input":{"@type":"PropertyValueSpecification","valueRequired":true,"valueName":"search_term_string"}}],"inLanguage":"pt-BR"},{"@type":"Organization","@id":"https:\/\/psol50.org.br\/#organization","name":"PSOL 50","alternateName":"PSOL 50","url":"https:\/\/psol50.org.br\/","logo":{"@type":"ImageObject","inLanguage":"pt-BR","@id":"https:\/\/psol50.org.br\/#\/schema\/logo\/image\/","url":"https:\/\/psol50.org.br\/inc\/uploads\/2018\/07\/capa.png","contentUrl":"https:\/\/psol50.org.br\/inc\/uploads\/2018\/07\/capa.png","width":1350,"height":900,"caption":"PSOL 50"},"image":{"@id":"https:\/\/psol50.org.br\/#\/schema\/logo\/image\/"},"sameAs":["https:\/\/www.facebook.com\/psol50","https:\/\/x.com\/psol50","https:\/\/www.instagram.com\/psol50\/","https:\/\/www.youtube.com\/channel\/UC7SnJS5o1os7a6CaiNabzcg"]},{"@type":"Person","@id":"https:\/\/psol50.org.br\/#\/schema\/person\/475dfa57d0b815993c714c2e96491fcd","name":"Comunica\u00e7\u00e3o PSOL","image":{"@type":"ImageObject","inLanguage":"pt-BR","@id":"https:\/\/psol50.org.br\/#\/schema\/person\/image\/","url":"https:\/\/secure.gravatar.com\/avatar\/b34fc4f4e468a4e51785917065a3db57b841f5c95dba6ad8c73aaf8f66f8f9bf?s=96&d=mm&r=g","contentUrl":"https:\/\/secure.gravatar.com\/avatar\/b34fc4f4e468a4e51785917065a3db57b841f5c95dba6ad8c73aaf8f66f8f9bf?s=96&d=mm&r=g","caption":"Comunica\u00e7\u00e3o PSOL"}}]}},"_links":{"self":[{"href":"https:\/\/psol50.org.br\/rest\/wp\/v2\/posts\/25130","targetHints":{"allow":["GET"]}}],"collection":[{"href":"https:\/\/psol50.org.br\/rest\/wp\/v2\/posts"}],"about":[{"href":"https:\/\/psol50.org.br\/rest\/wp\/v2\/types\/post"}],"author":[{"embeddable":true,"href":"https:\/\/psol50.org.br\/rest\/wp\/v2\/users\/2"}],"replies":[{"embeddable":true,"href":"https:\/\/psol50.org.br\/rest\/wp\/v2\/comments?post=25130"}],"version-history":[{"count":0,"href":"https:\/\/psol50.org.br\/rest\/wp\/v2\/posts\/25130\/revisions"}],"wp:featuredmedia":[{"embeddable":true,"href":"https:\/\/psol50.org.br\/rest\/wp\/v2\/media\/25122"}],"wp:attachment":[{"href":"https:\/\/psol50.org.br\/rest\/wp\/v2\/media?parent=25130"}],"wp:term":[{"taxonomy":"category","embeddable":true,"href":"https:\/\/psol50.org.br\/rest\/wp\/v2\/categories?post=25130"},{"taxonomy":"post_tag","embeddable":true,"href":"https:\/\/psol50.org.br\/rest\/wp\/v2\/tags?post=25130"}],"curies":[{"name":"wp","href":"https:\/\/api.w.org\/{rel}","templated":true}]}}