{"id":25151,"date":"2019-05-10T13:10:09","date_gmt":"2019-05-10T16:10:09","guid":{"rendered":"http:\/\/psol50.org.br\/?p=25151"},"modified":"2019-05-10T13:10:09","modified_gmt":"2019-05-10T16:10:09","slug":"melchionna-propoe-pec-para-proibir-contingenciamento-na-educacao","status":"publish","type":"post","link":"https:\/\/psol50.org.br\/melchionna-propoe-pec-para-proibir-contingenciamento-na-educacao\/","title":{"rendered":"Fernanda Melchionna prop\u00f5e PEC para proibir contingenciamento na Educa\u00e7\u00e3o"},"content":{"rendered":"<p>A deputada federal Fernanda Melchionna\u00a0 est\u00e1 coletando assinaturas para protocolar uma Proposta de Emenda Constitucional visando proibir altera\u00e7\u00f5es no or\u00e7amento aprovado para a \u00e1rea da Educa\u00e7\u00e3o. A PEC de iniciativa do mandato, em coautoria com a deputada S\u00e2mia Bomfim e David Miranda, inclui o par\u00e1grafo 19 no artigo 166 da Constitui\u00e7\u00e3o Federal, para tornar obrigat\u00f3ria a execu\u00e7\u00e3o da programa\u00e7\u00e3o or\u00e7ament\u00e1ria relativa \u00e0 manuten\u00e7\u00e3o e desenvolvimento do ensino.<\/p>\n<p>O movimento \u00e9 uma resposta aos recentes cortes promovidos pelo governo Bolsonaro no Minist\u00e9rio da Educa\u00e7\u00e3o, que somam R$ 7,3 bilh\u00f5es, indo da educa\u00e7\u00e3o infantil \u00e0 p\u00f3s-gradua\u00e7\u00e3o. Sob a alega\u00e7\u00e3o infundada de que as Universidades fazem balb\u00fardia, entre outros argumentos ainda piores, foi anunciado o contingenciamento de 30% da verba para a UnB, UFF e UFBA, depois expandidas para todo o sistema p\u00fablico de ensino superior. Na ter\u00e7a (7), em encontro no Senado Federal, o Ministro da Educa\u00e7\u00e3o Abraham Weintraub condicionou o bloqueio \u00e0 aprova\u00e7\u00e3o da Reforma da Previd\u00eancia no Congresso Nacional.<\/p>\n<p>\u201cOs investimentos em Educa\u00e7\u00e3o est\u00e3o sendo utilizados como forma de chantagem para aprovar \u00e0 for\u00e7a uma nefasta reforma na Previd\u00eancia que ir\u00e1 fazer os trabalhadores trabalharem, literalmente, at\u00e9 morrer e como forma de censurar universidades que tenham alunos e professores cr\u00edticos ao governo. Cortes no ensino causam danos irrepar\u00e1veis na sociedade e queremos garantir que eles estejam imunes aos desmandos de Bolsonaro e qualquer outro governante autorit\u00e1rio\u201d, diz a deputada.<\/p>\n<p>De acordo com as universidades e institutos federais, os cortes tornam imposs\u00edvel os pagamentos de despesas b\u00e1sicas, como luz, \u00e1gua, limpeza e seguran\u00e7a, al\u00e9m de restaurantes universit\u00e1rios e assist\u00eancia estudantil. Muitas institui\u00e7\u00f5es est\u00e3o sob risco real de fechar as portas no segundo semestre, o que prejudica a execu\u00e7\u00e3o de um servi\u00e7o previsto na constitui\u00e7\u00e3o.<\/p>\n<p>De acordo com o relat\u00f3rio \u201cPesquisa no Brasil \u2013 Um relat\u00f3rio para a CAPES\u201d, realizado pela empresa norte-americana Clarivate Analytics, 95% da produ\u00e7\u00e3o cient\u00edfica brasileira \u00e9 feita dentro das institui\u00e7\u00f5es p\u00fablicas de ensino.<\/p>\n","protected":false},"excerpt":{"rendered":"<p>A deputada federal Fernanda Melchionna\u00a0 est\u00e1 coletando assinaturas para protocolar uma Proposta de Emenda Constitucional visando proibir altera\u00e7\u00f5es no or\u00e7amento aprovado para a \u00e1rea da Educa\u00e7\u00e3o. A PEC de iniciativa do mandato, em coautoria com a deputada S\u00e2mia Bomfim e David Miranda, inclui o par\u00e1grafo 19 no artigo 166 da Constitui\u00e7\u00e3o Federal, para tornar obrigat\u00f3ria [&hellip;]<\/p>\n","protected":false},"author":2,"featured_media":25152,"comment_status":"closed","ping_status":"open","sticky":false,"template":"","format":"standard","meta":{"_acf_changed":false,"footnotes":""},"categories":[6],"tags":[1581,1809,1810,164,296],"class_list":{"0":"post-25151","1":"post","2":"type-post","3":"status-publish","4":"format-standard","5":"has-post-thumbnail","7":"category-noticias","8":"tag-assinaturas","9":"tag-coleta-de-assinaturas","10":"tag-corte-de-gastos","11":"tag-educacao","12":"tag-fernanda-melchionna"},"acf":[],"yoast_head":"<!-- This site is optimized with the Yoast SEO plugin v26.5 - https:\/\/yoast.com\/wordpress\/plugins\/seo\/ -->\n<title>Fernanda Melchionna prop\u00f5e PEC para proibir contingenciamento na Educa\u00e7\u00e3o - PSOL 50<\/title>\n<meta name=\"robots\" content=\"index, follow, max-snippet:-1, max-image-preview:large, max-video-preview:-1\" \/>\n<link rel=\"canonical\" href=\"https:\/\/psol50.org.br\/melchionna-propoe-pec-para-proibir-contingenciamento-na-educacao\/\" \/>\n<meta property=\"og:locale\" content=\"pt_BR\" \/>\n<meta property=\"og:type\" content=\"article\" \/>\n<meta property=\"og:title\" content=\"Fernanda Melchionna prop\u00f5e PEC para proibir contingenciamento na Educa\u00e7\u00e3o\" \/>\n<meta property=\"og:description\" content=\"A deputada j\u00e1 coletou mais de 115 assinaturas para PEC que pro\u00edbe os cortes na \u00e1rea.\" \/>\n<meta property=\"og:url\" content=\"https:\/\/psol50.org.br\/melchionna-propoe-pec-para-proibir-contingenciamento-na-educacao\/\" \/>\n<meta property=\"og:site_name\" content=\"PSOL 50\" \/>\n<meta property=\"article:publisher\" content=\"https:\/\/www.facebook.com\/psol50\" \/>\n<meta property=\"article:published_time\" content=\"2019-05-10T16:10:09+00:00\" \/>\n<meta property=\"og:image\" content=\"https:\/\/psol50.org.br\/inc\/uploads\/2019\/05\/FernandaMelchionna.jpg\" \/>\n\t<meta property=\"og:image:width\" content=\"1024\" \/>\n\t<meta property=\"og:image:height\" content=\"768\" \/>\n\t<meta property=\"og:image:type\" content=\"image\/jpeg\" \/>\n<meta name=\"author\" content=\"Comunica\u00e7\u00e3o PSOL\" \/>\n<meta name=\"twitter:card\" content=\"summary_large_image\" \/>\n<meta name=\"twitter:title\" content=\"Fernanda Melchionna prop\u00f5e PEC para proibir contingenciamento na Educa\u00e7\u00e3o\" \/>\n<meta name=\"twitter:description\" content=\"A deputada j\u00e1 coletou mais de 115 assinaturas para PEC que pro\u00edbe os cortes na \u00e1rea.\" \/>\n<meta name=\"twitter:image\" content=\"https:\/\/psol50.org.br\/inc\/uploads\/2019\/05\/FernandaMelchionna.jpg\" \/>\n<meta name=\"twitter:creator\" content=\"@psol50\" \/>\n<meta name=\"twitter:site\" content=\"@psol50\" \/>\n<meta name=\"twitter:label1\" content=\"Escrito por\" \/>\n\t<meta name=\"twitter:data1\" content=\"Comunica\u00e7\u00e3o PSOL\" \/>\n\t<meta name=\"twitter:label2\" content=\"Est. tempo de leitura\" \/>\n\t<meta name=\"twitter:data2\" content=\"2 minutos\" \/>\n<script type=\"application\/ld+json\" class=\"yoast-schema-graph\">{\"@context\":\"https:\/\/schema.org\",\"@graph\":[{\"@type\":\"Article\",\"@id\":\"https:\/\/psol50.org.br\/melchionna-propoe-pec-para-proibir-contingenciamento-na-educacao\/#article\",\"isPartOf\":{\"@id\":\"https:\/\/psol50.org.br\/melchionna-propoe-pec-para-proibir-contingenciamento-na-educacao\/\"},\"author\":{\"name\":\"Comunica\u00e7\u00e3o PSOL\",\"@id\":\"https:\/\/psol50.org.br\/#\/schema\/person\/475dfa57d0b815993c714c2e96491fcd\"},\"headline\":\"Fernanda Melchionna prop\u00f5e PEC para proibir contingenciamento na Educa\u00e7\u00e3o\",\"datePublished\":\"2019-05-10T16:10:09+00:00\",\"mainEntityOfPage\":{\"@id\":\"https:\/\/psol50.org.br\/melchionna-propoe-pec-para-proibir-contingenciamento-na-educacao\/\"},\"wordCount\":363,\"publisher\":{\"@id\":\"https:\/\/psol50.org.br\/#organization\"},\"image\":{\"@id\":\"https:\/\/psol50.org.br\/melchionna-propoe-pec-para-proibir-contingenciamento-na-educacao\/#primaryimage\"},\"thumbnailUrl\":\"https:\/\/psol50.org.br\/inc\/uploads\/2019\/05\/FernandaMelchionna.jpg\",\"keywords\":[\"assinaturas\",\"coleta de assinaturas\",\"corte de gastos\",\"Educa\u00e7\u00e3o\",\"Fernanda Melchionna\"],\"articleSection\":[\"Not\u00edcias\"],\"inLanguage\":\"pt-BR\"},{\"@type\":\"WebPage\",\"@id\":\"https:\/\/psol50.org.br\/melchionna-propoe-pec-para-proibir-contingenciamento-na-educacao\/\",\"url\":\"https:\/\/psol50.org.br\/melchionna-propoe-pec-para-proibir-contingenciamento-na-educacao\/\",\"name\":\"Fernanda Melchionna prop\u00f5e PEC para proibir contingenciamento na Educa\u00e7\u00e3o - PSOL 50\",\"isPartOf\":{\"@id\":\"https:\/\/psol50.org.br\/#website\"},\"primaryImageOfPage\":{\"@id\":\"https:\/\/psol50.org.br\/melchionna-propoe-pec-para-proibir-contingenciamento-na-educacao\/#primaryimage\"},\"image\":{\"@id\":\"https:\/\/psol50.org.br\/melchionna-propoe-pec-para-proibir-contingenciamento-na-educacao\/#primaryimage\"},\"thumbnailUrl\":\"https:\/\/psol50.org.br\/inc\/uploads\/2019\/05\/FernandaMelchionna.jpg\",\"datePublished\":\"2019-05-10T16:10:09+00:00\",\"breadcrumb\":{\"@id\":\"https:\/\/psol50.org.br\/melchionna-propoe-pec-para-proibir-contingenciamento-na-educacao\/#breadcrumb\"},\"inLanguage\":\"pt-BR\",\"potentialAction\":[{\"@type\":\"ReadAction\",\"target\":[\"https:\/\/psol50.org.br\/melchionna-propoe-pec-para-proibir-contingenciamento-na-educacao\/\"]}]},{\"@type\":\"ImageObject\",\"inLanguage\":\"pt-BR\",\"@id\":\"https:\/\/psol50.org.br\/melchionna-propoe-pec-para-proibir-contingenciamento-na-educacao\/#primaryimage\",\"url\":\"https:\/\/psol50.org.br\/inc\/uploads\/2019\/05\/FernandaMelchionna.jpg\",\"contentUrl\":\"https:\/\/psol50.org.br\/inc\/uploads\/2019\/05\/FernandaMelchionna.jpg\",\"width\":1024,\"height\":768},{\"@type\":\"BreadcrumbList\",\"@id\":\"https:\/\/psol50.org.br\/melchionna-propoe-pec-para-proibir-contingenciamento-na-educacao\/#breadcrumb\",\"itemListElement\":[{\"@type\":\"ListItem\",\"position\":1,\"name\":\"In\u00edcio\",\"item\":\"https:\/\/psol50.org.br\/\"},{\"@type\":\"ListItem\",\"position\":2,\"name\":\"Fernanda Melchionna prop\u00f5e PEC para proibir contingenciamento na Educa\u00e7\u00e3o\"}]},{\"@type\":\"WebSite\",\"@id\":\"https:\/\/psol50.org.br\/#website\",\"url\":\"https:\/\/psol50.org.br\/\",\"name\":\"PSOL 50\",\"description\":\"Site oficial do Partido Socialismo e Liberdade\",\"publisher\":{\"@id\":\"https:\/\/psol50.org.br\/#organization\"},\"alternateName\":\"PSOL50\",\"potentialAction\":[{\"@type\":\"SearchAction\",\"target\":{\"@type\":\"EntryPoint\",\"urlTemplate\":\"https:\/\/psol50.org.br\/?s={search_term_string}\"},\"query-input\":{\"@type\":\"PropertyValueSpecification\",\"valueRequired\":true,\"valueName\":\"search_term_string\"}}],\"inLanguage\":\"pt-BR\"},{\"@type\":\"Organization\",\"@id\":\"https:\/\/psol50.org.br\/#organization\",\"name\":\"PSOL 50\",\"alternateName\":\"PSOL 50\",\"url\":\"https:\/\/psol50.org.br\/\",\"logo\":{\"@type\":\"ImageObject\",\"inLanguage\":\"pt-BR\",\"@id\":\"https:\/\/psol50.org.br\/#\/schema\/logo\/image\/\",\"url\":\"https:\/\/psol50.org.br\/inc\/uploads\/2018\/07\/capa.png\",\"contentUrl\":\"https:\/\/psol50.org.br\/inc\/uploads\/2018\/07\/capa.png\",\"width\":1350,\"height\":900,\"caption\":\"PSOL 50\"},\"image\":{\"@id\":\"https:\/\/psol50.org.br\/#\/schema\/logo\/image\/\"},\"sameAs\":[\"https:\/\/www.facebook.com\/psol50\",\"https:\/\/x.com\/psol50\",\"https:\/\/www.instagram.com\/psol50\/\",\"https:\/\/www.youtube.com\/channel\/UC7SnJS5o1os7a6CaiNabzcg\"]},{\"@type\":\"Person\",\"@id\":\"https:\/\/psol50.org.br\/#\/schema\/person\/475dfa57d0b815993c714c2e96491fcd\",\"name\":\"Comunica\u00e7\u00e3o PSOL\",\"image\":{\"@type\":\"ImageObject\",\"inLanguage\":\"pt-BR\",\"@id\":\"https:\/\/psol50.org.br\/#\/schema\/person\/image\/\",\"url\":\"https:\/\/secure.gravatar.com\/avatar\/b34fc4f4e468a4e51785917065a3db57b841f5c95dba6ad8c73aaf8f66f8f9bf?s=96&d=mm&r=g\",\"contentUrl\":\"https:\/\/secure.gravatar.com\/avatar\/b34fc4f4e468a4e51785917065a3db57b841f5c95dba6ad8c73aaf8f66f8f9bf?s=96&d=mm&r=g\",\"caption\":\"Comunica\u00e7\u00e3o PSOL\"}}]}<\/script>\n<!-- \/ Yoast SEO plugin. -->","yoast_head_json":{"title":"Fernanda Melchionna prop\u00f5e PEC para proibir contingenciamento na Educa\u00e7\u00e3o - PSOL 50","robots":{"index":"index","follow":"follow","max-snippet":"max-snippet:-1","max-image-preview":"max-image-preview:large","max-video-preview":"max-video-preview:-1"},"canonical":"https:\/\/psol50.org.br\/melchionna-propoe-pec-para-proibir-contingenciamento-na-educacao\/","og_locale":"pt_BR","og_type":"article","og_title":"Fernanda Melchionna prop\u00f5e PEC para proibir contingenciamento na Educa\u00e7\u00e3o","og_description":"A deputada j\u00e1 coletou mais de 115 assinaturas para PEC que pro\u00edbe os cortes na \u00e1rea.","og_url":"https:\/\/psol50.org.br\/melchionna-propoe-pec-para-proibir-contingenciamento-na-educacao\/","og_site_name":"PSOL 50","article_publisher":"https:\/\/www.facebook.com\/psol50","article_published_time":"2019-05-10T16:10:09+00:00","og_image":[{"width":1024,"height":768,"url":"https:\/\/psol50.org.br\/inc\/uploads\/2019\/05\/FernandaMelchionna.jpg","type":"image\/jpeg"}],"author":"Comunica\u00e7\u00e3o PSOL","twitter_card":"summary_large_image","twitter_title":"Fernanda Melchionna prop\u00f5e PEC para proibir contingenciamento na Educa\u00e7\u00e3o","twitter_description":"A deputada j\u00e1 coletou mais de 115 assinaturas para PEC que pro\u00edbe os cortes na \u00e1rea.","twitter_image":"https:\/\/psol50.org.br\/inc\/uploads\/2019\/05\/FernandaMelchionna.jpg","twitter_creator":"@psol50","twitter_site":"@psol50","twitter_misc":{"Escrito por":"Comunica\u00e7\u00e3o PSOL","Est. tempo de leitura":"2 minutos"},"schema":{"@context":"https:\/\/schema.org","@graph":[{"@type":"Article","@id":"https:\/\/psol50.org.br\/melchionna-propoe-pec-para-proibir-contingenciamento-na-educacao\/#article","isPartOf":{"@id":"https:\/\/psol50.org.br\/melchionna-propoe-pec-para-proibir-contingenciamento-na-educacao\/"},"author":{"name":"Comunica\u00e7\u00e3o PSOL","@id":"https:\/\/psol50.org.br\/#\/schema\/person\/475dfa57d0b815993c714c2e96491fcd"},"headline":"Fernanda Melchionna prop\u00f5e PEC para proibir contingenciamento na Educa\u00e7\u00e3o","datePublished":"2019-05-10T16:10:09+00:00","mainEntityOfPage":{"@id":"https:\/\/psol50.org.br\/melchionna-propoe-pec-para-proibir-contingenciamento-na-educacao\/"},"wordCount":363,"publisher":{"@id":"https:\/\/psol50.org.br\/#organization"},"image":{"@id":"https:\/\/psol50.org.br\/melchionna-propoe-pec-para-proibir-contingenciamento-na-educacao\/#primaryimage"},"thumbnailUrl":"https:\/\/psol50.org.br\/inc\/uploads\/2019\/05\/FernandaMelchionna.jpg","keywords":["assinaturas","coleta de assinaturas","corte de gastos","Educa\u00e7\u00e3o","Fernanda Melchionna"],"articleSection":["Not\u00edcias"],"inLanguage":"pt-BR"},{"@type":"WebPage","@id":"https:\/\/psol50.org.br\/melchionna-propoe-pec-para-proibir-contingenciamento-na-educacao\/","url":"https:\/\/psol50.org.br\/melchionna-propoe-pec-para-proibir-contingenciamento-na-educacao\/","name":"Fernanda Melchionna prop\u00f5e PEC para proibir contingenciamento na Educa\u00e7\u00e3o - PSOL 50","isPartOf":{"@id":"https:\/\/psol50.org.br\/#website"},"primaryImageOfPage":{"@id":"https:\/\/psol50.org.br\/melchionna-propoe-pec-para-proibir-contingenciamento-na-educacao\/#primaryimage"},"image":{"@id":"https:\/\/psol50.org.br\/melchionna-propoe-pec-para-proibir-contingenciamento-na-educacao\/#primaryimage"},"thumbnailUrl":"https:\/\/psol50.org.br\/inc\/uploads\/2019\/05\/FernandaMelchionna.jpg","datePublished":"2019-05-10T16:10:09+00:00","breadcrumb":{"@id":"https:\/\/psol50.org.br\/melchionna-propoe-pec-para-proibir-contingenciamento-na-educacao\/#breadcrumb"},"inLanguage":"pt-BR","potentialAction":[{"@type":"ReadAction","target":["https:\/\/psol50.org.br\/melchionna-propoe-pec-para-proibir-contingenciamento-na-educacao\/"]}]},{"@type":"ImageObject","inLanguage":"pt-BR","@id":"https:\/\/psol50.org.br\/melchionna-propoe-pec-para-proibir-contingenciamento-na-educacao\/#primaryimage","url":"https:\/\/psol50.org.br\/inc\/uploads\/2019\/05\/FernandaMelchionna.jpg","contentUrl":"https:\/\/psol50.org.br\/inc\/uploads\/2019\/05\/FernandaMelchionna.jpg","width":1024,"height":768},{"@type":"BreadcrumbList","@id":"https:\/\/psol50.org.br\/melchionna-propoe-pec-para-proibir-contingenciamento-na-educacao\/#breadcrumb","itemListElement":[{"@type":"ListItem","position":1,"name":"In\u00edcio","item":"https:\/\/psol50.org.br\/"},{"@type":"ListItem","position":2,"name":"Fernanda Melchionna prop\u00f5e PEC para proibir contingenciamento na Educa\u00e7\u00e3o"}]},{"@type":"WebSite","@id":"https:\/\/psol50.org.br\/#website","url":"https:\/\/psol50.org.br\/","name":"PSOL 50","description":"Site oficial do Partido Socialismo e Liberdade","publisher":{"@id":"https:\/\/psol50.org.br\/#organization"},"alternateName":"PSOL50","potentialAction":[{"@type":"SearchAction","target":{"@type":"EntryPoint","urlTemplate":"https:\/\/psol50.org.br\/?s={search_term_string}"},"query-input":{"@type":"PropertyValueSpecification","valueRequired":true,"valueName":"search_term_string"}}],"inLanguage":"pt-BR"},{"@type":"Organization","@id":"https:\/\/psol50.org.br\/#organization","name":"PSOL 50","alternateName":"PSOL 50","url":"https:\/\/psol50.org.br\/","logo":{"@type":"ImageObject","inLanguage":"pt-BR","@id":"https:\/\/psol50.org.br\/#\/schema\/logo\/image\/","url":"https:\/\/psol50.org.br\/inc\/uploads\/2018\/07\/capa.png","contentUrl":"https:\/\/psol50.org.br\/inc\/uploads\/2018\/07\/capa.png","width":1350,"height":900,"caption":"PSOL 50"},"image":{"@id":"https:\/\/psol50.org.br\/#\/schema\/logo\/image\/"},"sameAs":["https:\/\/www.facebook.com\/psol50","https:\/\/x.com\/psol50","https:\/\/www.instagram.com\/psol50\/","https:\/\/www.youtube.com\/channel\/UC7SnJS5o1os7a6CaiNabzcg"]},{"@type":"Person","@id":"https:\/\/psol50.org.br\/#\/schema\/person\/475dfa57d0b815993c714c2e96491fcd","name":"Comunica\u00e7\u00e3o PSOL","image":{"@type":"ImageObject","inLanguage":"pt-BR","@id":"https:\/\/psol50.org.br\/#\/schema\/person\/image\/","url":"https:\/\/secure.gravatar.com\/avatar\/b34fc4f4e468a4e51785917065a3db57b841f5c95dba6ad8c73aaf8f66f8f9bf?s=96&d=mm&r=g","contentUrl":"https:\/\/secure.gravatar.com\/avatar\/b34fc4f4e468a4e51785917065a3db57b841f5c95dba6ad8c73aaf8f66f8f9bf?s=96&d=mm&r=g","caption":"Comunica\u00e7\u00e3o PSOL"}}]}},"_links":{"self":[{"href":"https:\/\/psol50.org.br\/rest\/wp\/v2\/posts\/25151","targetHints":{"allow":["GET"]}}],"collection":[{"href":"https:\/\/psol50.org.br\/rest\/wp\/v2\/posts"}],"about":[{"href":"https:\/\/psol50.org.br\/rest\/wp\/v2\/types\/post"}],"author":[{"embeddable":true,"href":"https:\/\/psol50.org.br\/rest\/wp\/v2\/users\/2"}],"replies":[{"embeddable":true,"href":"https:\/\/psol50.org.br\/rest\/wp\/v2\/comments?post=25151"}],"version-history":[{"count":0,"href":"https:\/\/psol50.org.br\/rest\/wp\/v2\/posts\/25151\/revisions"}],"wp:featuredmedia":[{"embeddable":true,"href":"https:\/\/psol50.org.br\/rest\/wp\/v2\/media\/25152"}],"wp:attachment":[{"href":"https:\/\/psol50.org.br\/rest\/wp\/v2\/media?parent=25151"}],"wp:term":[{"taxonomy":"category","embeddable":true,"href":"https:\/\/psol50.org.br\/rest\/wp\/v2\/categories?post=25151"},{"taxonomy":"post_tag","embeddable":true,"href":"https:\/\/psol50.org.br\/rest\/wp\/v2\/tags?post=25151"}],"curies":[{"name":"wp","href":"https:\/\/api.w.org\/{rel}","templated":true}]}}