{"id":2519,"date":"2014-01-14T00:00:00","date_gmt":"2014-01-14T00:00:00","guid":{"rendered":"http:\/\/psol50.org.br\/arquivo\/2014\/01\/14\/movimentos-pro-palestina-divulgam-nota-de-repudio-a-globo-por-personagem-da-novela\/"},"modified":"2014-01-14T00:00:00","modified_gmt":"2014-01-14T00:00:00","slug":"movimentos-pro-palestina-divulgam-nota-de-repudio-a-globo-por-personagem-da-novela","status":"publish","type":"post","link":"https:\/\/psol50.org.br\/movimentos-pro-palestina-divulgam-nota-de-repudio-a-globo-por-personagem-da-novela\/","title":{"rendered":"Movimentos pr\u00f3-Palestina divulgam nota de rep\u00fadio \u00e0 Globo por personagem da novela"},"content":{"rendered":"<p style=\"text-align: justify;\">\n\t<em>Entidades apontam erros de informa\u00e7\u00f5es e afirmam que enredo coopera para legitimar a \u201cocupa\u00e7\u00e3o e apartheid israelenses que j\u00e1 duram 66 anos\u201d<\/em><br \/>\n\t&nbsp;<br \/>\n\tMovimentos pr\u00f3-Palestina divulgaram uma nota de rep\u00fadio \u00e0 TV Globo, por entenderem que os personagens P\u00e9rsio&nbsp;(Mouhamed Hartouch) e Rebeca&nbsp;(Paula Braun), da novela Amor \u00e0 Vida, refor\u00e7am o discurso de legitima\u00e7\u00e3o da ocupa\u00e7\u00e3o israelense dos territ\u00f3rios palestinos.<br \/>\n\t&nbsp;<br \/>\n\tSegundo as entidades, o folhetim \u201clegitima a ocupa\u00e7\u00e3o e apartheid israelenses que j\u00e1 duram 66 anos\u201d, pois \u201ctodas as vezes em que \u00e9 feita refer\u00eancia \u00e0 Palestina, fala-se em guerra, o que pressup\u00f5e dois lados iguais disputando um territ\u00f3rio. Na verdade, \u00e9 uma distor\u00e7\u00e3o da realidade: tem-se um opressor e ocupante (Israel) e um oprimido (palestinos).\u201d<br \/>\n\t&nbsp;<br \/>\n\tO PSOL de S\u00e3o Paulo assina a nota, em parceria com outros partidos e organiza\u00e7\u00f5es de esquerdas e de direitos humanos.<\/p>\n<p>\tConfira, na \u00edntegra, o documento.<br \/>\n\t&nbsp;<br \/>\n\t<strong>N\u00e3o \u00e0 falsifica\u00e7\u00e3o hist\u00f3rica sobre os palestinos na novela da Globo<\/strong><br \/>\n\t&nbsp;<br \/>\n\tN\u00f3s, organiza\u00e7\u00f5es reunidas na Frente em Defesa do Povo Palestino-SP, nos comit\u00eas de outros estados, bem como demais entidades abaixo-assinadas, repudiamos veementemente a forma como os palestinos s\u00e3o representados na novela \u201cAmor \u00e0 Vida\u201d, da TV Globo. Sua resist\u00eancia leg\u00edtima \u00e0 ocupa\u00e7\u00e3o e apartheid israelenses, que j\u00e1 duram 66 anos, \u00e9 retratada como terrorismo contra v\u00edtimas inocentes nos di\u00e1logos entre um personagem palestino, P\u00e9rsio (Mouhamed Hartouch), e uma judia (Paula Braun). Todas as vezes em que \u00e9 feita refer\u00eancia \u00e0 Palestina, fala-se em guerra, o que pressup\u00f5e dois lados iguais disputando um territ\u00f3rio. Na verdade, \u00e9 uma distor\u00e7\u00e3o da realidade: tem-se um opressor e ocupante (Israel) e um oprimido (palestinos). Em nenhum momento, a novela faz refer\u00eancia ao muro do apartheid, aos in\u00fameros postos de controle a que est\u00e3o submetidos os palestinos, bem como \u00e0s leis racistas que lhes s\u00e3o impostas e \u00e0 limpeza \u00e9tnica e ataques cont\u00ednuos contra eles.<br \/>\n\t&nbsp;<br \/>\n\tO di\u00e1logo que inaugura essa farsa \u00e9 permeado por desinforma\u00e7\u00e3o e manipula\u00e7\u00e3o da verdade. Rebeca chega a afirmar que h\u00e1 muitos casais judeus e palestinos em Israel, como conviria a qualquer Estado democr\u00e1tico. A verdade \u00e9 que Israel foi criado em 1948 como um Estado exclusivamente judeu, um entrave \u00e0 democracia, j\u00e1 que esses t\u00eam tratamento diferenciado. Desde ent\u00e3o, a pr\u00f3pria conviv\u00eancia est\u00e1 comprometida. O apartheid imposto aos palestinos impede at\u00e9 que vivam no mesmo bairro. Os palestinos que vivem onde hoje \u00e9 Israel (territ\u00f3rio palestino at\u00e9 1948, ano da cria\u00e7\u00e3o desse Estado exclusivamente judeu) s\u00e3o considerados cidad\u00e3os de segunda ou terceira categoria, discriminados cotidianamente, e as leis que valem para eles n\u00e3o s\u00e3o as mesmas que valem \u2013 e privilegiam \u2013 os judeus. O apartheid \u00e9 expl\u00edcito e amparado por uma legisla\u00e7\u00e3o que fere o direito internacional.<\/p>\n<p>\tEm 1948, ano que na mem\u00f3ria coletiva \u00e1rabe \u00e9 conhecido como \u201cnakba\u201d, a cat\u00e1strofe, foram expulsos de suas terras e propriedades cerca de 800 mil palestinos e aproximadamente 500 aldeias palestinas foram destru\u00eddas para dar lugar a Israel. Massacres cometidos por grupos paramilitares sionistas, contra agricultores palestinos desarmados e sem treino militar, s\u00e3o hoje comprovados. Os palestinos t\u00eam sido desumanizados desde o in\u00edcio da coloniza\u00e7\u00e3o de suas terras. Essa contextualiza\u00e7\u00e3o hist\u00f3rica tamb\u00e9m ficou fora da telinha.<\/p>\n<p>\tO autor de \u201cAmor \u00e0 vida\u201d, Walcyr Carrasco, refor\u00e7ou, assim, mitos que s\u00e3o denunciados por v\u00e1rios historiadores, inclusive israelenses, como Ilan Pappe, em seu artigo \u201cOs dez mitos de Israel\u201d. Entre eles, o mito de que a luta palestina n\u00e3o tem outro objetivo que n\u00e3o o terror e que Israel \u00e9 \u201cfor\u00e7ado\u201d a responder \u00e0 viol\u00eancia. Segundo ele, a hist\u00f3ria distorcida serve \u00e0 opress\u00e3o, \u00e0 coloniza\u00e7\u00e3o e \u00e0 ocupa\u00e7\u00e3o. \u201cA ampla aceita\u00e7\u00e3o mundial da narrativa sionista \u00e9 baseada em um conjunto de mitos que, ao final, lan\u00e7am d\u00favidas sobre o direito moral palestino, o comportamento \u00e9tico e as chances de qualquer paz justa no futuro. A raz\u00e3o \u00e9 que esses mitos s\u00e3o aceitos pela grande m\u00eddia no Ocidente e pelas elites pol\u00edticas como verdade.\u201d<\/p>\n<p>\tO Brasil n\u00e3o \u00e9 exce\u00e7\u00e3o. Na contram\u00e3o da campanha global por boicotes ao apartheid israelense, o governo federal se tornou nos \u00faltimos anos o segundo maior importador de tecnologias militares da pot\u00eancia que ocupa a Palestina e porta de entrada dessa ind\u00fastria \u00e0 Am\u00e9rica Latina. E sua cumplicidade com a opress\u00e3o, a ocupa\u00e7\u00e3o e o apartheid a que est\u00e3o submetidos os palestinos \u00e9 justificada a milhares de espectadores desavisados da novela da Globo, atrav\u00e9s de um discurso que reproduz a vers\u00e3o falsificada da hist\u00f3ria e se fortalece perante a representa\u00e7\u00e3o orientalista \u2013 em que os \u00e1rabes seriam \u201corientais\u201d b\u00e1rbaros e atrasados, ante cidad\u00e3os \u201cpac\u00edficos e civilizados\u201d.<\/p>\n<p>\tComo detentora de concess\u00e3o p\u00fablica (o espa\u00e7o eletromagn\u00e9tico est\u00e1 na Constitui\u00e7\u00e3o Federal, como um bem do povo) e ciente de que as telenovelas moldam comportamentos, ideias e conceitos ou ajudam a refor\u00e7ar preconceitos e discrimina\u00e7\u00f5es, a Globo comete erros hist\u00f3ricos graves, injusti\u00e7as ao povo palestino em particular e aos \u00e1rabes em geral e um desrespeito ao seu p\u00fablico ao desinform\u00e1-lo. Denunciamos publicamente essas distor\u00e7\u00f5es e exigimos que a Globo se retrate nos pr\u00f3ximos cap\u00edtulos de \u201cAmor \u00e0 Vida\u201d, programa de maior audi\u00eancia da TV brasileira.<br \/>\n\t&nbsp;<br \/>\n\tFrente em Defesa do Povo Palestino-SP \/ BDS Brasil<br \/>\n\tCentro Brasileiro de Estudos do Oriente M\u00e9dio<br \/>\n\tComit\u00ea Brasileiro de Defesa dos Direitos do Povo Palestino<br \/>\n\tComit\u00ea de Solidariedade \u00e0 Luta do Povo Palestino do Rio de Janeiro<br \/>\n\tCentro Cultural Palestino do Rio Grande do Sul<br \/>\n\tComit\u00ea Ga\u00facho de Solidariedade ao Povo Palestino<br \/>\n\tSociedade \u00c1rabe Palestino Brasileira de Corumb\u00e1<br \/>\n\tComit\u00ea Democr\u00e1tico Palestino \u2013 Brasil<br \/>\n\tComit\u00ea Pr\u00f3-Haiti<br \/>\n\tTribunal Popular<br \/>\n\tGTNM-SP \u2013 Grupo Tortura Nunca Mais do Estado de S\u00e3o Paulo<br \/>\n\tCiranda Internacional de Comunica\u00e7\u00e3o Compartilhada<br \/>\n\tRede Mulher e M\u00eddia<br \/>\n\tIntervozes \u2013 Coletivo Brasil de Comunica\u00e7\u00e3o Social<br \/>\n\tAssocia\u00e7\u00e3o Isl\u00e2mica de S\u00e3o Paulo<br \/>\n\tUNI \u2013 Uni\u00e3o Nacional das Entidades Isl\u00e2micas<br \/>\n\tICArabe \u2013 Instituto da Cultura \u00c1rabe<br \/>\n\tFST-SP \u2013 F\u00f3rum Sindical dos Trabalhadores-SP<br \/>\n\tCSP-Conlutas \u2013 Central Sindical e Popular<br \/>\n\tAnel \u2013 Assembleia Nacional dos Estudantes Livre<br \/>\n\tUJC \u2013 Uni\u00e3o da Juventude Comunista<br \/>\n\tPCB \u2013 Partido Comunista Brasileiro<br \/>\n\tPSOL-SP \u2013 Partido Socialismo e Liberdade<br \/>\n\tPSTU \u2013 Partido Socialista dos Trabalhadores Unificado<br \/>\n\tMST \u2013 Movimento dos Trabalhadores Rurais Sem Terra<br \/>\n\tMopat \u2013 Movimento Palestina para Tod@s<br \/>\n\tColetivo Periferia, Nossa Faixa de Gaza<br \/>\n\tColetivo de Mulheres Ana Montenegro<br \/>\n\tMarcha Mundial de Mulheres<br \/>\n\tMovimento Mulheres em Luta<br \/>\n\tMovimento Nacional Quilombo Ra\u00e7a e Classe<br \/>\n\tAlessandra Cavagna, atriz, dramaturga e diretora teatral<br \/>\n\tCid Barbosa Lima Junior, engenheiro<br \/>\n\tClovis Pacheco F., jornalista, soci\u00f3logo e professor universit\u00e1rio<br \/>\n\tFrancisco Horus Moura de Almeida Pacheco, estudante<\/p>\n<p>&nbsp;<\/p>\n","protected":false},"excerpt":{"rendered":"<p>Entidades apontam erros de informa\u00e7\u00f5es e afirmam que enredo coopera para legitimar a \u201cocupa\u00e7\u00e3o e apartheid israelenses que j\u00e1 duram 66 anos\u201d &nbsp; Movimentos pr\u00f3-Palestina divulgaram uma nota de rep\u00fadio \u00e0 TV Globo, por entenderem que os personagens P\u00e9rsio&nbsp;(Mouhamed Hartouch) e Rebeca&nbsp;(Paula Braun), da novela Amor \u00e0 Vida, refor\u00e7am o discurso de legitima\u00e7\u00e3o da ocupa\u00e7\u00e3o [&hellip;]<\/p>\n","protected":false},"author":2,"featured_media":0,"comment_status":"open","ping_status":"open","sticky":false,"template":"","format":"standard","meta":{"_acf_changed":false,"footnotes":""},"categories":[4766,6],"tags":[],"class_list":{"0":"post-2519","1":"post","2":"type-post","3":"status-publish","4":"format-standard","6":"category-arquivo","7":"category-noticias"},"acf":[],"yoast_head":"<!-- This site is optimized with the Yoast SEO plugin v26.5 - https:\/\/yoast.com\/wordpress\/plugins\/seo\/ -->\n<title>Movimentos pr\u00f3-Palestina divulgam nota de rep\u00fadio \u00e0 Globo por personagem da novela - PSOL 50<\/title>\n<meta name=\"robots\" content=\"index, follow, max-snippet:-1, max-image-preview:large, max-video-preview:-1\" \/>\n<link rel=\"canonical\" href=\"https:\/\/psol50.org.br\/movimentos-pro-palestina-divulgam-nota-de-repudio-a-globo-por-personagem-da-novela\/\" \/>\n<meta property=\"og:locale\" content=\"pt_BR\" \/>\n<meta property=\"og:type\" content=\"article\" \/>\n<meta property=\"og:title\" content=\"Movimentos pr\u00f3-Palestina divulgam nota de rep\u00fadio \u00e0 Globo por personagem da novela - PSOL 50\" \/>\n<meta property=\"og:description\" content=\"Entidades apontam erros de informa\u00e7\u00f5es e afirmam que enredo coopera para legitimar a \u201cocupa\u00e7\u00e3o e apartheid israelenses que j\u00e1 duram 66 anos\u201d &nbsp; Movimentos pr\u00f3-Palestina divulgaram uma nota de rep\u00fadio \u00e0 TV Globo, por entenderem que os personagens P\u00e9rsio&nbsp;(Mouhamed Hartouch) e Rebeca&nbsp;(Paula Braun), da novela Amor \u00e0 Vida, refor\u00e7am o discurso de legitima\u00e7\u00e3o da ocupa\u00e7\u00e3o [&hellip;]\" \/>\n<meta property=\"og:url\" content=\"https:\/\/psol50.org.br\/movimentos-pro-palestina-divulgam-nota-de-repudio-a-globo-por-personagem-da-novela\/\" \/>\n<meta property=\"og:site_name\" content=\"PSOL 50\" \/>\n<meta property=\"article:publisher\" content=\"https:\/\/www.facebook.com\/psol50\" \/>\n<meta property=\"article:published_time\" content=\"2014-01-14T00:00:00+00:00\" \/>\n<meta property=\"og:image\" content=\"https:\/\/psol50.org.br\/inc\/uploads\/2018\/07\/capa.png\" \/>\n\t<meta property=\"og:image:width\" content=\"1350\" \/>\n\t<meta property=\"og:image:height\" content=\"900\" \/>\n\t<meta property=\"og:image:type\" content=\"image\/png\" \/>\n<meta name=\"author\" content=\"Comunica\u00e7\u00e3o PSOL\" \/>\n<meta name=\"twitter:card\" content=\"summary_large_image\" \/>\n<meta name=\"twitter:creator\" content=\"@psol50\" \/>\n<meta name=\"twitter:site\" content=\"@psol50\" \/>\n<meta name=\"twitter:label1\" content=\"Escrito por\" \/>\n\t<meta name=\"twitter:data1\" content=\"Comunica\u00e7\u00e3o PSOL\" \/>\n\t<meta name=\"twitter:label2\" content=\"Est. tempo de leitura\" \/>\n\t<meta name=\"twitter:data2\" content=\"6 minutos\" \/>\n<script type=\"application\/ld+json\" class=\"yoast-schema-graph\">{\"@context\":\"https:\/\/schema.org\",\"@graph\":[{\"@type\":\"Article\",\"@id\":\"https:\/\/psol50.org.br\/movimentos-pro-palestina-divulgam-nota-de-repudio-a-globo-por-personagem-da-novela\/#article\",\"isPartOf\":{\"@id\":\"https:\/\/psol50.org.br\/movimentos-pro-palestina-divulgam-nota-de-repudio-a-globo-por-personagem-da-novela\/\"},\"author\":{\"name\":\"Comunica\u00e7\u00e3o PSOL\",\"@id\":\"https:\/\/psol50.org.br\/#\/schema\/person\/475dfa57d0b815993c714c2e96491fcd\"},\"headline\":\"Movimentos pr\u00f3-Palestina divulgam nota de rep\u00fadio \u00e0 Globo por personagem da novela\",\"datePublished\":\"2014-01-14T00:00:00+00:00\",\"mainEntityOfPage\":{\"@id\":\"https:\/\/psol50.org.br\/movimentos-pro-palestina-divulgam-nota-de-repudio-a-globo-por-personagem-da-novela\/\"},\"wordCount\":1150,\"commentCount\":0,\"publisher\":{\"@id\":\"https:\/\/psol50.org.br\/#organization\"},\"articleSection\":[\"Arquivo\",\"Not\u00edcias\"],\"inLanguage\":\"pt-BR\",\"potentialAction\":[{\"@type\":\"CommentAction\",\"name\":\"Comment\",\"target\":[\"https:\/\/psol50.org.br\/movimentos-pro-palestina-divulgam-nota-de-repudio-a-globo-por-personagem-da-novela\/#respond\"]}]},{\"@type\":\"WebPage\",\"@id\":\"https:\/\/psol50.org.br\/movimentos-pro-palestina-divulgam-nota-de-repudio-a-globo-por-personagem-da-novela\/\",\"url\":\"https:\/\/psol50.org.br\/movimentos-pro-palestina-divulgam-nota-de-repudio-a-globo-por-personagem-da-novela\/\",\"name\":\"Movimentos pr\u00f3-Palestina divulgam nota de rep\u00fadio \u00e0 Globo por personagem da novela - PSOL 50\",\"isPartOf\":{\"@id\":\"https:\/\/psol50.org.br\/#website\"},\"datePublished\":\"2014-01-14T00:00:00+00:00\",\"breadcrumb\":{\"@id\":\"https:\/\/psol50.org.br\/movimentos-pro-palestina-divulgam-nota-de-repudio-a-globo-por-personagem-da-novela\/#breadcrumb\"},\"inLanguage\":\"pt-BR\",\"potentialAction\":[{\"@type\":\"ReadAction\",\"target\":[\"https:\/\/psol50.org.br\/movimentos-pro-palestina-divulgam-nota-de-repudio-a-globo-por-personagem-da-novela\/\"]}]},{\"@type\":\"BreadcrumbList\",\"@id\":\"https:\/\/psol50.org.br\/movimentos-pro-palestina-divulgam-nota-de-repudio-a-globo-por-personagem-da-novela\/#breadcrumb\",\"itemListElement\":[{\"@type\":\"ListItem\",\"position\":1,\"name\":\"In\u00edcio\",\"item\":\"https:\/\/psol50.org.br\/\"},{\"@type\":\"ListItem\",\"position\":2,\"name\":\"Movimentos pr\u00f3-Palestina divulgam nota de rep\u00fadio \u00e0 Globo por personagem da novela\"}]},{\"@type\":\"WebSite\",\"@id\":\"https:\/\/psol50.org.br\/#website\",\"url\":\"https:\/\/psol50.org.br\/\",\"name\":\"PSOL 50\",\"description\":\"Site oficial do Partido Socialismo e Liberdade\",\"publisher\":{\"@id\":\"https:\/\/psol50.org.br\/#organization\"},\"alternateName\":\"PSOL50\",\"potentialAction\":[{\"@type\":\"SearchAction\",\"target\":{\"@type\":\"EntryPoint\",\"urlTemplate\":\"https:\/\/psol50.org.br\/?s={search_term_string}\"},\"query-input\":{\"@type\":\"PropertyValueSpecification\",\"valueRequired\":true,\"valueName\":\"search_term_string\"}}],\"inLanguage\":\"pt-BR\"},{\"@type\":\"Organization\",\"@id\":\"https:\/\/psol50.org.br\/#organization\",\"name\":\"PSOL 50\",\"alternateName\":\"PSOL 50\",\"url\":\"https:\/\/psol50.org.br\/\",\"logo\":{\"@type\":\"ImageObject\",\"inLanguage\":\"pt-BR\",\"@id\":\"https:\/\/psol50.org.br\/#\/schema\/logo\/image\/\",\"url\":\"https:\/\/psol50.org.br\/inc\/uploads\/2018\/07\/capa.png\",\"contentUrl\":\"https:\/\/psol50.org.br\/inc\/uploads\/2018\/07\/capa.png\",\"width\":1350,\"height\":900,\"caption\":\"PSOL 50\"},\"image\":{\"@id\":\"https:\/\/psol50.org.br\/#\/schema\/logo\/image\/\"},\"sameAs\":[\"https:\/\/www.facebook.com\/psol50\",\"https:\/\/x.com\/psol50\",\"https:\/\/www.instagram.com\/psol50\/\",\"https:\/\/www.youtube.com\/channel\/UC7SnJS5o1os7a6CaiNabzcg\"]},{\"@type\":\"Person\",\"@id\":\"https:\/\/psol50.org.br\/#\/schema\/person\/475dfa57d0b815993c714c2e96491fcd\",\"name\":\"Comunica\u00e7\u00e3o PSOL\",\"image\":{\"@type\":\"ImageObject\",\"inLanguage\":\"pt-BR\",\"@id\":\"https:\/\/psol50.org.br\/#\/schema\/person\/image\/\",\"url\":\"https:\/\/secure.gravatar.com\/avatar\/b34fc4f4e468a4e51785917065a3db57b841f5c95dba6ad8c73aaf8f66f8f9bf?s=96&d=mm&r=g\",\"contentUrl\":\"https:\/\/secure.gravatar.com\/avatar\/b34fc4f4e468a4e51785917065a3db57b841f5c95dba6ad8c73aaf8f66f8f9bf?s=96&d=mm&r=g\",\"caption\":\"Comunica\u00e7\u00e3o PSOL\"}}]}<\/script>\n<!-- \/ Yoast SEO plugin. -->","yoast_head_json":{"title":"Movimentos pr\u00f3-Palestina divulgam nota de rep\u00fadio \u00e0 Globo por personagem da novela - PSOL 50","robots":{"index":"index","follow":"follow","max-snippet":"max-snippet:-1","max-image-preview":"max-image-preview:large","max-video-preview":"max-video-preview:-1"},"canonical":"https:\/\/psol50.org.br\/movimentos-pro-palestina-divulgam-nota-de-repudio-a-globo-por-personagem-da-novela\/","og_locale":"pt_BR","og_type":"article","og_title":"Movimentos pr\u00f3-Palestina divulgam nota de rep\u00fadio \u00e0 Globo por personagem da novela - PSOL 50","og_description":"Entidades apontam erros de informa\u00e7\u00f5es e afirmam que enredo coopera para legitimar a \u201cocupa\u00e7\u00e3o e apartheid israelenses que j\u00e1 duram 66 anos\u201d &nbsp; Movimentos pr\u00f3-Palestina divulgaram uma nota de rep\u00fadio \u00e0 TV Globo, por entenderem que os personagens P\u00e9rsio&nbsp;(Mouhamed Hartouch) e Rebeca&nbsp;(Paula Braun), da novela Amor \u00e0 Vida, refor\u00e7am o discurso de legitima\u00e7\u00e3o da ocupa\u00e7\u00e3o [&hellip;]","og_url":"https:\/\/psol50.org.br\/movimentos-pro-palestina-divulgam-nota-de-repudio-a-globo-por-personagem-da-novela\/","og_site_name":"PSOL 50","article_publisher":"https:\/\/www.facebook.com\/psol50","article_published_time":"2014-01-14T00:00:00+00:00","og_image":[{"width":1350,"height":900,"url":"https:\/\/psol50.org.br\/inc\/uploads\/2018\/07\/capa.png","type":"image\/png"}],"author":"Comunica\u00e7\u00e3o PSOL","twitter_card":"summary_large_image","twitter_creator":"@psol50","twitter_site":"@psol50","twitter_misc":{"Escrito por":"Comunica\u00e7\u00e3o PSOL","Est. tempo de leitura":"6 minutos"},"schema":{"@context":"https:\/\/schema.org","@graph":[{"@type":"Article","@id":"https:\/\/psol50.org.br\/movimentos-pro-palestina-divulgam-nota-de-repudio-a-globo-por-personagem-da-novela\/#article","isPartOf":{"@id":"https:\/\/psol50.org.br\/movimentos-pro-palestina-divulgam-nota-de-repudio-a-globo-por-personagem-da-novela\/"},"author":{"name":"Comunica\u00e7\u00e3o PSOL","@id":"https:\/\/psol50.org.br\/#\/schema\/person\/475dfa57d0b815993c714c2e96491fcd"},"headline":"Movimentos pr\u00f3-Palestina divulgam nota de rep\u00fadio \u00e0 Globo por personagem da novela","datePublished":"2014-01-14T00:00:00+00:00","mainEntityOfPage":{"@id":"https:\/\/psol50.org.br\/movimentos-pro-palestina-divulgam-nota-de-repudio-a-globo-por-personagem-da-novela\/"},"wordCount":1150,"commentCount":0,"publisher":{"@id":"https:\/\/psol50.org.br\/#organization"},"articleSection":["Arquivo","Not\u00edcias"],"inLanguage":"pt-BR","potentialAction":[{"@type":"CommentAction","name":"Comment","target":["https:\/\/psol50.org.br\/movimentos-pro-palestina-divulgam-nota-de-repudio-a-globo-por-personagem-da-novela\/#respond"]}]},{"@type":"WebPage","@id":"https:\/\/psol50.org.br\/movimentos-pro-palestina-divulgam-nota-de-repudio-a-globo-por-personagem-da-novela\/","url":"https:\/\/psol50.org.br\/movimentos-pro-palestina-divulgam-nota-de-repudio-a-globo-por-personagem-da-novela\/","name":"Movimentos pr\u00f3-Palestina divulgam nota de rep\u00fadio \u00e0 Globo por personagem da novela - PSOL 50","isPartOf":{"@id":"https:\/\/psol50.org.br\/#website"},"datePublished":"2014-01-14T00:00:00+00:00","breadcrumb":{"@id":"https:\/\/psol50.org.br\/movimentos-pro-palestina-divulgam-nota-de-repudio-a-globo-por-personagem-da-novela\/#breadcrumb"},"inLanguage":"pt-BR","potentialAction":[{"@type":"ReadAction","target":["https:\/\/psol50.org.br\/movimentos-pro-palestina-divulgam-nota-de-repudio-a-globo-por-personagem-da-novela\/"]}]},{"@type":"BreadcrumbList","@id":"https:\/\/psol50.org.br\/movimentos-pro-palestina-divulgam-nota-de-repudio-a-globo-por-personagem-da-novela\/#breadcrumb","itemListElement":[{"@type":"ListItem","position":1,"name":"In\u00edcio","item":"https:\/\/psol50.org.br\/"},{"@type":"ListItem","position":2,"name":"Movimentos pr\u00f3-Palestina divulgam nota de rep\u00fadio \u00e0 Globo por personagem da novela"}]},{"@type":"WebSite","@id":"https:\/\/psol50.org.br\/#website","url":"https:\/\/psol50.org.br\/","name":"PSOL 50","description":"Site oficial do Partido Socialismo e Liberdade","publisher":{"@id":"https:\/\/psol50.org.br\/#organization"},"alternateName":"PSOL50","potentialAction":[{"@type":"SearchAction","target":{"@type":"EntryPoint","urlTemplate":"https:\/\/psol50.org.br\/?s={search_term_string}"},"query-input":{"@type":"PropertyValueSpecification","valueRequired":true,"valueName":"search_term_string"}}],"inLanguage":"pt-BR"},{"@type":"Organization","@id":"https:\/\/psol50.org.br\/#organization","name":"PSOL 50","alternateName":"PSOL 50","url":"https:\/\/psol50.org.br\/","logo":{"@type":"ImageObject","inLanguage":"pt-BR","@id":"https:\/\/psol50.org.br\/#\/schema\/logo\/image\/","url":"https:\/\/psol50.org.br\/inc\/uploads\/2018\/07\/capa.png","contentUrl":"https:\/\/psol50.org.br\/inc\/uploads\/2018\/07\/capa.png","width":1350,"height":900,"caption":"PSOL 50"},"image":{"@id":"https:\/\/psol50.org.br\/#\/schema\/logo\/image\/"},"sameAs":["https:\/\/www.facebook.com\/psol50","https:\/\/x.com\/psol50","https:\/\/www.instagram.com\/psol50\/","https:\/\/www.youtube.com\/channel\/UC7SnJS5o1os7a6CaiNabzcg"]},{"@type":"Person","@id":"https:\/\/psol50.org.br\/#\/schema\/person\/475dfa57d0b815993c714c2e96491fcd","name":"Comunica\u00e7\u00e3o PSOL","image":{"@type":"ImageObject","inLanguage":"pt-BR","@id":"https:\/\/psol50.org.br\/#\/schema\/person\/image\/","url":"https:\/\/secure.gravatar.com\/avatar\/b34fc4f4e468a4e51785917065a3db57b841f5c95dba6ad8c73aaf8f66f8f9bf?s=96&d=mm&r=g","contentUrl":"https:\/\/secure.gravatar.com\/avatar\/b34fc4f4e468a4e51785917065a3db57b841f5c95dba6ad8c73aaf8f66f8f9bf?s=96&d=mm&r=g","caption":"Comunica\u00e7\u00e3o PSOL"}}]}},"_links":{"self":[{"href":"https:\/\/psol50.org.br\/rest\/wp\/v2\/posts\/2519","targetHints":{"allow":["GET"]}}],"collection":[{"href":"https:\/\/psol50.org.br\/rest\/wp\/v2\/posts"}],"about":[{"href":"https:\/\/psol50.org.br\/rest\/wp\/v2\/types\/post"}],"author":[{"embeddable":true,"href":"https:\/\/psol50.org.br\/rest\/wp\/v2\/users\/2"}],"replies":[{"embeddable":true,"href":"https:\/\/psol50.org.br\/rest\/wp\/v2\/comments?post=2519"}],"version-history":[{"count":0,"href":"https:\/\/psol50.org.br\/rest\/wp\/v2\/posts\/2519\/revisions"}],"wp:attachment":[{"href":"https:\/\/psol50.org.br\/rest\/wp\/v2\/media?parent=2519"}],"wp:term":[{"taxonomy":"category","embeddable":true,"href":"https:\/\/psol50.org.br\/rest\/wp\/v2\/categories?post=2519"},{"taxonomy":"post_tag","embeddable":true,"href":"https:\/\/psol50.org.br\/rest\/wp\/v2\/tags?post=2519"}],"curies":[{"name":"wp","href":"https:\/\/api.w.org\/{rel}","templated":true}]}}