{"id":25207,"date":"2019-05-17T15:37:54","date_gmt":"2019-05-17T18:37:54","guid":{"rendered":"http:\/\/psol50.org.br\/?p=25207"},"modified":"2019-05-17T15:37:54","modified_gmt":"2019-05-17T18:37:54","slug":"samia-bomfim-o-recado-das-ruas-contra-o-idiota-inutil","status":"publish","type":"post","link":"https:\/\/psol50.org.br\/samia-bomfim-o-recado-das-ruas-contra-o-idiota-inutil\/","title":{"rendered":"S\u00e2mia Bomfim | O recado das ruas contra o \u201cidiota in\u00fatil\u201d"},"content":{"rendered":"<p>Originalmente publicado no<a href=\"https:\/\/samiabomfim.com.br\/2019\/05\/o-recado-das-ruas-contra-o-idiota-inutil\/\" target=\"_blank\" rel=\"noopener noreferrer\"> site de S\u00e2mia Bomfim.<\/a><\/p>\n<p>O 15 de maio de 2019 foi um dia hist\u00f3rico para o Brasil. Cidad\u00e3os de todo o pa\u00eds foram \u00e0s ruas para protestar contra os cortes de 30% na educa\u00e7\u00e3o e as \u201ctrapalhadas\u201d conscientes cometidas por Bolsonaro e seu ministro da Educa\u00e7\u00e3o, Abraham Weintraub, contra as universidades, os institutos federais e a educa\u00e7\u00e3o p\u00fablica.<\/p>\n<p>Os atos ocorreram em quase 200 cidades brasileiras, inclusive nas grandes capitais, como Rio de Janeiro, Belo Horizonte, Salvador e Fortaleza. Em S\u00e3o Paulo, 250 mil pessoas \u2013 entre estudantes, pesquisadores, professores e trabalhadores comuns \u2013 estiveram na Av. Paulista para lembrar esse governo que balb\u00fardia \u00e9 comprometer o or\u00e7amento de uma \u00e1rea t\u00e3o fundamental para o desenvolvimento de uma na\u00e7\u00e3o.<\/p>\n<p>Diante do recado das ruas, restou para o presidente fuj\u00e3o \u2013 que, mais uma vez, foi passar vergonha nos EUA ao visitar ex-chefe de Estado sem ser convidado \u2013 criticar os manifestantes e tentar reduzir a import\u00e2ncia pol\u00edtica e social do ato.<\/p>\n<p>Mas j\u00e1 est\u00e1 chegando a hora que Bolsonaro ser\u00e1 obrigado a mudar seu discurso, porque todo mundo j\u00e1 percebeu que ele \u00e9 uma farsa. O que aconteceu ontem no Brasil foi s\u00f3 o come\u00e7o. A desconstru\u00e7\u00e3o desse governo vir\u00e1 das ruas: das universidades que ele despreza, dos trabalhadores que ele desampara, das mulheres que ele violenta e dos negros que ele mata. Uma luta da maioria do povo, em defesa dos direitos e contra um governo que o oprime.<\/p>\n<p>\u00c9 natural que novas manifesta\u00e7\u00f5es se desenvolvam Brasil afora, afinal, o problema da educa\u00e7\u00e3o est\u00e1 longe de ser resolvido. Recusando suspender os cortes, o presidente prefere atacar os manifestantes e dizer que todos s\u00e3o \u201cmilitantes\u201d. Al\u00e9m disso, ele desmerece os estudantes brasileiros, dizendo que a \u201cmolecada\u201d do nosso pa\u00eds tem p\u00e9ssimas notas nos ranking internacionais, como se isso pudesse justificar os cortes. Em paralelo a tudo isso, as investiga\u00e7\u00f5es de corrup\u00e7\u00e3o no seio de sua fam\u00edlia, simbolizada por Fl\u00e1vio Bolsonaro, avan\u00e7am a passos largos.<\/p>\n<p>Outro desdobramento do 15 de maio \u00e9 o encontro entre as lutas em defesa da educa\u00e7\u00e3o e contra a reforma da previd\u00eancia. Ambos os temas est\u00e3o no centro da estrat\u00e9gia bolsonarista de ataque ao povo brasileiro e, por isso, as lutas se fortalecem conjuntamente.<\/p>\n<p>A pr\u00f3xima data de paralisa\u00e7\u00e3o nas universidades e escolas, e manifesta\u00e7\u00f5es de rua em defesa da educa\u00e7\u00e3o, j\u00e1 est\u00e1 marcada: 30 de maio. Antes disso, na semana que vem, 23\/05, em S\u00e3o Paulo, deve acontecer manifesta\u00e7\u00e3o convocada por estudantes secundaristas. E dia 14 de junho, o Brasil vai parar na greve geral contra a reforma da previd\u00eancia, em defesa da educa\u00e7\u00e3o, dos empregos e sal\u00e1rios.<\/p>\n<p>A auto-organiza\u00e7\u00e3o do povo e dos estudantes \u00e9 a chave para vencer. Nas escolas, universidades, institutos, cursos, grupos de pesquisa e nas entidades independentes e democr\u00e1ticas, os milh\u00f5es que foram \u00e0s ruas no #15M devem continuar se encontrando para decidir os pr\u00f3ximos passos da luta. O povo brasileiro est\u00e1 do lado dos manifestantes!<\/p>\n","protected":false},"excerpt":{"rendered":"<p>Originalmente publicado no site de S\u00e2mia Bomfim. O 15 de maio de 2019 foi um dia hist\u00f3rico para o Brasil. Cidad\u00e3os de todo o pa\u00eds foram \u00e0s ruas para protestar contra os cortes de 30% na educa\u00e7\u00e3o e as \u201ctrapalhadas\u201d conscientes cometidas por Bolsonaro e seu ministro da Educa\u00e7\u00e3o, Abraham Weintraub, contra as universidades, os [&hellip;]<\/p>\n","protected":false},"author":2,"featured_media":25208,"comment_status":"closed","ping_status":"open","sticky":false,"template":"","format":"standard","meta":{"_acf_changed":false,"footnotes":""},"categories":[3,6],"tags":[1815,383,164,1816,1077],"class_list":{"0":"post-25207","1":"post","2":"type-post","3":"status-publish","4":"format-standard","5":"has-post-thumbnail","7":"category-artigos-e-entrevistas","8":"category-noticias","9":"tag-15m","10":"tag-cortes","11":"tag-educacao","12":"tag-estudantes","13":"tag-samia-bomfim"},"acf":[],"yoast_head":"<!-- This site is optimized with the Yoast SEO plugin v26.5 - https:\/\/yoast.com\/wordpress\/plugins\/seo\/ -->\n<title>S\u00e2mia Bomfim | O recado das ruas contra o \u201cidiota in\u00fatil\u201d - PSOL 50<\/title>\n<meta name=\"robots\" content=\"index, follow, max-snippet:-1, max-image-preview:large, max-video-preview:-1\" \/>\n<link rel=\"canonical\" href=\"https:\/\/psol50.org.br\/samia-bomfim-o-recado-das-ruas-contra-o-idiota-inutil\/\" \/>\n<meta property=\"og:locale\" content=\"pt_BR\" \/>\n<meta property=\"og:type\" content=\"article\" \/>\n<meta property=\"og:title\" content=\"O recado das ruas contra o \u201cidiota in\u00fatil\u201d\" \/>\n<meta property=\"og:description\" content=\"S\u00e2mia Bomfim: Manifesta\u00e7\u00f5es pela educa\u00e7\u00e3o tomaram conta do Brasil emparedando Bolsonaro.\" \/>\n<meta property=\"og:url\" content=\"https:\/\/psol50.org.br\/samia-bomfim-o-recado-das-ruas-contra-o-idiota-inutil\/\" \/>\n<meta property=\"og:site_name\" content=\"PSOL 50\" \/>\n<meta property=\"article:publisher\" content=\"https:\/\/www.facebook.com\/psol50\" \/>\n<meta property=\"article:published_time\" content=\"2019-05-17T18:37:54+00:00\" \/>\n<meta property=\"og:image\" content=\"https:\/\/psol50.org.br\/inc\/uploads\/2019\/05\/CartazBolsonaro15M.semcredito.jpeg\" \/>\n\t<meta property=\"og:image:width\" content=\"960\" \/>\n\t<meta property=\"og:image:height\" content=\"539\" \/>\n\t<meta property=\"og:image:type\" content=\"image\/jpeg\" \/>\n<meta name=\"author\" content=\"Comunica\u00e7\u00e3o PSOL\" \/>\n<meta name=\"twitter:card\" content=\"summary_large_image\" \/>\n<meta name=\"twitter:title\" content=\"O recado das ruas contra o \u201cidiota in\u00fatil\u201d\" \/>\n<meta name=\"twitter:description\" content=\"S\u00e2mia Bomfim: Manifesta\u00e7\u00f5es pela educa\u00e7\u00e3o tomaram conta do Brasil emparedando Bolsonaro.\" \/>\n<meta name=\"twitter:image\" content=\"https:\/\/psol50.org.br\/inc\/uploads\/2019\/05\/CartazBolsonaro15M.semcredito.jpeg\" \/>\n<meta name=\"twitter:creator\" content=\"@psol50\" \/>\n<meta name=\"twitter:site\" content=\"@psol50\" \/>\n<meta name=\"twitter:label1\" content=\"Escrito por\" \/>\n\t<meta name=\"twitter:data1\" content=\"Comunica\u00e7\u00e3o PSOL\" \/>\n\t<meta name=\"twitter:label2\" content=\"Est. tempo de leitura\" \/>\n\t<meta name=\"twitter:data2\" content=\"3 minutos\" \/>\n<script type=\"application\/ld+json\" class=\"yoast-schema-graph\">{\"@context\":\"https:\/\/schema.org\",\"@graph\":[{\"@type\":\"Article\",\"@id\":\"https:\/\/psol50.org.br\/samia-bomfim-o-recado-das-ruas-contra-o-idiota-inutil\/#article\",\"isPartOf\":{\"@id\":\"https:\/\/psol50.org.br\/samia-bomfim-o-recado-das-ruas-contra-o-idiota-inutil\/\"},\"author\":{\"name\":\"Comunica\u00e7\u00e3o PSOL\",\"@id\":\"https:\/\/psol50.org.br\/#\/schema\/person\/475dfa57d0b815993c714c2e96491fcd\"},\"headline\":\"S\u00e2mia Bomfim | O recado das ruas contra o \u201cidiota in\u00fatil\u201d\",\"datePublished\":\"2019-05-17T18:37:54+00:00\",\"mainEntityOfPage\":{\"@id\":\"https:\/\/psol50.org.br\/samia-bomfim-o-recado-das-ruas-contra-o-idiota-inutil\/\"},\"wordCount\":529,\"publisher\":{\"@id\":\"https:\/\/psol50.org.br\/#organization\"},\"image\":{\"@id\":\"https:\/\/psol50.org.br\/samia-bomfim-o-recado-das-ruas-contra-o-idiota-inutil\/#primaryimage\"},\"thumbnailUrl\":\"https:\/\/psol50.org.br\/inc\/uploads\/2019\/05\/CartazBolsonaro15M.semcredito.jpeg\",\"keywords\":[\"15M\",\"cortes\",\"Educa\u00e7\u00e3o\",\"estudantes\",\"S\u00e2mia Bomfim\"],\"articleSection\":[\"Artigos\",\"Not\u00edcias\"],\"inLanguage\":\"pt-BR\"},{\"@type\":\"WebPage\",\"@id\":\"https:\/\/psol50.org.br\/samia-bomfim-o-recado-das-ruas-contra-o-idiota-inutil\/\",\"url\":\"https:\/\/psol50.org.br\/samia-bomfim-o-recado-das-ruas-contra-o-idiota-inutil\/\",\"name\":\"S\u00e2mia Bomfim | O recado das ruas contra o \u201cidiota in\u00fatil\u201d - PSOL 50\",\"isPartOf\":{\"@id\":\"https:\/\/psol50.org.br\/#website\"},\"primaryImageOfPage\":{\"@id\":\"https:\/\/psol50.org.br\/samia-bomfim-o-recado-das-ruas-contra-o-idiota-inutil\/#primaryimage\"},\"image\":{\"@id\":\"https:\/\/psol50.org.br\/samia-bomfim-o-recado-das-ruas-contra-o-idiota-inutil\/#primaryimage\"},\"thumbnailUrl\":\"https:\/\/psol50.org.br\/inc\/uploads\/2019\/05\/CartazBolsonaro15M.semcredito.jpeg\",\"datePublished\":\"2019-05-17T18:37:54+00:00\",\"breadcrumb\":{\"@id\":\"https:\/\/psol50.org.br\/samia-bomfim-o-recado-das-ruas-contra-o-idiota-inutil\/#breadcrumb\"},\"inLanguage\":\"pt-BR\",\"potentialAction\":[{\"@type\":\"ReadAction\",\"target\":[\"https:\/\/psol50.org.br\/samia-bomfim-o-recado-das-ruas-contra-o-idiota-inutil\/\"]}]},{\"@type\":\"ImageObject\",\"inLanguage\":\"pt-BR\",\"@id\":\"https:\/\/psol50.org.br\/samia-bomfim-o-recado-das-ruas-contra-o-idiota-inutil\/#primaryimage\",\"url\":\"https:\/\/psol50.org.br\/inc\/uploads\/2019\/05\/CartazBolsonaro15M.semcredito.jpeg\",\"contentUrl\":\"https:\/\/psol50.org.br\/inc\/uploads\/2019\/05\/CartazBolsonaro15M.semcredito.jpeg\",\"width\":960,\"height\":539},{\"@type\":\"BreadcrumbList\",\"@id\":\"https:\/\/psol50.org.br\/samia-bomfim-o-recado-das-ruas-contra-o-idiota-inutil\/#breadcrumb\",\"itemListElement\":[{\"@type\":\"ListItem\",\"position\":1,\"name\":\"In\u00edcio\",\"item\":\"https:\/\/psol50.org.br\/\"},{\"@type\":\"ListItem\",\"position\":2,\"name\":\"S\u00e2mia Bomfim | O recado das ruas contra o \u201cidiota in\u00fatil\u201d\"}]},{\"@type\":\"WebSite\",\"@id\":\"https:\/\/psol50.org.br\/#website\",\"url\":\"https:\/\/psol50.org.br\/\",\"name\":\"PSOL 50\",\"description\":\"Site oficial do Partido Socialismo e Liberdade\",\"publisher\":{\"@id\":\"https:\/\/psol50.org.br\/#organization\"},\"alternateName\":\"PSOL50\",\"potentialAction\":[{\"@type\":\"SearchAction\",\"target\":{\"@type\":\"EntryPoint\",\"urlTemplate\":\"https:\/\/psol50.org.br\/?s={search_term_string}\"},\"query-input\":{\"@type\":\"PropertyValueSpecification\",\"valueRequired\":true,\"valueName\":\"search_term_string\"}}],\"inLanguage\":\"pt-BR\"},{\"@type\":\"Organization\",\"@id\":\"https:\/\/psol50.org.br\/#organization\",\"name\":\"PSOL 50\",\"alternateName\":\"PSOL 50\",\"url\":\"https:\/\/psol50.org.br\/\",\"logo\":{\"@type\":\"ImageObject\",\"inLanguage\":\"pt-BR\",\"@id\":\"https:\/\/psol50.org.br\/#\/schema\/logo\/image\/\",\"url\":\"https:\/\/psol50.org.br\/inc\/uploads\/2018\/07\/capa.png\",\"contentUrl\":\"https:\/\/psol50.org.br\/inc\/uploads\/2018\/07\/capa.png\",\"width\":1350,\"height\":900,\"caption\":\"PSOL 50\"},\"image\":{\"@id\":\"https:\/\/psol50.org.br\/#\/schema\/logo\/image\/\"},\"sameAs\":[\"https:\/\/www.facebook.com\/psol50\",\"https:\/\/x.com\/psol50\",\"https:\/\/www.instagram.com\/psol50\/\",\"https:\/\/www.youtube.com\/channel\/UC7SnJS5o1os7a6CaiNabzcg\"]},{\"@type\":\"Person\",\"@id\":\"https:\/\/psol50.org.br\/#\/schema\/person\/475dfa57d0b815993c714c2e96491fcd\",\"name\":\"Comunica\u00e7\u00e3o PSOL\",\"image\":{\"@type\":\"ImageObject\",\"inLanguage\":\"pt-BR\",\"@id\":\"https:\/\/psol50.org.br\/#\/schema\/person\/image\/\",\"url\":\"https:\/\/secure.gravatar.com\/avatar\/b34fc4f4e468a4e51785917065a3db57b841f5c95dba6ad8c73aaf8f66f8f9bf?s=96&d=mm&r=g\",\"contentUrl\":\"https:\/\/secure.gravatar.com\/avatar\/b34fc4f4e468a4e51785917065a3db57b841f5c95dba6ad8c73aaf8f66f8f9bf?s=96&d=mm&r=g\",\"caption\":\"Comunica\u00e7\u00e3o PSOL\"}}]}<\/script>\n<!-- \/ Yoast SEO plugin. -->","yoast_head_json":{"title":"S\u00e2mia Bomfim | O recado das ruas contra o \u201cidiota in\u00fatil\u201d - PSOL 50","robots":{"index":"index","follow":"follow","max-snippet":"max-snippet:-1","max-image-preview":"max-image-preview:large","max-video-preview":"max-video-preview:-1"},"canonical":"https:\/\/psol50.org.br\/samia-bomfim-o-recado-das-ruas-contra-o-idiota-inutil\/","og_locale":"pt_BR","og_type":"article","og_title":"O recado das ruas contra o \u201cidiota in\u00fatil\u201d","og_description":"S\u00e2mia Bomfim: Manifesta\u00e7\u00f5es pela educa\u00e7\u00e3o tomaram conta do Brasil emparedando Bolsonaro.","og_url":"https:\/\/psol50.org.br\/samia-bomfim-o-recado-das-ruas-contra-o-idiota-inutil\/","og_site_name":"PSOL 50","article_publisher":"https:\/\/www.facebook.com\/psol50","article_published_time":"2019-05-17T18:37:54+00:00","og_image":[{"width":960,"height":539,"url":"https:\/\/psol50.org.br\/inc\/uploads\/2019\/05\/CartazBolsonaro15M.semcredito.jpeg","type":"image\/jpeg"}],"author":"Comunica\u00e7\u00e3o PSOL","twitter_card":"summary_large_image","twitter_title":"O recado das ruas contra o \u201cidiota in\u00fatil\u201d","twitter_description":"S\u00e2mia Bomfim: Manifesta\u00e7\u00f5es pela educa\u00e7\u00e3o tomaram conta do Brasil emparedando Bolsonaro.","twitter_image":"https:\/\/psol50.org.br\/inc\/uploads\/2019\/05\/CartazBolsonaro15M.semcredito.jpeg","twitter_creator":"@psol50","twitter_site":"@psol50","twitter_misc":{"Escrito por":"Comunica\u00e7\u00e3o PSOL","Est. tempo de leitura":"3 minutos"},"schema":{"@context":"https:\/\/schema.org","@graph":[{"@type":"Article","@id":"https:\/\/psol50.org.br\/samia-bomfim-o-recado-das-ruas-contra-o-idiota-inutil\/#article","isPartOf":{"@id":"https:\/\/psol50.org.br\/samia-bomfim-o-recado-das-ruas-contra-o-idiota-inutil\/"},"author":{"name":"Comunica\u00e7\u00e3o PSOL","@id":"https:\/\/psol50.org.br\/#\/schema\/person\/475dfa57d0b815993c714c2e96491fcd"},"headline":"S\u00e2mia Bomfim | O recado das ruas contra o \u201cidiota in\u00fatil\u201d","datePublished":"2019-05-17T18:37:54+00:00","mainEntityOfPage":{"@id":"https:\/\/psol50.org.br\/samia-bomfim-o-recado-das-ruas-contra-o-idiota-inutil\/"},"wordCount":529,"publisher":{"@id":"https:\/\/psol50.org.br\/#organization"},"image":{"@id":"https:\/\/psol50.org.br\/samia-bomfim-o-recado-das-ruas-contra-o-idiota-inutil\/#primaryimage"},"thumbnailUrl":"https:\/\/psol50.org.br\/inc\/uploads\/2019\/05\/CartazBolsonaro15M.semcredito.jpeg","keywords":["15M","cortes","Educa\u00e7\u00e3o","estudantes","S\u00e2mia Bomfim"],"articleSection":["Artigos","Not\u00edcias"],"inLanguage":"pt-BR"},{"@type":"WebPage","@id":"https:\/\/psol50.org.br\/samia-bomfim-o-recado-das-ruas-contra-o-idiota-inutil\/","url":"https:\/\/psol50.org.br\/samia-bomfim-o-recado-das-ruas-contra-o-idiota-inutil\/","name":"S\u00e2mia Bomfim | O recado das ruas contra o \u201cidiota in\u00fatil\u201d - PSOL 50","isPartOf":{"@id":"https:\/\/psol50.org.br\/#website"},"primaryImageOfPage":{"@id":"https:\/\/psol50.org.br\/samia-bomfim-o-recado-das-ruas-contra-o-idiota-inutil\/#primaryimage"},"image":{"@id":"https:\/\/psol50.org.br\/samia-bomfim-o-recado-das-ruas-contra-o-idiota-inutil\/#primaryimage"},"thumbnailUrl":"https:\/\/psol50.org.br\/inc\/uploads\/2019\/05\/CartazBolsonaro15M.semcredito.jpeg","datePublished":"2019-05-17T18:37:54+00:00","breadcrumb":{"@id":"https:\/\/psol50.org.br\/samia-bomfim-o-recado-das-ruas-contra-o-idiota-inutil\/#breadcrumb"},"inLanguage":"pt-BR","potentialAction":[{"@type":"ReadAction","target":["https:\/\/psol50.org.br\/samia-bomfim-o-recado-das-ruas-contra-o-idiota-inutil\/"]}]},{"@type":"ImageObject","inLanguage":"pt-BR","@id":"https:\/\/psol50.org.br\/samia-bomfim-o-recado-das-ruas-contra-o-idiota-inutil\/#primaryimage","url":"https:\/\/psol50.org.br\/inc\/uploads\/2019\/05\/CartazBolsonaro15M.semcredito.jpeg","contentUrl":"https:\/\/psol50.org.br\/inc\/uploads\/2019\/05\/CartazBolsonaro15M.semcredito.jpeg","width":960,"height":539},{"@type":"BreadcrumbList","@id":"https:\/\/psol50.org.br\/samia-bomfim-o-recado-das-ruas-contra-o-idiota-inutil\/#breadcrumb","itemListElement":[{"@type":"ListItem","position":1,"name":"In\u00edcio","item":"https:\/\/psol50.org.br\/"},{"@type":"ListItem","position":2,"name":"S\u00e2mia Bomfim | O recado das ruas contra o \u201cidiota in\u00fatil\u201d"}]},{"@type":"WebSite","@id":"https:\/\/psol50.org.br\/#website","url":"https:\/\/psol50.org.br\/","name":"PSOL 50","description":"Site oficial do Partido Socialismo e Liberdade","publisher":{"@id":"https:\/\/psol50.org.br\/#organization"},"alternateName":"PSOL50","potentialAction":[{"@type":"SearchAction","target":{"@type":"EntryPoint","urlTemplate":"https:\/\/psol50.org.br\/?s={search_term_string}"},"query-input":{"@type":"PropertyValueSpecification","valueRequired":true,"valueName":"search_term_string"}}],"inLanguage":"pt-BR"},{"@type":"Organization","@id":"https:\/\/psol50.org.br\/#organization","name":"PSOL 50","alternateName":"PSOL 50","url":"https:\/\/psol50.org.br\/","logo":{"@type":"ImageObject","inLanguage":"pt-BR","@id":"https:\/\/psol50.org.br\/#\/schema\/logo\/image\/","url":"https:\/\/psol50.org.br\/inc\/uploads\/2018\/07\/capa.png","contentUrl":"https:\/\/psol50.org.br\/inc\/uploads\/2018\/07\/capa.png","width":1350,"height":900,"caption":"PSOL 50"},"image":{"@id":"https:\/\/psol50.org.br\/#\/schema\/logo\/image\/"},"sameAs":["https:\/\/www.facebook.com\/psol50","https:\/\/x.com\/psol50","https:\/\/www.instagram.com\/psol50\/","https:\/\/www.youtube.com\/channel\/UC7SnJS5o1os7a6CaiNabzcg"]},{"@type":"Person","@id":"https:\/\/psol50.org.br\/#\/schema\/person\/475dfa57d0b815993c714c2e96491fcd","name":"Comunica\u00e7\u00e3o PSOL","image":{"@type":"ImageObject","inLanguage":"pt-BR","@id":"https:\/\/psol50.org.br\/#\/schema\/person\/image\/","url":"https:\/\/secure.gravatar.com\/avatar\/b34fc4f4e468a4e51785917065a3db57b841f5c95dba6ad8c73aaf8f66f8f9bf?s=96&d=mm&r=g","contentUrl":"https:\/\/secure.gravatar.com\/avatar\/b34fc4f4e468a4e51785917065a3db57b841f5c95dba6ad8c73aaf8f66f8f9bf?s=96&d=mm&r=g","caption":"Comunica\u00e7\u00e3o PSOL"}}]}},"_links":{"self":[{"href":"https:\/\/psol50.org.br\/rest\/wp\/v2\/posts\/25207","targetHints":{"allow":["GET"]}}],"collection":[{"href":"https:\/\/psol50.org.br\/rest\/wp\/v2\/posts"}],"about":[{"href":"https:\/\/psol50.org.br\/rest\/wp\/v2\/types\/post"}],"author":[{"embeddable":true,"href":"https:\/\/psol50.org.br\/rest\/wp\/v2\/users\/2"}],"replies":[{"embeddable":true,"href":"https:\/\/psol50.org.br\/rest\/wp\/v2\/comments?post=25207"}],"version-history":[{"count":0,"href":"https:\/\/psol50.org.br\/rest\/wp\/v2\/posts\/25207\/revisions"}],"wp:featuredmedia":[{"embeddable":true,"href":"https:\/\/psol50.org.br\/rest\/wp\/v2\/media\/25208"}],"wp:attachment":[{"href":"https:\/\/psol50.org.br\/rest\/wp\/v2\/media?parent=25207"}],"wp:term":[{"taxonomy":"category","embeddable":true,"href":"https:\/\/psol50.org.br\/rest\/wp\/v2\/categories?post=25207"},{"taxonomy":"post_tag","embeddable":true,"href":"https:\/\/psol50.org.br\/rest\/wp\/v2\/tags?post=25207"}],"curies":[{"name":"wp","href":"https:\/\/api.w.org\/{rel}","templated":true}]}}