{"id":25214,"date":"2019-05-20T11:57:06","date_gmt":"2019-05-20T14:57:06","guid":{"rendered":"http:\/\/psol50.org.br\/?p=25214"},"modified":"2019-05-20T11:57:06","modified_gmt":"2019-05-20T14:57:06","slug":"chacina-em-belem-psol-cobra-investigacao-2","status":"publish","type":"post","link":"https:\/\/psol50.org.br\/chacina-em-belem-psol-cobra-investigacao-2\/","title":{"rendered":"Chacina em Bel\u00e9m: PSOL cobra investiga\u00e7\u00e3o"},"content":{"rendered":"<p>Na tarde deste domingo (19), mais um crime b\u00e1rbaro aconteceu na cidade de Bel\u00e9m, no Para. Sete homens encapuzados chegaram em tr\u00eas ve\u00edculos em um bar localizado na Passagem Jambu, no bairro do Guam\u00e1. Segundo o Secret\u00e1rio de Seguran\u00e7a P\u00fablica do Par\u00e1, Ualame Machado,\u00a0 11 pessoas foram executadas, a maioria com tiros na cabe\u00e7a, e 1 pessoa foi ferida e se encontra sob a prote\u00e7\u00e3o da pol\u00edcia local. Havia mais pessoas no local que conseguiram fugir.<\/p>\n<p>Em nota, parlamentares do PSOL manifestaram a urg\u00eancia de investiga\u00e7\u00e3o em casos como esse. Para ler a nota assinada por Edmilson Rodrigues, Marinor Brito e Nazar\u00e9 Lima, <a href=\"http:\/\/www.edmilsonpsol.com.br\/mais-uma-chacina-em-belem-chega-de-impunidade\/?fbclid=IwAR22LYvE8X21MIyl_o5g4menHgYT557yyTsbKEEfCADSW4JvIFJo1DmtBmA\" target=\"_blank\" rel=\"noopener noreferrer\">clique aqui.<\/a><\/p>\n<p>Nas redes sociais, Edmilson Rodrigues refor\u00e7ou o pedido de investiga\u00e7\u00e3o:<\/p>\n<blockquote class=\"twitter-tweet\" data-width=\"550\" data-dnt=\"true\">\n<p lang=\"pt\" dir=\"ltr\">A situa\u00e7\u00e3o \u00e9 de extrema gravidade e requer que provid\u00eancias imediatas sejam tomadas pelos \u00f3rg\u00e3os de seguran\u00e7a do Estado. Expressamos total solidariedade aos familiares e amigos das v\u00edtimas, deste momento doloroso.<\/p>\n<p>Assinam: <a href=\"https:\/\/t.co\/04wSudaM7x\">https:\/\/t.co\/04wSudaM7x<\/a><a href=\"https:\/\/t.co\/w5isun3rq2\">https:\/\/t.co\/w5isun3rq2<\/a><\/p>\n<p>&mdash; Edmilson Rodrigues (@EdmilsonPSOL) <a href=\"https:\/\/twitter.com\/EdmilsonPSOL\/status\/1130255188730744833?ref_src=twsrc%5Etfw\">May 19, 2019<\/a><\/p><\/blockquote>\n<p><script async src=\"https:\/\/platform.twitter.com\/widgets.js\" charset=\"utf-8\"><\/script><\/p>\n<p>&nbsp;<\/p>\n<p>Assim como L\u00edvia Duarte, presidenta do PSOL Bel\u00e9m:<\/p>\n<blockquote class=\"twitter-tweet\" data-width=\"550\" data-dnt=\"true\">\n<p lang=\"pt\" dir=\"ltr\">Bel\u00e9m continua gritando socorro. 11 pessoas mortas: o mesmo modo, o mesmo bairro, a mesma tristeza, a mesma cor.<br \/>  Chacinas di\u00e1rias que jamais ganhar\u00e3o as p\u00e1ginas das trag\u00e9dias nacionais, hastags ou ilumina\u00e7\u00e3o de luto no museu do Louvre ou Pal\u00e1cio da Alvorada.<\/p>\n<p>&mdash; L\u00edvia Duarte \u270a\ud83c\udfff (@liviaduartepsol) <a href=\"https:\/\/twitter.com\/liviaduartepsol\/status\/1130224909706235904?ref_src=twsrc%5Etfw\">May 19, 2019<\/a><\/p><\/blockquote>\n<p><script async src=\"https:\/\/platform.twitter.com\/widgets.js\" charset=\"utf-8\"><\/script><\/p>\n<p>&nbsp;<\/p>\n<p>&nbsp;<\/p>\n<p>&nbsp;<\/p>\n<p>&nbsp;<\/p>\n<p>&nbsp;<\/p>\n<p>&nbsp;<\/p>\n","protected":false},"excerpt":{"rendered":"<p>Na tarde deste domingo (19), mais um crime b\u00e1rbaro aconteceu na cidade de Bel\u00e9m, no Para. Sete homens encapuzados chegaram em tr\u00eas ve\u00edculos em um bar localizado na Passagem Jambu, no bairro do Guam\u00e1. Segundo o Secret\u00e1rio de Seguran\u00e7a P\u00fablica do Par\u00e1, Ualame Machado,\u00a0 11 pessoas foram executadas, a maioria com tiros na cabe\u00e7a, e [&hellip;]<\/p>\n","protected":false},"author":2,"featured_media":24774,"comment_status":"closed","ping_status":"open","sticky":false,"template":"","format":"standard","meta":{"_acf_changed":false,"footnotes":""},"categories":[654,6],"tags":[643,1232,973,61,1817,1818,1123,50],"class_list":{"0":"post-25214","1":"post","2":"type-post","3":"status-publish","4":"format-standard","5":"has-post-thumbnail","7":"category-estados","8":"category-noticias","9":"tag-belem","10":"tag-chacina","11":"tag-edmilson-rodrigues","12":"tag-investigacao","13":"tag-livia-duarte","14":"tag-marinor-brito","15":"tag-nazare-lima","16":"tag-para"},"acf":[],"yoast_head":"<!-- This site is optimized with the Yoast SEO plugin v26.5 - https:\/\/yoast.com\/wordpress\/plugins\/seo\/ -->\n<title>Chacina em Bel\u00e9m: PSOL cobra investiga\u00e7\u00e3o<\/title>\n<meta name=\"robots\" content=\"index, follow, max-snippet:-1, max-image-preview:large, max-video-preview:-1\" \/>\n<link rel=\"canonical\" href=\"https:\/\/psol50.org.br\/chacina-em-belem-psol-cobra-investigacao-2\/\" \/>\n<meta property=\"og:locale\" content=\"pt_BR\" \/>\n<meta property=\"og:type\" content=\"article\" \/>\n<meta property=\"og:title\" content=\"Chacina em Bel\u00e9m: PSOL cobra investiga\u00e7\u00e3o\" \/>\n<meta property=\"og:description\" content=\"A execu\u00e7\u00e3o de 11 pessoas n\u00e3o pode ficar impune\" \/>\n<meta property=\"og:url\" content=\"https:\/\/psol50.org.br\/chacina-em-belem-psol-cobra-investigacao-2\/\" \/>\n<meta property=\"og:site_name\" content=\"PSOL 50\" \/>\n<meta property=\"article:publisher\" content=\"https:\/\/www.facebook.com\/psol50\" \/>\n<meta property=\"article:published_time\" content=\"2019-05-20T14:57:06+00:00\" \/>\n<meta property=\"og:image\" content=\"https:\/\/psol50.org.br\/inc\/uploads\/2019\/04\/capa-546x365-2.png\" \/>\n\t<meta property=\"og:image:width\" content=\"546\" \/>\n\t<meta property=\"og:image:height\" content=\"365\" \/>\n\t<meta property=\"og:image:type\" content=\"image\/png\" \/>\n<meta name=\"author\" content=\"Comunica\u00e7\u00e3o PSOL\" \/>\n<meta name=\"twitter:card\" content=\"summary_large_image\" \/>\n<meta name=\"twitter:title\" content=\"Chacina em Bel\u00e9m: PSOL cobra investiga\u00e7\u00e3o\" \/>\n<meta name=\"twitter:description\" content=\"A execu\u00e7\u00e3o de 11 pessoas n\u00e3o pode ficar impune\" \/>\n<meta name=\"twitter:image\" content=\"https:\/\/psol50.org.br\/inc\/uploads\/2019\/04\/capa-546x365-2.png\" \/>\n<meta name=\"twitter:creator\" content=\"@psol50\" \/>\n<meta name=\"twitter:site\" content=\"@psol50\" \/>\n<meta name=\"twitter:label1\" content=\"Escrito por\" \/>\n\t<meta name=\"twitter:data1\" content=\"Comunica\u00e7\u00e3o PSOL\" \/>\n\t<meta name=\"twitter:label2\" content=\"Est. tempo de leitura\" \/>\n\t<meta name=\"twitter:data2\" content=\"1 minuto\" \/>\n<script type=\"application\/ld+json\" class=\"yoast-schema-graph\">{\"@context\":\"https:\/\/schema.org\",\"@graph\":[{\"@type\":\"Article\",\"@id\":\"https:\/\/psol50.org.br\/chacina-em-belem-psol-cobra-investigacao-2\/#article\",\"isPartOf\":{\"@id\":\"https:\/\/psol50.org.br\/chacina-em-belem-psol-cobra-investigacao-2\/\"},\"author\":{\"name\":\"Comunica\u00e7\u00e3o PSOL\",\"@id\":\"https:\/\/psol50.org.br\/#\/schema\/person\/475dfa57d0b815993c714c2e96491fcd\"},\"headline\":\"Chacina em Bel\u00e9m: PSOL cobra investiga\u00e7\u00e3o\",\"datePublished\":\"2019-05-20T14:57:06+00:00\",\"mainEntityOfPage\":{\"@id\":\"https:\/\/psol50.org.br\/chacina-em-belem-psol-cobra-investigacao-2\/\"},\"wordCount\":161,\"publisher\":{\"@id\":\"https:\/\/psol50.org.br\/#organization\"},\"image\":{\"@id\":\"https:\/\/psol50.org.br\/chacina-em-belem-psol-cobra-investigacao-2\/#primaryimage\"},\"thumbnailUrl\":\"https:\/\/psol50.org.br\/inc\/uploads\/2019\/04\/capa-546x365-2.png\",\"keywords\":[\"Bel\u00e9m\",\"chacina\",\"Edmilson Rodrigues\",\"investiga\u00e7\u00e3o\",\"L\u00edvia Duarte\",\"Marinor Brito\",\"Nazar\u00e9 Lima\",\"Par\u00e1\"],\"articleSection\":[\"Estados\",\"Not\u00edcias\"],\"inLanguage\":\"pt-BR\"},{\"@type\":\"WebPage\",\"@id\":\"https:\/\/psol50.org.br\/chacina-em-belem-psol-cobra-investigacao-2\/\",\"url\":\"https:\/\/psol50.org.br\/chacina-em-belem-psol-cobra-investigacao-2\/\",\"name\":\"Chacina em Bel\u00e9m: PSOL cobra investiga\u00e7\u00e3o\",\"isPartOf\":{\"@id\":\"https:\/\/psol50.org.br\/#website\"},\"primaryImageOfPage\":{\"@id\":\"https:\/\/psol50.org.br\/chacina-em-belem-psol-cobra-investigacao-2\/#primaryimage\"},\"image\":{\"@id\":\"https:\/\/psol50.org.br\/chacina-em-belem-psol-cobra-investigacao-2\/#primaryimage\"},\"thumbnailUrl\":\"https:\/\/psol50.org.br\/inc\/uploads\/2019\/04\/capa-546x365-2.png\",\"datePublished\":\"2019-05-20T14:57:06+00:00\",\"breadcrumb\":{\"@id\":\"https:\/\/psol50.org.br\/chacina-em-belem-psol-cobra-investigacao-2\/#breadcrumb\"},\"inLanguage\":\"pt-BR\",\"potentialAction\":[{\"@type\":\"ReadAction\",\"target\":[\"https:\/\/psol50.org.br\/chacina-em-belem-psol-cobra-investigacao-2\/\"]}]},{\"@type\":\"ImageObject\",\"inLanguage\":\"pt-BR\",\"@id\":\"https:\/\/psol50.org.br\/chacina-em-belem-psol-cobra-investigacao-2\/#primaryimage\",\"url\":\"https:\/\/psol50.org.br\/inc\/uploads\/2019\/04\/capa-546x365-2.png\",\"contentUrl\":\"https:\/\/psol50.org.br\/inc\/uploads\/2019\/04\/capa-546x365-2.png\",\"width\":546,\"height\":365},{\"@type\":\"BreadcrumbList\",\"@id\":\"https:\/\/psol50.org.br\/chacina-em-belem-psol-cobra-investigacao-2\/#breadcrumb\",\"itemListElement\":[{\"@type\":\"ListItem\",\"position\":1,\"name\":\"In\u00edcio\",\"item\":\"https:\/\/psol50.org.br\/\"},{\"@type\":\"ListItem\",\"position\":2,\"name\":\"Chacina em Bel\u00e9m: PSOL cobra investiga\u00e7\u00e3o\"}]},{\"@type\":\"WebSite\",\"@id\":\"https:\/\/psol50.org.br\/#website\",\"url\":\"https:\/\/psol50.org.br\/\",\"name\":\"PSOL 50\",\"description\":\"Site oficial do Partido Socialismo e Liberdade\",\"publisher\":{\"@id\":\"https:\/\/psol50.org.br\/#organization\"},\"alternateName\":\"PSOL50\",\"potentialAction\":[{\"@type\":\"SearchAction\",\"target\":{\"@type\":\"EntryPoint\",\"urlTemplate\":\"https:\/\/psol50.org.br\/?s={search_term_string}\"},\"query-input\":{\"@type\":\"PropertyValueSpecification\",\"valueRequired\":true,\"valueName\":\"search_term_string\"}}],\"inLanguage\":\"pt-BR\"},{\"@type\":\"Organization\",\"@id\":\"https:\/\/psol50.org.br\/#organization\",\"name\":\"PSOL 50\",\"alternateName\":\"PSOL 50\",\"url\":\"https:\/\/psol50.org.br\/\",\"logo\":{\"@type\":\"ImageObject\",\"inLanguage\":\"pt-BR\",\"@id\":\"https:\/\/psol50.org.br\/#\/schema\/logo\/image\/\",\"url\":\"https:\/\/psol50.org.br\/inc\/uploads\/2018\/07\/capa.png\",\"contentUrl\":\"https:\/\/psol50.org.br\/inc\/uploads\/2018\/07\/capa.png\",\"width\":1350,\"height\":900,\"caption\":\"PSOL 50\"},\"image\":{\"@id\":\"https:\/\/psol50.org.br\/#\/schema\/logo\/image\/\"},\"sameAs\":[\"https:\/\/www.facebook.com\/psol50\",\"https:\/\/x.com\/psol50\",\"https:\/\/www.instagram.com\/psol50\/\",\"https:\/\/www.youtube.com\/channel\/UC7SnJS5o1os7a6CaiNabzcg\"]},{\"@type\":\"Person\",\"@id\":\"https:\/\/psol50.org.br\/#\/schema\/person\/475dfa57d0b815993c714c2e96491fcd\",\"name\":\"Comunica\u00e7\u00e3o PSOL\",\"image\":{\"@type\":\"ImageObject\",\"inLanguage\":\"pt-BR\",\"@id\":\"https:\/\/psol50.org.br\/#\/schema\/person\/image\/\",\"url\":\"https:\/\/secure.gravatar.com\/avatar\/b34fc4f4e468a4e51785917065a3db57b841f5c95dba6ad8c73aaf8f66f8f9bf?s=96&d=mm&r=g\",\"contentUrl\":\"https:\/\/secure.gravatar.com\/avatar\/b34fc4f4e468a4e51785917065a3db57b841f5c95dba6ad8c73aaf8f66f8f9bf?s=96&d=mm&r=g\",\"caption\":\"Comunica\u00e7\u00e3o PSOL\"}}]}<\/script>\n<!-- \/ Yoast SEO plugin. -->","yoast_head_json":{"title":"Chacina em Bel\u00e9m: PSOL cobra investiga\u00e7\u00e3o","robots":{"index":"index","follow":"follow","max-snippet":"max-snippet:-1","max-image-preview":"max-image-preview:large","max-video-preview":"max-video-preview:-1"},"canonical":"https:\/\/psol50.org.br\/chacina-em-belem-psol-cobra-investigacao-2\/","og_locale":"pt_BR","og_type":"article","og_title":"Chacina em Bel\u00e9m: PSOL cobra investiga\u00e7\u00e3o","og_description":"A execu\u00e7\u00e3o de 11 pessoas n\u00e3o pode ficar impune","og_url":"https:\/\/psol50.org.br\/chacina-em-belem-psol-cobra-investigacao-2\/","og_site_name":"PSOL 50","article_publisher":"https:\/\/www.facebook.com\/psol50","article_published_time":"2019-05-20T14:57:06+00:00","og_image":[{"width":546,"height":365,"url":"https:\/\/psol50.org.br\/inc\/uploads\/2019\/04\/capa-546x365-2.png","type":"image\/png"}],"author":"Comunica\u00e7\u00e3o PSOL","twitter_card":"summary_large_image","twitter_title":"Chacina em Bel\u00e9m: PSOL cobra investiga\u00e7\u00e3o","twitter_description":"A execu\u00e7\u00e3o de 11 pessoas n\u00e3o pode ficar impune","twitter_image":"https:\/\/psol50.org.br\/inc\/uploads\/2019\/04\/capa-546x365-2.png","twitter_creator":"@psol50","twitter_site":"@psol50","twitter_misc":{"Escrito por":"Comunica\u00e7\u00e3o PSOL","Est. tempo de leitura":"1 minuto"},"schema":{"@context":"https:\/\/schema.org","@graph":[{"@type":"Article","@id":"https:\/\/psol50.org.br\/chacina-em-belem-psol-cobra-investigacao-2\/#article","isPartOf":{"@id":"https:\/\/psol50.org.br\/chacina-em-belem-psol-cobra-investigacao-2\/"},"author":{"name":"Comunica\u00e7\u00e3o PSOL","@id":"https:\/\/psol50.org.br\/#\/schema\/person\/475dfa57d0b815993c714c2e96491fcd"},"headline":"Chacina em Bel\u00e9m: PSOL cobra investiga\u00e7\u00e3o","datePublished":"2019-05-20T14:57:06+00:00","mainEntityOfPage":{"@id":"https:\/\/psol50.org.br\/chacina-em-belem-psol-cobra-investigacao-2\/"},"wordCount":161,"publisher":{"@id":"https:\/\/psol50.org.br\/#organization"},"image":{"@id":"https:\/\/psol50.org.br\/chacina-em-belem-psol-cobra-investigacao-2\/#primaryimage"},"thumbnailUrl":"https:\/\/psol50.org.br\/inc\/uploads\/2019\/04\/capa-546x365-2.png","keywords":["Bel\u00e9m","chacina","Edmilson Rodrigues","investiga\u00e7\u00e3o","L\u00edvia Duarte","Marinor Brito","Nazar\u00e9 Lima","Par\u00e1"],"articleSection":["Estados","Not\u00edcias"],"inLanguage":"pt-BR"},{"@type":"WebPage","@id":"https:\/\/psol50.org.br\/chacina-em-belem-psol-cobra-investigacao-2\/","url":"https:\/\/psol50.org.br\/chacina-em-belem-psol-cobra-investigacao-2\/","name":"Chacina em Bel\u00e9m: PSOL cobra investiga\u00e7\u00e3o","isPartOf":{"@id":"https:\/\/psol50.org.br\/#website"},"primaryImageOfPage":{"@id":"https:\/\/psol50.org.br\/chacina-em-belem-psol-cobra-investigacao-2\/#primaryimage"},"image":{"@id":"https:\/\/psol50.org.br\/chacina-em-belem-psol-cobra-investigacao-2\/#primaryimage"},"thumbnailUrl":"https:\/\/psol50.org.br\/inc\/uploads\/2019\/04\/capa-546x365-2.png","datePublished":"2019-05-20T14:57:06+00:00","breadcrumb":{"@id":"https:\/\/psol50.org.br\/chacina-em-belem-psol-cobra-investigacao-2\/#breadcrumb"},"inLanguage":"pt-BR","potentialAction":[{"@type":"ReadAction","target":["https:\/\/psol50.org.br\/chacina-em-belem-psol-cobra-investigacao-2\/"]}]},{"@type":"ImageObject","inLanguage":"pt-BR","@id":"https:\/\/psol50.org.br\/chacina-em-belem-psol-cobra-investigacao-2\/#primaryimage","url":"https:\/\/psol50.org.br\/inc\/uploads\/2019\/04\/capa-546x365-2.png","contentUrl":"https:\/\/psol50.org.br\/inc\/uploads\/2019\/04\/capa-546x365-2.png","width":546,"height":365},{"@type":"BreadcrumbList","@id":"https:\/\/psol50.org.br\/chacina-em-belem-psol-cobra-investigacao-2\/#breadcrumb","itemListElement":[{"@type":"ListItem","position":1,"name":"In\u00edcio","item":"https:\/\/psol50.org.br\/"},{"@type":"ListItem","position":2,"name":"Chacina em Bel\u00e9m: PSOL cobra investiga\u00e7\u00e3o"}]},{"@type":"WebSite","@id":"https:\/\/psol50.org.br\/#website","url":"https:\/\/psol50.org.br\/","name":"PSOL 50","description":"Site oficial do Partido Socialismo e Liberdade","publisher":{"@id":"https:\/\/psol50.org.br\/#organization"},"alternateName":"PSOL50","potentialAction":[{"@type":"SearchAction","target":{"@type":"EntryPoint","urlTemplate":"https:\/\/psol50.org.br\/?s={search_term_string}"},"query-input":{"@type":"PropertyValueSpecification","valueRequired":true,"valueName":"search_term_string"}}],"inLanguage":"pt-BR"},{"@type":"Organization","@id":"https:\/\/psol50.org.br\/#organization","name":"PSOL 50","alternateName":"PSOL 50","url":"https:\/\/psol50.org.br\/","logo":{"@type":"ImageObject","inLanguage":"pt-BR","@id":"https:\/\/psol50.org.br\/#\/schema\/logo\/image\/","url":"https:\/\/psol50.org.br\/inc\/uploads\/2018\/07\/capa.png","contentUrl":"https:\/\/psol50.org.br\/inc\/uploads\/2018\/07\/capa.png","width":1350,"height":900,"caption":"PSOL 50"},"image":{"@id":"https:\/\/psol50.org.br\/#\/schema\/logo\/image\/"},"sameAs":["https:\/\/www.facebook.com\/psol50","https:\/\/x.com\/psol50","https:\/\/www.instagram.com\/psol50\/","https:\/\/www.youtube.com\/channel\/UC7SnJS5o1os7a6CaiNabzcg"]},{"@type":"Person","@id":"https:\/\/psol50.org.br\/#\/schema\/person\/475dfa57d0b815993c714c2e96491fcd","name":"Comunica\u00e7\u00e3o PSOL","image":{"@type":"ImageObject","inLanguage":"pt-BR","@id":"https:\/\/psol50.org.br\/#\/schema\/person\/image\/","url":"https:\/\/secure.gravatar.com\/avatar\/b34fc4f4e468a4e51785917065a3db57b841f5c95dba6ad8c73aaf8f66f8f9bf?s=96&d=mm&r=g","contentUrl":"https:\/\/secure.gravatar.com\/avatar\/b34fc4f4e468a4e51785917065a3db57b841f5c95dba6ad8c73aaf8f66f8f9bf?s=96&d=mm&r=g","caption":"Comunica\u00e7\u00e3o PSOL"}}]}},"_links":{"self":[{"href":"https:\/\/psol50.org.br\/rest\/wp\/v2\/posts\/25214","targetHints":{"allow":["GET"]}}],"collection":[{"href":"https:\/\/psol50.org.br\/rest\/wp\/v2\/posts"}],"about":[{"href":"https:\/\/psol50.org.br\/rest\/wp\/v2\/types\/post"}],"author":[{"embeddable":true,"href":"https:\/\/psol50.org.br\/rest\/wp\/v2\/users\/2"}],"replies":[{"embeddable":true,"href":"https:\/\/psol50.org.br\/rest\/wp\/v2\/comments?post=25214"}],"version-history":[{"count":0,"href":"https:\/\/psol50.org.br\/rest\/wp\/v2\/posts\/25214\/revisions"}],"wp:featuredmedia":[{"embeddable":true,"href":"https:\/\/psol50.org.br\/rest\/wp\/v2\/media\/24774"}],"wp:attachment":[{"href":"https:\/\/psol50.org.br\/rest\/wp\/v2\/media?parent=25214"}],"wp:term":[{"taxonomy":"category","embeddable":true,"href":"https:\/\/psol50.org.br\/rest\/wp\/v2\/categories?post=25214"},{"taxonomy":"post_tag","embeddable":true,"href":"https:\/\/psol50.org.br\/rest\/wp\/v2\/tags?post=25214"}],"curies":[{"name":"wp","href":"https:\/\/api.w.org\/{rel}","templated":true}]}}