{"id":25216,"date":"2019-05-20T11:45:45","date_gmt":"2019-05-20T14:45:45","guid":{"rendered":"http:\/\/psol50.org.br\/?p=25216"},"modified":"2019-05-20T11:45:45","modified_gmt":"2019-05-20T14:45:45","slug":"aurea-carolina-o-levante-contra-o-governo-da-burrice-2","status":"publish","type":"post","link":"https:\/\/psol50.org.br\/aurea-carolina-o-levante-contra-o-governo-da-burrice-2\/","title":{"rendered":"\u00c1urea Carolina | O levante contra o governo da burrice"},"content":{"rendered":"<p><a href=\"https:\/\/www.nexojornal.com.br\/colunistas\/tribuna\/2019\/O-levante-contra-o-governo-da-burrice\">Originalmente publicado no Nexo.<\/a><\/p>\n<p><strong>A cada atitude truculenta, a cada malfeito, a cada agress\u00e3o, a administra\u00e7\u00e3o de Jair Bolsonaro desencadeia uma mobiliza\u00e7\u00e3o social cada vez mais potente.<\/strong><\/p>\n<p>Ao tentar explicar com uma pat\u00e9tica matem\u00e1tica de chocolates a decis\u00e3o do governo Bolsonaro de patrocinar cortes no or\u00e7amento dos institutos e das universidades federais, o ministro da Educa\u00e7\u00e3o, Abraham Weintraub, exp\u00f4s seu completo desd\u00e9m pela educa\u00e7\u00e3o e pela vida pensante no Brasil.<\/p>\n<p>Al\u00e9m do valor enganoso do corte de 3,5% declarado na cena, que na realidade incidir\u00e1 sobre cerca de 30% das despesas discricion\u00e1rias para manuten\u00e7\u00e3o e servi\u00e7os essenciais das institui\u00e7\u00f5es, a performance do ministro e do presidente da Rep\u00fablica n\u00e3o podia ser mais deplor\u00e1vel. Enquanto o ministro dizia que o recurso seria guardado para ser gasto depois, segurando tr\u00eas chocolates e meio, o presidente se afobou para comer com sofreguid\u00e3o a outra metade do chocolate, entregando na literalidade da infeliz met\u00e1fora o contr\u00e1rio do que se dizia.<\/p>\n<p>Rapidamente se acendeu uma ampla rea\u00e7\u00e3o na sociedade brasileira contra essa pol\u00edtica de desmonte da educa\u00e7\u00e3o, na esteira de insatisfa\u00e7\u00f5es com o desempenho e outras medidas do governo, tais como a reforma da Previd\u00eancia e a flexibiliza\u00e7\u00e3o do porte de armas.<\/p>\n<p>A resposta mais contundente veio no \u00faltimo 15 de maio, quando centenas de milhares de pessoas ocuparam as ruas em mais de 200 cidades de todo o pa\u00eds. O tsunami da educa\u00e7\u00e3o foi um levante de jovens estudantes, professores e trabalhadores do setor, mas tamb\u00e9m de diversas outras express\u00f5es sociais, inclusive muita gente que n\u00e3o faz parte de movimentos organizados.<\/p>\n<p>Dos Estados Unidos, pa\u00eds que venera, Jair Bolsonaro tratou de desqualificar os atos, chamando os manifestantes de \u201cidiotas \u00fateis\u201d e \u201cmassa de manobra\u201d. Na v\u00e9spera, percebendo que os cortes poderiam ter um pre\u00e7o alto demais, o presidente recuou em conversa com l\u00edderes da sua base no Congresso Nacional, mas logo em seguida foi desmentido pela pr\u00f3pria Casa Civil. Prevaleceu o interesse do poder econ\u00f4mico fiado por Weintraub, o ministro m\u00e3os de tesoura.<\/p>\n<p>No plano de fundo da trama, a criminaliza\u00e7\u00e3o das universidades federais \u2013 tachadas como lugares de \u201cbalb\u00fardia\u201d pelo ministro \u2013 e o seu sucateamento proposital podem mirar um projeto de mercado, conforme o modelo chileno, elogiado pelo ministro, que passou por um processo generalizado de privatiza\u00e7\u00e3o durante a ditadura militar de Augusto Pinochet.<\/p>\n<p>A prop\u00f3sito, as revoltas de estudantes secundaristas no Chile contra a mercantiliza\u00e7\u00e3o do ensino deram origem \u00e0 hist\u00f3rica Rebeli\u00e3o dos Pinguins, em 2006, com repercuss\u00f5es que se estendem at\u00e9 hoje. S\u00f3 recentemente, em 2018, a educa\u00e7\u00e3o superior passou a ser de acesso gratuito universal naquele pa\u00eds.<\/p>\n<p>O exemplo das ocupa\u00e7\u00f5es estudantis chilenas foi uma reconhecida inspira\u00e7\u00e3o para jovens do estado de S\u00e3o Paulo, em 2015, que resolveram ocupar suas escolas para barrar o projeto de reorganiza\u00e7\u00e3o escolar imposto pelo ent\u00e3o governo de Geraldo Alckmin. Com lemas como \u201cmais escolas, menos pris\u00f5es\u201d, \u201ca escola \u00e9 nossa\u201d e \u201cn\u00e3o tem arrego\u201d, os estudantes foram duramente reprimidos pela Pol\u00edcia Militar, a mando do governo estadual, o que acendeu uma forte rede de apoio e solidariedade, fazendo com que o governo finalmente desistisse do projeto.<\/p>\n<p>Em 2016, ap\u00f3s o golpe que retirou Dilma Rousseff da Presid\u00eancia sem crime de responsabilidade, as ocupa\u00e7\u00f5es estudantis ressurgiram em centenas de escolas e universidades de v\u00e1rias partes do Brasil em protesto contra uma s\u00e9rie de medidas, como a reforma do ensino m\u00e9dio e a PEC do teto dos gastos (depois consumadas pelo governo Temer), a franquia do projeto Escola sem Partido e diferentes pol\u00edticas estaduais de ataque \u00e0 educa\u00e7\u00e3o.<\/p>\n<p>J\u00e1 na era Bolsonaro, os ataques s\u00e3o combinados com uma narrativa escancarada de emburrecimento e a manipula\u00e7\u00e3o de not\u00edcias falsas para desacreditar a educa\u00e7\u00e3o p\u00fablica, de forma similar \u00e0quela que lhe garantiu a vit\u00f3ria nas urnas. Nessa l\u00f3gica, n\u00e3o bastam os cortes apenas do ponto de vista or\u00e7ament\u00e1rio. \u00c9 necess\u00e1rio estereotipar e amea\u00e7ar \u00e1reas cruciais como sociologia, artes e filosofia, perseguir o trabalho docente, asfixiar a pol\u00edtica de ci\u00eancia e tecnologia, corroer o patrim\u00f4nio com a falta de recursos para manuten\u00e7\u00e3o b\u00e1sica de instala\u00e7\u00f5es, minar a credibilidade das institui\u00e7\u00f5es federais de ensino.<\/p>\n<p>\u00c9 o governo da burrice, avesso ao pensamento cr\u00edtico, apavorado com a capacidade aut\u00f4noma de produ\u00e7\u00e3o de conhecimento, politiza\u00e7\u00e3o e cidadania ativa que possa emergir de uma educa\u00e7\u00e3o de qualidade. E mais: \u00e9 um governo que n\u00e3o suporta a democratiza\u00e7\u00e3o dos espa\u00e7os com a chegada crescente de estudantes negros, ind\u00edgenas, quilombolas e de origem popular, gra\u00e7as a pol\u00edticas p\u00fablicas de expans\u00e3o de vagas e amplia\u00e7\u00e3o do acesso ao ensino superior no Brasil.<\/p>\n<p>Mas \u00e9 o governo da burrice tamb\u00e9m porque a cada atitude truculenta, a cada malfeito, a cada agress\u00e3o, desencadeia um levante social cada vez mais potente. Na manh\u00e3 do #15M eu vi na Esplanada dos Minist\u00e9rios, em Bras\u00edlia, uma multid\u00e3o multicolorida, com a presen\u00e7a marcante de juventudes perif\u00e9ricas, encorajadas a defender a educa\u00e7\u00e3o e a democracia. E me emocionei ao ouvir o hino das ocupa\u00e7\u00f5es estudantis de 2015, de autoria do cantor Dani Black, sendo cantado com alegria por muita gente ao meu redor: \u201cNingu\u00e9m tira o trono do estudar \/ Ningu\u00e9m \u00e9 o dono do que a vida d\u00e1 \/ E nem me colocando numa jaula \/ Porque sala de aula essa jaula vai virar\u201d. A mobiliza\u00e7\u00e3o continua e promete ser ainda maior no dia 30 de maio. Todas \u00e0s ruas!<\/p>\n","protected":false},"excerpt":{"rendered":"<p>A cada malfeito, Bolsonaro desencadeia uma mobiliza\u00e7\u00e3o social cada vez mais potente.<\/p>\n","protected":false},"author":2,"featured_media":25222,"comment_status":"closed","ping_status":"open","sticky":false,"template":"","format":"standard","meta":{"_acf_changed":false,"footnotes":""},"categories":[3],"tags":[1815,1819,29,56,164,116],"class_list":{"0":"post-25216","1":"post","2":"type-post","3":"status-publish","4":"format-standard","5":"has-post-thumbnail","7":"category-artigos-e-entrevistas","8":"tag-15m","9":"tag-30m","10":"tag-aurea-carolina","11":"tag-bolsonaro","12":"tag-educacao","13":"tag-protestos"},"acf":[],"yoast_head":"<!-- This site is optimized with the Yoast SEO plugin v26.5 - https:\/\/yoast.com\/wordpress\/plugins\/seo\/ -->\n<title>\u00c1urea Carolina | O levante contra o governo da burrice - PSOL 50<\/title>\n<meta name=\"robots\" content=\"index, follow, max-snippet:-1, max-image-preview:large, max-video-preview:-1\" \/>\n<link rel=\"canonical\" href=\"https:\/\/psol50.org.br\/aurea-carolina-o-levante-contra-o-governo-da-burrice-2\/\" \/>\n<meta property=\"og:locale\" content=\"pt_BR\" \/>\n<meta property=\"og:type\" content=\"article\" \/>\n<meta property=\"og:title\" content=\"\u00c1urea Carolina | O levante contra o governo da burrice\" \/>\n<meta property=\"og:description\" content=\"A cada malfeito, Bolsonaro desencadeia uma mobiliza\u00e7\u00e3o social cada vez mais potente.\" \/>\n<meta property=\"og:url\" content=\"https:\/\/psol50.org.br\/aurea-carolina-o-levante-contra-o-governo-da-burrice-2\/\" \/>\n<meta property=\"og:site_name\" content=\"PSOL 50\" \/>\n<meta property=\"article:publisher\" content=\"https:\/\/www.facebook.com\/psol50\" \/>\n<meta property=\"article:published_time\" content=\"2019-05-20T14:45:45+00:00\" \/>\n<meta property=\"og:image\" content=\"https:\/\/psol50.org.br\/inc\/uploads\/2019\/05\/aurea-83.jpg\" \/>\n\t<meta property=\"og:image:width\" content=\"984\" \/>\n\t<meta property=\"og:image:height\" content=\"616\" \/>\n\t<meta property=\"og:image:type\" content=\"image\/jpeg\" \/>\n<meta name=\"author\" content=\"Comunica\u00e7\u00e3o PSOL\" \/>\n<meta name=\"twitter:card\" content=\"summary_large_image\" \/>\n<meta name=\"twitter:title\" content=\"\u00c1urea Carolina | O levante contra o governo da burrice\" \/>\n<meta name=\"twitter:description\" content=\"A cada malfeito, Bolsonaro desencadeia uma mobiliza\u00e7\u00e3o social cada vez mais potente.\" \/>\n<meta name=\"twitter:image\" content=\"https:\/\/psol50.org.br\/inc\/uploads\/2019\/05\/aurea-83.jpg\" \/>\n<meta name=\"twitter:creator\" content=\"@psol50\" \/>\n<meta name=\"twitter:site\" content=\"@psol50\" \/>\n<meta name=\"twitter:label1\" content=\"Escrito por\" \/>\n\t<meta name=\"twitter:data1\" content=\"Comunica\u00e7\u00e3o PSOL\" \/>\n\t<meta name=\"twitter:label2\" content=\"Est. tempo de leitura\" \/>\n\t<meta name=\"twitter:data2\" content=\"5 minutos\" \/>\n<script type=\"application\/ld+json\" class=\"yoast-schema-graph\">{\"@context\":\"https:\/\/schema.org\",\"@graph\":[{\"@type\":\"Article\",\"@id\":\"https:\/\/psol50.org.br\/aurea-carolina-o-levante-contra-o-governo-da-burrice-2\/#article\",\"isPartOf\":{\"@id\":\"https:\/\/psol50.org.br\/aurea-carolina-o-levante-contra-o-governo-da-burrice-2\/\"},\"author\":{\"name\":\"Comunica\u00e7\u00e3o PSOL\",\"@id\":\"https:\/\/psol50.org.br\/#\/schema\/person\/475dfa57d0b815993c714c2e96491fcd\"},\"headline\":\"\u00c1urea Carolina | O levante contra o governo da burrice\",\"datePublished\":\"2019-05-20T14:45:45+00:00\",\"mainEntityOfPage\":{\"@id\":\"https:\/\/psol50.org.br\/aurea-carolina-o-levante-contra-o-governo-da-burrice-2\/\"},\"wordCount\":977,\"publisher\":{\"@id\":\"https:\/\/psol50.org.br\/#organization\"},\"image\":{\"@id\":\"https:\/\/psol50.org.br\/aurea-carolina-o-levante-contra-o-governo-da-burrice-2\/#primaryimage\"},\"thumbnailUrl\":\"https:\/\/psol50.org.br\/inc\/uploads\/2019\/05\/aurea-83.jpg\",\"keywords\":[\"15M\",\"30M\",\"\u00c1urea Carolina\",\"Bolsonaro\",\"Educa\u00e7\u00e3o\",\"protestos\"],\"articleSection\":[\"Artigos\"],\"inLanguage\":\"pt-BR\"},{\"@type\":\"WebPage\",\"@id\":\"https:\/\/psol50.org.br\/aurea-carolina-o-levante-contra-o-governo-da-burrice-2\/\",\"url\":\"https:\/\/psol50.org.br\/aurea-carolina-o-levante-contra-o-governo-da-burrice-2\/\",\"name\":\"\u00c1urea Carolina | O levante contra o governo da burrice - PSOL 50\",\"isPartOf\":{\"@id\":\"https:\/\/psol50.org.br\/#website\"},\"primaryImageOfPage\":{\"@id\":\"https:\/\/psol50.org.br\/aurea-carolina-o-levante-contra-o-governo-da-burrice-2\/#primaryimage\"},\"image\":{\"@id\":\"https:\/\/psol50.org.br\/aurea-carolina-o-levante-contra-o-governo-da-burrice-2\/#primaryimage\"},\"thumbnailUrl\":\"https:\/\/psol50.org.br\/inc\/uploads\/2019\/05\/aurea-83.jpg\",\"datePublished\":\"2019-05-20T14:45:45+00:00\",\"breadcrumb\":{\"@id\":\"https:\/\/psol50.org.br\/aurea-carolina-o-levante-contra-o-governo-da-burrice-2\/#breadcrumb\"},\"inLanguage\":\"pt-BR\",\"potentialAction\":[{\"@type\":\"ReadAction\",\"target\":[\"https:\/\/psol50.org.br\/aurea-carolina-o-levante-contra-o-governo-da-burrice-2\/\"]}]},{\"@type\":\"ImageObject\",\"inLanguage\":\"pt-BR\",\"@id\":\"https:\/\/psol50.org.br\/aurea-carolina-o-levante-contra-o-governo-da-burrice-2\/#primaryimage\",\"url\":\"https:\/\/psol50.org.br\/inc\/uploads\/2019\/05\/aurea-83.jpg\",\"contentUrl\":\"https:\/\/psol50.org.br\/inc\/uploads\/2019\/05\/aurea-83.jpg\",\"width\":984,\"height\":616,\"caption\":\"Foto: Patrick Arley\/Divulga\u00e7\u00e3o\"},{\"@type\":\"BreadcrumbList\",\"@id\":\"https:\/\/psol50.org.br\/aurea-carolina-o-levante-contra-o-governo-da-burrice-2\/#breadcrumb\",\"itemListElement\":[{\"@type\":\"ListItem\",\"position\":1,\"name\":\"In\u00edcio\",\"item\":\"https:\/\/psol50.org.br\/\"},{\"@type\":\"ListItem\",\"position\":2,\"name\":\"\u00c1urea Carolina | O levante contra o governo da burrice\"}]},{\"@type\":\"WebSite\",\"@id\":\"https:\/\/psol50.org.br\/#website\",\"url\":\"https:\/\/psol50.org.br\/\",\"name\":\"PSOL 50\",\"description\":\"Site oficial do Partido Socialismo e Liberdade\",\"publisher\":{\"@id\":\"https:\/\/psol50.org.br\/#organization\"},\"alternateName\":\"PSOL50\",\"potentialAction\":[{\"@type\":\"SearchAction\",\"target\":{\"@type\":\"EntryPoint\",\"urlTemplate\":\"https:\/\/psol50.org.br\/?s={search_term_string}\"},\"query-input\":{\"@type\":\"PropertyValueSpecification\",\"valueRequired\":true,\"valueName\":\"search_term_string\"}}],\"inLanguage\":\"pt-BR\"},{\"@type\":\"Organization\",\"@id\":\"https:\/\/psol50.org.br\/#organization\",\"name\":\"PSOL 50\",\"alternateName\":\"PSOL 50\",\"url\":\"https:\/\/psol50.org.br\/\",\"logo\":{\"@type\":\"ImageObject\",\"inLanguage\":\"pt-BR\",\"@id\":\"https:\/\/psol50.org.br\/#\/schema\/logo\/image\/\",\"url\":\"https:\/\/psol50.org.br\/inc\/uploads\/2018\/07\/capa.png\",\"contentUrl\":\"https:\/\/psol50.org.br\/inc\/uploads\/2018\/07\/capa.png\",\"width\":1350,\"height\":900,\"caption\":\"PSOL 50\"},\"image\":{\"@id\":\"https:\/\/psol50.org.br\/#\/schema\/logo\/image\/\"},\"sameAs\":[\"https:\/\/www.facebook.com\/psol50\",\"https:\/\/x.com\/psol50\",\"https:\/\/www.instagram.com\/psol50\/\",\"https:\/\/www.youtube.com\/channel\/UC7SnJS5o1os7a6CaiNabzcg\"]},{\"@type\":\"Person\",\"@id\":\"https:\/\/psol50.org.br\/#\/schema\/person\/475dfa57d0b815993c714c2e96491fcd\",\"name\":\"Comunica\u00e7\u00e3o PSOL\",\"image\":{\"@type\":\"ImageObject\",\"inLanguage\":\"pt-BR\",\"@id\":\"https:\/\/psol50.org.br\/#\/schema\/person\/image\/\",\"url\":\"https:\/\/secure.gravatar.com\/avatar\/b34fc4f4e468a4e51785917065a3db57b841f5c95dba6ad8c73aaf8f66f8f9bf?s=96&d=mm&r=g\",\"contentUrl\":\"https:\/\/secure.gravatar.com\/avatar\/b34fc4f4e468a4e51785917065a3db57b841f5c95dba6ad8c73aaf8f66f8f9bf?s=96&d=mm&r=g\",\"caption\":\"Comunica\u00e7\u00e3o PSOL\"}}]}<\/script>\n<!-- \/ Yoast SEO plugin. -->","yoast_head_json":{"title":"\u00c1urea Carolina | O levante contra o governo da burrice - PSOL 50","robots":{"index":"index","follow":"follow","max-snippet":"max-snippet:-1","max-image-preview":"max-image-preview:large","max-video-preview":"max-video-preview:-1"},"canonical":"https:\/\/psol50.org.br\/aurea-carolina-o-levante-contra-o-governo-da-burrice-2\/","og_locale":"pt_BR","og_type":"article","og_title":"\u00c1urea Carolina | O levante contra o governo da burrice","og_description":"A cada malfeito, Bolsonaro desencadeia uma mobiliza\u00e7\u00e3o social cada vez mais potente.","og_url":"https:\/\/psol50.org.br\/aurea-carolina-o-levante-contra-o-governo-da-burrice-2\/","og_site_name":"PSOL 50","article_publisher":"https:\/\/www.facebook.com\/psol50","article_published_time":"2019-05-20T14:45:45+00:00","og_image":[{"width":984,"height":616,"url":"https:\/\/psol50.org.br\/inc\/uploads\/2019\/05\/aurea-83.jpg","type":"image\/jpeg"}],"author":"Comunica\u00e7\u00e3o PSOL","twitter_card":"summary_large_image","twitter_title":"\u00c1urea Carolina | O levante contra o governo da burrice","twitter_description":"A cada malfeito, Bolsonaro desencadeia uma mobiliza\u00e7\u00e3o social cada vez mais potente.","twitter_image":"https:\/\/psol50.org.br\/inc\/uploads\/2019\/05\/aurea-83.jpg","twitter_creator":"@psol50","twitter_site":"@psol50","twitter_misc":{"Escrito por":"Comunica\u00e7\u00e3o PSOL","Est. tempo de leitura":"5 minutos"},"schema":{"@context":"https:\/\/schema.org","@graph":[{"@type":"Article","@id":"https:\/\/psol50.org.br\/aurea-carolina-o-levante-contra-o-governo-da-burrice-2\/#article","isPartOf":{"@id":"https:\/\/psol50.org.br\/aurea-carolina-o-levante-contra-o-governo-da-burrice-2\/"},"author":{"name":"Comunica\u00e7\u00e3o PSOL","@id":"https:\/\/psol50.org.br\/#\/schema\/person\/475dfa57d0b815993c714c2e96491fcd"},"headline":"\u00c1urea Carolina | O levante contra o governo da burrice","datePublished":"2019-05-20T14:45:45+00:00","mainEntityOfPage":{"@id":"https:\/\/psol50.org.br\/aurea-carolina-o-levante-contra-o-governo-da-burrice-2\/"},"wordCount":977,"publisher":{"@id":"https:\/\/psol50.org.br\/#organization"},"image":{"@id":"https:\/\/psol50.org.br\/aurea-carolina-o-levante-contra-o-governo-da-burrice-2\/#primaryimage"},"thumbnailUrl":"https:\/\/psol50.org.br\/inc\/uploads\/2019\/05\/aurea-83.jpg","keywords":["15M","30M","\u00c1urea Carolina","Bolsonaro","Educa\u00e7\u00e3o","protestos"],"articleSection":["Artigos"],"inLanguage":"pt-BR"},{"@type":"WebPage","@id":"https:\/\/psol50.org.br\/aurea-carolina-o-levante-contra-o-governo-da-burrice-2\/","url":"https:\/\/psol50.org.br\/aurea-carolina-o-levante-contra-o-governo-da-burrice-2\/","name":"\u00c1urea Carolina | O levante contra o governo da burrice - PSOL 50","isPartOf":{"@id":"https:\/\/psol50.org.br\/#website"},"primaryImageOfPage":{"@id":"https:\/\/psol50.org.br\/aurea-carolina-o-levante-contra-o-governo-da-burrice-2\/#primaryimage"},"image":{"@id":"https:\/\/psol50.org.br\/aurea-carolina-o-levante-contra-o-governo-da-burrice-2\/#primaryimage"},"thumbnailUrl":"https:\/\/psol50.org.br\/inc\/uploads\/2019\/05\/aurea-83.jpg","datePublished":"2019-05-20T14:45:45+00:00","breadcrumb":{"@id":"https:\/\/psol50.org.br\/aurea-carolina-o-levante-contra-o-governo-da-burrice-2\/#breadcrumb"},"inLanguage":"pt-BR","potentialAction":[{"@type":"ReadAction","target":["https:\/\/psol50.org.br\/aurea-carolina-o-levante-contra-o-governo-da-burrice-2\/"]}]},{"@type":"ImageObject","inLanguage":"pt-BR","@id":"https:\/\/psol50.org.br\/aurea-carolina-o-levante-contra-o-governo-da-burrice-2\/#primaryimage","url":"https:\/\/psol50.org.br\/inc\/uploads\/2019\/05\/aurea-83.jpg","contentUrl":"https:\/\/psol50.org.br\/inc\/uploads\/2019\/05\/aurea-83.jpg","width":984,"height":616,"caption":"Foto: Patrick Arley\/Divulga\u00e7\u00e3o"},{"@type":"BreadcrumbList","@id":"https:\/\/psol50.org.br\/aurea-carolina-o-levante-contra-o-governo-da-burrice-2\/#breadcrumb","itemListElement":[{"@type":"ListItem","position":1,"name":"In\u00edcio","item":"https:\/\/psol50.org.br\/"},{"@type":"ListItem","position":2,"name":"\u00c1urea Carolina | O levante contra o governo da burrice"}]},{"@type":"WebSite","@id":"https:\/\/psol50.org.br\/#website","url":"https:\/\/psol50.org.br\/","name":"PSOL 50","description":"Site oficial do Partido Socialismo e Liberdade","publisher":{"@id":"https:\/\/psol50.org.br\/#organization"},"alternateName":"PSOL50","potentialAction":[{"@type":"SearchAction","target":{"@type":"EntryPoint","urlTemplate":"https:\/\/psol50.org.br\/?s={search_term_string}"},"query-input":{"@type":"PropertyValueSpecification","valueRequired":true,"valueName":"search_term_string"}}],"inLanguage":"pt-BR"},{"@type":"Organization","@id":"https:\/\/psol50.org.br\/#organization","name":"PSOL 50","alternateName":"PSOL 50","url":"https:\/\/psol50.org.br\/","logo":{"@type":"ImageObject","inLanguage":"pt-BR","@id":"https:\/\/psol50.org.br\/#\/schema\/logo\/image\/","url":"https:\/\/psol50.org.br\/inc\/uploads\/2018\/07\/capa.png","contentUrl":"https:\/\/psol50.org.br\/inc\/uploads\/2018\/07\/capa.png","width":1350,"height":900,"caption":"PSOL 50"},"image":{"@id":"https:\/\/psol50.org.br\/#\/schema\/logo\/image\/"},"sameAs":["https:\/\/www.facebook.com\/psol50","https:\/\/x.com\/psol50","https:\/\/www.instagram.com\/psol50\/","https:\/\/www.youtube.com\/channel\/UC7SnJS5o1os7a6CaiNabzcg"]},{"@type":"Person","@id":"https:\/\/psol50.org.br\/#\/schema\/person\/475dfa57d0b815993c714c2e96491fcd","name":"Comunica\u00e7\u00e3o PSOL","image":{"@type":"ImageObject","inLanguage":"pt-BR","@id":"https:\/\/psol50.org.br\/#\/schema\/person\/image\/","url":"https:\/\/secure.gravatar.com\/avatar\/b34fc4f4e468a4e51785917065a3db57b841f5c95dba6ad8c73aaf8f66f8f9bf?s=96&d=mm&r=g","contentUrl":"https:\/\/secure.gravatar.com\/avatar\/b34fc4f4e468a4e51785917065a3db57b841f5c95dba6ad8c73aaf8f66f8f9bf?s=96&d=mm&r=g","caption":"Comunica\u00e7\u00e3o PSOL"}}]}},"_links":{"self":[{"href":"https:\/\/psol50.org.br\/rest\/wp\/v2\/posts\/25216","targetHints":{"allow":["GET"]}}],"collection":[{"href":"https:\/\/psol50.org.br\/rest\/wp\/v2\/posts"}],"about":[{"href":"https:\/\/psol50.org.br\/rest\/wp\/v2\/types\/post"}],"author":[{"embeddable":true,"href":"https:\/\/psol50.org.br\/rest\/wp\/v2\/users\/2"}],"replies":[{"embeddable":true,"href":"https:\/\/psol50.org.br\/rest\/wp\/v2\/comments?post=25216"}],"version-history":[{"count":0,"href":"https:\/\/psol50.org.br\/rest\/wp\/v2\/posts\/25216\/revisions"}],"wp:featuredmedia":[{"embeddable":true,"href":"https:\/\/psol50.org.br\/rest\/wp\/v2\/media\/25222"}],"wp:attachment":[{"href":"https:\/\/psol50.org.br\/rest\/wp\/v2\/media?parent=25216"}],"wp:term":[{"taxonomy":"category","embeddable":true,"href":"https:\/\/psol50.org.br\/rest\/wp\/v2\/categories?post=25216"},{"taxonomy":"post_tag","embeddable":true,"href":"https:\/\/psol50.org.br\/rest\/wp\/v2\/tags?post=25216"}],"curies":[{"name":"wp","href":"https:\/\/api.w.org\/{rel}","templated":true}]}}