{"id":25225,"date":"2019-05-20T12:09:17","date_gmt":"2019-05-20T15:09:17","guid":{"rendered":"http:\/\/psol50.org.br\/?p=25225"},"modified":"2019-05-20T12:09:17","modified_gmt":"2019-05-20T15:09:17","slug":"guilherme-boulos-o-medo-muda-de-lado-apos-multidao-estudantil-peitar-bolsonaro","status":"publish","type":"post","link":"https:\/\/psol50.org.br\/guilherme-boulos-o-medo-muda-de-lado-apos-multidao-estudantil-peitar-bolsonaro\/","title":{"rendered":"Guilherme Boulos | O medo muda de lado ap\u00f3s multid\u00e3o estudantil peitar Bolsonaro"},"content":{"rendered":"<p><a href=\"https:\/\/www.cartacapital.com.br\/opiniao\/o-medo-muda-de-lado-apos-multidao-estudantil-peitar-bolsonaro\/\">Originalmente publicado na CartaCapital.<\/a><\/p>\n<p><strong>Os jovens tomam as ruas e o presidente vai para as cordas<\/strong><\/p>\n<p>A\u00a0mobiliza\u00e7\u00e3o dos estudantes e professores tomou o Brasil. De Norte a Sul, o dia 15 de maio reacendeu esperan\u00e7as e mostrou que, mais cedo do que se imaginava, o medo come\u00e7ou a mudar de lado. O governo autorit\u00e1rio, conhecido pela ret\u00f3rica truculenta, ficou acuado no Pal\u00e1cio do Planalto, vendo seu ministro da Educa\u00e7\u00e3o ser apertado no Congresso. Enquanto isso, mais de 1 milh\u00e3o de jovens, professores e cidad\u00e3os tomavam as ruas sem medo e em defesa do futuro. Foi gigante.<\/p>\n<p>O clima anunciava-se com a multid\u00e3o de estudantes no Col\u00e9gio Pedro II, no Rio de Janeiro, \u00a0juntamente com os Institutos Federais, em protesto contra os cortes na Educa\u00e7\u00e3o. Em tempos de graves retrocessos e ataques em s\u00e9rie a direitos sociais, \u00e9 revigorante ver gente que nasceu depois dos anos 2000 tomando as ruas com ousadia e fazendo hist\u00f3ria.<\/p>\n<p>Esses jovens t\u00eam sentido na pele os efeitos da tesoura generalizada do ministro Abraham Weintraub. O bloqueio, que chega em alguns casos a mais de 50% das verbas discricion\u00e1rias, afeta o funcionamento b\u00e1sico das atividades pedag\u00f3gicas. Impede do pagamento de \u00e1gua, luz e papel higi\u00eanico \u00e0 compra de materiais para aulas pr\u00e1ticas em laborat\u00f3rio e gastos com di\u00e1rias e transporte. Sem falar nas bolsas de estudo e pesquisa, cujo corte compromete a produ\u00e7\u00e3o cient\u00edfica nacional.<\/p>\n<p>O argumento or\u00e7ament\u00e1rio \u00e9 fraco e contradit\u00f3rio. Vale uma compara\u00e7\u00e3o b\u00e1sica. O conjunto dos cortes na Educa\u00e7\u00e3o \u2013 que tamb\u00e9m atingem o Ensino B\u00e1sico \u2013 chegou a 7,4 bilh\u00f5es de reais. A promessa do governo Bolsonaro em emendas para os deputados que votarem pela reforma da Previd\u00eancia \u00e9 de 12,3 bilh\u00f5es. S\u00e3o 40 milh\u00f5es de reais por deputado e o m\u00ednimo de 308 votos. Basta fazer as contas, n\u00e3o precisa sequer de bombons. Mas, sabemos, o problema n\u00e3o \u00e9 simplesmente matem\u00e1tico. Como dizia h\u00e1 40 anos Darcy Ribeiro, a crise da Educa\u00e7\u00e3o no Brasil \u00e9 um projeto pol\u00edtico.<\/p>\n<p>Mas o fato \u00e9 que um corte dessa magnitude pode implicar, segundo seguidas declara\u00e7\u00f5es de reitores e diretores de Institutos Federais, o fechamento dessas institui\u00e7\u00f5es, paralisando todas as atividades de ensino e pesquisa e prejudicando a vida de milh\u00f5es de alunos. Al\u00e9m, \u00e9 claro, de impactar negativamente na economia local: em torno dessas institui\u00e7\u00f5es forma-se uma rede imensa de trabalhadores informais, terceirizados, comerciantes e prestadores de servi\u00e7o.<\/p>\n<p>N\u00e3o estamos falando de um grupo pequeno, tampouco \u201celitizado\u201d. Especificamente em rela\u00e7\u00e3o aos Institutos Federais, h\u00e1 hoje cerca de 500 mil alunos de Ensino M\u00e9dio em 644 campus, distribu\u00eddos por 78% das microrregi\u00f5es do Pa\u00eds. De Agropecu\u00e1ria a Mec\u00e2nica Industrial, de Panifica\u00e7\u00e3o a Petr\u00f3leo e G\u00e1s, de Enfermagem a Finan\u00e7as, a rede federal oferta centenas de tipos de cursos t\u00e9cnicos de n\u00edvel m\u00e9dio por todo o Brasil. Ao contr\u00e1rio da ideia que o governo e as redes de\u00a0<i>fake news<\/i>\u00a0tentam disseminar, esses estudantes t\u00eam origem nas camadas populares. Metade das vagas desses institutos \u00e9 reservada para oriundos de escolas p\u00fablicas e o perfil de acesso \u00e9 bastante diverso. Um estudo do Ipea mostrou que, cinco anos atr\u00e1s, 52% de seus graduandos faziam parte das classes C, D e E, e 47% eram negros.<\/p>\n<p>V\u00eam, portanto, de fam\u00edlias que n\u00e3o t\u00eam condi\u00e7\u00f5es de pagar mensalidades exorbitantes em col\u00e9gios particulares e sonham em ver suas gera\u00e7\u00f5es futuras com diploma nas m\u00e3os e empregos qualificados. Sonhos cada vez mais dif\u00edceis, dada a nossa situa\u00e7\u00e3o econ\u00f4mica e as pol\u00edticas adotadas pelo atual governo. Um ter\u00e7o dos mais de 13 milh\u00f5es de desempregados tem entre 18 e 24 anos. Com os cortes na educa\u00e7\u00e3o p\u00fablica, o governo impede tamb\u00e9m sua qualifica\u00e7\u00e3o profissional.<\/p>\n<p>Para completar o cen\u00e1rio, Paulo Guedes tem como meta uma nova carteira de trabalho, verde-e-amarela, feita especialmente para rec\u00e9m-ingressados no mercado de trabalho. Contumaz bravateiro, promete que a cria\u00e7\u00e3o de milh\u00f5es de novos empregos depende da retirada de direitos como f\u00e9rias e 13\u00ba sal\u00e1rio, al\u00e9m da isen\u00e7\u00e3o de contribui\u00e7\u00e3o das empresas com o INSS. Tal qual a reforma trabalhista de 2016, uma suposta escolha entre \u201cdireito\u201d ou \u201cemprego\u201d, mas que acaba por retirar o primeiro sem garantir o \u00faltimo.<\/p>\n<p>Sem vagas no mercado de trabalho e em universidades, vendendo a ideia de que a sobreviv\u00eancia s\u00f3 \u00e9 poss\u00edvel na l\u00f3gica do cada um por si, tentam impor \u00e0 nova gera\u00e7\u00e3o uma perspectiva sombria de futuro individual e coletivo. Quem viveu as ocupa\u00e7\u00f5es das escolas em 2016 e assistiu a assembleias estudantis nas \u00faltimas semanas viu a pot\u00eancia de quando esses jovens se mobilizam e decidem que n\u00e3o aceitar\u00e3o calados o sacrif\u00edcio de seus horizontes.<\/p>\n","protected":false},"excerpt":{"rendered":"<p>Originalmente publicado na CartaCapital. Os jovens tomam as ruas e o presidente vai para as cordas A\u00a0mobiliza\u00e7\u00e3o dos estudantes e professores tomou o Brasil. De Norte a Sul, o dia 15 de maio reacendeu esperan\u00e7as e mostrou que, mais cedo do que se imaginava, o medo come\u00e7ou a mudar de lado. O governo autorit\u00e1rio, conhecido [&hellip;]<\/p>\n","protected":false},"author":2,"featured_media":25227,"comment_status":"closed","ping_status":"open","sticky":false,"template":"","format":"standard","meta":{"_acf_changed":false,"footnotes":""},"categories":[6],"tags":[1815,56,342,164,239,116],"class_list":{"0":"post-25225","1":"post","2":"type-post","3":"status-publish","4":"format-standard","5":"has-post-thumbnail","7":"category-noticias","8":"tag-15m","9":"tag-bolsonaro","10":"tag-boulos","11":"tag-educacao","12":"tag-jovens","13":"tag-protestos"},"acf":[],"yoast_head":"<!-- This site is optimized with the Yoast SEO plugin v26.5 - https:\/\/yoast.com\/wordpress\/plugins\/seo\/ -->\n<title>Guilherme Boulos | O medo muda de lado ap\u00f3s multid\u00e3o estudantil peitar Bolsonaro<\/title>\n<meta name=\"robots\" content=\"index, follow, max-snippet:-1, max-image-preview:large, max-video-preview:-1\" \/>\n<link rel=\"canonical\" href=\"https:\/\/psol50.org.br\/guilherme-boulos-o-medo-muda-de-lado-apos-multidao-estudantil-peitar-bolsonaro\/\" \/>\n<meta property=\"og:locale\" content=\"pt_BR\" \/>\n<meta property=\"og:type\" content=\"article\" \/>\n<meta property=\"og:title\" content=\"O medo muda de lado ap\u00f3s multid\u00e3o estudantil peitar Bolsonaro\" \/>\n<meta property=\"og:description\" content=\"Artigo de Guilherme Boulos para a CartaCapital.\" \/>\n<meta property=\"og:url\" content=\"https:\/\/psol50.org.br\/guilherme-boulos-o-medo-muda-de-lado-apos-multidao-estudantil-peitar-bolsonaro\/\" \/>\n<meta property=\"og:site_name\" content=\"PSOL 50\" \/>\n<meta property=\"article:publisher\" content=\"https:\/\/www.facebook.com\/psol50\" \/>\n<meta property=\"article:published_time\" content=\"2019-05-20T15:09:17+00:00\" \/>\n<meta property=\"og:image\" content=\"https:\/\/psol50.org.br\/inc\/uploads\/2019\/05\/photo5109390544290818135.jpg\" \/>\n\t<meta property=\"og:image:width\" content=\"1280\" \/>\n\t<meta property=\"og:image:height\" content=\"853\" \/>\n\t<meta property=\"og:image:type\" content=\"image\/jpeg\" \/>\n<meta name=\"author\" content=\"Comunica\u00e7\u00e3o PSOL\" \/>\n<meta name=\"twitter:card\" content=\"summary_large_image\" \/>\n<meta name=\"twitter:title\" content=\"O medo muda de lado ap\u00f3s multid\u00e3o estudantil peitar Bolsonaro\" \/>\n<meta name=\"twitter:description\" content=\"Presidente nas cordas: artigo de Guilherme Boulos para a CartaCapital.\" \/>\n<meta name=\"twitter:image\" content=\"https:\/\/psol50.org.br\/inc\/uploads\/2019\/05\/photo5109390544290818135.jpg\" \/>\n<meta name=\"twitter:creator\" content=\"@psol50\" \/>\n<meta name=\"twitter:site\" content=\"@psol50\" \/>\n<meta name=\"twitter:label1\" content=\"Escrito por\" \/>\n\t<meta name=\"twitter:data1\" content=\"Comunica\u00e7\u00e3o PSOL\" \/>\n\t<meta name=\"twitter:label2\" content=\"Est. tempo de leitura\" \/>\n\t<meta name=\"twitter:data2\" content=\"4 minutos\" \/>\n<script type=\"application\/ld+json\" class=\"yoast-schema-graph\">{\"@context\":\"https:\/\/schema.org\",\"@graph\":[{\"@type\":\"Article\",\"@id\":\"https:\/\/psol50.org.br\/guilherme-boulos-o-medo-muda-de-lado-apos-multidao-estudantil-peitar-bolsonaro\/#article\",\"isPartOf\":{\"@id\":\"https:\/\/psol50.org.br\/guilherme-boulos-o-medo-muda-de-lado-apos-multidao-estudantil-peitar-bolsonaro\/\"},\"author\":{\"name\":\"Comunica\u00e7\u00e3o PSOL\",\"@id\":\"https:\/\/psol50.org.br\/#\/schema\/person\/475dfa57d0b815993c714c2e96491fcd\"},\"headline\":\"Guilherme Boulos | O medo muda de lado ap\u00f3s multid\u00e3o estudantil peitar Bolsonaro\",\"datePublished\":\"2019-05-20T15:09:17+00:00\",\"mainEntityOfPage\":{\"@id\":\"https:\/\/psol50.org.br\/guilherme-boulos-o-medo-muda-de-lado-apos-multidao-estudantil-peitar-bolsonaro\/\"},\"wordCount\":841,\"publisher\":{\"@id\":\"https:\/\/psol50.org.br\/#organization\"},\"image\":{\"@id\":\"https:\/\/psol50.org.br\/guilherme-boulos-o-medo-muda-de-lado-apos-multidao-estudantil-peitar-bolsonaro\/#primaryimage\"},\"thumbnailUrl\":\"https:\/\/psol50.org.br\/inc\/uploads\/2019\/05\/photo5109390544290818135.jpg\",\"keywords\":[\"15M\",\"Bolsonaro\",\"Boulos\",\"Educa\u00e7\u00e3o\",\"jovens\",\"protestos\"],\"articleSection\":[\"Not\u00edcias\"],\"inLanguage\":\"pt-BR\"},{\"@type\":\"WebPage\",\"@id\":\"https:\/\/psol50.org.br\/guilherme-boulos-o-medo-muda-de-lado-apos-multidao-estudantil-peitar-bolsonaro\/\",\"url\":\"https:\/\/psol50.org.br\/guilherme-boulos-o-medo-muda-de-lado-apos-multidao-estudantil-peitar-bolsonaro\/\",\"name\":\"Guilherme Boulos | O medo muda de lado ap\u00f3s multid\u00e3o estudantil peitar Bolsonaro\",\"isPartOf\":{\"@id\":\"https:\/\/psol50.org.br\/#website\"},\"primaryImageOfPage\":{\"@id\":\"https:\/\/psol50.org.br\/guilherme-boulos-o-medo-muda-de-lado-apos-multidao-estudantil-peitar-bolsonaro\/#primaryimage\"},\"image\":{\"@id\":\"https:\/\/psol50.org.br\/guilherme-boulos-o-medo-muda-de-lado-apos-multidao-estudantil-peitar-bolsonaro\/#primaryimage\"},\"thumbnailUrl\":\"https:\/\/psol50.org.br\/inc\/uploads\/2019\/05\/photo5109390544290818135.jpg\",\"datePublished\":\"2019-05-20T15:09:17+00:00\",\"breadcrumb\":{\"@id\":\"https:\/\/psol50.org.br\/guilherme-boulos-o-medo-muda-de-lado-apos-multidao-estudantil-peitar-bolsonaro\/#breadcrumb\"},\"inLanguage\":\"pt-BR\",\"potentialAction\":[{\"@type\":\"ReadAction\",\"target\":[\"https:\/\/psol50.org.br\/guilherme-boulos-o-medo-muda-de-lado-apos-multidao-estudantil-peitar-bolsonaro\/\"]}]},{\"@type\":\"ImageObject\",\"inLanguage\":\"pt-BR\",\"@id\":\"https:\/\/psol50.org.br\/guilherme-boulos-o-medo-muda-de-lado-apos-multidao-estudantil-peitar-bolsonaro\/#primaryimage\",\"url\":\"https:\/\/psol50.org.br\/inc\/uploads\/2019\/05\/photo5109390544290818135.jpg\",\"contentUrl\":\"https:\/\/psol50.org.br\/inc\/uploads\/2019\/05\/photo5109390544290818135.jpg\",\"width\":1280,\"height\":853,\"caption\":\"Foto: Kaue Scarim\/PSOL\"},{\"@type\":\"BreadcrumbList\",\"@id\":\"https:\/\/psol50.org.br\/guilherme-boulos-o-medo-muda-de-lado-apos-multidao-estudantil-peitar-bolsonaro\/#breadcrumb\",\"itemListElement\":[{\"@type\":\"ListItem\",\"position\":1,\"name\":\"In\u00edcio\",\"item\":\"https:\/\/psol50.org.br\/\"},{\"@type\":\"ListItem\",\"position\":2,\"name\":\"Guilherme Boulos | O medo muda de lado ap\u00f3s multid\u00e3o estudantil peitar Bolsonaro\"}]},{\"@type\":\"WebSite\",\"@id\":\"https:\/\/psol50.org.br\/#website\",\"url\":\"https:\/\/psol50.org.br\/\",\"name\":\"PSOL 50\",\"description\":\"Site oficial do Partido Socialismo e Liberdade\",\"publisher\":{\"@id\":\"https:\/\/psol50.org.br\/#organization\"},\"alternateName\":\"PSOL50\",\"potentialAction\":[{\"@type\":\"SearchAction\",\"target\":{\"@type\":\"EntryPoint\",\"urlTemplate\":\"https:\/\/psol50.org.br\/?s={search_term_string}\"},\"query-input\":{\"@type\":\"PropertyValueSpecification\",\"valueRequired\":true,\"valueName\":\"search_term_string\"}}],\"inLanguage\":\"pt-BR\"},{\"@type\":\"Organization\",\"@id\":\"https:\/\/psol50.org.br\/#organization\",\"name\":\"PSOL 50\",\"alternateName\":\"PSOL 50\",\"url\":\"https:\/\/psol50.org.br\/\",\"logo\":{\"@type\":\"ImageObject\",\"inLanguage\":\"pt-BR\",\"@id\":\"https:\/\/psol50.org.br\/#\/schema\/logo\/image\/\",\"url\":\"https:\/\/psol50.org.br\/inc\/uploads\/2018\/07\/capa.png\",\"contentUrl\":\"https:\/\/psol50.org.br\/inc\/uploads\/2018\/07\/capa.png\",\"width\":1350,\"height\":900,\"caption\":\"PSOL 50\"},\"image\":{\"@id\":\"https:\/\/psol50.org.br\/#\/schema\/logo\/image\/\"},\"sameAs\":[\"https:\/\/www.facebook.com\/psol50\",\"https:\/\/x.com\/psol50\",\"https:\/\/www.instagram.com\/psol50\/\",\"https:\/\/www.youtube.com\/channel\/UC7SnJS5o1os7a6CaiNabzcg\"]},{\"@type\":\"Person\",\"@id\":\"https:\/\/psol50.org.br\/#\/schema\/person\/475dfa57d0b815993c714c2e96491fcd\",\"name\":\"Comunica\u00e7\u00e3o PSOL\",\"image\":{\"@type\":\"ImageObject\",\"inLanguage\":\"pt-BR\",\"@id\":\"https:\/\/psol50.org.br\/#\/schema\/person\/image\/\",\"url\":\"https:\/\/secure.gravatar.com\/avatar\/b34fc4f4e468a4e51785917065a3db57b841f5c95dba6ad8c73aaf8f66f8f9bf?s=96&d=mm&r=g\",\"contentUrl\":\"https:\/\/secure.gravatar.com\/avatar\/b34fc4f4e468a4e51785917065a3db57b841f5c95dba6ad8c73aaf8f66f8f9bf?s=96&d=mm&r=g\",\"caption\":\"Comunica\u00e7\u00e3o PSOL\"}}]}<\/script>\n<!-- \/ Yoast SEO plugin. -->","yoast_head_json":{"title":"Guilherme Boulos | O medo muda de lado ap\u00f3s multid\u00e3o estudantil peitar Bolsonaro","robots":{"index":"index","follow":"follow","max-snippet":"max-snippet:-1","max-image-preview":"max-image-preview:large","max-video-preview":"max-video-preview:-1"},"canonical":"https:\/\/psol50.org.br\/guilherme-boulos-o-medo-muda-de-lado-apos-multidao-estudantil-peitar-bolsonaro\/","og_locale":"pt_BR","og_type":"article","og_title":"O medo muda de lado ap\u00f3s multid\u00e3o estudantil peitar Bolsonaro","og_description":"Artigo de Guilherme Boulos para a CartaCapital.","og_url":"https:\/\/psol50.org.br\/guilherme-boulos-o-medo-muda-de-lado-apos-multidao-estudantil-peitar-bolsonaro\/","og_site_name":"PSOL 50","article_publisher":"https:\/\/www.facebook.com\/psol50","article_published_time":"2019-05-20T15:09:17+00:00","og_image":[{"width":1280,"height":853,"url":"https:\/\/psol50.org.br\/inc\/uploads\/2019\/05\/photo5109390544290818135.jpg","type":"image\/jpeg"}],"author":"Comunica\u00e7\u00e3o PSOL","twitter_card":"summary_large_image","twitter_title":"O medo muda de lado ap\u00f3s multid\u00e3o estudantil peitar Bolsonaro","twitter_description":"Presidente nas cordas: artigo de Guilherme Boulos para a CartaCapital.","twitter_image":"https:\/\/psol50.org.br\/inc\/uploads\/2019\/05\/photo5109390544290818135.jpg","twitter_creator":"@psol50","twitter_site":"@psol50","twitter_misc":{"Escrito por":"Comunica\u00e7\u00e3o PSOL","Est. tempo de leitura":"4 minutos"},"schema":{"@context":"https:\/\/schema.org","@graph":[{"@type":"Article","@id":"https:\/\/psol50.org.br\/guilherme-boulos-o-medo-muda-de-lado-apos-multidao-estudantil-peitar-bolsonaro\/#article","isPartOf":{"@id":"https:\/\/psol50.org.br\/guilherme-boulos-o-medo-muda-de-lado-apos-multidao-estudantil-peitar-bolsonaro\/"},"author":{"name":"Comunica\u00e7\u00e3o PSOL","@id":"https:\/\/psol50.org.br\/#\/schema\/person\/475dfa57d0b815993c714c2e96491fcd"},"headline":"Guilherme Boulos | O medo muda de lado ap\u00f3s multid\u00e3o estudantil peitar Bolsonaro","datePublished":"2019-05-20T15:09:17+00:00","mainEntityOfPage":{"@id":"https:\/\/psol50.org.br\/guilherme-boulos-o-medo-muda-de-lado-apos-multidao-estudantil-peitar-bolsonaro\/"},"wordCount":841,"publisher":{"@id":"https:\/\/psol50.org.br\/#organization"},"image":{"@id":"https:\/\/psol50.org.br\/guilherme-boulos-o-medo-muda-de-lado-apos-multidao-estudantil-peitar-bolsonaro\/#primaryimage"},"thumbnailUrl":"https:\/\/psol50.org.br\/inc\/uploads\/2019\/05\/photo5109390544290818135.jpg","keywords":["15M","Bolsonaro","Boulos","Educa\u00e7\u00e3o","jovens","protestos"],"articleSection":["Not\u00edcias"],"inLanguage":"pt-BR"},{"@type":"WebPage","@id":"https:\/\/psol50.org.br\/guilherme-boulos-o-medo-muda-de-lado-apos-multidao-estudantil-peitar-bolsonaro\/","url":"https:\/\/psol50.org.br\/guilherme-boulos-o-medo-muda-de-lado-apos-multidao-estudantil-peitar-bolsonaro\/","name":"Guilherme Boulos | O medo muda de lado ap\u00f3s multid\u00e3o estudantil peitar Bolsonaro","isPartOf":{"@id":"https:\/\/psol50.org.br\/#website"},"primaryImageOfPage":{"@id":"https:\/\/psol50.org.br\/guilherme-boulos-o-medo-muda-de-lado-apos-multidao-estudantil-peitar-bolsonaro\/#primaryimage"},"image":{"@id":"https:\/\/psol50.org.br\/guilherme-boulos-o-medo-muda-de-lado-apos-multidao-estudantil-peitar-bolsonaro\/#primaryimage"},"thumbnailUrl":"https:\/\/psol50.org.br\/inc\/uploads\/2019\/05\/photo5109390544290818135.jpg","datePublished":"2019-05-20T15:09:17+00:00","breadcrumb":{"@id":"https:\/\/psol50.org.br\/guilherme-boulos-o-medo-muda-de-lado-apos-multidao-estudantil-peitar-bolsonaro\/#breadcrumb"},"inLanguage":"pt-BR","potentialAction":[{"@type":"ReadAction","target":["https:\/\/psol50.org.br\/guilherme-boulos-o-medo-muda-de-lado-apos-multidao-estudantil-peitar-bolsonaro\/"]}]},{"@type":"ImageObject","inLanguage":"pt-BR","@id":"https:\/\/psol50.org.br\/guilherme-boulos-o-medo-muda-de-lado-apos-multidao-estudantil-peitar-bolsonaro\/#primaryimage","url":"https:\/\/psol50.org.br\/inc\/uploads\/2019\/05\/photo5109390544290818135.jpg","contentUrl":"https:\/\/psol50.org.br\/inc\/uploads\/2019\/05\/photo5109390544290818135.jpg","width":1280,"height":853,"caption":"Foto: Kaue Scarim\/PSOL"},{"@type":"BreadcrumbList","@id":"https:\/\/psol50.org.br\/guilherme-boulos-o-medo-muda-de-lado-apos-multidao-estudantil-peitar-bolsonaro\/#breadcrumb","itemListElement":[{"@type":"ListItem","position":1,"name":"In\u00edcio","item":"https:\/\/psol50.org.br\/"},{"@type":"ListItem","position":2,"name":"Guilherme Boulos | O medo muda de lado ap\u00f3s multid\u00e3o estudantil peitar Bolsonaro"}]},{"@type":"WebSite","@id":"https:\/\/psol50.org.br\/#website","url":"https:\/\/psol50.org.br\/","name":"PSOL 50","description":"Site oficial do Partido Socialismo e Liberdade","publisher":{"@id":"https:\/\/psol50.org.br\/#organization"},"alternateName":"PSOL50","potentialAction":[{"@type":"SearchAction","target":{"@type":"EntryPoint","urlTemplate":"https:\/\/psol50.org.br\/?s={search_term_string}"},"query-input":{"@type":"PropertyValueSpecification","valueRequired":true,"valueName":"search_term_string"}}],"inLanguage":"pt-BR"},{"@type":"Organization","@id":"https:\/\/psol50.org.br\/#organization","name":"PSOL 50","alternateName":"PSOL 50","url":"https:\/\/psol50.org.br\/","logo":{"@type":"ImageObject","inLanguage":"pt-BR","@id":"https:\/\/psol50.org.br\/#\/schema\/logo\/image\/","url":"https:\/\/psol50.org.br\/inc\/uploads\/2018\/07\/capa.png","contentUrl":"https:\/\/psol50.org.br\/inc\/uploads\/2018\/07\/capa.png","width":1350,"height":900,"caption":"PSOL 50"},"image":{"@id":"https:\/\/psol50.org.br\/#\/schema\/logo\/image\/"},"sameAs":["https:\/\/www.facebook.com\/psol50","https:\/\/x.com\/psol50","https:\/\/www.instagram.com\/psol50\/","https:\/\/www.youtube.com\/channel\/UC7SnJS5o1os7a6CaiNabzcg"]},{"@type":"Person","@id":"https:\/\/psol50.org.br\/#\/schema\/person\/475dfa57d0b815993c714c2e96491fcd","name":"Comunica\u00e7\u00e3o PSOL","image":{"@type":"ImageObject","inLanguage":"pt-BR","@id":"https:\/\/psol50.org.br\/#\/schema\/person\/image\/","url":"https:\/\/secure.gravatar.com\/avatar\/b34fc4f4e468a4e51785917065a3db57b841f5c95dba6ad8c73aaf8f66f8f9bf?s=96&d=mm&r=g","contentUrl":"https:\/\/secure.gravatar.com\/avatar\/b34fc4f4e468a4e51785917065a3db57b841f5c95dba6ad8c73aaf8f66f8f9bf?s=96&d=mm&r=g","caption":"Comunica\u00e7\u00e3o PSOL"}}]}},"_links":{"self":[{"href":"https:\/\/psol50.org.br\/rest\/wp\/v2\/posts\/25225","targetHints":{"allow":["GET"]}}],"collection":[{"href":"https:\/\/psol50.org.br\/rest\/wp\/v2\/posts"}],"about":[{"href":"https:\/\/psol50.org.br\/rest\/wp\/v2\/types\/post"}],"author":[{"embeddable":true,"href":"https:\/\/psol50.org.br\/rest\/wp\/v2\/users\/2"}],"replies":[{"embeddable":true,"href":"https:\/\/psol50.org.br\/rest\/wp\/v2\/comments?post=25225"}],"version-history":[{"count":0,"href":"https:\/\/psol50.org.br\/rest\/wp\/v2\/posts\/25225\/revisions"}],"wp:featuredmedia":[{"embeddable":true,"href":"https:\/\/psol50.org.br\/rest\/wp\/v2\/media\/25227"}],"wp:attachment":[{"href":"https:\/\/psol50.org.br\/rest\/wp\/v2\/media?parent=25225"}],"wp:term":[{"taxonomy":"category","embeddable":true,"href":"https:\/\/psol50.org.br\/rest\/wp\/v2\/categories?post=25225"},{"taxonomy":"post_tag","embeddable":true,"href":"https:\/\/psol50.org.br\/rest\/wp\/v2\/tags?post=25225"}],"curies":[{"name":"wp","href":"https:\/\/api.w.org\/{rel}","templated":true}]}}