{"id":2523,"date":"2014-01-15T00:00:00","date_gmt":"2014-01-15T00:00:00","guid":{"rendered":"http:\/\/psol50.org.br\/arquivo\/2014\/01\/15\/metro-de-lisboa-volta-a-parar-nesta-quinta-feira\/"},"modified":"2014-01-15T00:00:00","modified_gmt":"2014-01-15T00:00:00","slug":"metro-de-lisboa-volta-a-parar-nesta-quinta-feira","status":"publish","type":"post","link":"https:\/\/psol50.org.br\/metro-de-lisboa-volta-a-parar-nesta-quinta-feira\/","title":{"rendered":"Metro de Lisboa volta a parar nesta quinta-feira"},"content":{"rendered":"<p style=\"text-align: justify;\">\n\t<em style=\"font-size: 12px;\">Trabalhadores retomam protestos que v\u00e3o afetar circula\u00e7\u00e3o durante a parte da manh\u00e3&nbsp;<\/em><\/p>\n<p>\t<span style=\"font-size: 12px;\">Os trabalhadores do Metr\u00f4 de Lisboa, em Portugal, fazem nova paralisa\u00e7\u00e3o nesta quinta-feira (16), como parte de uma greve parcial contra as medidas inscritas no Or\u00e7amento do Estado (OE) para 2014 e contra a nova lei das empresas p\u00fablicas, que entrou em vigor em dezembro. A greve ter\u00e1 in\u00edcio na madrugada e a circula\u00e7\u00e3o s\u00f3 dever\u00e1 ficar normalizada a partir das 10h30 da manh\u00e3.<\/span><\/p>\n<p>\t<span style=\"font-size: 12px;\">Esta paralisa\u00e7\u00e3o faz parte de um conjunto de a\u00e7\u00f5es de protestos que tiveram in\u00edcio em outubro \u00faltimo, em conjunto com outras empresas p\u00fablicas de transportes. Este ano, a primeira greve parcial ocorreu no dia 2 de Janeiro, seguida de uma paralisa\u00e7\u00e3o no \u00faltimo dia 9.<\/span><\/p>\n<p>\t<span style=\"font-size: 12px;\">Al\u00e9m dos protestos desta quinta-feira, est\u00e1 j\u00e1 marcada uma nova greve parcial para 23 de janeiro. Os trabalhadores decidiram parar uma vez por semana em 2014, caso n\u00e3o tenham suas reivindica\u00e7\u00f5es atendidas.<\/span><\/p>\n<p>\t<span style=\"font-size: 12px;\">No site da Metr\u00f4 de Lisboa, a empresa reconhece a paralisa\u00e7\u00e3o e avisa que prev\u00ea \u201ca paralisa\u00e7\u00e3o do servi\u00e7o de transporte entre as 6h30 e as 10h\u201d, estimando que a \u201ca normaliza\u00e7\u00e3o do servi\u00e7o ocorra a partir das 10h30\u201d.<\/span><\/p>\n<p>\t<span style=\"font-size: 12px;\">Os trabalhadores protestam contra medidas previstas no Or\u00e7amento do Estado para este ano, notadamente o agravamento das redu\u00e7\u00f5es salariais. Al\u00e9m disso, est\u00e3o contra a nova lei das empresas p\u00fablicas, que pretende contratar funcion\u00e1rios com pagamento de subs\u00eddio de refei\u00e7\u00e3o, trabalho noturno e suplementar e ajudas de custo. Os sindicatos contestam ainda os planos do governo de promover concess\u00f5es de empresas p\u00fablicas de transporte para privadas, ainda em 2014.<\/span><\/p>\n<p>&nbsp;<\/p>\n","protected":false},"excerpt":{"rendered":"<p>Trabalhadores retomam protestos que v\u00e3o afetar circula\u00e7\u00e3o durante a parte da manh\u00e3&nbsp; Os trabalhadores do Metr\u00f4 de Lisboa, em Portugal, fazem nova paralisa\u00e7\u00e3o nesta quinta-feira (16), como parte de uma greve parcial contra as medidas inscritas no Or\u00e7amento do Estado (OE) para 2014 e contra a nova lei das empresas p\u00fablicas, que entrou em vigor [&hellip;]<\/p>\n","protected":false},"author":2,"featured_media":0,"comment_status":"open","ping_status":"open","sticky":false,"template":"","format":"standard","meta":{"_acf_changed":false,"footnotes":""},"categories":[4766,6,4956],"tags":[515,1216,491],"class_list":{"0":"post-2523","1":"post","2":"type-post","3":"status-publish","4":"format-standard","6":"category-arquivo","7":"category-noticias","8":"category-portugal","9":"tag-bloco-de-esquerda","10":"tag-internacional","11":"tag-portugal"},"acf":[],"yoast_head":"<!-- This site is optimized with the Yoast SEO plugin v26.5 - https:\/\/yoast.com\/wordpress\/plugins\/seo\/ -->\n<title>Metro de Lisboa volta a parar nesta quinta-feira - PSOL 50<\/title>\n<meta name=\"robots\" content=\"index, follow, max-snippet:-1, max-image-preview:large, max-video-preview:-1\" \/>\n<link rel=\"canonical\" href=\"https:\/\/psol50.org.br\/metro-de-lisboa-volta-a-parar-nesta-quinta-feira\/\" \/>\n<meta property=\"og:locale\" content=\"pt_BR\" \/>\n<meta property=\"og:type\" content=\"article\" \/>\n<meta property=\"og:title\" content=\"Metro de Lisboa volta a parar nesta quinta-feira - PSOL 50\" \/>\n<meta property=\"og:description\" content=\"Trabalhadores retomam protestos que v\u00e3o afetar circula\u00e7\u00e3o durante a parte da manh\u00e3&nbsp; Os trabalhadores do Metr\u00f4 de Lisboa, em Portugal, fazem nova paralisa\u00e7\u00e3o nesta quinta-feira (16), como parte de uma greve parcial contra as medidas inscritas no Or\u00e7amento do Estado (OE) para 2014 e contra a nova lei das empresas p\u00fablicas, que entrou em vigor [&hellip;]\" \/>\n<meta property=\"og:url\" content=\"https:\/\/psol50.org.br\/metro-de-lisboa-volta-a-parar-nesta-quinta-feira\/\" \/>\n<meta property=\"og:site_name\" content=\"PSOL 50\" \/>\n<meta property=\"article:publisher\" content=\"https:\/\/www.facebook.com\/psol50\" \/>\n<meta property=\"article:published_time\" content=\"2014-01-15T00:00:00+00:00\" \/>\n<meta property=\"og:image\" content=\"https:\/\/psol50.org.br\/inc\/uploads\/2018\/07\/capa.png\" \/>\n\t<meta property=\"og:image:width\" content=\"1350\" \/>\n\t<meta property=\"og:image:height\" content=\"900\" \/>\n\t<meta property=\"og:image:type\" content=\"image\/png\" \/>\n<meta name=\"author\" content=\"Comunica\u00e7\u00e3o PSOL\" \/>\n<meta name=\"twitter:card\" content=\"summary_large_image\" \/>\n<meta name=\"twitter:creator\" content=\"@psol50\" \/>\n<meta name=\"twitter:site\" content=\"@psol50\" \/>\n<meta name=\"twitter:label1\" content=\"Escrito por\" \/>\n\t<meta name=\"twitter:data1\" content=\"Comunica\u00e7\u00e3o PSOL\" \/>\n\t<meta name=\"twitter:label2\" content=\"Est. tempo de leitura\" \/>\n\t<meta name=\"twitter:data2\" content=\"1 minuto\" \/>\n<script type=\"application\/ld+json\" class=\"yoast-schema-graph\">{\"@context\":\"https:\/\/schema.org\",\"@graph\":[{\"@type\":\"Article\",\"@id\":\"https:\/\/psol50.org.br\/metro-de-lisboa-volta-a-parar-nesta-quinta-feira\/#article\",\"isPartOf\":{\"@id\":\"https:\/\/psol50.org.br\/metro-de-lisboa-volta-a-parar-nesta-quinta-feira\/\"},\"author\":{\"name\":\"Comunica\u00e7\u00e3o PSOL\",\"@id\":\"https:\/\/psol50.org.br\/#\/schema\/person\/475dfa57d0b815993c714c2e96491fcd\"},\"headline\":\"Metro de Lisboa volta a parar nesta quinta-feira\",\"datePublished\":\"2014-01-15T00:00:00+00:00\",\"mainEntityOfPage\":{\"@id\":\"https:\/\/psol50.org.br\/metro-de-lisboa-volta-a-parar-nesta-quinta-feira\/\"},\"wordCount\":293,\"commentCount\":0,\"publisher\":{\"@id\":\"https:\/\/psol50.org.br\/#organization\"},\"keywords\":[\"Bloco de Esquerda\",\"Internacional\",\"Portugal\"],\"articleSection\":[\"Arquivo\",\"Not\u00edcias\",\"Portugal\"],\"inLanguage\":\"pt-BR\",\"potentialAction\":[{\"@type\":\"CommentAction\",\"name\":\"Comment\",\"target\":[\"https:\/\/psol50.org.br\/metro-de-lisboa-volta-a-parar-nesta-quinta-feira\/#respond\"]}]},{\"@type\":\"WebPage\",\"@id\":\"https:\/\/psol50.org.br\/metro-de-lisboa-volta-a-parar-nesta-quinta-feira\/\",\"url\":\"https:\/\/psol50.org.br\/metro-de-lisboa-volta-a-parar-nesta-quinta-feira\/\",\"name\":\"Metro de Lisboa volta a parar nesta quinta-feira - PSOL 50\",\"isPartOf\":{\"@id\":\"https:\/\/psol50.org.br\/#website\"},\"datePublished\":\"2014-01-15T00:00:00+00:00\",\"breadcrumb\":{\"@id\":\"https:\/\/psol50.org.br\/metro-de-lisboa-volta-a-parar-nesta-quinta-feira\/#breadcrumb\"},\"inLanguage\":\"pt-BR\",\"potentialAction\":[{\"@type\":\"ReadAction\",\"target\":[\"https:\/\/psol50.org.br\/metro-de-lisboa-volta-a-parar-nesta-quinta-feira\/\"]}]},{\"@type\":\"BreadcrumbList\",\"@id\":\"https:\/\/psol50.org.br\/metro-de-lisboa-volta-a-parar-nesta-quinta-feira\/#breadcrumb\",\"itemListElement\":[{\"@type\":\"ListItem\",\"position\":1,\"name\":\"In\u00edcio\",\"item\":\"https:\/\/psol50.org.br\/\"},{\"@type\":\"ListItem\",\"position\":2,\"name\":\"Metro de Lisboa volta a parar nesta quinta-feira\"}]},{\"@type\":\"WebSite\",\"@id\":\"https:\/\/psol50.org.br\/#website\",\"url\":\"https:\/\/psol50.org.br\/\",\"name\":\"PSOL 50\",\"description\":\"Site oficial do Partido Socialismo e Liberdade\",\"publisher\":{\"@id\":\"https:\/\/psol50.org.br\/#organization\"},\"alternateName\":\"PSOL50\",\"potentialAction\":[{\"@type\":\"SearchAction\",\"target\":{\"@type\":\"EntryPoint\",\"urlTemplate\":\"https:\/\/psol50.org.br\/?s={search_term_string}\"},\"query-input\":{\"@type\":\"PropertyValueSpecification\",\"valueRequired\":true,\"valueName\":\"search_term_string\"}}],\"inLanguage\":\"pt-BR\"},{\"@type\":\"Organization\",\"@id\":\"https:\/\/psol50.org.br\/#organization\",\"name\":\"PSOL 50\",\"alternateName\":\"PSOL 50\",\"url\":\"https:\/\/psol50.org.br\/\",\"logo\":{\"@type\":\"ImageObject\",\"inLanguage\":\"pt-BR\",\"@id\":\"https:\/\/psol50.org.br\/#\/schema\/logo\/image\/\",\"url\":\"https:\/\/psol50.org.br\/inc\/uploads\/2018\/07\/capa.png\",\"contentUrl\":\"https:\/\/psol50.org.br\/inc\/uploads\/2018\/07\/capa.png\",\"width\":1350,\"height\":900,\"caption\":\"PSOL 50\"},\"image\":{\"@id\":\"https:\/\/psol50.org.br\/#\/schema\/logo\/image\/\"},\"sameAs\":[\"https:\/\/www.facebook.com\/psol50\",\"https:\/\/x.com\/psol50\",\"https:\/\/www.instagram.com\/psol50\/\",\"https:\/\/www.youtube.com\/channel\/UC7SnJS5o1os7a6CaiNabzcg\"]},{\"@type\":\"Person\",\"@id\":\"https:\/\/psol50.org.br\/#\/schema\/person\/475dfa57d0b815993c714c2e96491fcd\",\"name\":\"Comunica\u00e7\u00e3o PSOL\",\"image\":{\"@type\":\"ImageObject\",\"inLanguage\":\"pt-BR\",\"@id\":\"https:\/\/psol50.org.br\/#\/schema\/person\/image\/\",\"url\":\"https:\/\/secure.gravatar.com\/avatar\/b34fc4f4e468a4e51785917065a3db57b841f5c95dba6ad8c73aaf8f66f8f9bf?s=96&d=mm&r=g\",\"contentUrl\":\"https:\/\/secure.gravatar.com\/avatar\/b34fc4f4e468a4e51785917065a3db57b841f5c95dba6ad8c73aaf8f66f8f9bf?s=96&d=mm&r=g\",\"caption\":\"Comunica\u00e7\u00e3o PSOL\"}}]}<\/script>\n<!-- \/ Yoast SEO plugin. -->","yoast_head_json":{"title":"Metro de Lisboa volta a parar nesta quinta-feira - PSOL 50","robots":{"index":"index","follow":"follow","max-snippet":"max-snippet:-1","max-image-preview":"max-image-preview:large","max-video-preview":"max-video-preview:-1"},"canonical":"https:\/\/psol50.org.br\/metro-de-lisboa-volta-a-parar-nesta-quinta-feira\/","og_locale":"pt_BR","og_type":"article","og_title":"Metro de Lisboa volta a parar nesta quinta-feira - PSOL 50","og_description":"Trabalhadores retomam protestos que v\u00e3o afetar circula\u00e7\u00e3o durante a parte da manh\u00e3&nbsp; Os trabalhadores do Metr\u00f4 de Lisboa, em Portugal, fazem nova paralisa\u00e7\u00e3o nesta quinta-feira (16), como parte de uma greve parcial contra as medidas inscritas no Or\u00e7amento do Estado (OE) para 2014 e contra a nova lei das empresas p\u00fablicas, que entrou em vigor [&hellip;]","og_url":"https:\/\/psol50.org.br\/metro-de-lisboa-volta-a-parar-nesta-quinta-feira\/","og_site_name":"PSOL 50","article_publisher":"https:\/\/www.facebook.com\/psol50","article_published_time":"2014-01-15T00:00:00+00:00","og_image":[{"width":1350,"height":900,"url":"https:\/\/psol50.org.br\/inc\/uploads\/2018\/07\/capa.png","type":"image\/png"}],"author":"Comunica\u00e7\u00e3o PSOL","twitter_card":"summary_large_image","twitter_creator":"@psol50","twitter_site":"@psol50","twitter_misc":{"Escrito por":"Comunica\u00e7\u00e3o PSOL","Est. tempo de leitura":"1 minuto"},"schema":{"@context":"https:\/\/schema.org","@graph":[{"@type":"Article","@id":"https:\/\/psol50.org.br\/metro-de-lisboa-volta-a-parar-nesta-quinta-feira\/#article","isPartOf":{"@id":"https:\/\/psol50.org.br\/metro-de-lisboa-volta-a-parar-nesta-quinta-feira\/"},"author":{"name":"Comunica\u00e7\u00e3o PSOL","@id":"https:\/\/psol50.org.br\/#\/schema\/person\/475dfa57d0b815993c714c2e96491fcd"},"headline":"Metro de Lisboa volta a parar nesta quinta-feira","datePublished":"2014-01-15T00:00:00+00:00","mainEntityOfPage":{"@id":"https:\/\/psol50.org.br\/metro-de-lisboa-volta-a-parar-nesta-quinta-feira\/"},"wordCount":293,"commentCount":0,"publisher":{"@id":"https:\/\/psol50.org.br\/#organization"},"keywords":["Bloco de Esquerda","Internacional","Portugal"],"articleSection":["Arquivo","Not\u00edcias","Portugal"],"inLanguage":"pt-BR","potentialAction":[{"@type":"CommentAction","name":"Comment","target":["https:\/\/psol50.org.br\/metro-de-lisboa-volta-a-parar-nesta-quinta-feira\/#respond"]}]},{"@type":"WebPage","@id":"https:\/\/psol50.org.br\/metro-de-lisboa-volta-a-parar-nesta-quinta-feira\/","url":"https:\/\/psol50.org.br\/metro-de-lisboa-volta-a-parar-nesta-quinta-feira\/","name":"Metro de Lisboa volta a parar nesta quinta-feira - PSOL 50","isPartOf":{"@id":"https:\/\/psol50.org.br\/#website"},"datePublished":"2014-01-15T00:00:00+00:00","breadcrumb":{"@id":"https:\/\/psol50.org.br\/metro-de-lisboa-volta-a-parar-nesta-quinta-feira\/#breadcrumb"},"inLanguage":"pt-BR","potentialAction":[{"@type":"ReadAction","target":["https:\/\/psol50.org.br\/metro-de-lisboa-volta-a-parar-nesta-quinta-feira\/"]}]},{"@type":"BreadcrumbList","@id":"https:\/\/psol50.org.br\/metro-de-lisboa-volta-a-parar-nesta-quinta-feira\/#breadcrumb","itemListElement":[{"@type":"ListItem","position":1,"name":"In\u00edcio","item":"https:\/\/psol50.org.br\/"},{"@type":"ListItem","position":2,"name":"Metro de Lisboa volta a parar nesta quinta-feira"}]},{"@type":"WebSite","@id":"https:\/\/psol50.org.br\/#website","url":"https:\/\/psol50.org.br\/","name":"PSOL 50","description":"Site oficial do Partido Socialismo e Liberdade","publisher":{"@id":"https:\/\/psol50.org.br\/#organization"},"alternateName":"PSOL50","potentialAction":[{"@type":"SearchAction","target":{"@type":"EntryPoint","urlTemplate":"https:\/\/psol50.org.br\/?s={search_term_string}"},"query-input":{"@type":"PropertyValueSpecification","valueRequired":true,"valueName":"search_term_string"}}],"inLanguage":"pt-BR"},{"@type":"Organization","@id":"https:\/\/psol50.org.br\/#organization","name":"PSOL 50","alternateName":"PSOL 50","url":"https:\/\/psol50.org.br\/","logo":{"@type":"ImageObject","inLanguage":"pt-BR","@id":"https:\/\/psol50.org.br\/#\/schema\/logo\/image\/","url":"https:\/\/psol50.org.br\/inc\/uploads\/2018\/07\/capa.png","contentUrl":"https:\/\/psol50.org.br\/inc\/uploads\/2018\/07\/capa.png","width":1350,"height":900,"caption":"PSOL 50"},"image":{"@id":"https:\/\/psol50.org.br\/#\/schema\/logo\/image\/"},"sameAs":["https:\/\/www.facebook.com\/psol50","https:\/\/x.com\/psol50","https:\/\/www.instagram.com\/psol50\/","https:\/\/www.youtube.com\/channel\/UC7SnJS5o1os7a6CaiNabzcg"]},{"@type":"Person","@id":"https:\/\/psol50.org.br\/#\/schema\/person\/475dfa57d0b815993c714c2e96491fcd","name":"Comunica\u00e7\u00e3o PSOL","image":{"@type":"ImageObject","inLanguage":"pt-BR","@id":"https:\/\/psol50.org.br\/#\/schema\/person\/image\/","url":"https:\/\/secure.gravatar.com\/avatar\/b34fc4f4e468a4e51785917065a3db57b841f5c95dba6ad8c73aaf8f66f8f9bf?s=96&d=mm&r=g","contentUrl":"https:\/\/secure.gravatar.com\/avatar\/b34fc4f4e468a4e51785917065a3db57b841f5c95dba6ad8c73aaf8f66f8f9bf?s=96&d=mm&r=g","caption":"Comunica\u00e7\u00e3o PSOL"}}]}},"_links":{"self":[{"href":"https:\/\/psol50.org.br\/rest\/wp\/v2\/posts\/2523","targetHints":{"allow":["GET"]}}],"collection":[{"href":"https:\/\/psol50.org.br\/rest\/wp\/v2\/posts"}],"about":[{"href":"https:\/\/psol50.org.br\/rest\/wp\/v2\/types\/post"}],"author":[{"embeddable":true,"href":"https:\/\/psol50.org.br\/rest\/wp\/v2\/users\/2"}],"replies":[{"embeddable":true,"href":"https:\/\/psol50.org.br\/rest\/wp\/v2\/comments?post=2523"}],"version-history":[{"count":0,"href":"https:\/\/psol50.org.br\/rest\/wp\/v2\/posts\/2523\/revisions"}],"wp:attachment":[{"href":"https:\/\/psol50.org.br\/rest\/wp\/v2\/media?parent=2523"}],"wp:term":[{"taxonomy":"category","embeddable":true,"href":"https:\/\/psol50.org.br\/rest\/wp\/v2\/categories?post=2523"},{"taxonomy":"post_tag","embeddable":true,"href":"https:\/\/psol50.org.br\/rest\/wp\/v2\/tags?post=2523"}],"curies":[{"name":"wp","href":"https:\/\/api.w.org\/{rel}","templated":true}]}}