{"id":25234,"date":"2019-05-21T10:46:25","date_gmt":"2019-05-21T13:46:25","guid":{"rendered":"http:\/\/psol50.org.br\/?p=25234"},"modified":"2019-05-21T10:46:25","modified_gmt":"2019-05-21T13:46:25","slug":"participe-da-campanha-do-psol-contra-o-decreto-das-armas-de-bolsonaro","status":"publish","type":"post","link":"https:\/\/psol50.org.br\/participe-da-campanha-do-psol-contra-o-decreto-das-armas-de-bolsonaro\/","title":{"rendered":"Participe da campanha do PSOL contra o decreto das armas de Bolsonaro"},"content":{"rendered":"<p>O PSOL est\u00e1 com uma campanha nas redes sociais de <a href=\"http:\/\/psol50.org.br\/menosarmas\/\">coleta de assinaturas<\/a> contra o decreto do governo de Jair Bolsonaro que flexibiliza o porte e a posse de armas no pa\u00eds. Como divulgado nesta segunda-feira (20), a medida que pode colocar mais de 250 mil armas a mais no Brasil tamb\u00e9m possibilitar\u00e1 a compra de fuzis, como o T4, fabricado no Brasil pela empresa Taurus, por pessoas civis. O PSOL j\u00e1 apresentou uma <a href=\"http:\/\/psol50.org.br\/psol-apresenta-acao-de-inconstitucionalidade-no-stf-contra-decreto-que-flexibiliza-porte-de-armas\/\">a\u00e7\u00e3o de inconstitucionalidade no STF<\/a> e um <a href=\"http:\/\/psol50.org.br\/psol-apresenta-projeto-para-sustar-decreto-que-amplia-porte-de-armas\/\">projeto de decreto legislativo<\/a> para sustar o decreto.<\/p>\n<p>Apesar das negativas do governo, a Taurus j\u00e1 afirmou que h\u00e1 uma lista de espera de duas mil pessoas para adquirir o fuzil T4, utilizado em opera\u00e7\u00f5es policiais e militares, e s\u00f3 espera a regulamenta\u00e7\u00e3o do decreto para iniciar as vendas. Antes da assinatura do decreto, os brasileiros podiam comprar armas com energia cin\u00e9tica de at\u00e9 407 joules, medida utilizada para avaliar a pot\u00eancia do armamento. Com a nova medida, o limite sobe para 1.620 joules, quatro vezes acima do permitido atualmente e que inclui pistolas de calibre ponto 40 (utilizadas apenas por policiais), pistolas nove mil\u00edmetros (de uso atualmente de policiais federais) e de calibre 45 (essas utilizadas hoje apenas por militares do Ex\u00e9rcito).<\/p>\n<p>Segundo pesquisa recente do instituto Datafolha, 64% da popula\u00e7\u00e3o brasileira consideram que a posse de armas deve ser proibida e que isso n\u00e3o aumenta a sensa\u00e7\u00e3o de seguran\u00e7a. Mas mesmo assim, Jair Bolsonaro passa por cima da prerrogativa do Congresso Nacional de legislar sobre material b\u00e9lico e facilitou o porte de armas para in\u00fameras categorias profissionais, de conselheiros tutelares a motoristas, incluindo donos de propriedades rurais.<\/p>\n<p>Se voc\u00ea \u00e9 contra essa tentativa de ampliar ainda mais o n\u00famero de armas no pa\u00eds, assine a plataforma do PSOL, <a href=\"http:\/\/psol50.org.br\/menosarmas\/\">clicando aqui<\/a>.<\/p>\n","protected":false},"excerpt":{"rendered":"<p>A medida possibilita a compra de fuzis por cidad\u00e3os comuns.<\/p>\n","protected":false},"author":2,"featured_media":25235,"comment_status":"closed","ping_status":"open","sticky":false,"template":"","format":"standard","meta":{"_acf_changed":false,"footnotes":""},"categories":[6],"tags":[182,56,1256,1040,1820,22],"class_list":{"0":"post-25234","1":"post","2":"type-post","3":"status-publish","4":"format-standard","5":"has-post-thumbnail","7":"category-noticias","8":"tag-armas","9":"tag-bolsonaro","10":"tag-campanha","11":"tag-decreto","12":"tag-fuzis","13":"tag-psol"},"acf":[],"yoast_head":"<!-- This site is optimized with the Yoast SEO plugin v26.5 - https:\/\/yoast.com\/wordpress\/plugins\/seo\/ -->\n<title>Participe da campanha do PSOL contra o decreto das armas de Bolsonaro - PSOL 50<\/title>\n<meta name=\"robots\" content=\"index, follow, max-snippet:-1, max-image-preview:large, max-video-preview:-1\" \/>\n<link rel=\"canonical\" href=\"https:\/\/psol50.org.br\/participe-da-campanha-do-psol-contra-o-decreto-das-armas-de-bolsonaro\/\" \/>\n<meta property=\"og:locale\" content=\"pt_BR\" \/>\n<meta property=\"og:type\" content=\"article\" \/>\n<meta property=\"og:title\" content=\"Participe da campanha do PSOL contra o decreto das armas de Bolsonaro\" \/>\n<meta property=\"og:description\" content=\"A medida possibilita a compra de fuzis por cidad\u00e3os comuns.\" \/>\n<meta property=\"og:url\" content=\"https:\/\/psol50.org.br\/participe-da-campanha-do-psol-contra-o-decreto-das-armas-de-bolsonaro\/\" \/>\n<meta property=\"og:site_name\" content=\"PSOL 50\" \/>\n<meta property=\"article:publisher\" content=\"https:\/\/www.facebook.com\/psol50\" \/>\n<meta property=\"article:published_time\" content=\"2019-05-21T13:46:25+00:00\" \/>\n<meta property=\"og:image\" content=\"https:\/\/psol50.org.br\/inc\/uploads\/2019\/05\/MENOSARMAS-2-1-1024x683.png\" \/>\n\t<meta property=\"og:image:width\" content=\"1024\" \/>\n\t<meta property=\"og:image:height\" content=\"683\" \/>\n\t<meta property=\"og:image:type\" content=\"image\/png\" \/>\n<meta name=\"author\" content=\"Comunica\u00e7\u00e3o PSOL\" \/>\n<meta name=\"twitter:card\" content=\"summary_large_image\" \/>\n<meta name=\"twitter:title\" content=\"Participe da campanha do PSOL contra o decreto das armas de Bolsonaro\" \/>\n<meta name=\"twitter:description\" content=\"A medida possibilita a compra de fuzis por cidad\u00e3os comuns.\" \/>\n<meta name=\"twitter:image\" content=\"https:\/\/psol50.org.br\/inc\/uploads\/2019\/05\/MENOSARMAS-2-1.png\" \/>\n<meta name=\"twitter:creator\" content=\"@psol50\" \/>\n<meta name=\"twitter:site\" content=\"@psol50\" \/>\n<meta name=\"twitter:label1\" content=\"Escrito por\" \/>\n\t<meta name=\"twitter:data1\" content=\"Comunica\u00e7\u00e3o PSOL\" \/>\n\t<meta name=\"twitter:label2\" content=\"Est. tempo de leitura\" \/>\n\t<meta name=\"twitter:data2\" content=\"2 minutos\" \/>\n<script type=\"application\/ld+json\" class=\"yoast-schema-graph\">{\"@context\":\"https:\/\/schema.org\",\"@graph\":[{\"@type\":\"Article\",\"@id\":\"https:\/\/psol50.org.br\/participe-da-campanha-do-psol-contra-o-decreto-das-armas-de-bolsonaro\/#article\",\"isPartOf\":{\"@id\":\"https:\/\/psol50.org.br\/participe-da-campanha-do-psol-contra-o-decreto-das-armas-de-bolsonaro\/\"},\"author\":{\"name\":\"Comunica\u00e7\u00e3o PSOL\",\"@id\":\"https:\/\/psol50.org.br\/#\/schema\/person\/475dfa57d0b815993c714c2e96491fcd\"},\"headline\":\"Participe da campanha do PSOL contra o decreto das armas de Bolsonaro\",\"datePublished\":\"2019-05-21T13:46:25+00:00\",\"mainEntityOfPage\":{\"@id\":\"https:\/\/psol50.org.br\/participe-da-campanha-do-psol-contra-o-decreto-das-armas-de-bolsonaro\/\"},\"wordCount\":314,\"publisher\":{\"@id\":\"https:\/\/psol50.org.br\/#organization\"},\"image\":{\"@id\":\"https:\/\/psol50.org.br\/participe-da-campanha-do-psol-contra-o-decreto-das-armas-de-bolsonaro\/#primaryimage\"},\"thumbnailUrl\":\"https:\/\/psol50.org.br\/inc\/uploads\/2019\/05\/MENOSARMAS-2-1.png\",\"keywords\":[\"armas\",\"Bolsonaro\",\"campanha\",\"decreto\",\"fuzis\",\"PSOL\"],\"articleSection\":[\"Not\u00edcias\"],\"inLanguage\":\"pt-BR\"},{\"@type\":\"WebPage\",\"@id\":\"https:\/\/psol50.org.br\/participe-da-campanha-do-psol-contra-o-decreto-das-armas-de-bolsonaro\/\",\"url\":\"https:\/\/psol50.org.br\/participe-da-campanha-do-psol-contra-o-decreto-das-armas-de-bolsonaro\/\",\"name\":\"Participe da campanha do PSOL contra o decreto das armas de Bolsonaro - PSOL 50\",\"isPartOf\":{\"@id\":\"https:\/\/psol50.org.br\/#website\"},\"primaryImageOfPage\":{\"@id\":\"https:\/\/psol50.org.br\/participe-da-campanha-do-psol-contra-o-decreto-das-armas-de-bolsonaro\/#primaryimage\"},\"image\":{\"@id\":\"https:\/\/psol50.org.br\/participe-da-campanha-do-psol-contra-o-decreto-das-armas-de-bolsonaro\/#primaryimage\"},\"thumbnailUrl\":\"https:\/\/psol50.org.br\/inc\/uploads\/2019\/05\/MENOSARMAS-2-1.png\",\"datePublished\":\"2019-05-21T13:46:25+00:00\",\"breadcrumb\":{\"@id\":\"https:\/\/psol50.org.br\/participe-da-campanha-do-psol-contra-o-decreto-das-armas-de-bolsonaro\/#breadcrumb\"},\"inLanguage\":\"pt-BR\",\"potentialAction\":[{\"@type\":\"ReadAction\",\"target\":[\"https:\/\/psol50.org.br\/participe-da-campanha-do-psol-contra-o-decreto-das-armas-de-bolsonaro\/\"]}]},{\"@type\":\"ImageObject\",\"inLanguage\":\"pt-BR\",\"@id\":\"https:\/\/psol50.org.br\/participe-da-campanha-do-psol-contra-o-decreto-das-armas-de-bolsonaro\/#primaryimage\",\"url\":\"https:\/\/psol50.org.br\/inc\/uploads\/2019\/05\/MENOSARMAS-2-1.png\",\"contentUrl\":\"https:\/\/psol50.org.br\/inc\/uploads\/2019\/05\/MENOSARMAS-2-1.png\",\"width\":1350,\"height\":900},{\"@type\":\"BreadcrumbList\",\"@id\":\"https:\/\/psol50.org.br\/participe-da-campanha-do-psol-contra-o-decreto-das-armas-de-bolsonaro\/#breadcrumb\",\"itemListElement\":[{\"@type\":\"ListItem\",\"position\":1,\"name\":\"In\u00edcio\",\"item\":\"https:\/\/psol50.org.br\/\"},{\"@type\":\"ListItem\",\"position\":2,\"name\":\"Participe da campanha do PSOL contra o decreto das armas de Bolsonaro\"}]},{\"@type\":\"WebSite\",\"@id\":\"https:\/\/psol50.org.br\/#website\",\"url\":\"https:\/\/psol50.org.br\/\",\"name\":\"PSOL 50\",\"description\":\"Site oficial do Partido Socialismo e Liberdade\",\"publisher\":{\"@id\":\"https:\/\/psol50.org.br\/#organization\"},\"alternateName\":\"PSOL50\",\"potentialAction\":[{\"@type\":\"SearchAction\",\"target\":{\"@type\":\"EntryPoint\",\"urlTemplate\":\"https:\/\/psol50.org.br\/?s={search_term_string}\"},\"query-input\":{\"@type\":\"PropertyValueSpecification\",\"valueRequired\":true,\"valueName\":\"search_term_string\"}}],\"inLanguage\":\"pt-BR\"},{\"@type\":\"Organization\",\"@id\":\"https:\/\/psol50.org.br\/#organization\",\"name\":\"PSOL 50\",\"alternateName\":\"PSOL 50\",\"url\":\"https:\/\/psol50.org.br\/\",\"logo\":{\"@type\":\"ImageObject\",\"inLanguage\":\"pt-BR\",\"@id\":\"https:\/\/psol50.org.br\/#\/schema\/logo\/image\/\",\"url\":\"https:\/\/psol50.org.br\/inc\/uploads\/2018\/07\/capa.png\",\"contentUrl\":\"https:\/\/psol50.org.br\/inc\/uploads\/2018\/07\/capa.png\",\"width\":1350,\"height\":900,\"caption\":\"PSOL 50\"},\"image\":{\"@id\":\"https:\/\/psol50.org.br\/#\/schema\/logo\/image\/\"},\"sameAs\":[\"https:\/\/www.facebook.com\/psol50\",\"https:\/\/x.com\/psol50\",\"https:\/\/www.instagram.com\/psol50\/\",\"https:\/\/www.youtube.com\/channel\/UC7SnJS5o1os7a6CaiNabzcg\"]},{\"@type\":\"Person\",\"@id\":\"https:\/\/psol50.org.br\/#\/schema\/person\/475dfa57d0b815993c714c2e96491fcd\",\"name\":\"Comunica\u00e7\u00e3o PSOL\",\"image\":{\"@type\":\"ImageObject\",\"inLanguage\":\"pt-BR\",\"@id\":\"https:\/\/psol50.org.br\/#\/schema\/person\/image\/\",\"url\":\"https:\/\/secure.gravatar.com\/avatar\/b34fc4f4e468a4e51785917065a3db57b841f5c95dba6ad8c73aaf8f66f8f9bf?s=96&d=mm&r=g\",\"contentUrl\":\"https:\/\/secure.gravatar.com\/avatar\/b34fc4f4e468a4e51785917065a3db57b841f5c95dba6ad8c73aaf8f66f8f9bf?s=96&d=mm&r=g\",\"caption\":\"Comunica\u00e7\u00e3o PSOL\"}}]}<\/script>\n<!-- \/ Yoast SEO plugin. -->","yoast_head_json":{"title":"Participe da campanha do PSOL contra o decreto das armas de Bolsonaro - PSOL 50","robots":{"index":"index","follow":"follow","max-snippet":"max-snippet:-1","max-image-preview":"max-image-preview:large","max-video-preview":"max-video-preview:-1"},"canonical":"https:\/\/psol50.org.br\/participe-da-campanha-do-psol-contra-o-decreto-das-armas-de-bolsonaro\/","og_locale":"pt_BR","og_type":"article","og_title":"Participe da campanha do PSOL contra o decreto das armas de Bolsonaro","og_description":"A medida possibilita a compra de fuzis por cidad\u00e3os comuns.","og_url":"https:\/\/psol50.org.br\/participe-da-campanha-do-psol-contra-o-decreto-das-armas-de-bolsonaro\/","og_site_name":"PSOL 50","article_publisher":"https:\/\/www.facebook.com\/psol50","article_published_time":"2019-05-21T13:46:25+00:00","og_image":[{"width":1024,"height":683,"url":"https:\/\/psol50.org.br\/inc\/uploads\/2019\/05\/MENOSARMAS-2-1-1024x683.png","type":"image\/png"}],"author":"Comunica\u00e7\u00e3o PSOL","twitter_card":"summary_large_image","twitter_title":"Participe da campanha do PSOL contra o decreto das armas de Bolsonaro","twitter_description":"A medida possibilita a compra de fuzis por cidad\u00e3os comuns.","twitter_image":"https:\/\/psol50.org.br\/inc\/uploads\/2019\/05\/MENOSARMAS-2-1.png","twitter_creator":"@psol50","twitter_site":"@psol50","twitter_misc":{"Escrito por":"Comunica\u00e7\u00e3o PSOL","Est. tempo de leitura":"2 minutos"},"schema":{"@context":"https:\/\/schema.org","@graph":[{"@type":"Article","@id":"https:\/\/psol50.org.br\/participe-da-campanha-do-psol-contra-o-decreto-das-armas-de-bolsonaro\/#article","isPartOf":{"@id":"https:\/\/psol50.org.br\/participe-da-campanha-do-psol-contra-o-decreto-das-armas-de-bolsonaro\/"},"author":{"name":"Comunica\u00e7\u00e3o PSOL","@id":"https:\/\/psol50.org.br\/#\/schema\/person\/475dfa57d0b815993c714c2e96491fcd"},"headline":"Participe da campanha do PSOL contra o decreto das armas de Bolsonaro","datePublished":"2019-05-21T13:46:25+00:00","mainEntityOfPage":{"@id":"https:\/\/psol50.org.br\/participe-da-campanha-do-psol-contra-o-decreto-das-armas-de-bolsonaro\/"},"wordCount":314,"publisher":{"@id":"https:\/\/psol50.org.br\/#organization"},"image":{"@id":"https:\/\/psol50.org.br\/participe-da-campanha-do-psol-contra-o-decreto-das-armas-de-bolsonaro\/#primaryimage"},"thumbnailUrl":"https:\/\/psol50.org.br\/inc\/uploads\/2019\/05\/MENOSARMAS-2-1.png","keywords":["armas","Bolsonaro","campanha","decreto","fuzis","PSOL"],"articleSection":["Not\u00edcias"],"inLanguage":"pt-BR"},{"@type":"WebPage","@id":"https:\/\/psol50.org.br\/participe-da-campanha-do-psol-contra-o-decreto-das-armas-de-bolsonaro\/","url":"https:\/\/psol50.org.br\/participe-da-campanha-do-psol-contra-o-decreto-das-armas-de-bolsonaro\/","name":"Participe da campanha do PSOL contra o decreto das armas de Bolsonaro - PSOL 50","isPartOf":{"@id":"https:\/\/psol50.org.br\/#website"},"primaryImageOfPage":{"@id":"https:\/\/psol50.org.br\/participe-da-campanha-do-psol-contra-o-decreto-das-armas-de-bolsonaro\/#primaryimage"},"image":{"@id":"https:\/\/psol50.org.br\/participe-da-campanha-do-psol-contra-o-decreto-das-armas-de-bolsonaro\/#primaryimage"},"thumbnailUrl":"https:\/\/psol50.org.br\/inc\/uploads\/2019\/05\/MENOSARMAS-2-1.png","datePublished":"2019-05-21T13:46:25+00:00","breadcrumb":{"@id":"https:\/\/psol50.org.br\/participe-da-campanha-do-psol-contra-o-decreto-das-armas-de-bolsonaro\/#breadcrumb"},"inLanguage":"pt-BR","potentialAction":[{"@type":"ReadAction","target":["https:\/\/psol50.org.br\/participe-da-campanha-do-psol-contra-o-decreto-das-armas-de-bolsonaro\/"]}]},{"@type":"ImageObject","inLanguage":"pt-BR","@id":"https:\/\/psol50.org.br\/participe-da-campanha-do-psol-contra-o-decreto-das-armas-de-bolsonaro\/#primaryimage","url":"https:\/\/psol50.org.br\/inc\/uploads\/2019\/05\/MENOSARMAS-2-1.png","contentUrl":"https:\/\/psol50.org.br\/inc\/uploads\/2019\/05\/MENOSARMAS-2-1.png","width":1350,"height":900},{"@type":"BreadcrumbList","@id":"https:\/\/psol50.org.br\/participe-da-campanha-do-psol-contra-o-decreto-das-armas-de-bolsonaro\/#breadcrumb","itemListElement":[{"@type":"ListItem","position":1,"name":"In\u00edcio","item":"https:\/\/psol50.org.br\/"},{"@type":"ListItem","position":2,"name":"Participe da campanha do PSOL contra o decreto das armas de Bolsonaro"}]},{"@type":"WebSite","@id":"https:\/\/psol50.org.br\/#website","url":"https:\/\/psol50.org.br\/","name":"PSOL 50","description":"Site oficial do Partido Socialismo e Liberdade","publisher":{"@id":"https:\/\/psol50.org.br\/#organization"},"alternateName":"PSOL50","potentialAction":[{"@type":"SearchAction","target":{"@type":"EntryPoint","urlTemplate":"https:\/\/psol50.org.br\/?s={search_term_string}"},"query-input":{"@type":"PropertyValueSpecification","valueRequired":true,"valueName":"search_term_string"}}],"inLanguage":"pt-BR"},{"@type":"Organization","@id":"https:\/\/psol50.org.br\/#organization","name":"PSOL 50","alternateName":"PSOL 50","url":"https:\/\/psol50.org.br\/","logo":{"@type":"ImageObject","inLanguage":"pt-BR","@id":"https:\/\/psol50.org.br\/#\/schema\/logo\/image\/","url":"https:\/\/psol50.org.br\/inc\/uploads\/2018\/07\/capa.png","contentUrl":"https:\/\/psol50.org.br\/inc\/uploads\/2018\/07\/capa.png","width":1350,"height":900,"caption":"PSOL 50"},"image":{"@id":"https:\/\/psol50.org.br\/#\/schema\/logo\/image\/"},"sameAs":["https:\/\/www.facebook.com\/psol50","https:\/\/x.com\/psol50","https:\/\/www.instagram.com\/psol50\/","https:\/\/www.youtube.com\/channel\/UC7SnJS5o1os7a6CaiNabzcg"]},{"@type":"Person","@id":"https:\/\/psol50.org.br\/#\/schema\/person\/475dfa57d0b815993c714c2e96491fcd","name":"Comunica\u00e7\u00e3o PSOL","image":{"@type":"ImageObject","inLanguage":"pt-BR","@id":"https:\/\/psol50.org.br\/#\/schema\/person\/image\/","url":"https:\/\/secure.gravatar.com\/avatar\/b34fc4f4e468a4e51785917065a3db57b841f5c95dba6ad8c73aaf8f66f8f9bf?s=96&d=mm&r=g","contentUrl":"https:\/\/secure.gravatar.com\/avatar\/b34fc4f4e468a4e51785917065a3db57b841f5c95dba6ad8c73aaf8f66f8f9bf?s=96&d=mm&r=g","caption":"Comunica\u00e7\u00e3o PSOL"}}]}},"_links":{"self":[{"href":"https:\/\/psol50.org.br\/rest\/wp\/v2\/posts\/25234","targetHints":{"allow":["GET"]}}],"collection":[{"href":"https:\/\/psol50.org.br\/rest\/wp\/v2\/posts"}],"about":[{"href":"https:\/\/psol50.org.br\/rest\/wp\/v2\/types\/post"}],"author":[{"embeddable":true,"href":"https:\/\/psol50.org.br\/rest\/wp\/v2\/users\/2"}],"replies":[{"embeddable":true,"href":"https:\/\/psol50.org.br\/rest\/wp\/v2\/comments?post=25234"}],"version-history":[{"count":0,"href":"https:\/\/psol50.org.br\/rest\/wp\/v2\/posts\/25234\/revisions"}],"wp:featuredmedia":[{"embeddable":true,"href":"https:\/\/psol50.org.br\/rest\/wp\/v2\/media\/25235"}],"wp:attachment":[{"href":"https:\/\/psol50.org.br\/rest\/wp\/v2\/media?parent=25234"}],"wp:term":[{"taxonomy":"category","embeddable":true,"href":"https:\/\/psol50.org.br\/rest\/wp\/v2\/categories?post=25234"},{"taxonomy":"post_tag","embeddable":true,"href":"https:\/\/psol50.org.br\/rest\/wp\/v2\/tags?post=25234"}],"curies":[{"name":"wp","href":"https:\/\/api.w.org\/{rel}","templated":true}]}}