{"id":2532,"date":"2014-01-21T00:00:00","date_gmt":"2014-01-21T19:29:45","guid":{"rendered":"http:\/\/psol50.org.br\/arquivo\/2014\/01\/21\/entidades-lancam-manifesto-de-apoio-aos-rolezinhos-e-diversos-atos-pelo-pais-estao-previstos\/"},"modified":"2014-01-21T00:00:00","modified_gmt":"2014-01-21T19:29:45","slug":"entidades-lancam-manifesto-de-apoio-aos-rolezinhos-e-diversos-atos-pelo-pais-estao-previstos","status":"publish","type":"post","link":"https:\/\/psol50.org.br\/entidades-lancam-manifesto-de-apoio-aos-rolezinhos-e-diversos-atos-pelo-pais-estao-previstos\/","title":{"rendered":"Entidades lan\u00e7am manifesto de apoio aos rolezinhos e diversos atos pelo pa\u00eds est\u00e3o previstos"},"content":{"rendered":"<p style=\"text-align: justify;\">\n\t<em style=\"font-size: 12px;\">\u201cCom a liminar que garantiu o direito ao JK Iguatemi e a outros diversos Shoppings de impedir a entrada de jovens negros, pobres e funkeiros, percebe-se a reafirma\u00e7\u00e3o da miss\u00e3o da policia, da justi\u00e7a e do Estado: a prote\u00e7\u00e3o \u00e0 iniciativa privada\u201d, diz o documento<\/em><\/p>\n<p>\t<span style=\"font-size: 12px;\">A forma como institui\u00e7\u00f5es p\u00fablicas e privadas responderam aos chamados \u201crolezinhos\u201d na capital paulista exp\u00f4s a maneira racista e segregat\u00f3ria com que as mesmas v\u00eaem determinada parcela da sociedade. A fim de denunciar esta realidade, entidades e movimentos est\u00e3o divulgando um manifesto de apoio aos jovens que promovem os \u2018rolezinhos\u2019 e de \u2018rep\u00fadio\u2019 \u00e0s rea\u00e7\u00f5es dos Shoppings e da Justi\u00e7a.<\/span><\/p>\n<p>\t<span style=\"font-size: 12px;\">\u201cCom a liminar que garantiu o direito ao JK Iguatemi e a outros diversos Shoppings de impedir a entrada de jovens negros, pobres e funkeiros, percebe-se a reafirma\u00e7\u00e3o da miss\u00e3o da policia, da justi\u00e7a e do Estado: a prote\u00e7\u00e3o \u00e0 iniciativa privada e aos seus valores civilizat\u00f3rios tendo, como sempre, um alvo bem definido: negros e pobres. Trata-se, sobretudo de um precedente legal perigoso a medida que promove e formaliza uma pr\u00e1tica an\u00e1loga ao aparthaid\u201d, diz o documento.<\/span><\/p>\n<p>\t<span style=\"font-size: 12px;\">J\u00e1 assinaram o documento entidades e movimentos como Circulo Palmarino, Uneafro Brasil, Conen, N\u00facleo de Consci\u00eancia Negra na USP, Instituto Luiz Gama, Quilombo Ra\u00e7a e Classe, Coletivo Negro USP, entre outros.<\/span><\/p>\n<p>\t<strong style=\"font-size: 12px;\">Atos pelo pa\u00eds<\/strong><br \/>\n\t<span style=\"font-size: 12px;\">Diversos \u201crolezinhos\u201d foram marcados pelo pa\u00eds em apoio aos jovens e \u00e0 liberdade \u201cde ir e vir\u201d na cidade. Em S\u00e3o Paulo, por exemplo, no \u00faltimo s\u00e1bado (18) centenas se reuniram na entrada do Shopping JK Iguatemi, na Vila Ol\u00edmpia.<\/span><\/p>\n<p>\t<span style=\"font-size: 12px;\">Na Bahia, cerca de <\/span><span style=\"font-size: 12px;\">220 participantes aceitaram participar do \u2018Rolezinho das Antigas\u2019, que est\u00e1 previsto para acontecer no dia 1\u00ba de fevereiro no shopping da Barra. No Cear\u00e1, outras centenas confirmaram presen\u00e7a por evento criado nas redes sociais que&nbsp;<\/span><span style=\"font-size: 12px;\">est\u00e1 marcado para o dia 9 de fevereiro no Shopping Iguatemi, na capital cearense.<\/span><\/p>\n<p>\t<span style=\"font-size: 12px;\">Na capital federal, mais de mil pessoas tamb\u00e9m j\u00e1 confirmaram presen\u00e7a no \u201c\u201cRolezinho no X\u00f3pim Iguatemi do Lago Norte\u201d. No Rio de Janeiro, centenas de pessoas estiveram presentes no Shopping Leblon, no domingo (19), em apoio \u00e0 S\u00e3o Paulo.<\/span><\/p>\n<p>\t<span style=\"font-size: 12px;\">Leia abaixo a \u00edntegra do Manifesto:<\/span><\/p>\n<p>\t<strong style=\"font-size: 12px;\">Apoio \u00e0 juventude negra, pobre e&nbsp;das periferias da cidade de S\u00e3o Paulo!<\/strong><br \/>\n\t<strong style=\"font-size: 12px;\">Pelo direito \u00e0 circula\u00e7\u00e3o e a express\u00e3o de sua arte e cultura<\/strong><\/p>\n<p style=\"text-align: justify;\">\n\t<em>&#8220;\u00c9 dever do Estado e da sociedade garantir a igualdade de oportunidades, reconhecendo a todo o cidad\u00e3o brasileiro, independente da etnia ou cor da pele, o direito \u00e0 participa\u00e7\u00e3o na comunidade, especialmente nas atividades pol\u00edticas, econ\u00f4micas, empresariais, educacionais, culturais e esportivas, defendendo sua dignidade e seus valores religiososo e culturais&#8221; (Art. 2o. do Estatuto da Igualdade Racial)<\/em><br \/>\n\t&nbsp;<br \/>\n\tO Racismo brasileiro j\u00e1 foi amplamente denunciado por movimentos e intelectuais. Em dezembro de 2013 a ONU, atrav\u00e9s de uma comiss\u00e3o especial em visita ao Brasil, mais uma vez declarou: \u201cOs afro-brasileiros n\u00e3o ser\u00e3o integralmente considerados cidad\u00e3os plenos sem uma justa distribui\u00e7\u00e3o do poder econ\u00f4mico, pol\u00edtico e cultural\u201d, refor\u00e7ando a ideia do racismo como estruturante das desigualdades em nosso pa\u00eds.<\/p>\n<p>\tA barb\u00e1rie social exp\u00f5e sua face racista em especial atrav\u00e9s dos n\u00fameros dos homic\u00eddios, em especial aquele promovido pelas for\u00e7as de repress\u00e3o do Estado. A realidade das pris\u00f5es brasileiras, agora simbolizada pela revela\u00e7\u00e3o dos acontecimentos no pres\u00eddio de Pedrinhas no Maranh\u00e3o ou a carnificina promovida por policiais em Campinas refor\u00e7a o que sempre denunciamos: o car\u00e1ter&nbsp;racista do Estado e de seus dirigentes.<br \/>\n\t&nbsp;<br \/>\n\tEsse racismo se traveste cotidianamente a medida da necessidade do opressor. Nesse momento vivemos em S\u00e3o Paulo e em outros grandes centros mais uma das faces do racismo estrutural brasileiro: A rea\u00e7\u00e3o dos Shoppings, da Pol\u00edcia e&nbsp;da Justi\u00e7a em rela\u00e7\u00e3o a presen\u00e7a de \u201cjovens funkeiros\u201d nestes estabelecimentos.<br \/>\n\t&nbsp;<br \/>\n\tCom a liminar que garantiu o direito ao JK Iguatemi e a outros diversos Shoppings de impedir a entrada de jovens negros, pobres e funkeiros, percebe-se a reafirma\u00e7\u00e3o da miss\u00e3o da policia, da justi\u00e7a e do Estado: a prote\u00e7\u00e3o \u00e0 iniciativa privada e aos seus valores civilizat\u00f3rios tendo, como sempre, um alvo bem definido: negros e pobres. Trata-se, sobretudo de um precedente legal perigoso a medida que promove e formaliza uma pr\u00e1tica an\u00e1loga ao aparthaid.<br \/>\n\t&nbsp;<br \/>\n\tCruzar os bra\u00e7os diante de fatos t\u00e3o graves significaria refor\u00e7ar a naturaliza\u00e7\u00e3o da viol\u00eancia contra negros e pobres no Brasil. Afinal, os barrados nas portas dos shoppings s\u00e3o os mesmos proibidos de frequentar universidades; s\u00e3o os mesmos que perfazem maioria entre analfabetos, miser\u00e1veis, desprovidos de servi\u00e7os b\u00e1sicos como sa\u00fade, educa\u00e7\u00e3o, moradia; s\u00e3o os mesmos ridicularizados e estigmatizados pela grande m\u00eddia e, sobretudo, s\u00e3o os mesmos que cotidianamente s\u00e3o parados, esculachados, presos, torturados e mortos pela pol\u00edcia nas periferias do Brasil.<br \/>\n\t&nbsp;<br \/>\n\tOs rolezinhos em shoppings que se espalham por todo pa\u00eds revela uma das faces da crise urbana, carente de espa\u00e7os de conviv\u00eancia, acesso a arte, cultura e lazer, condi\u00e7\u00f5es entregues pelo Estado aos cuidados e usufruto da iniciativa privada de cidades como S\u00e3o Paulo, estruturadas com base na concentra\u00e7\u00e3o do solo e na especula\u00e7\u00e3o imobili\u00e1ria, que provocam a exclus\u00e3o, desterritorializa\u00e7\u00e3o e expuls\u00e3o da popula\u00e7\u00e3o negra e perif\u00e9rica, para regi\u00f5es carentes de equipamentos e servi\u00e7os sociais e culturais. Os Governos tem fundamental responsabilidade e devem responder a essa demanda de maneira imediata.<\/p>\n<p>\tCriminalizado como um dia fora a capoeira, o futebol, o samba e o RAP, o funk moderno \u00e9 t\u00e3o contradit\u00f3rio em seu conte\u00fado quanto o \u00e9 resist\u00eancia em sua forma e est\u00e9tica. E se est\u00e1 servindo tamb\u00e9m para fazer aflorar o racismo enraizado na alma das elites hip\u00f3critas \u2013 muito mais vinculadas aos valores da luxuria e ostenta\u00e7\u00e3o que o Funk, declaramos: somos todos Funkeiros!<br \/>\n\t&nbsp;<br \/>\n\t<strong>Exigimos<\/strong><br \/>\n\t\u00b7Anula\u00e7\u00e3o imediata das liminares que garantem o direito de segrega\u00e7\u00e3o aos Shoppings;<br \/>\n\t\u00b7Pedidos p\u00fablicos de desculpas pela a\u00e7\u00e3o racista por parte dos Shoppings e dos respons\u00e1veis pelas liminares no \u00e2mbito da Justi\u00e7a;<br \/>\n\t\u00b7Imediato debate p\u00fablico com governos de todas as esferas sobre a pauta da amplia\u00e7\u00e3o dos espa\u00e7os e condi\u00e7\u00f5es de acesso a&nbsp;arte, cultura e lazer que possam contribuir para a inclus\u00e3o, a emancipa\u00e7\u00e3o e garantia de direitos das juventudes, principalmente da juventude negra, pobre e de periferia.<br \/>\n\t&nbsp;<br \/>\n\t<strong>Assinam<\/strong><br \/>\n\tCirculo Palmarino<br \/>\n\tUneafro Brasil<br \/>\n\tConen<br \/>\n\tN\u00facleo de Consci\u00eancia Negra na USP<br \/>\n\tInstituto Luiz Gama<br \/>\n\tQuilombo Ra\u00e7a e Classe<br \/>\n\tColetivo Negro USP<br \/>\n\tSoweto<br \/>\n\tLevante Popular da Juventude<br \/>\n\tAssocia\u00e7\u00e3o Franciscana de Defesa de Direitos e Forma\u00e7\u00e3o Popular<br \/>\n\tComit\u00ea da Cidadania Ativa<br \/>\n\tAnel<br \/>\n\tDce-Usp<br \/>\n\tAps-Juventude<\/p>\n<p>\n\t&nbsp;<\/p>\n","protected":false},"excerpt":{"rendered":"<p>\u201cCom a liminar que garantiu o direito ao JK Iguatemi e a outros diversos Shoppings de impedir a entrada de jovens negros, pobres e funkeiros, percebe-se a reafirma\u00e7\u00e3o da miss\u00e3o da policia, da justi\u00e7a e do Estado: a prote\u00e7\u00e3o \u00e0 iniciativa privada\u201d, diz o documento A forma como institui\u00e7\u00f5es p\u00fablicas e privadas responderam aos chamados [&hellip;]<\/p>\n","protected":false},"author":2,"featured_media":0,"comment_status":"open","ping_status":"open","sticky":false,"template":"","format":"standard","meta":{"_acf_changed":false,"footnotes":""},"categories":[4766,6],"tags":[],"class_list":{"0":"post-2532","1":"post","2":"type-post","3":"status-publish","4":"format-standard","6":"category-arquivo","7":"category-noticias"},"acf":[],"yoast_head":"<!-- This site is optimized with the Yoast SEO plugin v26.5 - https:\/\/yoast.com\/wordpress\/plugins\/seo\/ -->\n<title>Entidades lan\u00e7am manifesto de apoio aos rolezinhos e diversos atos pelo pa\u00eds est\u00e3o previstos - PSOL 50<\/title>\n<meta name=\"robots\" content=\"index, follow, max-snippet:-1, max-image-preview:large, max-video-preview:-1\" \/>\n<link rel=\"canonical\" href=\"https:\/\/psol50.org.br\/entidades-lancam-manifesto-de-apoio-aos-rolezinhos-e-diversos-atos-pelo-pais-estao-previstos\/\" \/>\n<meta property=\"og:locale\" content=\"pt_BR\" \/>\n<meta property=\"og:type\" content=\"article\" \/>\n<meta property=\"og:title\" content=\"Entidades lan\u00e7am manifesto de apoio aos rolezinhos e diversos atos pelo pa\u00eds est\u00e3o previstos - PSOL 50\" \/>\n<meta property=\"og:description\" content=\"\u201cCom a liminar que garantiu o direito ao JK Iguatemi e a outros diversos Shoppings de impedir a entrada de jovens negros, pobres e funkeiros, percebe-se a reafirma\u00e7\u00e3o da miss\u00e3o da policia, da justi\u00e7a e do Estado: a prote\u00e7\u00e3o \u00e0 iniciativa privada\u201d, diz o documento A forma como institui\u00e7\u00f5es p\u00fablicas e privadas responderam aos chamados [&hellip;]\" \/>\n<meta property=\"og:url\" content=\"https:\/\/psol50.org.br\/entidades-lancam-manifesto-de-apoio-aos-rolezinhos-e-diversos-atos-pelo-pais-estao-previstos\/\" \/>\n<meta property=\"og:site_name\" content=\"PSOL 50\" \/>\n<meta property=\"article:publisher\" content=\"https:\/\/www.facebook.com\/psol50\" \/>\n<meta property=\"article:published_time\" content=\"2014-01-21T19:29:45+00:00\" \/>\n<meta property=\"og:image\" content=\"https:\/\/psol50.org.br\/inc\/uploads\/2018\/07\/capa.png\" \/>\n\t<meta property=\"og:image:width\" content=\"1350\" \/>\n\t<meta property=\"og:image:height\" content=\"900\" \/>\n\t<meta property=\"og:image:type\" content=\"image\/png\" \/>\n<meta name=\"author\" content=\"Comunica\u00e7\u00e3o PSOL\" \/>\n<meta name=\"twitter:card\" content=\"summary_large_image\" \/>\n<meta name=\"twitter:creator\" content=\"@psol50\" \/>\n<meta name=\"twitter:site\" content=\"@psol50\" \/>\n<meta name=\"twitter:label1\" content=\"Escrito por\" \/>\n\t<meta name=\"twitter:data1\" content=\"Comunica\u00e7\u00e3o PSOL\" \/>\n\t<meta name=\"twitter:label2\" content=\"Est. tempo de leitura\" \/>\n\t<meta name=\"twitter:data2\" content=\"6 minutos\" \/>\n<script type=\"application\/ld+json\" class=\"yoast-schema-graph\">{\"@context\":\"https:\/\/schema.org\",\"@graph\":[{\"@type\":\"Article\",\"@id\":\"https:\/\/psol50.org.br\/entidades-lancam-manifesto-de-apoio-aos-rolezinhos-e-diversos-atos-pelo-pais-estao-previstos\/#article\",\"isPartOf\":{\"@id\":\"https:\/\/psol50.org.br\/entidades-lancam-manifesto-de-apoio-aos-rolezinhos-e-diversos-atos-pelo-pais-estao-previstos\/\"},\"author\":{\"name\":\"Comunica\u00e7\u00e3o PSOL\",\"@id\":\"https:\/\/psol50.org.br\/#\/schema\/person\/475dfa57d0b815993c714c2e96491fcd\"},\"headline\":\"Entidades lan\u00e7am manifesto de apoio aos rolezinhos e diversos atos pelo pa\u00eds est\u00e3o previstos\",\"datePublished\":\"2014-01-21T19:29:45+00:00\",\"mainEntityOfPage\":{\"@id\":\"https:\/\/psol50.org.br\/entidades-lancam-manifesto-de-apoio-aos-rolezinhos-e-diversos-atos-pelo-pais-estao-previstos\/\"},\"wordCount\":1187,\"commentCount\":0,\"publisher\":{\"@id\":\"https:\/\/psol50.org.br\/#organization\"},\"articleSection\":[\"Arquivo\",\"Not\u00edcias\"],\"inLanguage\":\"pt-BR\",\"potentialAction\":[{\"@type\":\"CommentAction\",\"name\":\"Comment\",\"target\":[\"https:\/\/psol50.org.br\/entidades-lancam-manifesto-de-apoio-aos-rolezinhos-e-diversos-atos-pelo-pais-estao-previstos\/#respond\"]}]},{\"@type\":\"WebPage\",\"@id\":\"https:\/\/psol50.org.br\/entidades-lancam-manifesto-de-apoio-aos-rolezinhos-e-diversos-atos-pelo-pais-estao-previstos\/\",\"url\":\"https:\/\/psol50.org.br\/entidades-lancam-manifesto-de-apoio-aos-rolezinhos-e-diversos-atos-pelo-pais-estao-previstos\/\",\"name\":\"Entidades lan\u00e7am manifesto de apoio aos rolezinhos e diversos atos pelo pa\u00eds est\u00e3o previstos - PSOL 50\",\"isPartOf\":{\"@id\":\"https:\/\/psol50.org.br\/#website\"},\"datePublished\":\"2014-01-21T19:29:45+00:00\",\"breadcrumb\":{\"@id\":\"https:\/\/psol50.org.br\/entidades-lancam-manifesto-de-apoio-aos-rolezinhos-e-diversos-atos-pelo-pais-estao-previstos\/#breadcrumb\"},\"inLanguage\":\"pt-BR\",\"potentialAction\":[{\"@type\":\"ReadAction\",\"target\":[\"https:\/\/psol50.org.br\/entidades-lancam-manifesto-de-apoio-aos-rolezinhos-e-diversos-atos-pelo-pais-estao-previstos\/\"]}]},{\"@type\":\"BreadcrumbList\",\"@id\":\"https:\/\/psol50.org.br\/entidades-lancam-manifesto-de-apoio-aos-rolezinhos-e-diversos-atos-pelo-pais-estao-previstos\/#breadcrumb\",\"itemListElement\":[{\"@type\":\"ListItem\",\"position\":1,\"name\":\"In\u00edcio\",\"item\":\"https:\/\/psol50.org.br\/\"},{\"@type\":\"ListItem\",\"position\":2,\"name\":\"Entidades lan\u00e7am manifesto de apoio aos rolezinhos e diversos atos pelo pa\u00eds est\u00e3o previstos\"}]},{\"@type\":\"WebSite\",\"@id\":\"https:\/\/psol50.org.br\/#website\",\"url\":\"https:\/\/psol50.org.br\/\",\"name\":\"PSOL 50\",\"description\":\"Site oficial do Partido Socialismo e Liberdade\",\"publisher\":{\"@id\":\"https:\/\/psol50.org.br\/#organization\"},\"alternateName\":\"PSOL50\",\"potentialAction\":[{\"@type\":\"SearchAction\",\"target\":{\"@type\":\"EntryPoint\",\"urlTemplate\":\"https:\/\/psol50.org.br\/?s={search_term_string}\"},\"query-input\":{\"@type\":\"PropertyValueSpecification\",\"valueRequired\":true,\"valueName\":\"search_term_string\"}}],\"inLanguage\":\"pt-BR\"},{\"@type\":\"Organization\",\"@id\":\"https:\/\/psol50.org.br\/#organization\",\"name\":\"PSOL 50\",\"alternateName\":\"PSOL 50\",\"url\":\"https:\/\/psol50.org.br\/\",\"logo\":{\"@type\":\"ImageObject\",\"inLanguage\":\"pt-BR\",\"@id\":\"https:\/\/psol50.org.br\/#\/schema\/logo\/image\/\",\"url\":\"https:\/\/psol50.org.br\/inc\/uploads\/2018\/07\/capa.png\",\"contentUrl\":\"https:\/\/psol50.org.br\/inc\/uploads\/2018\/07\/capa.png\",\"width\":1350,\"height\":900,\"caption\":\"PSOL 50\"},\"image\":{\"@id\":\"https:\/\/psol50.org.br\/#\/schema\/logo\/image\/\"},\"sameAs\":[\"https:\/\/www.facebook.com\/psol50\",\"https:\/\/x.com\/psol50\",\"https:\/\/www.instagram.com\/psol50\/\",\"https:\/\/www.youtube.com\/channel\/UC7SnJS5o1os7a6CaiNabzcg\"]},{\"@type\":\"Person\",\"@id\":\"https:\/\/psol50.org.br\/#\/schema\/person\/475dfa57d0b815993c714c2e96491fcd\",\"name\":\"Comunica\u00e7\u00e3o PSOL\",\"image\":{\"@type\":\"ImageObject\",\"inLanguage\":\"pt-BR\",\"@id\":\"https:\/\/psol50.org.br\/#\/schema\/person\/image\/\",\"url\":\"https:\/\/secure.gravatar.com\/avatar\/b34fc4f4e468a4e51785917065a3db57b841f5c95dba6ad8c73aaf8f66f8f9bf?s=96&d=mm&r=g\",\"contentUrl\":\"https:\/\/secure.gravatar.com\/avatar\/b34fc4f4e468a4e51785917065a3db57b841f5c95dba6ad8c73aaf8f66f8f9bf?s=96&d=mm&r=g\",\"caption\":\"Comunica\u00e7\u00e3o PSOL\"}}]}<\/script>\n<!-- \/ Yoast SEO plugin. -->","yoast_head_json":{"title":"Entidades lan\u00e7am manifesto de apoio aos rolezinhos e diversos atos pelo pa\u00eds est\u00e3o previstos - PSOL 50","robots":{"index":"index","follow":"follow","max-snippet":"max-snippet:-1","max-image-preview":"max-image-preview:large","max-video-preview":"max-video-preview:-1"},"canonical":"https:\/\/psol50.org.br\/entidades-lancam-manifesto-de-apoio-aos-rolezinhos-e-diversos-atos-pelo-pais-estao-previstos\/","og_locale":"pt_BR","og_type":"article","og_title":"Entidades lan\u00e7am manifesto de apoio aos rolezinhos e diversos atos pelo pa\u00eds est\u00e3o previstos - PSOL 50","og_description":"\u201cCom a liminar que garantiu o direito ao JK Iguatemi e a outros diversos Shoppings de impedir a entrada de jovens negros, pobres e funkeiros, percebe-se a reafirma\u00e7\u00e3o da miss\u00e3o da policia, da justi\u00e7a e do Estado: a prote\u00e7\u00e3o \u00e0 iniciativa privada\u201d, diz o documento A forma como institui\u00e7\u00f5es p\u00fablicas e privadas responderam aos chamados [&hellip;]","og_url":"https:\/\/psol50.org.br\/entidades-lancam-manifesto-de-apoio-aos-rolezinhos-e-diversos-atos-pelo-pais-estao-previstos\/","og_site_name":"PSOL 50","article_publisher":"https:\/\/www.facebook.com\/psol50","article_published_time":"2014-01-21T19:29:45+00:00","og_image":[{"width":1350,"height":900,"url":"https:\/\/psol50.org.br\/inc\/uploads\/2018\/07\/capa.png","type":"image\/png"}],"author":"Comunica\u00e7\u00e3o PSOL","twitter_card":"summary_large_image","twitter_creator":"@psol50","twitter_site":"@psol50","twitter_misc":{"Escrito por":"Comunica\u00e7\u00e3o PSOL","Est. tempo de leitura":"6 minutos"},"schema":{"@context":"https:\/\/schema.org","@graph":[{"@type":"Article","@id":"https:\/\/psol50.org.br\/entidades-lancam-manifesto-de-apoio-aos-rolezinhos-e-diversos-atos-pelo-pais-estao-previstos\/#article","isPartOf":{"@id":"https:\/\/psol50.org.br\/entidades-lancam-manifesto-de-apoio-aos-rolezinhos-e-diversos-atos-pelo-pais-estao-previstos\/"},"author":{"name":"Comunica\u00e7\u00e3o PSOL","@id":"https:\/\/psol50.org.br\/#\/schema\/person\/475dfa57d0b815993c714c2e96491fcd"},"headline":"Entidades lan\u00e7am manifesto de apoio aos rolezinhos e diversos atos pelo pa\u00eds est\u00e3o previstos","datePublished":"2014-01-21T19:29:45+00:00","mainEntityOfPage":{"@id":"https:\/\/psol50.org.br\/entidades-lancam-manifesto-de-apoio-aos-rolezinhos-e-diversos-atos-pelo-pais-estao-previstos\/"},"wordCount":1187,"commentCount":0,"publisher":{"@id":"https:\/\/psol50.org.br\/#organization"},"articleSection":["Arquivo","Not\u00edcias"],"inLanguage":"pt-BR","potentialAction":[{"@type":"CommentAction","name":"Comment","target":["https:\/\/psol50.org.br\/entidades-lancam-manifesto-de-apoio-aos-rolezinhos-e-diversos-atos-pelo-pais-estao-previstos\/#respond"]}]},{"@type":"WebPage","@id":"https:\/\/psol50.org.br\/entidades-lancam-manifesto-de-apoio-aos-rolezinhos-e-diversos-atos-pelo-pais-estao-previstos\/","url":"https:\/\/psol50.org.br\/entidades-lancam-manifesto-de-apoio-aos-rolezinhos-e-diversos-atos-pelo-pais-estao-previstos\/","name":"Entidades lan\u00e7am manifesto de apoio aos rolezinhos e diversos atos pelo pa\u00eds est\u00e3o previstos - PSOL 50","isPartOf":{"@id":"https:\/\/psol50.org.br\/#website"},"datePublished":"2014-01-21T19:29:45+00:00","breadcrumb":{"@id":"https:\/\/psol50.org.br\/entidades-lancam-manifesto-de-apoio-aos-rolezinhos-e-diversos-atos-pelo-pais-estao-previstos\/#breadcrumb"},"inLanguage":"pt-BR","potentialAction":[{"@type":"ReadAction","target":["https:\/\/psol50.org.br\/entidades-lancam-manifesto-de-apoio-aos-rolezinhos-e-diversos-atos-pelo-pais-estao-previstos\/"]}]},{"@type":"BreadcrumbList","@id":"https:\/\/psol50.org.br\/entidades-lancam-manifesto-de-apoio-aos-rolezinhos-e-diversos-atos-pelo-pais-estao-previstos\/#breadcrumb","itemListElement":[{"@type":"ListItem","position":1,"name":"In\u00edcio","item":"https:\/\/psol50.org.br\/"},{"@type":"ListItem","position":2,"name":"Entidades lan\u00e7am manifesto de apoio aos rolezinhos e diversos atos pelo pa\u00eds est\u00e3o previstos"}]},{"@type":"WebSite","@id":"https:\/\/psol50.org.br\/#website","url":"https:\/\/psol50.org.br\/","name":"PSOL 50","description":"Site oficial do Partido Socialismo e Liberdade","publisher":{"@id":"https:\/\/psol50.org.br\/#organization"},"alternateName":"PSOL50","potentialAction":[{"@type":"SearchAction","target":{"@type":"EntryPoint","urlTemplate":"https:\/\/psol50.org.br\/?s={search_term_string}"},"query-input":{"@type":"PropertyValueSpecification","valueRequired":true,"valueName":"search_term_string"}}],"inLanguage":"pt-BR"},{"@type":"Organization","@id":"https:\/\/psol50.org.br\/#organization","name":"PSOL 50","alternateName":"PSOL 50","url":"https:\/\/psol50.org.br\/","logo":{"@type":"ImageObject","inLanguage":"pt-BR","@id":"https:\/\/psol50.org.br\/#\/schema\/logo\/image\/","url":"https:\/\/psol50.org.br\/inc\/uploads\/2018\/07\/capa.png","contentUrl":"https:\/\/psol50.org.br\/inc\/uploads\/2018\/07\/capa.png","width":1350,"height":900,"caption":"PSOL 50"},"image":{"@id":"https:\/\/psol50.org.br\/#\/schema\/logo\/image\/"},"sameAs":["https:\/\/www.facebook.com\/psol50","https:\/\/x.com\/psol50","https:\/\/www.instagram.com\/psol50\/","https:\/\/www.youtube.com\/channel\/UC7SnJS5o1os7a6CaiNabzcg"]},{"@type":"Person","@id":"https:\/\/psol50.org.br\/#\/schema\/person\/475dfa57d0b815993c714c2e96491fcd","name":"Comunica\u00e7\u00e3o PSOL","image":{"@type":"ImageObject","inLanguage":"pt-BR","@id":"https:\/\/psol50.org.br\/#\/schema\/person\/image\/","url":"https:\/\/secure.gravatar.com\/avatar\/b34fc4f4e468a4e51785917065a3db57b841f5c95dba6ad8c73aaf8f66f8f9bf?s=96&d=mm&r=g","contentUrl":"https:\/\/secure.gravatar.com\/avatar\/b34fc4f4e468a4e51785917065a3db57b841f5c95dba6ad8c73aaf8f66f8f9bf?s=96&d=mm&r=g","caption":"Comunica\u00e7\u00e3o PSOL"}}]}},"_links":{"self":[{"href":"https:\/\/psol50.org.br\/rest\/wp\/v2\/posts\/2532","targetHints":{"allow":["GET"]}}],"collection":[{"href":"https:\/\/psol50.org.br\/rest\/wp\/v2\/posts"}],"about":[{"href":"https:\/\/psol50.org.br\/rest\/wp\/v2\/types\/post"}],"author":[{"embeddable":true,"href":"https:\/\/psol50.org.br\/rest\/wp\/v2\/users\/2"}],"replies":[{"embeddable":true,"href":"https:\/\/psol50.org.br\/rest\/wp\/v2\/comments?post=2532"}],"version-history":[{"count":0,"href":"https:\/\/psol50.org.br\/rest\/wp\/v2\/posts\/2532\/revisions"}],"wp:attachment":[{"href":"https:\/\/psol50.org.br\/rest\/wp\/v2\/media?parent=2532"}],"wp:term":[{"taxonomy":"category","embeddable":true,"href":"https:\/\/psol50.org.br\/rest\/wp\/v2\/categories?post=2532"},{"taxonomy":"post_tag","embeddable":true,"href":"https:\/\/psol50.org.br\/rest\/wp\/v2\/tags?post=2532"}],"curies":[{"name":"wp","href":"https:\/\/api.w.org\/{rel}","templated":true}]}}