{"id":25349,"date":"2019-05-30T21:40:13","date_gmt":"2019-05-31T00:40:13","guid":{"rendered":"http:\/\/psol50.org.br\/?p=25349"},"modified":"2019-05-30T21:40:13","modified_gmt":"2019-05-31T00:40:13","slug":"30m-brasil-lota-as-ruas-em-defesa-da-educacao","status":"publish","type":"post","link":"https:\/\/psol50.org.br\/30m-brasil-lota-as-ruas-em-defesa-da-educacao\/","title":{"rendered":"30M: Brasil lota as ruas em defesa da educa\u00e7\u00e3o"},"content":{"rendered":"<p>Nesta quinta-feira (30), as ruas de todo o Brasil lotaram desde as primeiras horas do dia de pessoas se manifestando contra os cortes na educa\u00e7\u00e3o feitos por Abraham Weintraub, ministro do governo de Jair Bolsonaro.<\/p>\n<p>Segundo a Uni\u00e3o Nacional dos Estudantes (UNE), mais de 1,8 milh\u00e3o de pessoas participaram dos atos, espalhados por mais de 200 cidades em 26 estados e no Distrito Federal.<\/p>\n<p><strong>Confira como foram os atos pelo pa\u00eds, com a cobertura do PSOL que voc\u00ea pode acompanhar durante o dia nas redes:<\/strong><\/p>\n<blockquote class=\"twitter-tweet\" data-width=\"550\" data-dnt=\"true\">\n<p lang=\"pt\" dir=\"ltr\">S\u00e3o Paulo GIGANTE! <a href=\"https:\/\/twitter.com\/hashtag\/30MpelaEduca%C3%A7%C3%A3o?src=hash&amp;ref_src=twsrc%5Etfw\">#30MpelaEduca\u00e7\u00e3o<\/a><\/p>\n<p>V\u00eddeo: Maur\u00edcio Pisani <a href=\"https:\/\/t.co\/cz7jb1bQJg\">pic.twitter.com\/cz7jb1bQJg<\/a><\/p>\n<p>&mdash; PSOL 50 (@psol50) <a href=\"https:\/\/twitter.com\/psol50\/status\/1134213517773606912?ref_src=twsrc%5Etfw\">May 30, 2019<\/a><\/p><\/blockquote>\n<p><script async src=\"https:\/\/platform.twitter.com\/widgets.js\" charset=\"utf-8\"><\/script><\/p>\n<p>Logo pela manh\u00e3, capitais importantes como Salvador e Bras\u00edlia j\u00e1 estavam com manifesta\u00e7\u00f5es nas ruas. Foram por volta de 50 mil pessoas nas ruas da capital baiana e 20 mil na capital federal. Os atos se espalharam tamb\u00e9m por cidades menores e do interior dos estados, como S\u00e3o Carlos (SP), Ilh\u00e9us (BA), Barbalha (CE), C\u00e9res (GO), entre tantas outras.<\/p>\n<blockquote class=\"twitter-tweet\" data-width=\"550\" data-dnt=\"true\">\n<p lang=\"pt\" dir=\"ltr\">Bras\u00edlia ferve na luta pela educa\u00e7\u00e3o! <a href=\"https:\/\/twitter.com\/hashtag\/30MpelaEduca%C3%A7%C3%A3o?src=hash&amp;ref_src=twsrc%5Etfw\">#30MpelaEduca\u00e7\u00e3o<\/a> <a href=\"https:\/\/twitter.com\/hashtag\/BrasilPelaEduca%C3%A7%C3%A3o?src=hash&amp;ref_src=twsrc%5Etfw\">#BrasilPelaEduca\u00e7\u00e3o<\/a><\/p>\n<p>\ud83d\udcf8 Matheus Alves <a href=\"https:\/\/t.co\/KmzY3Jvlzq\">pic.twitter.com\/KmzY3Jvlzq<\/a><\/p>\n<p>&mdash; PSOL 50 (@psol50) <a href=\"https:\/\/twitter.com\/psol50\/status\/1134111062456983552?ref_src=twsrc%5Etfw\">May 30, 2019<\/a><\/p><\/blockquote>\n<p><script async src=\"https:\/\/platform.twitter.com\/widgets.js\" charset=\"utf-8\"><\/script><\/p>\n<blockquote class=\"twitter-tweet\" data-width=\"550\" data-dnt=\"true\">\n<p lang=\"pt\" dir=\"ltr\">Imagens a\u00e9reas de Bras\u00edlia neste <a href=\"https:\/\/twitter.com\/hashtag\/30M?src=hash&amp;ref_src=twsrc%5Etfw\">#30M<\/a><a href=\"https:\/\/twitter.com\/hashtag\/30MpelaEducacao?src=hash&amp;ref_src=twsrc%5Etfw\">#30MpelaEducacao<\/a> <a href=\"https:\/\/twitter.com\/hashtag\/BrasilPelaEduca%C3%A7%C3%A3o?src=hash&amp;ref_src=twsrc%5Etfw\">#BrasilPelaEduca\u00e7\u00e3o<\/a> <a href=\"https:\/\/t.co\/KgVWnhSQFY\">pic.twitter.com\/KgVWnhSQFY<\/a><\/p>\n<p>&mdash; UNE- VIDA, P\u00c3O, VACINA &amp; EDUCA\u00c7\u00c3O \ud83d\udc99\ud83e\udd56\ud83d\udc89\u270f\ufe0f (@uneoficial) <a href=\"https:\/\/twitter.com\/uneoficial\/status\/1134166960734986245?ref_src=twsrc%5Etfw\">May 30, 2019<\/a><\/p><\/blockquote>\n<p><script async src=\"https:\/\/platform.twitter.com\/widgets.js\" charset=\"utf-8\"><\/script><\/p>\n<blockquote class=\"twitter-tweet\" data-width=\"550\" data-dnt=\"true\">\n<p lang=\"es\" dir=\"ltr\">Salvador gigante! <a href=\"https:\/\/twitter.com\/hashtag\/30MpelaEduca%C3%A7%C3%A3o?src=hash&amp;ref_src=twsrc%5Etfw\">#30MpelaEduca\u00e7\u00e3o<\/a> <a href=\"https:\/\/twitter.com\/hashtag\/BrasilPelaEduca%C3%A7%C3%A3o?src=hash&amp;ref_src=twsrc%5Etfw\">#BrasilPelaEduca\u00e7\u00e3o<\/a> <a href=\"https:\/\/t.co\/tLXzRPg21Y\">pic.twitter.com\/tLXzRPg21Y<\/a><\/p>\n<p>&mdash; PSOL 50 (@psol50) <a href=\"https:\/\/twitter.com\/psol50\/status\/1134102674633297920?ref_src=twsrc%5Etfw\">May 30, 2019<\/a><\/p><\/blockquote>\n<p><script async src=\"https:\/\/platform.twitter.com\/widgets.js\" charset=\"utf-8\"><\/script><\/p>\n<p>&nbsp;<\/p>\n<blockquote class=\"twitter-tweet\" data-width=\"550\" data-dnt=\"true\">\n<p lang=\"pt\" dir=\"ltr\">Pega o guarda-chuva que <a href=\"https:\/\/twitter.com\/hashtag\/T%C3%A1ChovendoProtesto?src=hash&amp;ref_src=twsrc%5Etfw\">#T\u00e1ChovendoProtesto<\/a>, ministro! Pelotas\/RS nas ruas contra os cortes. <a href=\"https:\/\/twitter.com\/hashtag\/30MpelaEduca%C3%A7%C3%A3o?src=hash&amp;ref_src=twsrc%5Etfw\">#30MpelaEduca\u00e7\u00e3o<\/a> <a href=\"https:\/\/t.co\/8QQfyuMJH1\">pic.twitter.com\/8QQfyuMJH1<\/a><\/p>\n<p>&mdash; PSOL 50 (@psol50) <a href=\"https:\/\/twitter.com\/psol50\/status\/1134196583388647429?ref_src=twsrc%5Etfw\">May 30, 2019<\/a><\/p><\/blockquote>\n<p><script async src=\"https:\/\/platform.twitter.com\/widgets.js\" charset=\"utf-8\"><\/script><\/p>\n<blockquote class=\"twitter-tweet\" data-width=\"550\" data-dnt=\"true\">\n<p lang=\"pt\" dir=\"ltr\">Ribeir\u00e3o Preto na luta pela educa\u00e7\u00e3o! \ud83d\ude0d <a href=\"https:\/\/twitter.com\/hashtag\/30MpelaEduca%C3%A7%C3%A3o?src=hash&amp;ref_src=twsrc%5Etfw\">#30MpelaEduca\u00e7\u00e3o<\/a><\/p>\n<p>\ud83d\udcf8 B\u00e1rbara Bichuette \/ estudantes NINJA <a href=\"https:\/\/t.co\/ziZQYINwYz\">pic.twitter.com\/ziZQYINwYz<\/a><\/p>\n<p>&mdash; PSOL 50 (@psol50) <a href=\"https:\/\/twitter.com\/psol50\/status\/1134189447178792967?ref_src=twsrc%5Etfw\">May 30, 2019<\/a><\/p><\/blockquote>\n<p><script async src=\"https:\/\/platform.twitter.com\/widgets.js\" charset=\"utf-8\"><\/script><\/p>\n<blockquote class=\"twitter-tweet\" data-width=\"550\" data-dnt=\"true\">\n<p lang=\"pt\" dir=\"ltr\">Em Sorocaba, SP, os estudantes ensinam Bolsonaro o jeito certo de tratar a educa\u00e7\u00e3o! <a href=\"https:\/\/twitter.com\/hashtag\/30MpelaEduca%C3%A7%C3%A3o?src=hash&amp;ref_src=twsrc%5Etfw\">#30MpelaEduca\u00e7\u00e3o<\/a> <\/p>\n<p>\ud83d\udcf8 Vinicius Viana <a href=\"https:\/\/t.co\/bHhyEXI1Zr\">pic.twitter.com\/bHhyEXI1Zr<\/a><\/p>\n<p>&mdash; PSOL 50 (@psol50) <a href=\"https:\/\/twitter.com\/psol50\/status\/1134165316920102914?ref_src=twsrc%5Etfw\">May 30, 2019<\/a><\/p><\/blockquote>\n<p><script async src=\"https:\/\/platform.twitter.com\/widgets.js\" charset=\"utf-8\"><\/script><\/p>\n<blockquote class=\"twitter-tweet\" data-width=\"550\" data-dnt=\"true\">\n<p lang=\"pt\" dir=\"ltr\">S\u00e3o Carlos, em SP, t\u00e1 enchendo! <a href=\"https:\/\/twitter.com\/hashtag\/30MpelaEducacao?src=hash&amp;ref_src=twsrc%5Etfw\">#30MpelaEducacao<\/a> <a href=\"https:\/\/twitter.com\/hashtag\/BrasilPelaEduca%C3%A7%C3%A3o?src=hash&amp;ref_src=twsrc%5Etfw\">#BrasilPelaEduca\u00e7\u00e3o<\/a> <a href=\"https:\/\/t.co\/4g8mVHxYre\">pic.twitter.com\/4g8mVHxYre<\/a><\/p>\n<p>&mdash; PSOL 50 (@psol50) <a href=\"https:\/\/twitter.com\/psol50\/status\/1134093030955372545?ref_src=twsrc%5Etfw\">May 30, 2019<\/a><\/p><\/blockquote>\n<p><script async src=\"https:\/\/platform.twitter.com\/widgets.js\" charset=\"utf-8\"><\/script><\/p>\n<p>Pela tarde, atos massivos aconteceram em cidades importantes do Nordeste, como Fortaleza (CE) e Recife (PE), que chegaram a ter 100 mil pessoas nas ruas em cada uma, segundo estimativas da Uni\u00e3o Nacional dos Estudantes (UNE), respons\u00e1vel pela convoca\u00e7\u00e3o das manifesta\u00e7\u00f5es para este dia 30. Aracaju (SE) e S\u00e3o Lu\u00eds (MA), com 30 mil pessoas, Natal (RN), com 20 mil, e Jo\u00e3o Pessoa (PB) e Macei\u00f3 (AL), com 10 mil, tamb\u00e9m tiveram atos expressivos ao longo da tarde.<\/p>\n<blockquote class=\"twitter-tweet\" data-width=\"550\" data-dnt=\"true\">\n<p lang=\"pt\" dir=\"ltr\">Mar de gente em S\u00e3o Luis, no Maranh\u00e3o! <a href=\"https:\/\/twitter.com\/hashtag\/30MpelaEduca%C3%A7%C3%A3o?src=hash&amp;ref_src=twsrc%5Etfw\">#30MpelaEduca\u00e7\u00e3o<\/a> <a href=\"https:\/\/t.co\/UmxYhAcLCx\">pic.twitter.com\/UmxYhAcLCx<\/a><\/p>\n<p>&mdash; PSOL 50 (@psol50) <a href=\"https:\/\/twitter.com\/psol50\/status\/1134183214455709697?ref_src=twsrc%5Etfw\">May 30, 2019<\/a><\/p><\/blockquote>\n<p><script async src=\"https:\/\/platform.twitter.com\/widgets.js\" charset=\"utf-8\"><\/script><\/p>\n<blockquote class=\"twitter-tweet\" data-width=\"550\" data-dnt=\"true\">\n<p lang=\"pt\" dir=\"ltr\">Recife levou mais de 60 mil \u00e0s ruas em defesa da educa\u00e7\u00e3o! <a href=\"https:\/\/twitter.com\/hashtag\/30MpelaEduca%C3%A7%C3%A3o?src=hash&amp;ref_src=twsrc%5Etfw\">#30MpelaEduca\u00e7\u00e3o<\/a><\/p>\n<p>\ud83d\udcf8\u00a0<a href=\"https:\/\/twitter.com\/caldaspedr?ref_src=twsrc%5Etfw\">@caldaspedr<\/a> \/ CUCA da UNE <a href=\"https:\/\/t.co\/UP4lCrLgWy\">pic.twitter.com\/UP4lCrLgWy<\/a><\/p>\n<p>&mdash; PSOL 50 (@psol50) <a href=\"https:\/\/twitter.com\/psol50\/status\/1134224916063096836?ref_src=twsrc%5Etfw\">May 30, 2019<\/a><\/p><\/blockquote>\n<p><script async src=\"https:\/\/platform.twitter.com\/widgets.js\" charset=\"utf-8\"><\/script><\/p>\n<blockquote class=\"twitter-tweet\" data-width=\"550\" data-dnt=\"true\">\n<p lang=\"pt\" dir=\"ltr\">\ud83d\udcda Olha a\u00ed a homenagem ao grande Paulo Freire, patrono da educa\u00e7\u00e3o brasileira e inimigo n\u00famero 1 dos ignorantes que governam esse pa\u00eds. O <a href=\"https:\/\/twitter.com\/hashtag\/30M?src=hash&amp;ref_src=twsrc%5Etfw\">#30M<\/a> t\u00e1 lindo! <a href=\"https:\/\/twitter.com\/hashtag\/30MpelaEduca%C3%A7%C3%A3o?src=hash&amp;ref_src=twsrc%5Etfw\">#30MpelaEduca\u00e7\u00e3o<\/a> <a href=\"https:\/\/t.co\/ATLwG8zwJj\">pic.twitter.com\/ATLwG8zwJj<\/a><\/p>\n<p>&mdash; S\u00e2mia Bomfim (@samiabomfim) <a href=\"https:\/\/twitter.com\/samiabomfim\/status\/1134200580572942341?ref_src=twsrc%5Etfw\">May 30, 2019<\/a><\/p><\/blockquote>\n<p><script async src=\"https:\/\/platform.twitter.com\/widgets.js\" charset=\"utf-8\"><\/script><\/p>\n<blockquote class=\"twitter-tweet\" data-width=\"550\" data-dnt=\"true\">\n<p lang=\"es\" dir=\"ltr\">Teresina nas ruas! \ud83d\udc4a\ud83d\udc4a\ud83d\udc4a<\/p>\n<p>\ud83d\udcf8 Roberta Alinne \/ CUCA da UNE <a href=\"https:\/\/t.co\/i1ztO4yFVp\">pic.twitter.com\/i1ztO4yFVp<\/a><\/p>\n<p>&mdash; PSOL 50 (@psol50) <a href=\"https:\/\/twitter.com\/psol50\/status\/1134123498379599872?ref_src=twsrc%5Etfw\">May 30, 2019<\/a><\/p><\/blockquote>\n<p><script async src=\"https:\/\/platform.twitter.com\/widgets.js\" charset=\"utf-8\"><\/script><\/p>\n<blockquote class=\"twitter-tweet\" data-width=\"550\" data-dnt=\"true\">\n<p lang=\"pt\" dir=\"ltr\">Natal toma as ruas em defesa da educa\u00e7\u00e3o! Se segura, Weintraub! <a href=\"https:\/\/twitter.com\/hashtag\/30MpelaEduca%C3%A7%C3%A3o?src=hash&amp;ref_src=twsrc%5Etfw\">#30MpelaEduca\u00e7\u00e3o<\/a><\/p>\n<p>V\u00eddeo: Daniel Valen\u00e7a \/ FBP RN <a href=\"https:\/\/t.co\/VF8PwWKRNf\">pic.twitter.com\/VF8PwWKRNf<\/a><\/p>\n<p>&mdash; PSOL 50 (@psol50) <a href=\"https:\/\/twitter.com\/psol50\/status\/1134215743141269504?ref_src=twsrc%5Etfw\">May 30, 2019<\/a><\/p><\/blockquote>\n<p><script async src=\"https:\/\/platform.twitter.com\/widgets.js\" charset=\"utf-8\"><\/script><\/p>\n<blockquote class=\"twitter-tweet\" data-width=\"550\" data-dnt=\"true\">\n<p lang=\"pt\" dir=\"ltr\">Os estudantes est\u00e3o plantando resist\u00eancia! Pau dos Ferros, no RN, j\u00e1 se mobiliza pela educa\u00e7\u00e3o. <a href=\"https:\/\/twitter.com\/hashtag\/30MpelaEducacao?src=hash&amp;ref_src=twsrc%5Etfw\">#30MpelaEducacao<\/a> <a href=\"https:\/\/twitter.com\/hashtag\/BrasilPelaEduca%C3%A7%C3%A3o?src=hash&amp;ref_src=twsrc%5Etfw\">#BrasilPelaEduca\u00e7\u00e3o<\/a> <\/p>\n<p>\ud83d\udcf8 Jarlon Medeiros \/ Estudantes NINJA <a href=\"https:\/\/t.co\/GY22rcK1oh\">pic.twitter.com\/GY22rcK1oh<\/a><\/p>\n<p>&mdash; PSOL 50 (@psol50) <a href=\"https:\/\/twitter.com\/psol50\/status\/1134084243943043073?ref_src=twsrc%5Etfw\">May 30, 2019<\/a><\/p><\/blockquote>\n<p><script async src=\"https:\/\/platform.twitter.com\/widgets.js\" charset=\"utf-8\"><\/script><\/p>\n<p>A regi\u00e3o norte, com grandes atos em Bel\u00e9m (PA), Manaus (AM) e Macap\u00e1 (AP), al\u00e9m de v\u00e1rios atos pelo interior dos estados, tamb\u00e9m esteve mobilizada neste 30M. Na capital paraense, por volta de 20 mil pessoas estiveram nas ruas, ao mesmo tempo em que 15 mil pessoas participavam da mobiliza\u00e7\u00e3o em Macap\u00e1 e outras 25 mil estavam nas ruas de Manaus.<\/p>\n<blockquote class=\"twitter-tweet\" data-width=\"550\" data-dnt=\"true\">\n<p lang=\"pt\" dir=\"ltr\">Milhares de pessoas j\u00e1 est\u00e3o nas ruas de Bel\u00e9m prorestando contra os cortes da educa\u00e7\u00e3o do governo Bolsonaro! <a href=\"https:\/\/twitter.com\/hashtag\/30MpelaEducacao?src=hash&amp;ref_src=twsrc%5Etfw\">#30MpelaEducacao<\/a> <a href=\"https:\/\/twitter.com\/hashtag\/30M?src=hash&amp;ref_src=twsrc%5Etfw\">#30M<\/a> <a href=\"https:\/\/t.co\/pR2YG6Q1xe\">pic.twitter.com\/pR2YG6Q1xe<\/a><\/p>\n<p>&mdash; Edmilson Rodrigues (@EdmilsonPSOL) <a href=\"https:\/\/twitter.com\/EdmilsonPSOL\/status\/1134194357454725121?ref_src=twsrc%5Etfw\">May 30, 2019<\/a><\/p><\/blockquote>\n<p><script async src=\"https:\/\/platform.twitter.com\/widgets.js\" charset=\"utf-8\"><\/script><\/p>\n<p>Os maiores atos ficaram reservados para a noite, com as ruas tomadas nos centros de S\u00e3o Paulo, com 250 mil pessoas e Rio de Janeiro, com 100 mil pessoas, al\u00e9m de Belo Horizonte (MG), Porto Alegre (RS) e Curitiba (PR), por exemplo, que tamb\u00e9m tiveram manifesta\u00e7\u00f5es expressivas. Na Universidade Federal do Paran\u00e1, a faixa retirada no \u00faltimo domingo pelos manifestantes que apoiam o governo Bolsonaro, que dizia &#8220;Em defesa da educa\u00e7\u00e3o&#8221;, foi substitu\u00edda por uma ainda maior.<\/p>\n<blockquote class=\"twitter-tweet\" data-width=\"550\" data-dnt=\"true\">\n<p lang=\"pt\" dir=\"ltr\">S\u00e3o Paulo gigante contra os ataques \u00e0 educa\u00e7\u00e3o! <a href=\"https:\/\/twitter.com\/hashtag\/30MpelaEduca%C3%A7%C3%A3o?src=hash&amp;ref_src=twsrc%5Etfw\">#30MpelaEduca\u00e7\u00e3o<\/a><\/p>\n<p>\ud83d\udcf8 Cuca da UNE <a href=\"https:\/\/t.co\/46nl87W7Gr\">pic.twitter.com\/46nl87W7Gr<\/a><\/p>\n<p>&mdash; PSOL 50 (@psol50) <a href=\"https:\/\/twitter.com\/psol50\/status\/1134203892022095873?ref_src=twsrc%5Etfw\">May 30, 2019<\/a><\/p><\/blockquote>\n<p><script async src=\"https:\/\/platform.twitter.com\/widgets.js\" charset=\"utf-8\"><\/script><\/p>\n<blockquote class=\"twitter-tweet\" data-width=\"550\" data-dnt=\"true\">\n<p lang=\"pt\" dir=\"ltr\">Rio de Janeiro mostra: a luta pela educa\u00e7\u00e3o vai salvar o Brasil de Bolsonaro! <a href=\"https:\/\/twitter.com\/hashtag\/30MpelaEduca%C3%A7%C3%A3o?src=hash&amp;ref_src=twsrc%5Etfw\">#30MpelaEduca\u00e7\u00e3o<\/a><\/p>\n<p>\ud83d\udcf8 <a href=\"https:\/\/twitter.com\/uneoficial?ref_src=twsrc%5Etfw\">@uneoficial<\/a> <a href=\"https:\/\/t.co\/07b9SOPARr\">pic.twitter.com\/07b9SOPARr<\/a><\/p>\n<p>&mdash; PSOL 50 (@psol50) <a href=\"https:\/\/twitter.com\/psol50\/status\/1134216723047915520?ref_src=twsrc%5Etfw\">May 30, 2019<\/a><\/p><\/blockquote>\n<p><script async src=\"https:\/\/platform.twitter.com\/widgets.js\" charset=\"utf-8\"><\/script><\/p>\n<blockquote class=\"twitter-tweet\" data-width=\"550\" data-dnt=\"true\">\n<p lang=\"pt\" dir=\"ltr\">Eles arrancam uma faixa em defesa da educa\u00e7\u00e3o. Os estudantes instalam uma maior ainda no mesmo lugar! \ud83d\udc4a <a href=\"https:\/\/twitter.com\/hashtag\/30MpelaEduca%C3%A7%C3%A3o?src=hash&amp;ref_src=twsrc%5Etfw\">#30MpelaEduca\u00e7\u00e3o<\/a><\/p>\n<p>\ud83d\udcf8 Eduardo Matysiak <a href=\"https:\/\/t.co\/ADBB76vgtr\">pic.twitter.com\/ADBB76vgtr<\/a><\/p>\n<p>&mdash; PSOL 50 (@psol50) <a href=\"https:\/\/twitter.com\/psol50\/status\/1134185774658793472?ref_src=twsrc%5Etfw\">May 30, 2019<\/a><\/p><\/blockquote>\n<p><script async src=\"https:\/\/platform.twitter.com\/widgets.js\" charset=\"utf-8\"><\/script><\/p>\n<blockquote class=\"twitter-tweet\" data-width=\"550\" data-dnt=\"true\">\n<p lang=\"pt\" dir=\"ltr\">Que lindeza BH tomada por estudantes! \u00c0s ruas, gente! \ud83c\udf0a<a href=\"https:\/\/twitter.com\/hashtag\/30MpelaEducacao?src=hash&amp;ref_src=twsrc%5Etfw\">#30MpelaEducacao<\/a> <a href=\"https:\/\/twitter.com\/hashtag\/TsunamiDaEduca%C3%A7%C3%A3o?src=hash&amp;ref_src=twsrc%5Etfw\">#TsunamiDaEduca\u00e7\u00e3o<\/a> <a href=\"https:\/\/twitter.com\/hashtag\/Tsunami30M?src=hash&amp;ref_src=twsrc%5Etfw\">#Tsunami30M<\/a> <a href=\"https:\/\/t.co\/qeCwOOvpuP\">pic.twitter.com\/qeCwOOvpuP<\/a><\/p>\n<p>&mdash; \u00c1urea Carolina (@aureacarolinax) <a href=\"https:\/\/twitter.com\/aureacarolinax\/status\/1134203040502886400?ref_src=twsrc%5Etfw\">May 30, 2019<\/a><\/p><\/blockquote>\n<p><script async src=\"https:\/\/platform.twitter.com\/widgets.js\" charset=\"utf-8\"><\/script><\/p>\n<blockquote class=\"twitter-tweet\" data-width=\"550\" data-dnt=\"true\">\n<p lang=\"pt\" dir=\"ltr\">&quot;Quando a juventude e os professores se levantam, ningu\u00e9m segura!&quot; Fala de <a href=\"https:\/\/twitter.com\/GuilhermeBoulos?ref_src=twsrc%5Etfw\">@GuilhermeBoulos<\/a> no ato <a href=\"https:\/\/twitter.com\/hashtag\/30MpelaEduca%C3%A7%C3%A3o?src=hash&amp;ref_src=twsrc%5Etfw\">#30MpelaEduca\u00e7\u00e3o<\/a> em S\u00e3o Paulo! <a href=\"https:\/\/t.co\/DxfZ9KTAUo\">pic.twitter.com\/DxfZ9KTAUo<\/a><\/p>\n<p>&mdash; PSOL 50 (@psol50) <a href=\"https:\/\/twitter.com\/psol50\/status\/1134205518992629760?ref_src=twsrc%5Etfw\">May 30, 2019<\/a><\/p><\/blockquote>\n<p><script async src=\"https:\/\/platform.twitter.com\/widgets.js\" charset=\"utf-8\"><\/script><\/p>\n<blockquote class=\"twitter-tweet\" data-width=\"550\" data-dnt=\"true\">\n<p lang=\"pt\" dir=\"ltr\">Direto do Ato em SP. Nas ruas contra os cortes na educa\u00e7\u00e3o e contra a persegui\u00e7\u00e3o pol\u00edtica do MEC. Definitivamente eles n\u00e3o entendem nada de democracia, desrespeitam os estudantes , intimidam professores. mas ningu\u00e9m segura a mobiliza\u00e7\u00e3o popular <a href=\"https:\/\/twitter.com\/hashtag\/30MpelaEduca%C3%A7%C3%A3o?src=hash&amp;ref_src=twsrc%5Etfw\">#30MpelaEduca\u00e7\u00e3o<\/a> <a href=\"https:\/\/t.co\/oGCc3OaLOM\">pic.twitter.com\/oGCc3OaLOM<\/a><\/p>\n<p>&mdash; Ivan Valente (@IvanValente) <a href=\"https:\/\/twitter.com\/IvanValente\/status\/1134203681455443969?ref_src=twsrc%5Etfw\">May 30, 2019<\/a><\/p><\/blockquote>\n<p><script async src=\"https:\/\/platform.twitter.com\/widgets.js\" charset=\"utf-8\"><\/script><\/p>\n<blockquote class=\"twitter-tweet\" data-width=\"550\" data-dnt=\"true\">\n<p lang=\"pt\" dir=\"ltr\">S\u00e3o Paulo \ud83d\ude0d <a href=\"https:\/\/twitter.com\/hashtag\/30MpelaEduca%C3%A7%C3%A3o?src=hash&amp;ref_src=twsrc%5Etfw\">#30MpelaEduca\u00e7\u00e3o<\/a> <\/p>\n<p>\ud83d\udcf8 Pedro Muniz <a href=\"https:\/\/t.co\/a9xp3IKK2c\">pic.twitter.com\/a9xp3IKK2c<\/a><\/p>\n<p>&mdash; PSOL 50 (@psol50) <a href=\"https:\/\/twitter.com\/psol50\/status\/1134202651443433481?ref_src=twsrc%5Etfw\">May 30, 2019<\/a><\/p><\/blockquote>\n<p><script async src=\"https:\/\/platform.twitter.com\/widgets.js\" charset=\"utf-8\"><\/script><\/p>\n<blockquote class=\"twitter-tweet\" data-width=\"550\" data-dnt=\"true\">\n<p lang=\"pt\" dir=\"ltr\">No meio da balb\u00fardia, na luta em defesa do educa\u00e7\u00e3o e do futuro do Brasil. Eu vou \u00e0 luta \u00e9 com essa juventude! <a href=\"https:\/\/twitter.com\/hashtag\/30MpelaEduca%C3%A7%C3%A3o?src=hash&amp;ref_src=twsrc%5Etfw\">#30MpelaEduca\u00e7\u00e3o<\/a> <a href=\"https:\/\/t.co\/2fKBL01FBE\">pic.twitter.com\/2fKBL01FBE<\/a><\/p>\n<p>&mdash; S\u00e2mia Bomfim (@samiabomfim) <a href=\"https:\/\/twitter.com\/samiabomfim\/status\/1134215239610884097?ref_src=twsrc%5Etfw\">May 30, 2019<\/a><\/p><\/blockquote>\n<p><script async src=\"https:\/\/platform.twitter.com\/widgets.js\" charset=\"utf-8\"><\/script><\/p>\n","protected":false},"excerpt":{"rendered":"<p>Nesta quinta-feira (30), as ruas de todo o Brasil lotaram desde as primeiras horas do dia de pessoas se manifestando contra os cortes na educa\u00e7\u00e3o feitos por Abraham Weintraub, ministro do governo de Jair Bolsonaro. Segundo a Uni\u00e3o Nacional dos Estudantes (UNE), mais de 1,8 milh\u00e3o de pessoas participaram dos atos, espalhados por mais de [&hellip;]<\/p>\n","protected":false},"author":2,"featured_media":25392,"comment_status":"closed","ping_status":"open","sticky":false,"template":"","format":"standard","meta":{"_acf_changed":false,"footnotes":""},"categories":[1104,6],"tags":[1819,680,164,244,287],"class_list":{"0":"post-25349","1":"post","2":"type-post","3":"status-publish","4":"format-standard","5":"has-post-thumbnail","7":"category-movimento","8":"category-noticias","9":"tag-30m","10":"tag-abraham-weintraub","11":"tag-educacao","12":"tag-jair-bolsonaro","13":"tag-manifestacao"},"acf":[],"yoast_head":"<!-- This site is optimized with the Yoast SEO plugin v26.5 - https:\/\/yoast.com\/wordpress\/plugins\/seo\/ -->\n<title>30M: Brasil lota as ruas em defesa da educa\u00e7\u00e3o - PSOL 50<\/title>\n<meta name=\"robots\" content=\"index, follow, max-snippet:-1, max-image-preview:large, max-video-preview:-1\" \/>\n<link rel=\"canonical\" href=\"https:\/\/psol50.org.br\/30m-brasil-lota-as-ruas-em-defesa-da-educacao\/\" \/>\n<meta property=\"og:locale\" content=\"pt_BR\" \/>\n<meta property=\"og:type\" content=\"article\" \/>\n<meta property=\"og:title\" content=\"30M: Brasil lota as ruas em defesa da educa\u00e7\u00e3o; cobertura completa\" \/>\n<meta property=\"og:description\" content=\"1,8 milh\u00e3o de pessoas foram \u00e0s ruas em defesa da educa\u00e7\u00e3o, segundo a UNE.\" \/>\n<meta property=\"og:url\" content=\"https:\/\/psol50.org.br\/30m-brasil-lota-as-ruas-em-defesa-da-educacao\/\" \/>\n<meta property=\"og:site_name\" content=\"PSOL 50\" \/>\n<meta property=\"article:publisher\" content=\"https:\/\/www.facebook.com\/psol50\" \/>\n<meta property=\"article:published_time\" content=\"2019-05-31T00:40:13+00:00\" \/>\n<meta property=\"og:image\" content=\"https:\/\/psol50.org.br\/inc\/uploads\/2019\/05\/30m.educacao.SP_.UNE_.jpg\" \/>\n\t<meta property=\"og:image:width\" content=\"1024\" \/>\n\t<meta property=\"og:image:height\" content=\"576\" \/>\n\t<meta property=\"og:image:type\" content=\"image\/jpeg\" \/>\n<meta name=\"author\" content=\"Comunica\u00e7\u00e3o PSOL\" \/>\n<meta name=\"twitter:card\" content=\"summary_large_image\" \/>\n<meta name=\"twitter:title\" content=\"30M: Brasil lota as ruas em defesa da educa\u00e7\u00e3o; cobertura completa\" \/>\n<meta name=\"twitter:description\" content=\"1,8 milh\u00e3o de pessoas foram \u00e0s ruas em defesa da educa\u00e7\u00e3o, segundo a UNE.\" \/>\n<meta name=\"twitter:image\" content=\"https:\/\/psol50.org.br\/inc\/uploads\/2019\/05\/30m.educacao.SP_.UNE_.jpg\" \/>\n<meta name=\"twitter:creator\" content=\"@psol50\" \/>\n<meta name=\"twitter:site\" content=\"@psol50\" \/>\n<meta name=\"twitter:label1\" content=\"Escrito por\" \/>\n\t<meta name=\"twitter:data1\" content=\"Comunica\u00e7\u00e3o PSOL\" \/>\n\t<meta name=\"twitter:label2\" content=\"Est. tempo de leitura\" \/>\n\t<meta name=\"twitter:data2\" content=\"2 minutos\" \/>\n<script type=\"application\/ld+json\" class=\"yoast-schema-graph\">{\"@context\":\"https:\/\/schema.org\",\"@graph\":[{\"@type\":\"Article\",\"@id\":\"https:\/\/psol50.org.br\/30m-brasil-lota-as-ruas-em-defesa-da-educacao\/#article\",\"isPartOf\":{\"@id\":\"https:\/\/psol50.org.br\/30m-brasil-lota-as-ruas-em-defesa-da-educacao\/\"},\"author\":{\"name\":\"Comunica\u00e7\u00e3o PSOL\",\"@id\":\"https:\/\/psol50.org.br\/#\/schema\/person\/475dfa57d0b815993c714c2e96491fcd\"},\"headline\":\"30M: Brasil lota as ruas em defesa da educa\u00e7\u00e3o\",\"datePublished\":\"2019-05-31T00:40:13+00:00\",\"mainEntityOfPage\":{\"@id\":\"https:\/\/psol50.org.br\/30m-brasil-lota-as-ruas-em-defesa-da-educacao\/\"},\"wordCount\":500,\"publisher\":{\"@id\":\"https:\/\/psol50.org.br\/#organization\"},\"image\":{\"@id\":\"https:\/\/psol50.org.br\/30m-brasil-lota-as-ruas-em-defesa-da-educacao\/#primaryimage\"},\"thumbnailUrl\":\"https:\/\/psol50.org.br\/inc\/uploads\/2019\/05\/30m.educacao.SP_.UNE_.jpg\",\"keywords\":[\"30M\",\"Abraham Weintraub\",\"Educa\u00e7\u00e3o\",\"Jair Bolsonaro\",\"manifesta\u00e7\u00e3o\"],\"articleSection\":[\"Movimento\",\"Not\u00edcias\"],\"inLanguage\":\"pt-BR\"},{\"@type\":\"WebPage\",\"@id\":\"https:\/\/psol50.org.br\/30m-brasil-lota-as-ruas-em-defesa-da-educacao\/\",\"url\":\"https:\/\/psol50.org.br\/30m-brasil-lota-as-ruas-em-defesa-da-educacao\/\",\"name\":\"30M: Brasil lota as ruas em defesa da educa\u00e7\u00e3o - PSOL 50\",\"isPartOf\":{\"@id\":\"https:\/\/psol50.org.br\/#website\"},\"primaryImageOfPage\":{\"@id\":\"https:\/\/psol50.org.br\/30m-brasil-lota-as-ruas-em-defesa-da-educacao\/#primaryimage\"},\"image\":{\"@id\":\"https:\/\/psol50.org.br\/30m-brasil-lota-as-ruas-em-defesa-da-educacao\/#primaryimage\"},\"thumbnailUrl\":\"https:\/\/psol50.org.br\/inc\/uploads\/2019\/05\/30m.educacao.SP_.UNE_.jpg\",\"datePublished\":\"2019-05-31T00:40:13+00:00\",\"breadcrumb\":{\"@id\":\"https:\/\/psol50.org.br\/30m-brasil-lota-as-ruas-em-defesa-da-educacao\/#breadcrumb\"},\"inLanguage\":\"pt-BR\",\"potentialAction\":[{\"@type\":\"ReadAction\",\"target\":[\"https:\/\/psol50.org.br\/30m-brasil-lota-as-ruas-em-defesa-da-educacao\/\"]}]},{\"@type\":\"ImageObject\",\"inLanguage\":\"pt-BR\",\"@id\":\"https:\/\/psol50.org.br\/30m-brasil-lota-as-ruas-em-defesa-da-educacao\/#primaryimage\",\"url\":\"https:\/\/psol50.org.br\/inc\/uploads\/2019\/05\/30m.educacao.SP_.UNE_.jpg\",\"contentUrl\":\"https:\/\/psol50.org.br\/inc\/uploads\/2019\/05\/30m.educacao.SP_.UNE_.jpg\",\"width\":1024,\"height\":576,\"caption\":\"Uni\u00e3o Nacional dos Estudantes (UNE)\"},{\"@type\":\"BreadcrumbList\",\"@id\":\"https:\/\/psol50.org.br\/30m-brasil-lota-as-ruas-em-defesa-da-educacao\/#breadcrumb\",\"itemListElement\":[{\"@type\":\"ListItem\",\"position\":1,\"name\":\"In\u00edcio\",\"item\":\"https:\/\/psol50.org.br\/\"},{\"@type\":\"ListItem\",\"position\":2,\"name\":\"30M: Brasil lota as ruas em defesa da educa\u00e7\u00e3o\"}]},{\"@type\":\"WebSite\",\"@id\":\"https:\/\/psol50.org.br\/#website\",\"url\":\"https:\/\/psol50.org.br\/\",\"name\":\"PSOL 50\",\"description\":\"Site oficial do Partido Socialismo e Liberdade\",\"publisher\":{\"@id\":\"https:\/\/psol50.org.br\/#organization\"},\"alternateName\":\"PSOL50\",\"potentialAction\":[{\"@type\":\"SearchAction\",\"target\":{\"@type\":\"EntryPoint\",\"urlTemplate\":\"https:\/\/psol50.org.br\/?s={search_term_string}\"},\"query-input\":{\"@type\":\"PropertyValueSpecification\",\"valueRequired\":true,\"valueName\":\"search_term_string\"}}],\"inLanguage\":\"pt-BR\"},{\"@type\":\"Organization\",\"@id\":\"https:\/\/psol50.org.br\/#organization\",\"name\":\"PSOL 50\",\"alternateName\":\"PSOL 50\",\"url\":\"https:\/\/psol50.org.br\/\",\"logo\":{\"@type\":\"ImageObject\",\"inLanguage\":\"pt-BR\",\"@id\":\"https:\/\/psol50.org.br\/#\/schema\/logo\/image\/\",\"url\":\"https:\/\/psol50.org.br\/inc\/uploads\/2018\/07\/capa.png\",\"contentUrl\":\"https:\/\/psol50.org.br\/inc\/uploads\/2018\/07\/capa.png\",\"width\":1350,\"height\":900,\"caption\":\"PSOL 50\"},\"image\":{\"@id\":\"https:\/\/psol50.org.br\/#\/schema\/logo\/image\/\"},\"sameAs\":[\"https:\/\/www.facebook.com\/psol50\",\"https:\/\/x.com\/psol50\",\"https:\/\/www.instagram.com\/psol50\/\",\"https:\/\/www.youtube.com\/channel\/UC7SnJS5o1os7a6CaiNabzcg\"]},{\"@type\":\"Person\",\"@id\":\"https:\/\/psol50.org.br\/#\/schema\/person\/475dfa57d0b815993c714c2e96491fcd\",\"name\":\"Comunica\u00e7\u00e3o PSOL\",\"image\":{\"@type\":\"ImageObject\",\"inLanguage\":\"pt-BR\",\"@id\":\"https:\/\/psol50.org.br\/#\/schema\/person\/image\/\",\"url\":\"https:\/\/secure.gravatar.com\/avatar\/b34fc4f4e468a4e51785917065a3db57b841f5c95dba6ad8c73aaf8f66f8f9bf?s=96&d=mm&r=g\",\"contentUrl\":\"https:\/\/secure.gravatar.com\/avatar\/b34fc4f4e468a4e51785917065a3db57b841f5c95dba6ad8c73aaf8f66f8f9bf?s=96&d=mm&r=g\",\"caption\":\"Comunica\u00e7\u00e3o PSOL\"}}]}<\/script>\n<!-- \/ Yoast SEO plugin. -->","yoast_head_json":{"title":"30M: Brasil lota as ruas em defesa da educa\u00e7\u00e3o - PSOL 50","robots":{"index":"index","follow":"follow","max-snippet":"max-snippet:-1","max-image-preview":"max-image-preview:large","max-video-preview":"max-video-preview:-1"},"canonical":"https:\/\/psol50.org.br\/30m-brasil-lota-as-ruas-em-defesa-da-educacao\/","og_locale":"pt_BR","og_type":"article","og_title":"30M: Brasil lota as ruas em defesa da educa\u00e7\u00e3o; cobertura completa","og_description":"1,8 milh\u00e3o de pessoas foram \u00e0s ruas em defesa da educa\u00e7\u00e3o, segundo a UNE.","og_url":"https:\/\/psol50.org.br\/30m-brasil-lota-as-ruas-em-defesa-da-educacao\/","og_site_name":"PSOL 50","article_publisher":"https:\/\/www.facebook.com\/psol50","article_published_time":"2019-05-31T00:40:13+00:00","og_image":[{"width":1024,"height":576,"url":"https:\/\/psol50.org.br\/inc\/uploads\/2019\/05\/30m.educacao.SP_.UNE_.jpg","type":"image\/jpeg"}],"author":"Comunica\u00e7\u00e3o PSOL","twitter_card":"summary_large_image","twitter_title":"30M: Brasil lota as ruas em defesa da educa\u00e7\u00e3o; cobertura completa","twitter_description":"1,8 milh\u00e3o de pessoas foram \u00e0s ruas em defesa da educa\u00e7\u00e3o, segundo a UNE.","twitter_image":"https:\/\/psol50.org.br\/inc\/uploads\/2019\/05\/30m.educacao.SP_.UNE_.jpg","twitter_creator":"@psol50","twitter_site":"@psol50","twitter_misc":{"Escrito por":"Comunica\u00e7\u00e3o PSOL","Est. tempo de leitura":"2 minutos"},"schema":{"@context":"https:\/\/schema.org","@graph":[{"@type":"Article","@id":"https:\/\/psol50.org.br\/30m-brasil-lota-as-ruas-em-defesa-da-educacao\/#article","isPartOf":{"@id":"https:\/\/psol50.org.br\/30m-brasil-lota-as-ruas-em-defesa-da-educacao\/"},"author":{"name":"Comunica\u00e7\u00e3o PSOL","@id":"https:\/\/psol50.org.br\/#\/schema\/person\/475dfa57d0b815993c714c2e96491fcd"},"headline":"30M: Brasil lota as ruas em defesa da educa\u00e7\u00e3o","datePublished":"2019-05-31T00:40:13+00:00","mainEntityOfPage":{"@id":"https:\/\/psol50.org.br\/30m-brasil-lota-as-ruas-em-defesa-da-educacao\/"},"wordCount":500,"publisher":{"@id":"https:\/\/psol50.org.br\/#organization"},"image":{"@id":"https:\/\/psol50.org.br\/30m-brasil-lota-as-ruas-em-defesa-da-educacao\/#primaryimage"},"thumbnailUrl":"https:\/\/psol50.org.br\/inc\/uploads\/2019\/05\/30m.educacao.SP_.UNE_.jpg","keywords":["30M","Abraham Weintraub","Educa\u00e7\u00e3o","Jair Bolsonaro","manifesta\u00e7\u00e3o"],"articleSection":["Movimento","Not\u00edcias"],"inLanguage":"pt-BR"},{"@type":"WebPage","@id":"https:\/\/psol50.org.br\/30m-brasil-lota-as-ruas-em-defesa-da-educacao\/","url":"https:\/\/psol50.org.br\/30m-brasil-lota-as-ruas-em-defesa-da-educacao\/","name":"30M: Brasil lota as ruas em defesa da educa\u00e7\u00e3o - PSOL 50","isPartOf":{"@id":"https:\/\/psol50.org.br\/#website"},"primaryImageOfPage":{"@id":"https:\/\/psol50.org.br\/30m-brasil-lota-as-ruas-em-defesa-da-educacao\/#primaryimage"},"image":{"@id":"https:\/\/psol50.org.br\/30m-brasil-lota-as-ruas-em-defesa-da-educacao\/#primaryimage"},"thumbnailUrl":"https:\/\/psol50.org.br\/inc\/uploads\/2019\/05\/30m.educacao.SP_.UNE_.jpg","datePublished":"2019-05-31T00:40:13+00:00","breadcrumb":{"@id":"https:\/\/psol50.org.br\/30m-brasil-lota-as-ruas-em-defesa-da-educacao\/#breadcrumb"},"inLanguage":"pt-BR","potentialAction":[{"@type":"ReadAction","target":["https:\/\/psol50.org.br\/30m-brasil-lota-as-ruas-em-defesa-da-educacao\/"]}]},{"@type":"ImageObject","inLanguage":"pt-BR","@id":"https:\/\/psol50.org.br\/30m-brasil-lota-as-ruas-em-defesa-da-educacao\/#primaryimage","url":"https:\/\/psol50.org.br\/inc\/uploads\/2019\/05\/30m.educacao.SP_.UNE_.jpg","contentUrl":"https:\/\/psol50.org.br\/inc\/uploads\/2019\/05\/30m.educacao.SP_.UNE_.jpg","width":1024,"height":576,"caption":"Uni\u00e3o Nacional dos Estudantes (UNE)"},{"@type":"BreadcrumbList","@id":"https:\/\/psol50.org.br\/30m-brasil-lota-as-ruas-em-defesa-da-educacao\/#breadcrumb","itemListElement":[{"@type":"ListItem","position":1,"name":"In\u00edcio","item":"https:\/\/psol50.org.br\/"},{"@type":"ListItem","position":2,"name":"30M: Brasil lota as ruas em defesa da educa\u00e7\u00e3o"}]},{"@type":"WebSite","@id":"https:\/\/psol50.org.br\/#website","url":"https:\/\/psol50.org.br\/","name":"PSOL 50","description":"Site oficial do Partido Socialismo e Liberdade","publisher":{"@id":"https:\/\/psol50.org.br\/#organization"},"alternateName":"PSOL50","potentialAction":[{"@type":"SearchAction","target":{"@type":"EntryPoint","urlTemplate":"https:\/\/psol50.org.br\/?s={search_term_string}"},"query-input":{"@type":"PropertyValueSpecification","valueRequired":true,"valueName":"search_term_string"}}],"inLanguage":"pt-BR"},{"@type":"Organization","@id":"https:\/\/psol50.org.br\/#organization","name":"PSOL 50","alternateName":"PSOL 50","url":"https:\/\/psol50.org.br\/","logo":{"@type":"ImageObject","inLanguage":"pt-BR","@id":"https:\/\/psol50.org.br\/#\/schema\/logo\/image\/","url":"https:\/\/psol50.org.br\/inc\/uploads\/2018\/07\/capa.png","contentUrl":"https:\/\/psol50.org.br\/inc\/uploads\/2018\/07\/capa.png","width":1350,"height":900,"caption":"PSOL 50"},"image":{"@id":"https:\/\/psol50.org.br\/#\/schema\/logo\/image\/"},"sameAs":["https:\/\/www.facebook.com\/psol50","https:\/\/x.com\/psol50","https:\/\/www.instagram.com\/psol50\/","https:\/\/www.youtube.com\/channel\/UC7SnJS5o1os7a6CaiNabzcg"]},{"@type":"Person","@id":"https:\/\/psol50.org.br\/#\/schema\/person\/475dfa57d0b815993c714c2e96491fcd","name":"Comunica\u00e7\u00e3o PSOL","image":{"@type":"ImageObject","inLanguage":"pt-BR","@id":"https:\/\/psol50.org.br\/#\/schema\/person\/image\/","url":"https:\/\/secure.gravatar.com\/avatar\/b34fc4f4e468a4e51785917065a3db57b841f5c95dba6ad8c73aaf8f66f8f9bf?s=96&d=mm&r=g","contentUrl":"https:\/\/secure.gravatar.com\/avatar\/b34fc4f4e468a4e51785917065a3db57b841f5c95dba6ad8c73aaf8f66f8f9bf?s=96&d=mm&r=g","caption":"Comunica\u00e7\u00e3o PSOL"}}]}},"_links":{"self":[{"href":"https:\/\/psol50.org.br\/rest\/wp\/v2\/posts\/25349","targetHints":{"allow":["GET"]}}],"collection":[{"href":"https:\/\/psol50.org.br\/rest\/wp\/v2\/posts"}],"about":[{"href":"https:\/\/psol50.org.br\/rest\/wp\/v2\/types\/post"}],"author":[{"embeddable":true,"href":"https:\/\/psol50.org.br\/rest\/wp\/v2\/users\/2"}],"replies":[{"embeddable":true,"href":"https:\/\/psol50.org.br\/rest\/wp\/v2\/comments?post=25349"}],"version-history":[{"count":0,"href":"https:\/\/psol50.org.br\/rest\/wp\/v2\/posts\/25349\/revisions"}],"wp:featuredmedia":[{"embeddable":true,"href":"https:\/\/psol50.org.br\/rest\/wp\/v2\/media\/25392"}],"wp:attachment":[{"href":"https:\/\/psol50.org.br\/rest\/wp\/v2\/media?parent=25349"}],"wp:term":[{"taxonomy":"category","embeddable":true,"href":"https:\/\/psol50.org.br\/rest\/wp\/v2\/categories?post=25349"},{"taxonomy":"post_tag","embeddable":true,"href":"https:\/\/psol50.org.br\/rest\/wp\/v2\/tags?post=25349"}],"curies":[{"name":"wp","href":"https:\/\/api.w.org\/{rel}","templated":true}]}}