{"id":254,"date":"2012-08-19T00:00:00","date_gmt":"2012-08-19T00:00:00","guid":{"rendered":"http:\/\/psol50.org.br\/arquivo\/2012\/08\/19\/freixo-candidato-do-psol-a-prefeito-do-rio-denuncia-ausencia-da-prefeitura-na-pavuna\/"},"modified":"2012-08-19T00:00:00","modified_gmt":"2012-08-19T00:00:00","slug":"freixo-candidato-do-psol-a-prefeito-do-rio-denuncia-ausencia-da-prefeitura-na-pavuna","status":"publish","type":"post","link":"https:\/\/psol50.org.br\/freixo-candidato-do-psol-a-prefeito-do-rio-denuncia-ausencia-da-prefeitura-na-pavuna\/","title":{"rendered":"Freixo, candidato do PSOL a prefeito do Rio, denuncia aus\u00eancia da prefeitura na Pavuna"},"content":{"rendered":"<p>O candidato a prefeito do Rio Marcelo Freixo (PSOL) esteve na manh\u00e3 deste s\u00e1bado (18) no bairro da Pavuna, na Zona Norte, onde a car\u00eancia de servi\u00e7os municipais b\u00e1sicos \u00e9 percebida em toda parte. O cen\u00e1rio, com lixo na rua, com\u00e9rcio informal sem ordenamento, ilumina\u00e7\u00e3o prec\u00e1ria e aus\u00eancia de guardas municipais, no controle urbano e de tr\u00e2nsito, denunciaram a total aus\u00eancia do poder p\u00fablico na regi\u00e3o.<\/p>\n<p>Tomando o lixo espalhado na rua como exemplo, Marcelo ressaltou que algumas melhorias urgentes poderiam ser resolvidas facilmente se houvesse vontade pol\u00edtica. \u201cO que encontramos \u00e9 um retrato claro de como o poder p\u00fablico trata o cidad\u00e3o carioca. H\u00e1 diversas a\u00e7\u00f5es que n\u00e3o dependem de grandes investimentos, apenas de aten\u00e7\u00e3o, como a instala\u00e7\u00e3o de lixeiras\u201d, disse o candidato, que defendeu tamb\u00e9m a amplia\u00e7\u00e3o da coleta seletiva no bairro.<\/p>\n<p>Durante o ato de campanha, Marcelo foi cumprimentado por muitos jovens. Os estudantes Luciana Soares, 23, Rodrigo Cavalcante, 19, e Rafael Oliveira, 21, todos moradores da Pavuna, souberam que o candidato iria \u00e0 regi\u00e3o e resolveram encontr\u00e1-lo. Da conversa surgiu a ideia de abrirem um novo comit\u00ea volunt\u00e1rio no bairro.<\/p>\n<p>\u201cFreixo representa uma novidade na pol\u00edtica. Hoje n\u00e3o h\u00e1 muitos candidatos com quem a gente possa se identificar. Ele tem um olhar cr\u00edtico sobre a nossa cidade, entende que os problemas s\u00e3o de longa data e \u00e9 necess\u00e1rio trat\u00e1-los de uma forma nova\u201d, disse Luciana.<\/p>\n<p><em>Do site\u00a0<a href=\"http:\/\/www.marcelofreixo50.com.br\/\">www.marcelofreixo50.com.br<\/a><\/em><\/p>\n","protected":false},"excerpt":{"rendered":"<p>O candidato a prefeito do Rio Marcelo Freixo (PSOL) esteve na manh\u00e3 deste s\u00e1bado (18) no bairro da Pavuna, na Zona Norte, onde a car\u00eancia de servi\u00e7os municipais b\u00e1sicos \u00e9 percebida em toda parte. O cen\u00e1rio, com lixo na rua, com\u00e9rcio informal sem ordenamento, ilumina\u00e7\u00e3o prec\u00e1ria e aus\u00eancia de guardas municipais, no controle urbano e [&hellip;]<\/p>\n","protected":false},"author":2,"featured_media":0,"comment_status":"open","ping_status":"open","sticky":false,"template":"","format":"standard","meta":{"_acf_changed":false,"footnotes":""},"categories":[4766],"tags":[22],"class_list":{"0":"post-254","1":"post","2":"type-post","3":"status-publish","4":"format-standard","6":"category-arquivo","7":"tag-psol"},"acf":[],"yoast_head":"<!-- This site is optimized with the Yoast SEO plugin v26.5 - https:\/\/yoast.com\/wordpress\/plugins\/seo\/ -->\n<title>Freixo, candidato do PSOL a prefeito do Rio, denuncia aus\u00eancia da prefeitura na Pavuna - PSOL 50<\/title>\n<meta name=\"robots\" content=\"index, follow, max-snippet:-1, max-image-preview:large, max-video-preview:-1\" \/>\n<link rel=\"canonical\" href=\"https:\/\/psol50.org.br\/freixo-candidato-do-psol-a-prefeito-do-rio-denuncia-ausencia-da-prefeitura-na-pavuna\/\" \/>\n<meta property=\"og:locale\" content=\"pt_BR\" \/>\n<meta property=\"og:type\" content=\"article\" \/>\n<meta property=\"og:title\" content=\"Freixo, candidato do PSOL a prefeito do Rio, denuncia aus\u00eancia da prefeitura na Pavuna - PSOL 50\" \/>\n<meta property=\"og:description\" content=\"O candidato a prefeito do Rio Marcelo Freixo (PSOL) esteve na manh\u00e3 deste s\u00e1bado (18) no bairro da Pavuna, na Zona Norte, onde a car\u00eancia de servi\u00e7os municipais b\u00e1sicos \u00e9 percebida em toda parte. O cen\u00e1rio, com lixo na rua, com\u00e9rcio informal sem ordenamento, ilumina\u00e7\u00e3o prec\u00e1ria e aus\u00eancia de guardas municipais, no controle urbano e [&hellip;]\" \/>\n<meta property=\"og:url\" content=\"https:\/\/psol50.org.br\/freixo-candidato-do-psol-a-prefeito-do-rio-denuncia-ausencia-da-prefeitura-na-pavuna\/\" \/>\n<meta property=\"og:site_name\" content=\"PSOL 50\" \/>\n<meta property=\"article:publisher\" content=\"https:\/\/www.facebook.com\/psol50\" \/>\n<meta property=\"article:published_time\" content=\"2012-08-19T00:00:00+00:00\" \/>\n<meta property=\"og:image\" content=\"https:\/\/psol50.org.br\/inc\/uploads\/2018\/07\/capa.png\" \/>\n\t<meta property=\"og:image:width\" content=\"1350\" \/>\n\t<meta property=\"og:image:height\" content=\"900\" \/>\n\t<meta property=\"og:image:type\" content=\"image\/png\" \/>\n<meta name=\"author\" content=\"Comunica\u00e7\u00e3o PSOL\" \/>\n<meta name=\"twitter:card\" content=\"summary_large_image\" \/>\n<meta name=\"twitter:creator\" content=\"@psol50\" \/>\n<meta name=\"twitter:site\" content=\"@psol50\" \/>\n<meta name=\"twitter:label1\" content=\"Escrito por\" \/>\n\t<meta name=\"twitter:data1\" content=\"Comunica\u00e7\u00e3o PSOL\" \/>\n\t<meta name=\"twitter:label2\" content=\"Est. tempo de leitura\" \/>\n\t<meta name=\"twitter:data2\" content=\"1 minuto\" \/>\n<script type=\"application\/ld+json\" class=\"yoast-schema-graph\">{\"@context\":\"https:\/\/schema.org\",\"@graph\":[{\"@type\":\"Article\",\"@id\":\"https:\/\/psol50.org.br\/freixo-candidato-do-psol-a-prefeito-do-rio-denuncia-ausencia-da-prefeitura-na-pavuna\/#article\",\"isPartOf\":{\"@id\":\"https:\/\/psol50.org.br\/freixo-candidato-do-psol-a-prefeito-do-rio-denuncia-ausencia-da-prefeitura-na-pavuna\/\"},\"author\":{\"name\":\"Comunica\u00e7\u00e3o PSOL\",\"@id\":\"https:\/\/psol50.org.br\/#\/schema\/person\/475dfa57d0b815993c714c2e96491fcd\"},\"headline\":\"Freixo, candidato do PSOL a prefeito do Rio, denuncia aus\u00eancia da prefeitura na Pavuna\",\"datePublished\":\"2012-08-19T00:00:00+00:00\",\"mainEntityOfPage\":{\"@id\":\"https:\/\/psol50.org.br\/freixo-candidato-do-psol-a-prefeito-do-rio-denuncia-ausencia-da-prefeitura-na-pavuna\/\"},\"wordCount\":273,\"commentCount\":0,\"publisher\":{\"@id\":\"https:\/\/psol50.org.br\/#organization\"},\"keywords\":[\"PSOL\"],\"articleSection\":[\"Arquivo\"],\"inLanguage\":\"pt-BR\",\"potentialAction\":[{\"@type\":\"CommentAction\",\"name\":\"Comment\",\"target\":[\"https:\/\/psol50.org.br\/freixo-candidato-do-psol-a-prefeito-do-rio-denuncia-ausencia-da-prefeitura-na-pavuna\/#respond\"]}]},{\"@type\":\"WebPage\",\"@id\":\"https:\/\/psol50.org.br\/freixo-candidato-do-psol-a-prefeito-do-rio-denuncia-ausencia-da-prefeitura-na-pavuna\/\",\"url\":\"https:\/\/psol50.org.br\/freixo-candidato-do-psol-a-prefeito-do-rio-denuncia-ausencia-da-prefeitura-na-pavuna\/\",\"name\":\"Freixo, candidato do PSOL a prefeito do Rio, denuncia aus\u00eancia da prefeitura na Pavuna - PSOL 50\",\"isPartOf\":{\"@id\":\"https:\/\/psol50.org.br\/#website\"},\"datePublished\":\"2012-08-19T00:00:00+00:00\",\"breadcrumb\":{\"@id\":\"https:\/\/psol50.org.br\/freixo-candidato-do-psol-a-prefeito-do-rio-denuncia-ausencia-da-prefeitura-na-pavuna\/#breadcrumb\"},\"inLanguage\":\"pt-BR\",\"potentialAction\":[{\"@type\":\"ReadAction\",\"target\":[\"https:\/\/psol50.org.br\/freixo-candidato-do-psol-a-prefeito-do-rio-denuncia-ausencia-da-prefeitura-na-pavuna\/\"]}]},{\"@type\":\"BreadcrumbList\",\"@id\":\"https:\/\/psol50.org.br\/freixo-candidato-do-psol-a-prefeito-do-rio-denuncia-ausencia-da-prefeitura-na-pavuna\/#breadcrumb\",\"itemListElement\":[{\"@type\":\"ListItem\",\"position\":1,\"name\":\"In\u00edcio\",\"item\":\"https:\/\/psol50.org.br\/\"},{\"@type\":\"ListItem\",\"position\":2,\"name\":\"Freixo, candidato do PSOL a prefeito do Rio, denuncia aus\u00eancia da prefeitura na Pavuna\"}]},{\"@type\":\"WebSite\",\"@id\":\"https:\/\/psol50.org.br\/#website\",\"url\":\"https:\/\/psol50.org.br\/\",\"name\":\"PSOL 50\",\"description\":\"Site oficial do Partido Socialismo e Liberdade\",\"publisher\":{\"@id\":\"https:\/\/psol50.org.br\/#organization\"},\"alternateName\":\"PSOL50\",\"potentialAction\":[{\"@type\":\"SearchAction\",\"target\":{\"@type\":\"EntryPoint\",\"urlTemplate\":\"https:\/\/psol50.org.br\/?s={search_term_string}\"},\"query-input\":{\"@type\":\"PropertyValueSpecification\",\"valueRequired\":true,\"valueName\":\"search_term_string\"}}],\"inLanguage\":\"pt-BR\"},{\"@type\":\"Organization\",\"@id\":\"https:\/\/psol50.org.br\/#organization\",\"name\":\"PSOL 50\",\"alternateName\":\"PSOL 50\",\"url\":\"https:\/\/psol50.org.br\/\",\"logo\":{\"@type\":\"ImageObject\",\"inLanguage\":\"pt-BR\",\"@id\":\"https:\/\/psol50.org.br\/#\/schema\/logo\/image\/\",\"url\":\"https:\/\/psol50.org.br\/inc\/uploads\/2018\/07\/capa.png\",\"contentUrl\":\"https:\/\/psol50.org.br\/inc\/uploads\/2018\/07\/capa.png\",\"width\":1350,\"height\":900,\"caption\":\"PSOL 50\"},\"image\":{\"@id\":\"https:\/\/psol50.org.br\/#\/schema\/logo\/image\/\"},\"sameAs\":[\"https:\/\/www.facebook.com\/psol50\",\"https:\/\/x.com\/psol50\",\"https:\/\/www.instagram.com\/psol50\/\",\"https:\/\/www.youtube.com\/channel\/UC7SnJS5o1os7a6CaiNabzcg\"]},{\"@type\":\"Person\",\"@id\":\"https:\/\/psol50.org.br\/#\/schema\/person\/475dfa57d0b815993c714c2e96491fcd\",\"name\":\"Comunica\u00e7\u00e3o PSOL\",\"image\":{\"@type\":\"ImageObject\",\"inLanguage\":\"pt-BR\",\"@id\":\"https:\/\/psol50.org.br\/#\/schema\/person\/image\/\",\"url\":\"https:\/\/secure.gravatar.com\/avatar\/b34fc4f4e468a4e51785917065a3db57b841f5c95dba6ad8c73aaf8f66f8f9bf?s=96&d=mm&r=g\",\"contentUrl\":\"https:\/\/secure.gravatar.com\/avatar\/b34fc4f4e468a4e51785917065a3db57b841f5c95dba6ad8c73aaf8f66f8f9bf?s=96&d=mm&r=g\",\"caption\":\"Comunica\u00e7\u00e3o PSOL\"}}]}<\/script>\n<!-- \/ Yoast SEO plugin. -->","yoast_head_json":{"title":"Freixo, candidato do PSOL a prefeito do Rio, denuncia aus\u00eancia da prefeitura na Pavuna - PSOL 50","robots":{"index":"index","follow":"follow","max-snippet":"max-snippet:-1","max-image-preview":"max-image-preview:large","max-video-preview":"max-video-preview:-1"},"canonical":"https:\/\/psol50.org.br\/freixo-candidato-do-psol-a-prefeito-do-rio-denuncia-ausencia-da-prefeitura-na-pavuna\/","og_locale":"pt_BR","og_type":"article","og_title":"Freixo, candidato do PSOL a prefeito do Rio, denuncia aus\u00eancia da prefeitura na Pavuna - PSOL 50","og_description":"O candidato a prefeito do Rio Marcelo Freixo (PSOL) esteve na manh\u00e3 deste s\u00e1bado (18) no bairro da Pavuna, na Zona Norte, onde a car\u00eancia de servi\u00e7os municipais b\u00e1sicos \u00e9 percebida em toda parte. O cen\u00e1rio, com lixo na rua, com\u00e9rcio informal sem ordenamento, ilumina\u00e7\u00e3o prec\u00e1ria e aus\u00eancia de guardas municipais, no controle urbano e [&hellip;]","og_url":"https:\/\/psol50.org.br\/freixo-candidato-do-psol-a-prefeito-do-rio-denuncia-ausencia-da-prefeitura-na-pavuna\/","og_site_name":"PSOL 50","article_publisher":"https:\/\/www.facebook.com\/psol50","article_published_time":"2012-08-19T00:00:00+00:00","og_image":[{"width":1350,"height":900,"url":"https:\/\/psol50.org.br\/inc\/uploads\/2018\/07\/capa.png","type":"image\/png"}],"author":"Comunica\u00e7\u00e3o PSOL","twitter_card":"summary_large_image","twitter_creator":"@psol50","twitter_site":"@psol50","twitter_misc":{"Escrito por":"Comunica\u00e7\u00e3o PSOL","Est. tempo de leitura":"1 minuto"},"schema":{"@context":"https:\/\/schema.org","@graph":[{"@type":"Article","@id":"https:\/\/psol50.org.br\/freixo-candidato-do-psol-a-prefeito-do-rio-denuncia-ausencia-da-prefeitura-na-pavuna\/#article","isPartOf":{"@id":"https:\/\/psol50.org.br\/freixo-candidato-do-psol-a-prefeito-do-rio-denuncia-ausencia-da-prefeitura-na-pavuna\/"},"author":{"name":"Comunica\u00e7\u00e3o PSOL","@id":"https:\/\/psol50.org.br\/#\/schema\/person\/475dfa57d0b815993c714c2e96491fcd"},"headline":"Freixo, candidato do PSOL a prefeito do Rio, denuncia aus\u00eancia da prefeitura na Pavuna","datePublished":"2012-08-19T00:00:00+00:00","mainEntityOfPage":{"@id":"https:\/\/psol50.org.br\/freixo-candidato-do-psol-a-prefeito-do-rio-denuncia-ausencia-da-prefeitura-na-pavuna\/"},"wordCount":273,"commentCount":0,"publisher":{"@id":"https:\/\/psol50.org.br\/#organization"},"keywords":["PSOL"],"articleSection":["Arquivo"],"inLanguage":"pt-BR","potentialAction":[{"@type":"CommentAction","name":"Comment","target":["https:\/\/psol50.org.br\/freixo-candidato-do-psol-a-prefeito-do-rio-denuncia-ausencia-da-prefeitura-na-pavuna\/#respond"]}]},{"@type":"WebPage","@id":"https:\/\/psol50.org.br\/freixo-candidato-do-psol-a-prefeito-do-rio-denuncia-ausencia-da-prefeitura-na-pavuna\/","url":"https:\/\/psol50.org.br\/freixo-candidato-do-psol-a-prefeito-do-rio-denuncia-ausencia-da-prefeitura-na-pavuna\/","name":"Freixo, candidato do PSOL a prefeito do Rio, denuncia aus\u00eancia da prefeitura na Pavuna - PSOL 50","isPartOf":{"@id":"https:\/\/psol50.org.br\/#website"},"datePublished":"2012-08-19T00:00:00+00:00","breadcrumb":{"@id":"https:\/\/psol50.org.br\/freixo-candidato-do-psol-a-prefeito-do-rio-denuncia-ausencia-da-prefeitura-na-pavuna\/#breadcrumb"},"inLanguage":"pt-BR","potentialAction":[{"@type":"ReadAction","target":["https:\/\/psol50.org.br\/freixo-candidato-do-psol-a-prefeito-do-rio-denuncia-ausencia-da-prefeitura-na-pavuna\/"]}]},{"@type":"BreadcrumbList","@id":"https:\/\/psol50.org.br\/freixo-candidato-do-psol-a-prefeito-do-rio-denuncia-ausencia-da-prefeitura-na-pavuna\/#breadcrumb","itemListElement":[{"@type":"ListItem","position":1,"name":"In\u00edcio","item":"https:\/\/psol50.org.br\/"},{"@type":"ListItem","position":2,"name":"Freixo, candidato do PSOL a prefeito do Rio, denuncia aus\u00eancia da prefeitura na Pavuna"}]},{"@type":"WebSite","@id":"https:\/\/psol50.org.br\/#website","url":"https:\/\/psol50.org.br\/","name":"PSOL 50","description":"Site oficial do Partido Socialismo e Liberdade","publisher":{"@id":"https:\/\/psol50.org.br\/#organization"},"alternateName":"PSOL50","potentialAction":[{"@type":"SearchAction","target":{"@type":"EntryPoint","urlTemplate":"https:\/\/psol50.org.br\/?s={search_term_string}"},"query-input":{"@type":"PropertyValueSpecification","valueRequired":true,"valueName":"search_term_string"}}],"inLanguage":"pt-BR"},{"@type":"Organization","@id":"https:\/\/psol50.org.br\/#organization","name":"PSOL 50","alternateName":"PSOL 50","url":"https:\/\/psol50.org.br\/","logo":{"@type":"ImageObject","inLanguage":"pt-BR","@id":"https:\/\/psol50.org.br\/#\/schema\/logo\/image\/","url":"https:\/\/psol50.org.br\/inc\/uploads\/2018\/07\/capa.png","contentUrl":"https:\/\/psol50.org.br\/inc\/uploads\/2018\/07\/capa.png","width":1350,"height":900,"caption":"PSOL 50"},"image":{"@id":"https:\/\/psol50.org.br\/#\/schema\/logo\/image\/"},"sameAs":["https:\/\/www.facebook.com\/psol50","https:\/\/x.com\/psol50","https:\/\/www.instagram.com\/psol50\/","https:\/\/www.youtube.com\/channel\/UC7SnJS5o1os7a6CaiNabzcg"]},{"@type":"Person","@id":"https:\/\/psol50.org.br\/#\/schema\/person\/475dfa57d0b815993c714c2e96491fcd","name":"Comunica\u00e7\u00e3o PSOL","image":{"@type":"ImageObject","inLanguage":"pt-BR","@id":"https:\/\/psol50.org.br\/#\/schema\/person\/image\/","url":"https:\/\/secure.gravatar.com\/avatar\/b34fc4f4e468a4e51785917065a3db57b841f5c95dba6ad8c73aaf8f66f8f9bf?s=96&d=mm&r=g","contentUrl":"https:\/\/secure.gravatar.com\/avatar\/b34fc4f4e468a4e51785917065a3db57b841f5c95dba6ad8c73aaf8f66f8f9bf?s=96&d=mm&r=g","caption":"Comunica\u00e7\u00e3o PSOL"}}]}},"_links":{"self":[{"href":"https:\/\/psol50.org.br\/rest\/wp\/v2\/posts\/254","targetHints":{"allow":["GET"]}}],"collection":[{"href":"https:\/\/psol50.org.br\/rest\/wp\/v2\/posts"}],"about":[{"href":"https:\/\/psol50.org.br\/rest\/wp\/v2\/types\/post"}],"author":[{"embeddable":true,"href":"https:\/\/psol50.org.br\/rest\/wp\/v2\/users\/2"}],"replies":[{"embeddable":true,"href":"https:\/\/psol50.org.br\/rest\/wp\/v2\/comments?post=254"}],"version-history":[{"count":0,"href":"https:\/\/psol50.org.br\/rest\/wp\/v2\/posts\/254\/revisions"}],"wp:attachment":[{"href":"https:\/\/psol50.org.br\/rest\/wp\/v2\/media?parent=254"}],"wp:term":[{"taxonomy":"category","embeddable":true,"href":"https:\/\/psol50.org.br\/rest\/wp\/v2\/categories?post=254"},{"taxonomy":"post_tag","embeddable":true,"href":"https:\/\/psol50.org.br\/rest\/wp\/v2\/tags?post=254"}],"curies":[{"name":"wp","href":"https:\/\/api.w.org\/{rel}","templated":true}]}}