{"id":25405,"date":"2019-06-03T16:25:25","date_gmt":"2019-06-03T19:25:25","guid":{"rendered":"http:\/\/psol50.org.br\/?p=25405"},"modified":"2019-06-03T16:25:25","modified_gmt":"2019-06-03T19:25:25","slug":"psol-pede-convocacao-de-ministro-sobre-extincao-da-ebc","status":"publish","type":"post","link":"https:\/\/psol50.org.br\/psol-pede-convocacao-de-ministro-sobre-extincao-da-ebc\/","title":{"rendered":"PSOL pede convoca\u00e7\u00e3o de ministro sobre extin\u00e7\u00e3o da EBC"},"content":{"rendered":"<p>O PSOL, atrav\u00e9s das deputadas \u00c1urea Carolina (MG) e Luiza Erundina (SP), apresentar\u00e1 nesta ter\u00e7a-feira na C\u00e2mara dos Deputados um requerimento para a convoca\u00e7\u00e3o do ministro Carlos Alberto dos Santos Cruz, da Secretaria de Governo, na Comiss\u00e3o de Cultura. O motivo \u00e9 mais uma declara\u00e7\u00e3o pol\u00eamica do presidente Jair Bolsonaro, que afirmou que pretende extinguir a Empresa Brasil de Comunica\u00e7\u00e3o (EBC) em entrevista na televis\u00e3o ao &#8220;humorista&#8221; Danilo Gentili.<\/p>\n<p>Em janeiro deste ano o ministro Santos Cruz tinha dado declara\u00e7\u00e3o inversa ao Jornal O Globo, dizendo que a inten\u00e7\u00e3o do governo era utilizar o m\u00e1ximo poss\u00edvel da estrutura da EBC ao inv\u00e9s de extingui-la. A convoca\u00e7\u00e3o do ministro, portanto, se torna fundamental para oficializar qual o real posicionamento do governo sobre a quest\u00e3o.<\/p>\n<p>A situa\u00e7\u00e3o da comunica\u00e7\u00e3o p\u00fablica, um princ\u00edpio constitucional, j\u00e1 \u00e9 cr\u00edtica no Brasil. Em abril, foi anunciada a unifica\u00e7\u00e3o entre a TV Brasil, canal de televis\u00e3o p\u00fablico, e a NBR, emissora do governo federal. Tanto o Minist\u00e9rio P\u00fablico Federal como a C\u00e2mara dos Deputados j\u00e1 questionaram esta decis\u00e3o, que na pr\u00e1tica inviabiliza a comunica\u00e7\u00e3o p\u00fablica, segundo a justificativa do projeto do PSOL, que visa o interesse p\u00fablico, e n\u00e3o apenas a divulga\u00e7\u00e3o de atos do governo, papel da NBR.<\/p>\n<p>A EBC j\u00e1 \u00e9 piv\u00f4 de outros casos de graves viola\u00e7\u00f5es democr\u00e1ticas, como a censura a jornalistas durante a cobertura do golpe militar de 1964. A palavra &#8220;ditadura&#8221; foi sistematicamente substitu\u00edda por &#8220;regime militar&#8221;. A palavra &#8220;golpe&#8221; tamb\u00e9m foi suprimida e no lugar foram inclu\u00eddas &#8220;comemora\u00e7\u00f5es de 31 de mar\u00e7o de 1964&#8221;. A interfer\u00eancia direta do governo \u00e0 linha editorial da empresa j\u00e1 acontecia desde o governo Michel Temer, que interferiu em conte\u00fados para defender propostas do governo, al\u00e9m de extinguir o Conselho Curador da empresa p\u00fablica.<\/p>\n","protected":false},"excerpt":{"rendered":"<p>O PSOL, atrav\u00e9s das deputadas \u00c1urea Carolina (MG) e Luiza Erundina (SP), apresentar\u00e1 nesta ter\u00e7a-feira na C\u00e2mara dos Deputados um requerimento para a convoca\u00e7\u00e3o do ministro Carlos Alberto dos Santos Cruz, da Secretaria de Governo, na Comiss\u00e3o de Cultura. O motivo \u00e9 mais uma declara\u00e7\u00e3o pol\u00eamica do presidente Jair Bolsonaro, que afirmou que pretende extinguir [&hellip;]<\/p>\n","protected":false},"author":2,"featured_media":25409,"comment_status":"closed","ping_status":"open","sticky":false,"template":"","format":"standard","meta":{"_acf_changed":false,"footnotes":""},"categories":[6],"tags":[56,411,212,66,731,1847,617,22],"class_list":{"0":"post-25405","1":"post","2":"type-post","3":"status-publish","4":"format-standard","5":"has-post-thumbnail","7":"category-noticias","8":"tag-bolsonaro","9":"tag-comunicacao","10":"tag-convocacao","11":"tag-cultura","12":"tag-ebc","13":"tag-gentili","14":"tag-ministro","15":"tag-psol"},"acf":[],"yoast_head":"<!-- This site is optimized with the Yoast SEO plugin v26.5 - https:\/\/yoast.com\/wordpress\/plugins\/seo\/ -->\n<title>PSOL pede convoca\u00e7\u00e3o de ministro sobre extin\u00e7\u00e3o da EBC<\/title>\n<meta name=\"robots\" content=\"index, follow, max-snippet:-1, max-image-preview:large, max-video-preview:-1\" \/>\n<link rel=\"canonical\" href=\"https:\/\/psol50.org.br\/psol-pede-convocacao-de-ministro-sobre-extincao-da-ebc\/\" \/>\n<meta property=\"og:locale\" content=\"pt_BR\" \/>\n<meta property=\"og:type\" content=\"article\" \/>\n<meta property=\"og:title\" content=\"PSOL pede convoca\u00e7\u00e3o de ministro sobre extin\u00e7\u00e3o da EBC\" \/>\n<meta property=\"og:description\" content=\"Bolsonaro declarou em entrevista a Gentili que pretende acabar com a comunica\u00e7\u00e3o p\u00fablica.\" \/>\n<meta property=\"og:url\" content=\"https:\/\/psol50.org.br\/psol-pede-convocacao-de-ministro-sobre-extincao-da-ebc\/\" \/>\n<meta property=\"og:site_name\" content=\"PSOL 50\" \/>\n<meta property=\"article:publisher\" content=\"https:\/\/www.facebook.com\/psol50\" \/>\n<meta property=\"article:published_time\" content=\"2019-06-03T19:25:25+00:00\" \/>\n<meta property=\"og:image\" content=\"https:\/\/psol50.org.br\/inc\/uploads\/2019\/06\/bolsonaro-gentili.jpg\" \/>\n\t<meta property=\"og:image:width\" content=\"1800\" \/>\n\t<meta property=\"og:image:height\" content=\"1200\" \/>\n\t<meta property=\"og:image:type\" content=\"image\/jpeg\" \/>\n<meta name=\"author\" content=\"Comunica\u00e7\u00e3o PSOL\" \/>\n<meta name=\"twitter:card\" content=\"summary_large_image\" \/>\n<meta name=\"twitter:title\" content=\"PSOL pede convoca\u00e7\u00e3o de ministro sobre extin\u00e7\u00e3o da EBC\" \/>\n<meta name=\"twitter:description\" content=\"Bolsonaro declarou em entrevista a Gentili que pretende acabar com a comunica\u00e7\u00e3o p\u00fablica.\" \/>\n<meta name=\"twitter:image\" content=\"https:\/\/psol50.org.br\/inc\/uploads\/2019\/06\/bolsonaro-gentili.jpg\" \/>\n<meta name=\"twitter:creator\" content=\"@psol50\" \/>\n<meta name=\"twitter:site\" content=\"@psol50\" \/>\n<meta name=\"twitter:label1\" content=\"Escrito por\" \/>\n\t<meta name=\"twitter:data1\" content=\"Comunica\u00e7\u00e3o PSOL\" \/>\n\t<meta name=\"twitter:label2\" content=\"Est. tempo de leitura\" \/>\n\t<meta name=\"twitter:data2\" content=\"2 minutos\" \/>\n<script type=\"application\/ld+json\" class=\"yoast-schema-graph\">{\"@context\":\"https:\/\/schema.org\",\"@graph\":[{\"@type\":\"Article\",\"@id\":\"https:\/\/psol50.org.br\/psol-pede-convocacao-de-ministro-sobre-extincao-da-ebc\/#article\",\"isPartOf\":{\"@id\":\"https:\/\/psol50.org.br\/psol-pede-convocacao-de-ministro-sobre-extincao-da-ebc\/\"},\"author\":{\"name\":\"Comunica\u00e7\u00e3o PSOL\",\"@id\":\"https:\/\/psol50.org.br\/#\/schema\/person\/475dfa57d0b815993c714c2e96491fcd\"},\"headline\":\"PSOL pede convoca\u00e7\u00e3o de ministro sobre extin\u00e7\u00e3o da EBC\",\"datePublished\":\"2019-06-03T19:25:25+00:00\",\"mainEntityOfPage\":{\"@id\":\"https:\/\/psol50.org.br\/psol-pede-convocacao-de-ministro-sobre-extincao-da-ebc\/\"},\"wordCount\":338,\"publisher\":{\"@id\":\"https:\/\/psol50.org.br\/#organization\"},\"image\":{\"@id\":\"https:\/\/psol50.org.br\/psol-pede-convocacao-de-ministro-sobre-extincao-da-ebc\/#primaryimage\"},\"thumbnailUrl\":\"https:\/\/psol50.org.br\/inc\/uploads\/2019\/06\/bolsonaro-gentili.jpg\",\"keywords\":[\"Bolsonaro\",\"comunica\u00e7\u00e3o\",\"convoca\u00e7\u00e3o\",\"cultura\",\"EBC\",\"gentili\",\"ministro\",\"PSOL\"],\"articleSection\":[\"Not\u00edcias\"],\"inLanguage\":\"pt-BR\"},{\"@type\":\"WebPage\",\"@id\":\"https:\/\/psol50.org.br\/psol-pede-convocacao-de-ministro-sobre-extincao-da-ebc\/\",\"url\":\"https:\/\/psol50.org.br\/psol-pede-convocacao-de-ministro-sobre-extincao-da-ebc\/\",\"name\":\"PSOL pede convoca\u00e7\u00e3o de ministro sobre extin\u00e7\u00e3o da EBC\",\"isPartOf\":{\"@id\":\"https:\/\/psol50.org.br\/#website\"},\"primaryImageOfPage\":{\"@id\":\"https:\/\/psol50.org.br\/psol-pede-convocacao-de-ministro-sobre-extincao-da-ebc\/#primaryimage\"},\"image\":{\"@id\":\"https:\/\/psol50.org.br\/psol-pede-convocacao-de-ministro-sobre-extincao-da-ebc\/#primaryimage\"},\"thumbnailUrl\":\"https:\/\/psol50.org.br\/inc\/uploads\/2019\/06\/bolsonaro-gentili.jpg\",\"datePublished\":\"2019-06-03T19:25:25+00:00\",\"breadcrumb\":{\"@id\":\"https:\/\/psol50.org.br\/psol-pede-convocacao-de-ministro-sobre-extincao-da-ebc\/#breadcrumb\"},\"inLanguage\":\"pt-BR\",\"potentialAction\":[{\"@type\":\"ReadAction\",\"target\":[\"https:\/\/psol50.org.br\/psol-pede-convocacao-de-ministro-sobre-extincao-da-ebc\/\"]}]},{\"@type\":\"ImageObject\",\"inLanguage\":\"pt-BR\",\"@id\":\"https:\/\/psol50.org.br\/psol-pede-convocacao-de-ministro-sobre-extincao-da-ebc\/#primaryimage\",\"url\":\"https:\/\/psol50.org.br\/inc\/uploads\/2019\/06\/bolsonaro-gentili.jpg\",\"contentUrl\":\"https:\/\/psol50.org.br\/inc\/uploads\/2019\/06\/bolsonaro-gentili.jpg\",\"width\":1800,\"height\":1200,\"caption\":\"(Reprodu\u00e7\u00e3o\/SBT)\"},{\"@type\":\"BreadcrumbList\",\"@id\":\"https:\/\/psol50.org.br\/psol-pede-convocacao-de-ministro-sobre-extincao-da-ebc\/#breadcrumb\",\"itemListElement\":[{\"@type\":\"ListItem\",\"position\":1,\"name\":\"In\u00edcio\",\"item\":\"https:\/\/psol50.org.br\/\"},{\"@type\":\"ListItem\",\"position\":2,\"name\":\"PSOL pede convoca\u00e7\u00e3o de ministro sobre extin\u00e7\u00e3o da EBC\"}]},{\"@type\":\"WebSite\",\"@id\":\"https:\/\/psol50.org.br\/#website\",\"url\":\"https:\/\/psol50.org.br\/\",\"name\":\"PSOL 50\",\"description\":\"Site oficial do Partido Socialismo e Liberdade\",\"publisher\":{\"@id\":\"https:\/\/psol50.org.br\/#organization\"},\"alternateName\":\"PSOL50\",\"potentialAction\":[{\"@type\":\"SearchAction\",\"target\":{\"@type\":\"EntryPoint\",\"urlTemplate\":\"https:\/\/psol50.org.br\/?s={search_term_string}\"},\"query-input\":{\"@type\":\"PropertyValueSpecification\",\"valueRequired\":true,\"valueName\":\"search_term_string\"}}],\"inLanguage\":\"pt-BR\"},{\"@type\":\"Organization\",\"@id\":\"https:\/\/psol50.org.br\/#organization\",\"name\":\"PSOL 50\",\"alternateName\":\"PSOL 50\",\"url\":\"https:\/\/psol50.org.br\/\",\"logo\":{\"@type\":\"ImageObject\",\"inLanguage\":\"pt-BR\",\"@id\":\"https:\/\/psol50.org.br\/#\/schema\/logo\/image\/\",\"url\":\"https:\/\/psol50.org.br\/inc\/uploads\/2018\/07\/capa.png\",\"contentUrl\":\"https:\/\/psol50.org.br\/inc\/uploads\/2018\/07\/capa.png\",\"width\":1350,\"height\":900,\"caption\":\"PSOL 50\"},\"image\":{\"@id\":\"https:\/\/psol50.org.br\/#\/schema\/logo\/image\/\"},\"sameAs\":[\"https:\/\/www.facebook.com\/psol50\",\"https:\/\/x.com\/psol50\",\"https:\/\/www.instagram.com\/psol50\/\",\"https:\/\/www.youtube.com\/channel\/UC7SnJS5o1os7a6CaiNabzcg\"]},{\"@type\":\"Person\",\"@id\":\"https:\/\/psol50.org.br\/#\/schema\/person\/475dfa57d0b815993c714c2e96491fcd\",\"name\":\"Comunica\u00e7\u00e3o PSOL\",\"image\":{\"@type\":\"ImageObject\",\"inLanguage\":\"pt-BR\",\"@id\":\"https:\/\/psol50.org.br\/#\/schema\/person\/image\/\",\"url\":\"https:\/\/secure.gravatar.com\/avatar\/b34fc4f4e468a4e51785917065a3db57b841f5c95dba6ad8c73aaf8f66f8f9bf?s=96&d=mm&r=g\",\"contentUrl\":\"https:\/\/secure.gravatar.com\/avatar\/b34fc4f4e468a4e51785917065a3db57b841f5c95dba6ad8c73aaf8f66f8f9bf?s=96&d=mm&r=g\",\"caption\":\"Comunica\u00e7\u00e3o PSOL\"}}]}<\/script>\n<!-- \/ Yoast SEO plugin. -->","yoast_head_json":{"title":"PSOL pede convoca\u00e7\u00e3o de ministro sobre extin\u00e7\u00e3o da EBC","robots":{"index":"index","follow":"follow","max-snippet":"max-snippet:-1","max-image-preview":"max-image-preview:large","max-video-preview":"max-video-preview:-1"},"canonical":"https:\/\/psol50.org.br\/psol-pede-convocacao-de-ministro-sobre-extincao-da-ebc\/","og_locale":"pt_BR","og_type":"article","og_title":"PSOL pede convoca\u00e7\u00e3o de ministro sobre extin\u00e7\u00e3o da EBC","og_description":"Bolsonaro declarou em entrevista a Gentili que pretende acabar com a comunica\u00e7\u00e3o p\u00fablica.","og_url":"https:\/\/psol50.org.br\/psol-pede-convocacao-de-ministro-sobre-extincao-da-ebc\/","og_site_name":"PSOL 50","article_publisher":"https:\/\/www.facebook.com\/psol50","article_published_time":"2019-06-03T19:25:25+00:00","og_image":[{"width":1800,"height":1200,"url":"https:\/\/psol50.org.br\/inc\/uploads\/2019\/06\/bolsonaro-gentili.jpg","type":"image\/jpeg"}],"author":"Comunica\u00e7\u00e3o PSOL","twitter_card":"summary_large_image","twitter_title":"PSOL pede convoca\u00e7\u00e3o de ministro sobre extin\u00e7\u00e3o da EBC","twitter_description":"Bolsonaro declarou em entrevista a Gentili que pretende acabar com a comunica\u00e7\u00e3o p\u00fablica.","twitter_image":"https:\/\/psol50.org.br\/inc\/uploads\/2019\/06\/bolsonaro-gentili.jpg","twitter_creator":"@psol50","twitter_site":"@psol50","twitter_misc":{"Escrito por":"Comunica\u00e7\u00e3o PSOL","Est. tempo de leitura":"2 minutos"},"schema":{"@context":"https:\/\/schema.org","@graph":[{"@type":"Article","@id":"https:\/\/psol50.org.br\/psol-pede-convocacao-de-ministro-sobre-extincao-da-ebc\/#article","isPartOf":{"@id":"https:\/\/psol50.org.br\/psol-pede-convocacao-de-ministro-sobre-extincao-da-ebc\/"},"author":{"name":"Comunica\u00e7\u00e3o PSOL","@id":"https:\/\/psol50.org.br\/#\/schema\/person\/475dfa57d0b815993c714c2e96491fcd"},"headline":"PSOL pede convoca\u00e7\u00e3o de ministro sobre extin\u00e7\u00e3o da EBC","datePublished":"2019-06-03T19:25:25+00:00","mainEntityOfPage":{"@id":"https:\/\/psol50.org.br\/psol-pede-convocacao-de-ministro-sobre-extincao-da-ebc\/"},"wordCount":338,"publisher":{"@id":"https:\/\/psol50.org.br\/#organization"},"image":{"@id":"https:\/\/psol50.org.br\/psol-pede-convocacao-de-ministro-sobre-extincao-da-ebc\/#primaryimage"},"thumbnailUrl":"https:\/\/psol50.org.br\/inc\/uploads\/2019\/06\/bolsonaro-gentili.jpg","keywords":["Bolsonaro","comunica\u00e7\u00e3o","convoca\u00e7\u00e3o","cultura","EBC","gentili","ministro","PSOL"],"articleSection":["Not\u00edcias"],"inLanguage":"pt-BR"},{"@type":"WebPage","@id":"https:\/\/psol50.org.br\/psol-pede-convocacao-de-ministro-sobre-extincao-da-ebc\/","url":"https:\/\/psol50.org.br\/psol-pede-convocacao-de-ministro-sobre-extincao-da-ebc\/","name":"PSOL pede convoca\u00e7\u00e3o de ministro sobre extin\u00e7\u00e3o da EBC","isPartOf":{"@id":"https:\/\/psol50.org.br\/#website"},"primaryImageOfPage":{"@id":"https:\/\/psol50.org.br\/psol-pede-convocacao-de-ministro-sobre-extincao-da-ebc\/#primaryimage"},"image":{"@id":"https:\/\/psol50.org.br\/psol-pede-convocacao-de-ministro-sobre-extincao-da-ebc\/#primaryimage"},"thumbnailUrl":"https:\/\/psol50.org.br\/inc\/uploads\/2019\/06\/bolsonaro-gentili.jpg","datePublished":"2019-06-03T19:25:25+00:00","breadcrumb":{"@id":"https:\/\/psol50.org.br\/psol-pede-convocacao-de-ministro-sobre-extincao-da-ebc\/#breadcrumb"},"inLanguage":"pt-BR","potentialAction":[{"@type":"ReadAction","target":["https:\/\/psol50.org.br\/psol-pede-convocacao-de-ministro-sobre-extincao-da-ebc\/"]}]},{"@type":"ImageObject","inLanguage":"pt-BR","@id":"https:\/\/psol50.org.br\/psol-pede-convocacao-de-ministro-sobre-extincao-da-ebc\/#primaryimage","url":"https:\/\/psol50.org.br\/inc\/uploads\/2019\/06\/bolsonaro-gentili.jpg","contentUrl":"https:\/\/psol50.org.br\/inc\/uploads\/2019\/06\/bolsonaro-gentili.jpg","width":1800,"height":1200,"caption":"(Reprodu\u00e7\u00e3o\/SBT)"},{"@type":"BreadcrumbList","@id":"https:\/\/psol50.org.br\/psol-pede-convocacao-de-ministro-sobre-extincao-da-ebc\/#breadcrumb","itemListElement":[{"@type":"ListItem","position":1,"name":"In\u00edcio","item":"https:\/\/psol50.org.br\/"},{"@type":"ListItem","position":2,"name":"PSOL pede convoca\u00e7\u00e3o de ministro sobre extin\u00e7\u00e3o da EBC"}]},{"@type":"WebSite","@id":"https:\/\/psol50.org.br\/#website","url":"https:\/\/psol50.org.br\/","name":"PSOL 50","description":"Site oficial do Partido Socialismo e Liberdade","publisher":{"@id":"https:\/\/psol50.org.br\/#organization"},"alternateName":"PSOL50","potentialAction":[{"@type":"SearchAction","target":{"@type":"EntryPoint","urlTemplate":"https:\/\/psol50.org.br\/?s={search_term_string}"},"query-input":{"@type":"PropertyValueSpecification","valueRequired":true,"valueName":"search_term_string"}}],"inLanguage":"pt-BR"},{"@type":"Organization","@id":"https:\/\/psol50.org.br\/#organization","name":"PSOL 50","alternateName":"PSOL 50","url":"https:\/\/psol50.org.br\/","logo":{"@type":"ImageObject","inLanguage":"pt-BR","@id":"https:\/\/psol50.org.br\/#\/schema\/logo\/image\/","url":"https:\/\/psol50.org.br\/inc\/uploads\/2018\/07\/capa.png","contentUrl":"https:\/\/psol50.org.br\/inc\/uploads\/2018\/07\/capa.png","width":1350,"height":900,"caption":"PSOL 50"},"image":{"@id":"https:\/\/psol50.org.br\/#\/schema\/logo\/image\/"},"sameAs":["https:\/\/www.facebook.com\/psol50","https:\/\/x.com\/psol50","https:\/\/www.instagram.com\/psol50\/","https:\/\/www.youtube.com\/channel\/UC7SnJS5o1os7a6CaiNabzcg"]},{"@type":"Person","@id":"https:\/\/psol50.org.br\/#\/schema\/person\/475dfa57d0b815993c714c2e96491fcd","name":"Comunica\u00e7\u00e3o PSOL","image":{"@type":"ImageObject","inLanguage":"pt-BR","@id":"https:\/\/psol50.org.br\/#\/schema\/person\/image\/","url":"https:\/\/secure.gravatar.com\/avatar\/b34fc4f4e468a4e51785917065a3db57b841f5c95dba6ad8c73aaf8f66f8f9bf?s=96&d=mm&r=g","contentUrl":"https:\/\/secure.gravatar.com\/avatar\/b34fc4f4e468a4e51785917065a3db57b841f5c95dba6ad8c73aaf8f66f8f9bf?s=96&d=mm&r=g","caption":"Comunica\u00e7\u00e3o PSOL"}}]}},"_links":{"self":[{"href":"https:\/\/psol50.org.br\/rest\/wp\/v2\/posts\/25405","targetHints":{"allow":["GET"]}}],"collection":[{"href":"https:\/\/psol50.org.br\/rest\/wp\/v2\/posts"}],"about":[{"href":"https:\/\/psol50.org.br\/rest\/wp\/v2\/types\/post"}],"author":[{"embeddable":true,"href":"https:\/\/psol50.org.br\/rest\/wp\/v2\/users\/2"}],"replies":[{"embeddable":true,"href":"https:\/\/psol50.org.br\/rest\/wp\/v2\/comments?post=25405"}],"version-history":[{"count":0,"href":"https:\/\/psol50.org.br\/rest\/wp\/v2\/posts\/25405\/revisions"}],"wp:featuredmedia":[{"embeddable":true,"href":"https:\/\/psol50.org.br\/rest\/wp\/v2\/media\/25409"}],"wp:attachment":[{"href":"https:\/\/psol50.org.br\/rest\/wp\/v2\/media?parent=25405"}],"wp:term":[{"taxonomy":"category","embeddable":true,"href":"https:\/\/psol50.org.br\/rest\/wp\/v2\/categories?post=25405"},{"taxonomy":"post_tag","embeddable":true,"href":"https:\/\/psol50.org.br\/rest\/wp\/v2\/tags?post=25405"}],"curies":[{"name":"wp","href":"https:\/\/api.w.org\/{rel}","templated":true}]}}