{"id":25406,"date":"2019-06-03T16:36:48","date_gmt":"2019-06-03T19:36:48","guid":{"rendered":"http:\/\/psol50.org.br\/?p=25406"},"modified":"2019-06-03T16:36:48","modified_gmt":"2019-06-03T19:36:48","slug":"fernanda-melchionna-unir-o-brasil-para-salvar-a-educacao","status":"publish","type":"post","link":"https:\/\/psol50.org.br\/fernanda-melchionna-unir-o-brasil-para-salvar-a-educacao\/","title":{"rendered":"Fernanda Melchionna | Unir o Brasil para salvar a Educa\u00e7\u00e3o"},"content":{"rendered":"<p><a href=\"https:\/\/www.sul21.com.br\/colunas\/fernanda-melchionna\/2019\/06\/unir-o-brasil-para-salvar-a-educacao\/\" target=\"_blank\" rel=\"noopener noreferrer\"><em>Originalmente publicado em Sul 21.<\/em><\/a><\/p>\n<p>A luta dos estudantes nos dias 15 e 30 de maio foram verdadeiros tsunamis em defesa da Educa\u00e7\u00e3o P\u00fablica, que mostraram a for\u00e7a do movimento estudantil organizado frente \u00e0s tentativas do governo de difamar e destruir as universidades e institui\u00e7\u00f5es federais de ensino. \u00c0s v\u00e9speras de junho, mais de 1 milh\u00e3o de jovens ocuparam as ruas de mais de 200 cidades brasileiras \u2013 o que mostra que a juventude \u00e9 a ponta de lan\u00e7a da oposi\u00e7\u00e3o a este governo obscurantista, fan\u00e1tico e autorit\u00e1rio. No Rio Grande do Sul, os jovens foram verdadeiros guarda-chuvas da resist\u00eancia.<\/p>\n<p>Mas agora \u00e9 necess\u00e1rio pensar os pr\u00f3ximos passos. O que os estudantes mostraram \u00e9 que o pr\u00f3ximo cap\u00edtulo dessa batalha, necessariamente, seguir\u00e1 sendo nas ruas e que a disputa pelas opini\u00f5es do povo \u00e9 preciso ser prioridade.<\/p>\n<p>Uma das maiores li\u00e7\u00f5es que o \u00faltimo pleito eleitoral nos deu, com pessoas montando bancas nas ruas e pra\u00e7as para virar votos dos indecisos, foi a necessidade de conversarmos para al\u00e9m de nossas bolhas e mostrar que a realidade est\u00e1 muito al\u00e9m de grupos do WhatsApp. \u00c9 o momento de subvertermos os muros da academia e das escolas para engajar \u00e0 luta a maior parte dos brasileiros, que j\u00e1 reconhecem a qualidade das universidades p\u00fablicas e entendem que o futuro do Brasil depende diretamente dos investimentos em Educa\u00e7\u00e3o. \u00c9 preciso tamb\u00e9m aliar essa luta contra as demais investidas anti-povo do governo Bolsonaro, que acelera na C\u00e2mara dos Deputados a vota\u00e7\u00e3o do projeto nefasto da Reforma da Previd\u00eancia que quer acabar com a aposentadoria de milh\u00f5es de brasileiros.<\/p>\n<p>Argumentos contr\u00e1rios ao governo n\u00e3o nos faltam. \u00c9 imposs\u00edvel tratar com seriedade um Ministro da Educa\u00e7\u00e3o que por si s\u00f3 \u00e9 tudo o que uma boa educa\u00e7\u00e3o precisa evitar. \u00c9 vis\u00edvel a ignor\u00e2ncia de um alto gestor que confunde kafta, um prato \u00e1rabe, com Kafka, um escritor reconhecido, que erra contas b\u00e1sicas de matem\u00e1tica e que trata os brasileiros como ignorantes ao usar chocolates e um rid\u00edculo guarda-chuva para contar mentiras aos brasileiros. E, pior, um ministro que comete crimes de responsabilidade grotescos, como incitar a popula\u00e7\u00e3o a denunciar professores de coa\u00e7\u00e3o a estudantes sem provas.<\/p>\n<p>O desfecho de tamanha falta de habilidade pol\u00edtica \u00e9 a revolta ainda maior de quem \u00e9 ofendido gratuitamente e precisa lidar com problemas cotidianos de estrutura prec\u00e1ria, corte de bolsas e cerceamento \u00e0 liberdade de express\u00e3o. Essa \u00e9 uma mistura explosiva que est\u00e1 se mostrando uma definidora dos rumos, colocando em xeque a pr\u00f3pria continuidade do governo.<\/p>\n<p>Abraham Weintraub \u00e9 um Ricardo V\u00e9lez piorado, que deveria seguir o exemplo de seu antecessor e sair pela porta dos fundos em sil\u00eancio, voltando para o limbo da irrelev\u00e2ncia acad\u00eamica e profissional que sempre esteve. A paralisia do ministro da Educa\u00e7\u00e3o de Bolsonaro \u00e9 o verdadeiro andar pra frente.<\/p>\n<p>Portanto, precisamos apoiar a luta dos estudantes e estimular que cada escola, centro acad\u00eamico, diret\u00f3rio central dos estudantes se torne um verdadeiro \u201cespa\u00e7o de resist\u00eancia e luta pela Educa\u00e7\u00e3o P\u00fablica de Qualidade\u201d. O ministro sabe do grande potencial de luta dentro das institui\u00e7\u00f5es p\u00fablicas, por isso empreende uma pol\u00edtica de intimida\u00e7\u00e3o de estudantes, professores e t\u00e9cnico-administrativos, atacando a fonte do pensamento cr\u00edtico.<\/p>\n<p>N\u00e3o h\u00e1 melhor forma de lidar com um governo do absurdo que a ironia, a poesia e a mobiliza\u00e7\u00e3o permanente. Como dizem as ruas, \u201cbora lutar e estudar, porque de burro j\u00e1 basta o Presidente\u201d.<\/p>\n","protected":false},"excerpt":{"rendered":"<p>Originalmente publicado em Sul 21. A luta dos estudantes nos dias 15 e 30 de maio foram verdadeiros tsunamis em defesa da Educa\u00e7\u00e3o P\u00fablica, que mostraram a for\u00e7a do movimento estudantil organizado frente \u00e0s tentativas do governo de difamar e destruir as universidades e institui\u00e7\u00f5es federais de ensino. \u00c0s v\u00e9speras de junho, mais de 1 [&hellip;]<\/p>\n","protected":false},"author":2,"featured_media":25412,"comment_status":"closed","ping_status":"open","sticky":false,"template":"","format":"standard","meta":{"_acf_changed":false,"footnotes":""},"categories":[6],"tags":[1815,1819,164,296,1848],"class_list":{"0":"post-25406","1":"post","2":"type-post","3":"status-publish","4":"format-standard","5":"has-post-thumbnail","7":"category-noticias","8":"tag-15m","9":"tag-30m","10":"tag-educacao","11":"tag-fernanda-melchionna","12":"tag-tsunami-da-educacao"},"acf":[],"yoast_head":"<!-- This site is optimized with the Yoast SEO plugin v26.5 - https:\/\/yoast.com\/wordpress\/plugins\/seo\/ -->\n<title>Fernanda Melchionna | Unir o Brasil para salvar a Educa\u00e7\u00e3o - PSOL 50<\/title>\n<meta name=\"robots\" content=\"index, follow, max-snippet:-1, max-image-preview:large, max-video-preview:-1\" \/>\n<link rel=\"canonical\" href=\"https:\/\/psol50.org.br\/fernanda-melchionna-unir-o-brasil-para-salvar-a-educacao\/\" \/>\n<meta property=\"og:locale\" content=\"pt_BR\" \/>\n<meta property=\"og:type\" content=\"article\" \/>\n<meta property=\"og:title\" content=\"Unir o Brasil para salvar a Educa\u00e7\u00e3o\" \/>\n<meta property=\"og:description\" content=\"Leio o artigo de Fernanda Melchionna.\" \/>\n<meta property=\"og:url\" content=\"https:\/\/psol50.org.br\/fernanda-melchionna-unir-o-brasil-para-salvar-a-educacao\/\" \/>\n<meta property=\"og:site_name\" content=\"PSOL 50\" \/>\n<meta property=\"article:publisher\" content=\"https:\/\/www.facebook.com\/psol50\" \/>\n<meta property=\"article:published_time\" content=\"2019-06-03T19:36:48+00:00\" \/>\n<meta property=\"og:image\" content=\"https:\/\/psol50.org.br\/inc\/uploads\/2019\/06\/Cartaz-Educacao.Lia-Castanho.jpg\" \/>\n\t<meta property=\"og:image:width\" content=\"1084\" \/>\n\t<meta property=\"og:image:height\" content=\"750\" \/>\n\t<meta property=\"og:image:type\" content=\"image\/jpeg\" \/>\n<meta name=\"author\" content=\"Comunica\u00e7\u00e3o PSOL\" \/>\n<meta name=\"twitter:card\" content=\"summary_large_image\" \/>\n<meta name=\"twitter:title\" content=\"Unir o Brasil para salvar a Educa\u00e7\u00e3o\" \/>\n<meta name=\"twitter:description\" content=\"Leio o artigo de Fernanda Melchionna.\" \/>\n<meta name=\"twitter:image\" content=\"https:\/\/psol50.org.br\/inc\/uploads\/2019\/06\/Cartaz-Educacao.Lia-Castanho.jpg\" \/>\n<meta name=\"twitter:creator\" content=\"@psol50\" \/>\n<meta name=\"twitter:site\" content=\"@psol50\" \/>\n<meta name=\"twitter:label1\" content=\"Escrito por\" \/>\n\t<meta name=\"twitter:data1\" content=\"Comunica\u00e7\u00e3o PSOL\" \/>\n\t<meta name=\"twitter:label2\" content=\"Est. tempo de leitura\" \/>\n\t<meta name=\"twitter:data2\" content=\"3 minutos\" \/>\n<script type=\"application\/ld+json\" class=\"yoast-schema-graph\">{\"@context\":\"https:\/\/schema.org\",\"@graph\":[{\"@type\":\"Article\",\"@id\":\"https:\/\/psol50.org.br\/fernanda-melchionna-unir-o-brasil-para-salvar-a-educacao\/#article\",\"isPartOf\":{\"@id\":\"https:\/\/psol50.org.br\/fernanda-melchionna-unir-o-brasil-para-salvar-a-educacao\/\"},\"author\":{\"name\":\"Comunica\u00e7\u00e3o PSOL\",\"@id\":\"https:\/\/psol50.org.br\/#\/schema\/person\/475dfa57d0b815993c714c2e96491fcd\"},\"headline\":\"Fernanda Melchionna | Unir o Brasil para salvar a Educa\u00e7\u00e3o\",\"datePublished\":\"2019-06-03T19:36:48+00:00\",\"mainEntityOfPage\":{\"@id\":\"https:\/\/psol50.org.br\/fernanda-melchionna-unir-o-brasil-para-salvar-a-educacao\/\"},\"wordCount\":613,\"publisher\":{\"@id\":\"https:\/\/psol50.org.br\/#organization\"},\"image\":{\"@id\":\"https:\/\/psol50.org.br\/fernanda-melchionna-unir-o-brasil-para-salvar-a-educacao\/#primaryimage\"},\"thumbnailUrl\":\"https:\/\/psol50.org.br\/inc\/uploads\/2019\/06\/Cartaz-Educacao.Lia-Castanho.jpg\",\"keywords\":[\"15M\",\"30M\",\"Educa\u00e7\u00e3o\",\"Fernanda Melchionna\",\"Tsunami da Educa\u00e7\u00e3o\"],\"articleSection\":[\"Not\u00edcias\"],\"inLanguage\":\"pt-BR\"},{\"@type\":\"WebPage\",\"@id\":\"https:\/\/psol50.org.br\/fernanda-melchionna-unir-o-brasil-para-salvar-a-educacao\/\",\"url\":\"https:\/\/psol50.org.br\/fernanda-melchionna-unir-o-brasil-para-salvar-a-educacao\/\",\"name\":\"Fernanda Melchionna | Unir o Brasil para salvar a Educa\u00e7\u00e3o - PSOL 50\",\"isPartOf\":{\"@id\":\"https:\/\/psol50.org.br\/#website\"},\"primaryImageOfPage\":{\"@id\":\"https:\/\/psol50.org.br\/fernanda-melchionna-unir-o-brasil-para-salvar-a-educacao\/#primaryimage\"},\"image\":{\"@id\":\"https:\/\/psol50.org.br\/fernanda-melchionna-unir-o-brasil-para-salvar-a-educacao\/#primaryimage\"},\"thumbnailUrl\":\"https:\/\/psol50.org.br\/inc\/uploads\/2019\/06\/Cartaz-Educacao.Lia-Castanho.jpg\",\"datePublished\":\"2019-06-03T19:36:48+00:00\",\"breadcrumb\":{\"@id\":\"https:\/\/psol50.org.br\/fernanda-melchionna-unir-o-brasil-para-salvar-a-educacao\/#breadcrumb\"},\"inLanguage\":\"pt-BR\",\"potentialAction\":[{\"@type\":\"ReadAction\",\"target\":[\"https:\/\/psol50.org.br\/fernanda-melchionna-unir-o-brasil-para-salvar-a-educacao\/\"]}]},{\"@type\":\"ImageObject\",\"inLanguage\":\"pt-BR\",\"@id\":\"https:\/\/psol50.org.br\/fernanda-melchionna-unir-o-brasil-para-salvar-a-educacao\/#primaryimage\",\"url\":\"https:\/\/psol50.org.br\/inc\/uploads\/2019\/06\/Cartaz-Educacao.Lia-Castanho.jpg\",\"contentUrl\":\"https:\/\/psol50.org.br\/inc\/uploads\/2019\/06\/Cartaz-Educacao.Lia-Castanho.jpg\",\"width\":1084,\"height\":750,\"caption\":\"Lia Castanho\"},{\"@type\":\"BreadcrumbList\",\"@id\":\"https:\/\/psol50.org.br\/fernanda-melchionna-unir-o-brasil-para-salvar-a-educacao\/#breadcrumb\",\"itemListElement\":[{\"@type\":\"ListItem\",\"position\":1,\"name\":\"In\u00edcio\",\"item\":\"https:\/\/psol50.org.br\/\"},{\"@type\":\"ListItem\",\"position\":2,\"name\":\"Fernanda Melchionna | Unir o Brasil para salvar a Educa\u00e7\u00e3o\"}]},{\"@type\":\"WebSite\",\"@id\":\"https:\/\/psol50.org.br\/#website\",\"url\":\"https:\/\/psol50.org.br\/\",\"name\":\"PSOL 50\",\"description\":\"Site oficial do Partido Socialismo e Liberdade\",\"publisher\":{\"@id\":\"https:\/\/psol50.org.br\/#organization\"},\"alternateName\":\"PSOL50\",\"potentialAction\":[{\"@type\":\"SearchAction\",\"target\":{\"@type\":\"EntryPoint\",\"urlTemplate\":\"https:\/\/psol50.org.br\/?s={search_term_string}\"},\"query-input\":{\"@type\":\"PropertyValueSpecification\",\"valueRequired\":true,\"valueName\":\"search_term_string\"}}],\"inLanguage\":\"pt-BR\"},{\"@type\":\"Organization\",\"@id\":\"https:\/\/psol50.org.br\/#organization\",\"name\":\"PSOL 50\",\"alternateName\":\"PSOL 50\",\"url\":\"https:\/\/psol50.org.br\/\",\"logo\":{\"@type\":\"ImageObject\",\"inLanguage\":\"pt-BR\",\"@id\":\"https:\/\/psol50.org.br\/#\/schema\/logo\/image\/\",\"url\":\"https:\/\/psol50.org.br\/inc\/uploads\/2018\/07\/capa.png\",\"contentUrl\":\"https:\/\/psol50.org.br\/inc\/uploads\/2018\/07\/capa.png\",\"width\":1350,\"height\":900,\"caption\":\"PSOL 50\"},\"image\":{\"@id\":\"https:\/\/psol50.org.br\/#\/schema\/logo\/image\/\"},\"sameAs\":[\"https:\/\/www.facebook.com\/psol50\",\"https:\/\/x.com\/psol50\",\"https:\/\/www.instagram.com\/psol50\/\",\"https:\/\/www.youtube.com\/channel\/UC7SnJS5o1os7a6CaiNabzcg\"]},{\"@type\":\"Person\",\"@id\":\"https:\/\/psol50.org.br\/#\/schema\/person\/475dfa57d0b815993c714c2e96491fcd\",\"name\":\"Comunica\u00e7\u00e3o PSOL\",\"image\":{\"@type\":\"ImageObject\",\"inLanguage\":\"pt-BR\",\"@id\":\"https:\/\/psol50.org.br\/#\/schema\/person\/image\/\",\"url\":\"https:\/\/secure.gravatar.com\/avatar\/b34fc4f4e468a4e51785917065a3db57b841f5c95dba6ad8c73aaf8f66f8f9bf?s=96&d=mm&r=g\",\"contentUrl\":\"https:\/\/secure.gravatar.com\/avatar\/b34fc4f4e468a4e51785917065a3db57b841f5c95dba6ad8c73aaf8f66f8f9bf?s=96&d=mm&r=g\",\"caption\":\"Comunica\u00e7\u00e3o PSOL\"}}]}<\/script>\n<!-- \/ Yoast SEO plugin. -->","yoast_head_json":{"title":"Fernanda Melchionna | Unir o Brasil para salvar a Educa\u00e7\u00e3o - PSOL 50","robots":{"index":"index","follow":"follow","max-snippet":"max-snippet:-1","max-image-preview":"max-image-preview:large","max-video-preview":"max-video-preview:-1"},"canonical":"https:\/\/psol50.org.br\/fernanda-melchionna-unir-o-brasil-para-salvar-a-educacao\/","og_locale":"pt_BR","og_type":"article","og_title":"Unir o Brasil para salvar a Educa\u00e7\u00e3o","og_description":"Leio o artigo de Fernanda Melchionna.","og_url":"https:\/\/psol50.org.br\/fernanda-melchionna-unir-o-brasil-para-salvar-a-educacao\/","og_site_name":"PSOL 50","article_publisher":"https:\/\/www.facebook.com\/psol50","article_published_time":"2019-06-03T19:36:48+00:00","og_image":[{"width":1084,"height":750,"url":"https:\/\/psol50.org.br\/inc\/uploads\/2019\/06\/Cartaz-Educacao.Lia-Castanho.jpg","type":"image\/jpeg"}],"author":"Comunica\u00e7\u00e3o PSOL","twitter_card":"summary_large_image","twitter_title":"Unir o Brasil para salvar a Educa\u00e7\u00e3o","twitter_description":"Leio o artigo de Fernanda Melchionna.","twitter_image":"https:\/\/psol50.org.br\/inc\/uploads\/2019\/06\/Cartaz-Educacao.Lia-Castanho.jpg","twitter_creator":"@psol50","twitter_site":"@psol50","twitter_misc":{"Escrito por":"Comunica\u00e7\u00e3o PSOL","Est. tempo de leitura":"3 minutos"},"schema":{"@context":"https:\/\/schema.org","@graph":[{"@type":"Article","@id":"https:\/\/psol50.org.br\/fernanda-melchionna-unir-o-brasil-para-salvar-a-educacao\/#article","isPartOf":{"@id":"https:\/\/psol50.org.br\/fernanda-melchionna-unir-o-brasil-para-salvar-a-educacao\/"},"author":{"name":"Comunica\u00e7\u00e3o PSOL","@id":"https:\/\/psol50.org.br\/#\/schema\/person\/475dfa57d0b815993c714c2e96491fcd"},"headline":"Fernanda Melchionna | Unir o Brasil para salvar a Educa\u00e7\u00e3o","datePublished":"2019-06-03T19:36:48+00:00","mainEntityOfPage":{"@id":"https:\/\/psol50.org.br\/fernanda-melchionna-unir-o-brasil-para-salvar-a-educacao\/"},"wordCount":613,"publisher":{"@id":"https:\/\/psol50.org.br\/#organization"},"image":{"@id":"https:\/\/psol50.org.br\/fernanda-melchionna-unir-o-brasil-para-salvar-a-educacao\/#primaryimage"},"thumbnailUrl":"https:\/\/psol50.org.br\/inc\/uploads\/2019\/06\/Cartaz-Educacao.Lia-Castanho.jpg","keywords":["15M","30M","Educa\u00e7\u00e3o","Fernanda Melchionna","Tsunami da Educa\u00e7\u00e3o"],"articleSection":["Not\u00edcias"],"inLanguage":"pt-BR"},{"@type":"WebPage","@id":"https:\/\/psol50.org.br\/fernanda-melchionna-unir-o-brasil-para-salvar-a-educacao\/","url":"https:\/\/psol50.org.br\/fernanda-melchionna-unir-o-brasil-para-salvar-a-educacao\/","name":"Fernanda Melchionna | Unir o Brasil para salvar a Educa\u00e7\u00e3o - PSOL 50","isPartOf":{"@id":"https:\/\/psol50.org.br\/#website"},"primaryImageOfPage":{"@id":"https:\/\/psol50.org.br\/fernanda-melchionna-unir-o-brasil-para-salvar-a-educacao\/#primaryimage"},"image":{"@id":"https:\/\/psol50.org.br\/fernanda-melchionna-unir-o-brasil-para-salvar-a-educacao\/#primaryimage"},"thumbnailUrl":"https:\/\/psol50.org.br\/inc\/uploads\/2019\/06\/Cartaz-Educacao.Lia-Castanho.jpg","datePublished":"2019-06-03T19:36:48+00:00","breadcrumb":{"@id":"https:\/\/psol50.org.br\/fernanda-melchionna-unir-o-brasil-para-salvar-a-educacao\/#breadcrumb"},"inLanguage":"pt-BR","potentialAction":[{"@type":"ReadAction","target":["https:\/\/psol50.org.br\/fernanda-melchionna-unir-o-brasil-para-salvar-a-educacao\/"]}]},{"@type":"ImageObject","inLanguage":"pt-BR","@id":"https:\/\/psol50.org.br\/fernanda-melchionna-unir-o-brasil-para-salvar-a-educacao\/#primaryimage","url":"https:\/\/psol50.org.br\/inc\/uploads\/2019\/06\/Cartaz-Educacao.Lia-Castanho.jpg","contentUrl":"https:\/\/psol50.org.br\/inc\/uploads\/2019\/06\/Cartaz-Educacao.Lia-Castanho.jpg","width":1084,"height":750,"caption":"Lia Castanho"},{"@type":"BreadcrumbList","@id":"https:\/\/psol50.org.br\/fernanda-melchionna-unir-o-brasil-para-salvar-a-educacao\/#breadcrumb","itemListElement":[{"@type":"ListItem","position":1,"name":"In\u00edcio","item":"https:\/\/psol50.org.br\/"},{"@type":"ListItem","position":2,"name":"Fernanda Melchionna | Unir o Brasil para salvar a Educa\u00e7\u00e3o"}]},{"@type":"WebSite","@id":"https:\/\/psol50.org.br\/#website","url":"https:\/\/psol50.org.br\/","name":"PSOL 50","description":"Site oficial do Partido Socialismo e Liberdade","publisher":{"@id":"https:\/\/psol50.org.br\/#organization"},"alternateName":"PSOL50","potentialAction":[{"@type":"SearchAction","target":{"@type":"EntryPoint","urlTemplate":"https:\/\/psol50.org.br\/?s={search_term_string}"},"query-input":{"@type":"PropertyValueSpecification","valueRequired":true,"valueName":"search_term_string"}}],"inLanguage":"pt-BR"},{"@type":"Organization","@id":"https:\/\/psol50.org.br\/#organization","name":"PSOL 50","alternateName":"PSOL 50","url":"https:\/\/psol50.org.br\/","logo":{"@type":"ImageObject","inLanguage":"pt-BR","@id":"https:\/\/psol50.org.br\/#\/schema\/logo\/image\/","url":"https:\/\/psol50.org.br\/inc\/uploads\/2018\/07\/capa.png","contentUrl":"https:\/\/psol50.org.br\/inc\/uploads\/2018\/07\/capa.png","width":1350,"height":900,"caption":"PSOL 50"},"image":{"@id":"https:\/\/psol50.org.br\/#\/schema\/logo\/image\/"},"sameAs":["https:\/\/www.facebook.com\/psol50","https:\/\/x.com\/psol50","https:\/\/www.instagram.com\/psol50\/","https:\/\/www.youtube.com\/channel\/UC7SnJS5o1os7a6CaiNabzcg"]},{"@type":"Person","@id":"https:\/\/psol50.org.br\/#\/schema\/person\/475dfa57d0b815993c714c2e96491fcd","name":"Comunica\u00e7\u00e3o PSOL","image":{"@type":"ImageObject","inLanguage":"pt-BR","@id":"https:\/\/psol50.org.br\/#\/schema\/person\/image\/","url":"https:\/\/secure.gravatar.com\/avatar\/b34fc4f4e468a4e51785917065a3db57b841f5c95dba6ad8c73aaf8f66f8f9bf?s=96&d=mm&r=g","contentUrl":"https:\/\/secure.gravatar.com\/avatar\/b34fc4f4e468a4e51785917065a3db57b841f5c95dba6ad8c73aaf8f66f8f9bf?s=96&d=mm&r=g","caption":"Comunica\u00e7\u00e3o PSOL"}}]}},"_links":{"self":[{"href":"https:\/\/psol50.org.br\/rest\/wp\/v2\/posts\/25406","targetHints":{"allow":["GET"]}}],"collection":[{"href":"https:\/\/psol50.org.br\/rest\/wp\/v2\/posts"}],"about":[{"href":"https:\/\/psol50.org.br\/rest\/wp\/v2\/types\/post"}],"author":[{"embeddable":true,"href":"https:\/\/psol50.org.br\/rest\/wp\/v2\/users\/2"}],"replies":[{"embeddable":true,"href":"https:\/\/psol50.org.br\/rest\/wp\/v2\/comments?post=25406"}],"version-history":[{"count":0,"href":"https:\/\/psol50.org.br\/rest\/wp\/v2\/posts\/25406\/revisions"}],"wp:featuredmedia":[{"embeddable":true,"href":"https:\/\/psol50.org.br\/rest\/wp\/v2\/media\/25412"}],"wp:attachment":[{"href":"https:\/\/psol50.org.br\/rest\/wp\/v2\/media?parent=25406"}],"wp:term":[{"taxonomy":"category","embeddable":true,"href":"https:\/\/psol50.org.br\/rest\/wp\/v2\/categories?post=25406"},{"taxonomy":"post_tag","embeddable":true,"href":"https:\/\/psol50.org.br\/rest\/wp\/v2\/tags?post=25406"}],"curies":[{"name":"wp","href":"https:\/\/api.w.org\/{rel}","templated":true}]}}