{"id":25413,"date":"2019-06-04T17:22:34","date_gmt":"2019-06-04T20:22:34","guid":{"rendered":"http:\/\/psol50.org.br\/?p=25413"},"modified":"2019-06-04T17:22:34","modified_gmt":"2019-06-04T20:22:34","slug":"mtst-mudancas-no-minha-casa-minha-vida-sao-grave-retrocesso-na-politica-de-habitacao","status":"publish","type":"post","link":"https:\/\/psol50.org.br\/mtst-mudancas-no-minha-casa-minha-vida-sao-grave-retrocesso-na-politica-de-habitacao\/","title":{"rendered":"MTST: mudan\u00e7as no Minha Casa Minha Vida s\u00e3o grave retrocesso na pol\u00edtica de habita\u00e7\u00e3o"},"content":{"rendered":"<p>O Movimento dos Trabalhadores Sem-Teto (MTST) afirmou, em nota divulgada nessa ter\u00e7a-feira (3), que as mudan\u00e7as anunciadas pelo governo Bolsonaro para o programa Minha Casa Minha Vida significam &#8220;grave retrocesso na pol\u00edtica de habita\u00e7\u00e3o popular&#8221;.<\/p>\n<p>O governo quer transformar toda a faixa 1 do programa, destinada a fam\u00edlias mais pobres (com renda de at\u00e9\u00a0 R$1,8 mil), em um projeto piloto de loca\u00e7\u00e3o social &#8211; na pr\u00e1tica, mantendo essas fam\u00edlias na fila de espera das habita\u00e7\u00f5es e garantindo casas para as que t\u00eam mais dinheiro.<\/p>\n<p>&#8220;\u00c9 necess\u00e1rio destacar que hoje o d\u00e9ficit habitacional est\u00e1 concentrado nessa fa<span class=\"text_exposed_show\">ixa de renda, posto que mais de 80% das fam\u00edlias que demandam moradia recebem at\u00e9 3 sal\u00e1rios m\u00ednimos&#8221;, lembra o MTST. Segundo a nota, o movimento defende a pol\u00edtica de aluguel social &#8220;como instrumento de combate \u00e0 segrega\u00e7\u00e3o urbana, especialmente em \u00e1reas centrais&#8221;, mas a Minist\u00e9rio do Desenvolvimento Regional anunciou a medida para \u00e1reas perif\u00e9ricas e sem di\u00e1logo com movimentos de moradia.<br \/>\n<\/span><\/p>\n<p><strong>Leia a nota completa:<\/strong><\/p>\n<p><iframe loading=\"lazy\" style=\"border: none; overflow: hidden;\" src=\"https:\/\/www.facebook.com\/plugins\/post.php?href=https%3A%2F%2Fwww.facebook.com%2Fguilhermeboulos%2Fposts%2F1357799567703924&amp;width=500\" width=\"500\" height=\"762\" frameborder=\"0\" scrolling=\"no\"><\/iframe><\/p>\n","protected":false},"excerpt":{"rendered":"<p>O Movimento dos Trabalhadores Sem-Teto (MTST) afirmou, em nota divulgada nessa ter\u00e7a-feira (3), que as mudan\u00e7as anunciadas pelo governo Bolsonaro para o programa Minha Casa Minha Vida significam &#8220;grave retrocesso na pol\u00edtica de habita\u00e7\u00e3o popular&#8221;. O governo quer transformar toda a faixa 1 do programa, destinada a fam\u00edlias mais pobres (com renda de at\u00e9\u00a0 R$1,8 [&hellip;]<\/p>\n","protected":false},"author":2,"featured_media":25416,"comment_status":"closed","ping_status":"open","sticky":false,"template":"","format":"standard","meta":{"_acf_changed":false,"footnotes":""},"categories":[1104,6],"tags":[977,244,1846,1849,1561,101,19],"class_list":{"0":"post-25413","1":"post","2":"type-post","3":"status-publish","4":"format-standard","5":"has-post-thumbnail","7":"category-movimento","8":"category-noticias","9":"tag-guilherme-boulos","10":"tag-jair-bolsonaro","11":"tag-minha-casa-minha-vida","12":"tag-ministerio-do-desenvolvimento-regional","13":"tag-moradia","14":"tag-mtst","15":"tag-nota"},"acf":[],"yoast_head":"<!-- This site is optimized with the Yoast SEO plugin v26.5 - https:\/\/yoast.com\/wordpress\/plugins\/seo\/ -->\n<title>MTST: mudan\u00e7as no Minha Casa Minha Vida s\u00e3o grave retrocesso na pol\u00edtica de habita\u00e7\u00e3o - PSOL 50<\/title>\n<meta name=\"robots\" content=\"index, follow, max-snippet:-1, max-image-preview:large, max-video-preview:-1\" \/>\n<link rel=\"canonical\" href=\"https:\/\/psol50.org.br\/mtst-mudancas-no-minha-casa-minha-vida-sao-grave-retrocesso-na-politica-de-habitacao\/\" \/>\n<meta property=\"og:locale\" content=\"pt_BR\" \/>\n<meta property=\"og:type\" content=\"article\" \/>\n<meta property=\"og:title\" content=\"MTST: mudan\u00e7as no Minha Casa Minha Vida s\u00e3o grave retrocesso na pol\u00edtica de habita\u00e7\u00e3o\" \/>\n<meta property=\"og:description\" content=\"Leia a nota do movimento.\" \/>\n<meta property=\"og:url\" content=\"https:\/\/psol50.org.br\/mtst-mudancas-no-minha-casa-minha-vida-sao-grave-retrocesso-na-politica-de-habitacao\/\" \/>\n<meta property=\"og:site_name\" content=\"PSOL 50\" \/>\n<meta property=\"article:publisher\" content=\"https:\/\/www.facebook.com\/psol50\" \/>\n<meta property=\"article:published_time\" content=\"2019-06-04T20:22:34+00:00\" \/>\n<meta property=\"og:image\" content=\"https:\/\/psol50.org.br\/inc\/uploads\/2019\/06\/MTST.NINJA_.jpg\" \/>\n\t<meta property=\"og:image:width\" content=\"1800\" \/>\n\t<meta property=\"og:image:height\" content=\"1200\" \/>\n\t<meta property=\"og:image:type\" content=\"image\/jpeg\" \/>\n<meta name=\"author\" content=\"Comunica\u00e7\u00e3o PSOL\" \/>\n<meta name=\"twitter:card\" content=\"summary_large_image\" \/>\n<meta name=\"twitter:title\" content=\"MTST: mudan\u00e7as no Minha Casa Minha Vida s\u00e3o retrocesso na pol\u00edtica de habita\u00e7\u00e3o\" \/>\n<meta name=\"twitter:description\" content=\"Leia a nota do movimento.\" \/>\n<meta name=\"twitter:image\" content=\"https:\/\/psol50.org.br\/inc\/uploads\/2019\/06\/MTST.NINJA_.jpg\" \/>\n<meta name=\"twitter:creator\" content=\"@psol50\" \/>\n<meta name=\"twitter:site\" content=\"@psol50\" \/>\n<meta name=\"twitter:label1\" content=\"Escrito por\" \/>\n\t<meta name=\"twitter:data1\" content=\"Comunica\u00e7\u00e3o PSOL\" \/>\n\t<meta name=\"twitter:label2\" content=\"Est. tempo de leitura\" \/>\n\t<meta name=\"twitter:data2\" content=\"1 minuto\" \/>\n<script type=\"application\/ld+json\" class=\"yoast-schema-graph\">{\"@context\":\"https:\/\/schema.org\",\"@graph\":[{\"@type\":\"Article\",\"@id\":\"https:\/\/psol50.org.br\/mtst-mudancas-no-minha-casa-minha-vida-sao-grave-retrocesso-na-politica-de-habitacao\/#article\",\"isPartOf\":{\"@id\":\"https:\/\/psol50.org.br\/mtst-mudancas-no-minha-casa-minha-vida-sao-grave-retrocesso-na-politica-de-habitacao\/\"},\"author\":{\"name\":\"Comunica\u00e7\u00e3o PSOL\",\"@id\":\"https:\/\/psol50.org.br\/#\/schema\/person\/475dfa57d0b815993c714c2e96491fcd\"},\"headline\":\"MTST: mudan\u00e7as no Minha Casa Minha Vida s\u00e3o grave retrocesso na pol\u00edtica de habita\u00e7\u00e3o\",\"datePublished\":\"2019-06-04T20:22:34+00:00\",\"mainEntityOfPage\":{\"@id\":\"https:\/\/psol50.org.br\/mtst-mudancas-no-minha-casa-minha-vida-sao-grave-retrocesso-na-politica-de-habitacao\/\"},\"wordCount\":193,\"publisher\":{\"@id\":\"https:\/\/psol50.org.br\/#organization\"},\"image\":{\"@id\":\"https:\/\/psol50.org.br\/mtst-mudancas-no-minha-casa-minha-vida-sao-grave-retrocesso-na-politica-de-habitacao\/#primaryimage\"},\"thumbnailUrl\":\"https:\/\/psol50.org.br\/inc\/uploads\/2019\/06\/MTST.NINJA_.jpg\",\"keywords\":[\"Guilherme Boulos\",\"Jair Bolsonaro\",\"Minha Casa Minha Vida\",\"Minist\u00e9rio do Desenvolvimento Regional\",\"moradia\",\"MTST\",\"nota\"],\"articleSection\":[\"Movimento\",\"Not\u00edcias\"],\"inLanguage\":\"pt-BR\"},{\"@type\":\"WebPage\",\"@id\":\"https:\/\/psol50.org.br\/mtst-mudancas-no-minha-casa-minha-vida-sao-grave-retrocesso-na-politica-de-habitacao\/\",\"url\":\"https:\/\/psol50.org.br\/mtst-mudancas-no-minha-casa-minha-vida-sao-grave-retrocesso-na-politica-de-habitacao\/\",\"name\":\"MTST: mudan\u00e7as no Minha Casa Minha Vida s\u00e3o grave retrocesso na pol\u00edtica de habita\u00e7\u00e3o - PSOL 50\",\"isPartOf\":{\"@id\":\"https:\/\/psol50.org.br\/#website\"},\"primaryImageOfPage\":{\"@id\":\"https:\/\/psol50.org.br\/mtst-mudancas-no-minha-casa-minha-vida-sao-grave-retrocesso-na-politica-de-habitacao\/#primaryimage\"},\"image\":{\"@id\":\"https:\/\/psol50.org.br\/mtst-mudancas-no-minha-casa-minha-vida-sao-grave-retrocesso-na-politica-de-habitacao\/#primaryimage\"},\"thumbnailUrl\":\"https:\/\/psol50.org.br\/inc\/uploads\/2019\/06\/MTST.NINJA_.jpg\",\"datePublished\":\"2019-06-04T20:22:34+00:00\",\"breadcrumb\":{\"@id\":\"https:\/\/psol50.org.br\/mtst-mudancas-no-minha-casa-minha-vida-sao-grave-retrocesso-na-politica-de-habitacao\/#breadcrumb\"},\"inLanguage\":\"pt-BR\",\"potentialAction\":[{\"@type\":\"ReadAction\",\"target\":[\"https:\/\/psol50.org.br\/mtst-mudancas-no-minha-casa-minha-vida-sao-grave-retrocesso-na-politica-de-habitacao\/\"]}]},{\"@type\":\"ImageObject\",\"inLanguage\":\"pt-BR\",\"@id\":\"https:\/\/psol50.org.br\/mtst-mudancas-no-minha-casa-minha-vida-sao-grave-retrocesso-na-politica-de-habitacao\/#primaryimage\",\"url\":\"https:\/\/psol50.org.br\/inc\/uploads\/2019\/06\/MTST.NINJA_.jpg\",\"contentUrl\":\"https:\/\/psol50.org.br\/inc\/uploads\/2019\/06\/MTST.NINJA_.jpg\",\"width\":1800,\"height\":1200,\"caption\":\"M\u00eddia Ninja\"},{\"@type\":\"BreadcrumbList\",\"@id\":\"https:\/\/psol50.org.br\/mtst-mudancas-no-minha-casa-minha-vida-sao-grave-retrocesso-na-politica-de-habitacao\/#breadcrumb\",\"itemListElement\":[{\"@type\":\"ListItem\",\"position\":1,\"name\":\"In\u00edcio\",\"item\":\"https:\/\/psol50.org.br\/\"},{\"@type\":\"ListItem\",\"position\":2,\"name\":\"MTST: mudan\u00e7as no Minha Casa Minha Vida s\u00e3o grave retrocesso na pol\u00edtica de habita\u00e7\u00e3o\"}]},{\"@type\":\"WebSite\",\"@id\":\"https:\/\/psol50.org.br\/#website\",\"url\":\"https:\/\/psol50.org.br\/\",\"name\":\"PSOL 50\",\"description\":\"Site oficial do Partido Socialismo e Liberdade\",\"publisher\":{\"@id\":\"https:\/\/psol50.org.br\/#organization\"},\"alternateName\":\"PSOL50\",\"potentialAction\":[{\"@type\":\"SearchAction\",\"target\":{\"@type\":\"EntryPoint\",\"urlTemplate\":\"https:\/\/psol50.org.br\/?s={search_term_string}\"},\"query-input\":{\"@type\":\"PropertyValueSpecification\",\"valueRequired\":true,\"valueName\":\"search_term_string\"}}],\"inLanguage\":\"pt-BR\"},{\"@type\":\"Organization\",\"@id\":\"https:\/\/psol50.org.br\/#organization\",\"name\":\"PSOL 50\",\"alternateName\":\"PSOL 50\",\"url\":\"https:\/\/psol50.org.br\/\",\"logo\":{\"@type\":\"ImageObject\",\"inLanguage\":\"pt-BR\",\"@id\":\"https:\/\/psol50.org.br\/#\/schema\/logo\/image\/\",\"url\":\"https:\/\/psol50.org.br\/inc\/uploads\/2018\/07\/capa.png\",\"contentUrl\":\"https:\/\/psol50.org.br\/inc\/uploads\/2018\/07\/capa.png\",\"width\":1350,\"height\":900,\"caption\":\"PSOL 50\"},\"image\":{\"@id\":\"https:\/\/psol50.org.br\/#\/schema\/logo\/image\/\"},\"sameAs\":[\"https:\/\/www.facebook.com\/psol50\",\"https:\/\/x.com\/psol50\",\"https:\/\/www.instagram.com\/psol50\/\",\"https:\/\/www.youtube.com\/channel\/UC7SnJS5o1os7a6CaiNabzcg\"]},{\"@type\":\"Person\",\"@id\":\"https:\/\/psol50.org.br\/#\/schema\/person\/475dfa57d0b815993c714c2e96491fcd\",\"name\":\"Comunica\u00e7\u00e3o PSOL\",\"image\":{\"@type\":\"ImageObject\",\"inLanguage\":\"pt-BR\",\"@id\":\"https:\/\/psol50.org.br\/#\/schema\/person\/image\/\",\"url\":\"https:\/\/secure.gravatar.com\/avatar\/b34fc4f4e468a4e51785917065a3db57b841f5c95dba6ad8c73aaf8f66f8f9bf?s=96&d=mm&r=g\",\"contentUrl\":\"https:\/\/secure.gravatar.com\/avatar\/b34fc4f4e468a4e51785917065a3db57b841f5c95dba6ad8c73aaf8f66f8f9bf?s=96&d=mm&r=g\",\"caption\":\"Comunica\u00e7\u00e3o PSOL\"}}]}<\/script>\n<!-- \/ Yoast SEO plugin. -->","yoast_head_json":{"title":"MTST: mudan\u00e7as no Minha Casa Minha Vida s\u00e3o grave retrocesso na pol\u00edtica de habita\u00e7\u00e3o - PSOL 50","robots":{"index":"index","follow":"follow","max-snippet":"max-snippet:-1","max-image-preview":"max-image-preview:large","max-video-preview":"max-video-preview:-1"},"canonical":"https:\/\/psol50.org.br\/mtst-mudancas-no-minha-casa-minha-vida-sao-grave-retrocesso-na-politica-de-habitacao\/","og_locale":"pt_BR","og_type":"article","og_title":"MTST: mudan\u00e7as no Minha Casa Minha Vida s\u00e3o grave retrocesso na pol\u00edtica de habita\u00e7\u00e3o","og_description":"Leia a nota do movimento.","og_url":"https:\/\/psol50.org.br\/mtst-mudancas-no-minha-casa-minha-vida-sao-grave-retrocesso-na-politica-de-habitacao\/","og_site_name":"PSOL 50","article_publisher":"https:\/\/www.facebook.com\/psol50","article_published_time":"2019-06-04T20:22:34+00:00","og_image":[{"width":1800,"height":1200,"url":"https:\/\/psol50.org.br\/inc\/uploads\/2019\/06\/MTST.NINJA_.jpg","type":"image\/jpeg"}],"author":"Comunica\u00e7\u00e3o PSOL","twitter_card":"summary_large_image","twitter_title":"MTST: mudan\u00e7as no Minha Casa Minha Vida s\u00e3o retrocesso na pol\u00edtica de habita\u00e7\u00e3o","twitter_description":"Leia a nota do movimento.","twitter_image":"https:\/\/psol50.org.br\/inc\/uploads\/2019\/06\/MTST.NINJA_.jpg","twitter_creator":"@psol50","twitter_site":"@psol50","twitter_misc":{"Escrito por":"Comunica\u00e7\u00e3o PSOL","Est. tempo de leitura":"1 minuto"},"schema":{"@context":"https:\/\/schema.org","@graph":[{"@type":"Article","@id":"https:\/\/psol50.org.br\/mtst-mudancas-no-minha-casa-minha-vida-sao-grave-retrocesso-na-politica-de-habitacao\/#article","isPartOf":{"@id":"https:\/\/psol50.org.br\/mtst-mudancas-no-minha-casa-minha-vida-sao-grave-retrocesso-na-politica-de-habitacao\/"},"author":{"name":"Comunica\u00e7\u00e3o PSOL","@id":"https:\/\/psol50.org.br\/#\/schema\/person\/475dfa57d0b815993c714c2e96491fcd"},"headline":"MTST: mudan\u00e7as no Minha Casa Minha Vida s\u00e3o grave retrocesso na pol\u00edtica de habita\u00e7\u00e3o","datePublished":"2019-06-04T20:22:34+00:00","mainEntityOfPage":{"@id":"https:\/\/psol50.org.br\/mtst-mudancas-no-minha-casa-minha-vida-sao-grave-retrocesso-na-politica-de-habitacao\/"},"wordCount":193,"publisher":{"@id":"https:\/\/psol50.org.br\/#organization"},"image":{"@id":"https:\/\/psol50.org.br\/mtst-mudancas-no-minha-casa-minha-vida-sao-grave-retrocesso-na-politica-de-habitacao\/#primaryimage"},"thumbnailUrl":"https:\/\/psol50.org.br\/inc\/uploads\/2019\/06\/MTST.NINJA_.jpg","keywords":["Guilherme Boulos","Jair Bolsonaro","Minha Casa Minha Vida","Minist\u00e9rio do Desenvolvimento Regional","moradia","MTST","nota"],"articleSection":["Movimento","Not\u00edcias"],"inLanguage":"pt-BR"},{"@type":"WebPage","@id":"https:\/\/psol50.org.br\/mtst-mudancas-no-minha-casa-minha-vida-sao-grave-retrocesso-na-politica-de-habitacao\/","url":"https:\/\/psol50.org.br\/mtst-mudancas-no-minha-casa-minha-vida-sao-grave-retrocesso-na-politica-de-habitacao\/","name":"MTST: mudan\u00e7as no Minha Casa Minha Vida s\u00e3o grave retrocesso na pol\u00edtica de habita\u00e7\u00e3o - PSOL 50","isPartOf":{"@id":"https:\/\/psol50.org.br\/#website"},"primaryImageOfPage":{"@id":"https:\/\/psol50.org.br\/mtst-mudancas-no-minha-casa-minha-vida-sao-grave-retrocesso-na-politica-de-habitacao\/#primaryimage"},"image":{"@id":"https:\/\/psol50.org.br\/mtst-mudancas-no-minha-casa-minha-vida-sao-grave-retrocesso-na-politica-de-habitacao\/#primaryimage"},"thumbnailUrl":"https:\/\/psol50.org.br\/inc\/uploads\/2019\/06\/MTST.NINJA_.jpg","datePublished":"2019-06-04T20:22:34+00:00","breadcrumb":{"@id":"https:\/\/psol50.org.br\/mtst-mudancas-no-minha-casa-minha-vida-sao-grave-retrocesso-na-politica-de-habitacao\/#breadcrumb"},"inLanguage":"pt-BR","potentialAction":[{"@type":"ReadAction","target":["https:\/\/psol50.org.br\/mtst-mudancas-no-minha-casa-minha-vida-sao-grave-retrocesso-na-politica-de-habitacao\/"]}]},{"@type":"ImageObject","inLanguage":"pt-BR","@id":"https:\/\/psol50.org.br\/mtst-mudancas-no-minha-casa-minha-vida-sao-grave-retrocesso-na-politica-de-habitacao\/#primaryimage","url":"https:\/\/psol50.org.br\/inc\/uploads\/2019\/06\/MTST.NINJA_.jpg","contentUrl":"https:\/\/psol50.org.br\/inc\/uploads\/2019\/06\/MTST.NINJA_.jpg","width":1800,"height":1200,"caption":"M\u00eddia Ninja"},{"@type":"BreadcrumbList","@id":"https:\/\/psol50.org.br\/mtst-mudancas-no-minha-casa-minha-vida-sao-grave-retrocesso-na-politica-de-habitacao\/#breadcrumb","itemListElement":[{"@type":"ListItem","position":1,"name":"In\u00edcio","item":"https:\/\/psol50.org.br\/"},{"@type":"ListItem","position":2,"name":"MTST: mudan\u00e7as no Minha Casa Minha Vida s\u00e3o grave retrocesso na pol\u00edtica de habita\u00e7\u00e3o"}]},{"@type":"WebSite","@id":"https:\/\/psol50.org.br\/#website","url":"https:\/\/psol50.org.br\/","name":"PSOL 50","description":"Site oficial do Partido Socialismo e Liberdade","publisher":{"@id":"https:\/\/psol50.org.br\/#organization"},"alternateName":"PSOL50","potentialAction":[{"@type":"SearchAction","target":{"@type":"EntryPoint","urlTemplate":"https:\/\/psol50.org.br\/?s={search_term_string}"},"query-input":{"@type":"PropertyValueSpecification","valueRequired":true,"valueName":"search_term_string"}}],"inLanguage":"pt-BR"},{"@type":"Organization","@id":"https:\/\/psol50.org.br\/#organization","name":"PSOL 50","alternateName":"PSOL 50","url":"https:\/\/psol50.org.br\/","logo":{"@type":"ImageObject","inLanguage":"pt-BR","@id":"https:\/\/psol50.org.br\/#\/schema\/logo\/image\/","url":"https:\/\/psol50.org.br\/inc\/uploads\/2018\/07\/capa.png","contentUrl":"https:\/\/psol50.org.br\/inc\/uploads\/2018\/07\/capa.png","width":1350,"height":900,"caption":"PSOL 50"},"image":{"@id":"https:\/\/psol50.org.br\/#\/schema\/logo\/image\/"},"sameAs":["https:\/\/www.facebook.com\/psol50","https:\/\/x.com\/psol50","https:\/\/www.instagram.com\/psol50\/","https:\/\/www.youtube.com\/channel\/UC7SnJS5o1os7a6CaiNabzcg"]},{"@type":"Person","@id":"https:\/\/psol50.org.br\/#\/schema\/person\/475dfa57d0b815993c714c2e96491fcd","name":"Comunica\u00e7\u00e3o PSOL","image":{"@type":"ImageObject","inLanguage":"pt-BR","@id":"https:\/\/psol50.org.br\/#\/schema\/person\/image\/","url":"https:\/\/secure.gravatar.com\/avatar\/b34fc4f4e468a4e51785917065a3db57b841f5c95dba6ad8c73aaf8f66f8f9bf?s=96&d=mm&r=g","contentUrl":"https:\/\/secure.gravatar.com\/avatar\/b34fc4f4e468a4e51785917065a3db57b841f5c95dba6ad8c73aaf8f66f8f9bf?s=96&d=mm&r=g","caption":"Comunica\u00e7\u00e3o PSOL"}}]}},"_links":{"self":[{"href":"https:\/\/psol50.org.br\/rest\/wp\/v2\/posts\/25413","targetHints":{"allow":["GET"]}}],"collection":[{"href":"https:\/\/psol50.org.br\/rest\/wp\/v2\/posts"}],"about":[{"href":"https:\/\/psol50.org.br\/rest\/wp\/v2\/types\/post"}],"author":[{"embeddable":true,"href":"https:\/\/psol50.org.br\/rest\/wp\/v2\/users\/2"}],"replies":[{"embeddable":true,"href":"https:\/\/psol50.org.br\/rest\/wp\/v2\/comments?post=25413"}],"version-history":[{"count":0,"href":"https:\/\/psol50.org.br\/rest\/wp\/v2\/posts\/25413\/revisions"}],"wp:featuredmedia":[{"embeddable":true,"href":"https:\/\/psol50.org.br\/rest\/wp\/v2\/media\/25416"}],"wp:attachment":[{"href":"https:\/\/psol50.org.br\/rest\/wp\/v2\/media?parent=25413"}],"wp:term":[{"taxonomy":"category","embeddable":true,"href":"https:\/\/psol50.org.br\/rest\/wp\/v2\/categories?post=25413"},{"taxonomy":"post_tag","embeddable":true,"href":"https:\/\/psol50.org.br\/rest\/wp\/v2\/tags?post=25413"}],"curies":[{"name":"wp","href":"https:\/\/api.w.org\/{rel}","templated":true}]}}