{"id":25420,"date":"2019-06-05T11:34:47","date_gmt":"2019-06-05T14:34:47","guid":{"rendered":"http:\/\/psol50.org.br\/?p=25420"},"modified":"2019-06-05T11:34:47","modified_gmt":"2019-06-05T14:34:47","slug":"psol-entra-com-mandado-de-seguranca-contra-manobra-na-aprovacao-da-mp-871-no-senado","status":"publish","type":"post","link":"https:\/\/psol50.org.br\/psol-entra-com-mandado-de-seguranca-contra-manobra-na-aprovacao-da-mp-871-no-senado\/","title":{"rendered":"PSOL entra com Mandado de Seguran\u00e7a contra manobra na aprova\u00e7\u00e3o da MP 871 no Senado"},"content":{"rendered":"<p>O l\u00edder do PSOL na C\u00e2mara dos Deputados, Ivan Valente, protocolou nesta quarta-feira (5) um Mandado de Seguran\u00e7a no Supremo Tribunal Federal (STF), pedindo uma liminar contra a san\u00e7\u00e3o da Medida Provis\u00f3ria (MP) 871, por causa de uma manobra feita pelos senadores na aprova\u00e7\u00e3o.<\/p>\n<p>A proposta, oficialmente denominada de &#8220;pente-fino&#8221; para &#8220;combater fraudes no INSS&#8221;, na verdade obstrui acesso a direitos previdenci\u00e1rios, especialmente de trabalhadores rurais e nos casos pens\u00e3o por morte e aux\u00edlio-reclus\u00e3o, mas n\u00e3o ataca os grandes fraudadores do INSS. Saiba mais sobre a posi\u00e7\u00e3o do PSOL em rela\u00e7\u00e3o \u00e0 MP <a href=\"https:\/\/twitter.com\/i\/moments\/1135618530580344834\" target=\"_blank\" rel=\"noopener noreferrer\"><strong>clicando aqui<\/strong><\/a>.<\/p>\n<p>O Mandado de Seguran\u00e7a do PSOL argumenta que, durante a tramita\u00e7\u00e3o no Senado, houve mudan\u00e7a no m\u00e9rito da proposta &#8211; o que deveria ter feito com que ela voltasse \u00e0 C\u00e2mara dos Deputados, e n\u00e3o fosse encaminhada diretamente \u00e0 san\u00e7\u00e3o presidencial, como aconteceu imediatamente ap\u00f3s a aprova\u00e7\u00e3o.<\/p>\n<p>O Senado alterou a palavra &#8220;g\u00eanero&#8221; por &#8220;sexo&#8221;, a partir de uma pol\u00eamica que surgiu no plen\u00e1rio da pr\u00f3pria C\u00e2mara (e por insist\u00eancia do PSL, do presidente Jair Bolsonaro). O texto original estabelece que, nos documentos de registro de nascimento de um natimorto, deveriam constar &#8220;o CPF, o g\u00eanero, a data e o local&#8221; do registrado. Alguns deputados tentaram mudar o texto para &#8220;sexo&#8221;, mas ap\u00f3s debate no plen\u00e1rio voltaram atr\u00e1s &#8211; com apoio do pr\u00f3prio governo.<\/p>\n<p>J\u00e1 no Senado, o texto foi alterado. Para o PSOL, a altera\u00e7\u00e3o n\u00e3o \u00e9 apenas de reda\u00e7\u00e3o, como consta no portal do Congresso Nacional, e sim de m\u00e9rito &#8211; inclusive, o tipo de proposi\u00e7\u00e3o &#8220;Requerimento de ajuste redacional&#8221;, usado pelo senador Eduardo Braga (MDB), sequer existe no regimento.<\/p>\n<div class=\"page\" title=\"Page 5\">\n<div class=\"layoutArea\">\n<div class=\"column\">\n<p>&#8220;A Casa origin\u00e1ria do processo legislativo entendeu, deliberou e decidiu que a express\u00e3o &#8216;sexo&#8217; n\u00e3o deveria constar, mas sim a express\u00e3o &#8216;g\u00eanero&#8217;. E tal delibera\u00e7\u00e3o n\u00e3o se deu por raz\u00f5es redacionais, mas por raz\u00f5es de m\u00e9rito das express\u00f5es&#8221;, afirma o PSOL.<\/p>\n<\/div>\n<\/div>\n<\/div>\n<p>O Mandado de Seguran\u00e7a tamb\u00e9m argumenta que, apesar de muitas vezes serem entendidas como iguais, &#8220;sexo&#8221; e &#8220;g\u00eanero&#8221; significam coisas distintas. &#8220;A primeira se refere \u00e0 condi\u00e7\u00e3o biol\u00f3gica de macho e f\u00eamea, enquanto a segunda diz respeito \u00e0 forma como a pessoa se v\u00ea no mundo&#8221;, afirma o texto.<\/p>\n<p><a href=\"http:\/\/psol50.org.br\/inc\/uploads\/2019\/06\/MS-MP-871-INSS-Sexo-Genero.pdf\" target=\"_blank\" rel=\"noopener noreferrer\"><strong>Clique aqui para ler o Mandado de Seguran\u00e7a na \u00edntegra.<\/strong><\/a><\/p>\n","protected":false},"excerpt":{"rendered":"<p>O l\u00edder do PSOL na C\u00e2mara dos Deputados, Ivan Valente, protocolou nesta quarta-feira (5) um Mandado de Seguran\u00e7a no Supremo Tribunal Federal (STF), pedindo uma liminar contra a san\u00e7\u00e3o da Medida Provis\u00f3ria (MP) 871, por causa de uma manobra feita pelos senadores na aprova\u00e7\u00e3o. A proposta, oficialmente denominada de &#8220;pente-fino&#8221; para &#8220;combater fraudes no INSS&#8221;, [&hellip;]<\/p>\n","protected":false},"author":2,"featured_media":25422,"comment_status":"closed","ping_status":"open","sticky":false,"template":"","format":"standard","meta":{"_acf_changed":false,"footnotes":""},"categories":[10,6,14],"tags":[230,224,552,1318,1852,417,703,1853,45,1696],"class_list":{"0":"post-25420","1":"post","2":"type-post","3":"status-publish","4":"format-standard","5":"has-post-thumbnail","7":"category-acao-parlamentares","8":"category-noticias","9":"category-partido","10":"tag-genero","11":"tag-inss","12":"tag-ivan-valente","13":"tag-mandado-de-seguranca","14":"tag-medida-provisoria-871","15":"tag-psol-na-camara","16":"tag-senado","17":"tag-sexo","18":"tag-stf","19":"tag-supremo-tribunal-federal"},"acf":[],"yoast_head":"<!-- This site is optimized with the Yoast SEO plugin v26.5 - https:\/\/yoast.com\/wordpress\/plugins\/seo\/ -->\n<title>PSOL entra com Mandado de Seguran\u00e7a contra manobra na aprova\u00e7\u00e3o da MP 871 no Senado - PSOL 50<\/title>\n<meta name=\"robots\" content=\"index, follow, max-snippet:-1, max-image-preview:large, max-video-preview:-1\" \/>\n<link rel=\"canonical\" href=\"https:\/\/psol50.org.br\/psol-entra-com-mandado-de-seguranca-contra-manobra-na-aprovacao-da-mp-871-no-senado\/\" \/>\n<meta property=\"og:locale\" content=\"pt_BR\" \/>\n<meta property=\"og:type\" content=\"article\" \/>\n<meta property=\"og:title\" content=\"PSOL entra com Mandado de Seguran\u00e7a contra manobra na aprova\u00e7\u00e3o da MP 871 no Senado\" \/>\n<meta property=\"og:description\" content=\"MP deveria ter sido enviada de volta \u00e0 C\u00e2mara, n\u00e3o \u00e0 san\u00e7\u00e3o imediata.\" \/>\n<meta property=\"og:url\" content=\"https:\/\/psol50.org.br\/psol-entra-com-mandado-de-seguranca-contra-manobra-na-aprovacao-da-mp-871-no-senado\/\" \/>\n<meta property=\"og:site_name\" content=\"PSOL 50\" \/>\n<meta property=\"article:publisher\" content=\"https:\/\/www.facebook.com\/psol50\" \/>\n<meta property=\"article:published_time\" content=\"2019-06-05T14:34:47+00:00\" \/>\n<meta property=\"og:image\" content=\"https:\/\/psol50.org.br\/inc\/uploads\/2019\/06\/Senado.Plenario.JeffersonRudy.AgenciaSenado.jpg\" \/>\n\t<meta property=\"og:image:width\" content=\"1024\" \/>\n\t<meta property=\"og:image:height\" content=\"683\" \/>\n\t<meta property=\"og:image:type\" content=\"image\/jpeg\" \/>\n<meta name=\"author\" content=\"Comunica\u00e7\u00e3o PSOL\" \/>\n<meta name=\"twitter:card\" content=\"summary_large_image\" \/>\n<meta name=\"twitter:title\" content=\"PSOL vai ao STF contra manobra na aprova\u00e7\u00e3o da MP 871 no Senado\" \/>\n<meta name=\"twitter:description\" content=\"MP deveria ter sido enviada de volta \u00e0 C\u00e2mara, n\u00e3o \u00e0 san\u00e7\u00e3o imediata.\" \/>\n<meta name=\"twitter:image\" content=\"https:\/\/psol50.org.br\/inc\/uploads\/2019\/06\/Senado.Plenario.JeffersonRudy.AgenciaSenado.jpg\" \/>\n<meta name=\"twitter:creator\" content=\"@psol50\" \/>\n<meta name=\"twitter:site\" content=\"@psol50\" \/>\n<meta name=\"twitter:label1\" content=\"Escrito por\" \/>\n\t<meta name=\"twitter:data1\" content=\"Comunica\u00e7\u00e3o PSOL\" \/>\n\t<meta name=\"twitter:label2\" content=\"Est. tempo de leitura\" \/>\n\t<meta name=\"twitter:data2\" content=\"2 minutos\" \/>\n<script type=\"application\/ld+json\" class=\"yoast-schema-graph\">{\"@context\":\"https:\/\/schema.org\",\"@graph\":[{\"@type\":\"Article\",\"@id\":\"https:\/\/psol50.org.br\/psol-entra-com-mandado-de-seguranca-contra-manobra-na-aprovacao-da-mp-871-no-senado\/#article\",\"isPartOf\":{\"@id\":\"https:\/\/psol50.org.br\/psol-entra-com-mandado-de-seguranca-contra-manobra-na-aprovacao-da-mp-871-no-senado\/\"},\"author\":{\"name\":\"Comunica\u00e7\u00e3o PSOL\",\"@id\":\"https:\/\/psol50.org.br\/#\/schema\/person\/475dfa57d0b815993c714c2e96491fcd\"},\"headline\":\"PSOL entra com Mandado de Seguran\u00e7a contra manobra na aprova\u00e7\u00e3o da MP 871 no Senado\",\"datePublished\":\"2019-06-05T14:34:47+00:00\",\"mainEntityOfPage\":{\"@id\":\"https:\/\/psol50.org.br\/psol-entra-com-mandado-de-seguranca-contra-manobra-na-aprovacao-da-mp-871-no-senado\/\"},\"wordCount\":431,\"publisher\":{\"@id\":\"https:\/\/psol50.org.br\/#organization\"},\"image\":{\"@id\":\"https:\/\/psol50.org.br\/psol-entra-com-mandado-de-seguranca-contra-manobra-na-aprovacao-da-mp-871-no-senado\/#primaryimage\"},\"thumbnailUrl\":\"https:\/\/psol50.org.br\/inc\/uploads\/2019\/06\/Senado.Plenario.JeffersonRudy.AgenciaSenado.jpg\",\"keywords\":[\"G\u00eanero\",\"INSS\",\"Ivan Valente\",\"mandado de seguran\u00e7a\",\"Medida Provis\u00f3ria 871\",\"PSOL na C\u00e2mara\",\"Senado\",\"Sexo\",\"STF\",\"Supremo Tribunal Federal\"],\"articleSection\":[\"A\u00e7\u00e3o Parlamentar\",\"Not\u00edcias\",\"Partido\"],\"inLanguage\":\"pt-BR\"},{\"@type\":\"WebPage\",\"@id\":\"https:\/\/psol50.org.br\/psol-entra-com-mandado-de-seguranca-contra-manobra-na-aprovacao-da-mp-871-no-senado\/\",\"url\":\"https:\/\/psol50.org.br\/psol-entra-com-mandado-de-seguranca-contra-manobra-na-aprovacao-da-mp-871-no-senado\/\",\"name\":\"PSOL entra com Mandado de Seguran\u00e7a contra manobra na aprova\u00e7\u00e3o da MP 871 no Senado - PSOL 50\",\"isPartOf\":{\"@id\":\"https:\/\/psol50.org.br\/#website\"},\"primaryImageOfPage\":{\"@id\":\"https:\/\/psol50.org.br\/psol-entra-com-mandado-de-seguranca-contra-manobra-na-aprovacao-da-mp-871-no-senado\/#primaryimage\"},\"image\":{\"@id\":\"https:\/\/psol50.org.br\/psol-entra-com-mandado-de-seguranca-contra-manobra-na-aprovacao-da-mp-871-no-senado\/#primaryimage\"},\"thumbnailUrl\":\"https:\/\/psol50.org.br\/inc\/uploads\/2019\/06\/Senado.Plenario.JeffersonRudy.AgenciaSenado.jpg\",\"datePublished\":\"2019-06-05T14:34:47+00:00\",\"breadcrumb\":{\"@id\":\"https:\/\/psol50.org.br\/psol-entra-com-mandado-de-seguranca-contra-manobra-na-aprovacao-da-mp-871-no-senado\/#breadcrumb\"},\"inLanguage\":\"pt-BR\",\"potentialAction\":[{\"@type\":\"ReadAction\",\"target\":[\"https:\/\/psol50.org.br\/psol-entra-com-mandado-de-seguranca-contra-manobra-na-aprovacao-da-mp-871-no-senado\/\"]}]},{\"@type\":\"ImageObject\",\"inLanguage\":\"pt-BR\",\"@id\":\"https:\/\/psol50.org.br\/psol-entra-com-mandado-de-seguranca-contra-manobra-na-aprovacao-da-mp-871-no-senado\/#primaryimage\",\"url\":\"https:\/\/psol50.org.br\/inc\/uploads\/2019\/06\/Senado.Plenario.JeffersonRudy.AgenciaSenado.jpg\",\"contentUrl\":\"https:\/\/psol50.org.br\/inc\/uploads\/2019\/06\/Senado.Plenario.JeffersonRudy.AgenciaSenado.jpg\",\"width\":1024,\"height\":683,\"caption\":\"Jefferson Rudy \/ Ag\u00eancia Senado\"},{\"@type\":\"BreadcrumbList\",\"@id\":\"https:\/\/psol50.org.br\/psol-entra-com-mandado-de-seguranca-contra-manobra-na-aprovacao-da-mp-871-no-senado\/#breadcrumb\",\"itemListElement\":[{\"@type\":\"ListItem\",\"position\":1,\"name\":\"In\u00edcio\",\"item\":\"https:\/\/psol50.org.br\/\"},{\"@type\":\"ListItem\",\"position\":2,\"name\":\"PSOL entra com Mandado de Seguran\u00e7a contra manobra na aprova\u00e7\u00e3o da MP 871 no Senado\"}]},{\"@type\":\"WebSite\",\"@id\":\"https:\/\/psol50.org.br\/#website\",\"url\":\"https:\/\/psol50.org.br\/\",\"name\":\"PSOL 50\",\"description\":\"Site oficial do Partido Socialismo e Liberdade\",\"publisher\":{\"@id\":\"https:\/\/psol50.org.br\/#organization\"},\"alternateName\":\"PSOL50\",\"potentialAction\":[{\"@type\":\"SearchAction\",\"target\":{\"@type\":\"EntryPoint\",\"urlTemplate\":\"https:\/\/psol50.org.br\/?s={search_term_string}\"},\"query-input\":{\"@type\":\"PropertyValueSpecification\",\"valueRequired\":true,\"valueName\":\"search_term_string\"}}],\"inLanguage\":\"pt-BR\"},{\"@type\":\"Organization\",\"@id\":\"https:\/\/psol50.org.br\/#organization\",\"name\":\"PSOL 50\",\"alternateName\":\"PSOL 50\",\"url\":\"https:\/\/psol50.org.br\/\",\"logo\":{\"@type\":\"ImageObject\",\"inLanguage\":\"pt-BR\",\"@id\":\"https:\/\/psol50.org.br\/#\/schema\/logo\/image\/\",\"url\":\"https:\/\/psol50.org.br\/inc\/uploads\/2018\/07\/capa.png\",\"contentUrl\":\"https:\/\/psol50.org.br\/inc\/uploads\/2018\/07\/capa.png\",\"width\":1350,\"height\":900,\"caption\":\"PSOL 50\"},\"image\":{\"@id\":\"https:\/\/psol50.org.br\/#\/schema\/logo\/image\/\"},\"sameAs\":[\"https:\/\/www.facebook.com\/psol50\",\"https:\/\/x.com\/psol50\",\"https:\/\/www.instagram.com\/psol50\/\",\"https:\/\/www.youtube.com\/channel\/UC7SnJS5o1os7a6CaiNabzcg\"]},{\"@type\":\"Person\",\"@id\":\"https:\/\/psol50.org.br\/#\/schema\/person\/475dfa57d0b815993c714c2e96491fcd\",\"name\":\"Comunica\u00e7\u00e3o PSOL\",\"image\":{\"@type\":\"ImageObject\",\"inLanguage\":\"pt-BR\",\"@id\":\"https:\/\/psol50.org.br\/#\/schema\/person\/image\/\",\"url\":\"https:\/\/secure.gravatar.com\/avatar\/b34fc4f4e468a4e51785917065a3db57b841f5c95dba6ad8c73aaf8f66f8f9bf?s=96&d=mm&r=g\",\"contentUrl\":\"https:\/\/secure.gravatar.com\/avatar\/b34fc4f4e468a4e51785917065a3db57b841f5c95dba6ad8c73aaf8f66f8f9bf?s=96&d=mm&r=g\",\"caption\":\"Comunica\u00e7\u00e3o PSOL\"}}]}<\/script>\n<!-- \/ Yoast SEO plugin. -->","yoast_head_json":{"title":"PSOL entra com Mandado de Seguran\u00e7a contra manobra na aprova\u00e7\u00e3o da MP 871 no Senado - PSOL 50","robots":{"index":"index","follow":"follow","max-snippet":"max-snippet:-1","max-image-preview":"max-image-preview:large","max-video-preview":"max-video-preview:-1"},"canonical":"https:\/\/psol50.org.br\/psol-entra-com-mandado-de-seguranca-contra-manobra-na-aprovacao-da-mp-871-no-senado\/","og_locale":"pt_BR","og_type":"article","og_title":"PSOL entra com Mandado de Seguran\u00e7a contra manobra na aprova\u00e7\u00e3o da MP 871 no Senado","og_description":"MP deveria ter sido enviada de volta \u00e0 C\u00e2mara, n\u00e3o \u00e0 san\u00e7\u00e3o imediata.","og_url":"https:\/\/psol50.org.br\/psol-entra-com-mandado-de-seguranca-contra-manobra-na-aprovacao-da-mp-871-no-senado\/","og_site_name":"PSOL 50","article_publisher":"https:\/\/www.facebook.com\/psol50","article_published_time":"2019-06-05T14:34:47+00:00","og_image":[{"width":1024,"height":683,"url":"https:\/\/psol50.org.br\/inc\/uploads\/2019\/06\/Senado.Plenario.JeffersonRudy.AgenciaSenado.jpg","type":"image\/jpeg"}],"author":"Comunica\u00e7\u00e3o PSOL","twitter_card":"summary_large_image","twitter_title":"PSOL vai ao STF contra manobra na aprova\u00e7\u00e3o da MP 871 no Senado","twitter_description":"MP deveria ter sido enviada de volta \u00e0 C\u00e2mara, n\u00e3o \u00e0 san\u00e7\u00e3o imediata.","twitter_image":"https:\/\/psol50.org.br\/inc\/uploads\/2019\/06\/Senado.Plenario.JeffersonRudy.AgenciaSenado.jpg","twitter_creator":"@psol50","twitter_site":"@psol50","twitter_misc":{"Escrito por":"Comunica\u00e7\u00e3o PSOL","Est. tempo de leitura":"2 minutos"},"schema":{"@context":"https:\/\/schema.org","@graph":[{"@type":"Article","@id":"https:\/\/psol50.org.br\/psol-entra-com-mandado-de-seguranca-contra-manobra-na-aprovacao-da-mp-871-no-senado\/#article","isPartOf":{"@id":"https:\/\/psol50.org.br\/psol-entra-com-mandado-de-seguranca-contra-manobra-na-aprovacao-da-mp-871-no-senado\/"},"author":{"name":"Comunica\u00e7\u00e3o PSOL","@id":"https:\/\/psol50.org.br\/#\/schema\/person\/475dfa57d0b815993c714c2e96491fcd"},"headline":"PSOL entra com Mandado de Seguran\u00e7a contra manobra na aprova\u00e7\u00e3o da MP 871 no Senado","datePublished":"2019-06-05T14:34:47+00:00","mainEntityOfPage":{"@id":"https:\/\/psol50.org.br\/psol-entra-com-mandado-de-seguranca-contra-manobra-na-aprovacao-da-mp-871-no-senado\/"},"wordCount":431,"publisher":{"@id":"https:\/\/psol50.org.br\/#organization"},"image":{"@id":"https:\/\/psol50.org.br\/psol-entra-com-mandado-de-seguranca-contra-manobra-na-aprovacao-da-mp-871-no-senado\/#primaryimage"},"thumbnailUrl":"https:\/\/psol50.org.br\/inc\/uploads\/2019\/06\/Senado.Plenario.JeffersonRudy.AgenciaSenado.jpg","keywords":["G\u00eanero","INSS","Ivan Valente","mandado de seguran\u00e7a","Medida Provis\u00f3ria 871","PSOL na C\u00e2mara","Senado","Sexo","STF","Supremo Tribunal Federal"],"articleSection":["A\u00e7\u00e3o Parlamentar","Not\u00edcias","Partido"],"inLanguage":"pt-BR"},{"@type":"WebPage","@id":"https:\/\/psol50.org.br\/psol-entra-com-mandado-de-seguranca-contra-manobra-na-aprovacao-da-mp-871-no-senado\/","url":"https:\/\/psol50.org.br\/psol-entra-com-mandado-de-seguranca-contra-manobra-na-aprovacao-da-mp-871-no-senado\/","name":"PSOL entra com Mandado de Seguran\u00e7a contra manobra na aprova\u00e7\u00e3o da MP 871 no Senado - PSOL 50","isPartOf":{"@id":"https:\/\/psol50.org.br\/#website"},"primaryImageOfPage":{"@id":"https:\/\/psol50.org.br\/psol-entra-com-mandado-de-seguranca-contra-manobra-na-aprovacao-da-mp-871-no-senado\/#primaryimage"},"image":{"@id":"https:\/\/psol50.org.br\/psol-entra-com-mandado-de-seguranca-contra-manobra-na-aprovacao-da-mp-871-no-senado\/#primaryimage"},"thumbnailUrl":"https:\/\/psol50.org.br\/inc\/uploads\/2019\/06\/Senado.Plenario.JeffersonRudy.AgenciaSenado.jpg","datePublished":"2019-06-05T14:34:47+00:00","breadcrumb":{"@id":"https:\/\/psol50.org.br\/psol-entra-com-mandado-de-seguranca-contra-manobra-na-aprovacao-da-mp-871-no-senado\/#breadcrumb"},"inLanguage":"pt-BR","potentialAction":[{"@type":"ReadAction","target":["https:\/\/psol50.org.br\/psol-entra-com-mandado-de-seguranca-contra-manobra-na-aprovacao-da-mp-871-no-senado\/"]}]},{"@type":"ImageObject","inLanguage":"pt-BR","@id":"https:\/\/psol50.org.br\/psol-entra-com-mandado-de-seguranca-contra-manobra-na-aprovacao-da-mp-871-no-senado\/#primaryimage","url":"https:\/\/psol50.org.br\/inc\/uploads\/2019\/06\/Senado.Plenario.JeffersonRudy.AgenciaSenado.jpg","contentUrl":"https:\/\/psol50.org.br\/inc\/uploads\/2019\/06\/Senado.Plenario.JeffersonRudy.AgenciaSenado.jpg","width":1024,"height":683,"caption":"Jefferson Rudy \/ Ag\u00eancia Senado"},{"@type":"BreadcrumbList","@id":"https:\/\/psol50.org.br\/psol-entra-com-mandado-de-seguranca-contra-manobra-na-aprovacao-da-mp-871-no-senado\/#breadcrumb","itemListElement":[{"@type":"ListItem","position":1,"name":"In\u00edcio","item":"https:\/\/psol50.org.br\/"},{"@type":"ListItem","position":2,"name":"PSOL entra com Mandado de Seguran\u00e7a contra manobra na aprova\u00e7\u00e3o da MP 871 no Senado"}]},{"@type":"WebSite","@id":"https:\/\/psol50.org.br\/#website","url":"https:\/\/psol50.org.br\/","name":"PSOL 50","description":"Site oficial do Partido Socialismo e Liberdade","publisher":{"@id":"https:\/\/psol50.org.br\/#organization"},"alternateName":"PSOL50","potentialAction":[{"@type":"SearchAction","target":{"@type":"EntryPoint","urlTemplate":"https:\/\/psol50.org.br\/?s={search_term_string}"},"query-input":{"@type":"PropertyValueSpecification","valueRequired":true,"valueName":"search_term_string"}}],"inLanguage":"pt-BR"},{"@type":"Organization","@id":"https:\/\/psol50.org.br\/#organization","name":"PSOL 50","alternateName":"PSOL 50","url":"https:\/\/psol50.org.br\/","logo":{"@type":"ImageObject","inLanguage":"pt-BR","@id":"https:\/\/psol50.org.br\/#\/schema\/logo\/image\/","url":"https:\/\/psol50.org.br\/inc\/uploads\/2018\/07\/capa.png","contentUrl":"https:\/\/psol50.org.br\/inc\/uploads\/2018\/07\/capa.png","width":1350,"height":900,"caption":"PSOL 50"},"image":{"@id":"https:\/\/psol50.org.br\/#\/schema\/logo\/image\/"},"sameAs":["https:\/\/www.facebook.com\/psol50","https:\/\/x.com\/psol50","https:\/\/www.instagram.com\/psol50\/","https:\/\/www.youtube.com\/channel\/UC7SnJS5o1os7a6CaiNabzcg"]},{"@type":"Person","@id":"https:\/\/psol50.org.br\/#\/schema\/person\/475dfa57d0b815993c714c2e96491fcd","name":"Comunica\u00e7\u00e3o PSOL","image":{"@type":"ImageObject","inLanguage":"pt-BR","@id":"https:\/\/psol50.org.br\/#\/schema\/person\/image\/","url":"https:\/\/secure.gravatar.com\/avatar\/b34fc4f4e468a4e51785917065a3db57b841f5c95dba6ad8c73aaf8f66f8f9bf?s=96&d=mm&r=g","contentUrl":"https:\/\/secure.gravatar.com\/avatar\/b34fc4f4e468a4e51785917065a3db57b841f5c95dba6ad8c73aaf8f66f8f9bf?s=96&d=mm&r=g","caption":"Comunica\u00e7\u00e3o PSOL"}}]}},"_links":{"self":[{"href":"https:\/\/psol50.org.br\/rest\/wp\/v2\/posts\/25420","targetHints":{"allow":["GET"]}}],"collection":[{"href":"https:\/\/psol50.org.br\/rest\/wp\/v2\/posts"}],"about":[{"href":"https:\/\/psol50.org.br\/rest\/wp\/v2\/types\/post"}],"author":[{"embeddable":true,"href":"https:\/\/psol50.org.br\/rest\/wp\/v2\/users\/2"}],"replies":[{"embeddable":true,"href":"https:\/\/psol50.org.br\/rest\/wp\/v2\/comments?post=25420"}],"version-history":[{"count":0,"href":"https:\/\/psol50.org.br\/rest\/wp\/v2\/posts\/25420\/revisions"}],"wp:featuredmedia":[{"embeddable":true,"href":"https:\/\/psol50.org.br\/rest\/wp\/v2\/media\/25422"}],"wp:attachment":[{"href":"https:\/\/psol50.org.br\/rest\/wp\/v2\/media?parent=25420"}],"wp:term":[{"taxonomy":"category","embeddable":true,"href":"https:\/\/psol50.org.br\/rest\/wp\/v2\/categories?post=25420"},{"taxonomy":"post_tag","embeddable":true,"href":"https:\/\/psol50.org.br\/rest\/wp\/v2\/tags?post=25420"}],"curies":[{"name":"wp","href":"https:\/\/api.w.org\/{rel}","templated":true}]}}