{"id":25426,"date":"2019-06-06T12:49:36","date_gmt":"2019-06-06T15:49:36","guid":{"rendered":"http:\/\/psol50.org.br\/?p=25426"},"modified":"2019-06-06T12:49:36","modified_gmt":"2019-06-06T15:49:36","slug":"psol-cobra-informacoes-sobre-publicidade-de-pacote-de-moro","status":"publish","type":"post","link":"https:\/\/psol50.org.br\/psol-cobra-informacoes-sobre-publicidade-de-pacote-de-moro\/","title":{"rendered":"PSOL cobra informa\u00e7\u00f5es sobre publicidade de pacote de Moro"},"content":{"rendered":"<p>O governo federal anunciou o lan\u00e7amento de campanha publicit\u00e1ria a favor do projeto anti-pobre e anti-negro de S\u00e9rgio Moro para o dia 12 de junho. Com quase 13 milh\u00f5es de desempregados, cortes extensivos na educa\u00e7\u00e3o e\u00a0 Bolsonaro apoiando proposta que acaba com a aposentadoria, o governo prioriza gastos de recursos p\u00fablicos para publicidade.<\/p>\n<p>Como j\u00e1 aconteceu em situa\u00e7\u00f5es anteriores, o PSOL teme que a propaganda veicule opini\u00f5es do Governo sobre o pr\u00f3prio projeto ao inv\u00e9s de informa\u00e7\u00f5es sobre o mesmo. Por isso, a bancada do PSOL protocolou dois requerimentos de informa\u00e7\u00f5es. Entre as informa\u00e7\u00f5es requeridas est\u00e3o:<\/p>\n<ol>\n<li>detalhamento de verba e recurso or\u00e7ament\u00e1rio;<\/li>\n<li>ag\u00eancias contratadas;<\/li>\n<li>ve\u00edculos de comunica\u00e7\u00e3o (incluindo redes sociais);<\/li>\n<li>per\u00edodo de veicula\u00e7\u00e3o.<\/li>\n<\/ol>\n<p>Leia a \u00edntegra dos requerimentos <a href=\"http:\/\/psol50.org.br\/inc\/uploads\/2019\/06\/RIC-688-2019.pdf\" target=\"_blank\" rel=\"noopener noreferrer\">688\/2019<\/a> e <a href=\"http:\/\/psol50.org.br\/inc\/uploads\/2019\/06\/RIC-689-2019.pdf\" target=\"_blank\" rel=\"noopener noreferrer\">699\/2019.<\/a><\/p>\n<p>Moro j\u00e1 foi questionado pelo PSOL a respeito da fundamenta\u00e7\u00e3o e objetivos reais de combate ao crime com o projeto. Foram entregues 19 quest\u00f5es, ainda n\u00e3o respondidas. Para saber mais sobre os questionamentos,<a href=\"http:\/\/psol50.org.br\/apresentamos-a-moro-19-questoes-sobre-seu-projeto-anticrime\/\" target=\"_blank\" rel=\"noopener noreferrer\"> acesse.<\/a><\/p>\n","protected":false},"excerpt":{"rendered":"<p>O governo federal anunciou o lan\u00e7amento de campanha publicit\u00e1ria a favor do projeto anti-pobre e anti-negro de S\u00e9rgio Moro para o dia 12 de junho. Com quase 13 milh\u00f5es de desempregados, cortes extensivos na educa\u00e7\u00e3o e\u00a0 Bolsonaro apoiando proposta que acaba com a aposentadoria, o governo prioriza gastos de recursos p\u00fablicos para publicidade. Como j\u00e1 [&hellip;]<\/p>\n","protected":false},"author":2,"featured_media":25429,"comment_status":"closed","ping_status":"open","sticky":false,"template":"","format":"standard","meta":{"_acf_changed":false,"footnotes":""},"categories":[6],"tags":[387,177,1854,1855,1765,1128,1856],"class_list":{"0":"post-25426","1":"post","2":"type-post","3":"status-publish","4":"format-standard","5":"has-post-thumbnail","7":"category-noticias","8":"tag-governo","9":"tag-moro","10":"tag-pacote-anti-pobre","11":"tag-pacote-anti-preto","12":"tag-pacote-anticrime","13":"tag-requerimento-de-informacao","14":"tag-verba-publicitaria"},"acf":[],"yoast_head":"<!-- This site is optimized with the Yoast SEO plugin v26.5 - https:\/\/yoast.com\/wordpress\/plugins\/seo\/ -->\n<title>PSOL cobra informa\u00e7\u00f5es sobre publicidade de pacote de Moro - PSOL 50<\/title>\n<meta name=\"robots\" content=\"index, follow, max-snippet:-1, max-image-preview:large, max-video-preview:-1\" \/>\n<link rel=\"canonical\" href=\"https:\/\/psol50.org.br\/psol-cobra-informacoes-sobre-publicidade-de-pacote-de-moro\/\" \/>\n<meta property=\"og:locale\" content=\"pt_BR\" \/>\n<meta property=\"og:type\" content=\"article\" \/>\n<meta property=\"og:title\" content=\"PSOL cobra informa\u00e7\u00f5es sobre publicidade de pacote de Moro\" \/>\n<meta property=\"og:description\" content=\"Em cen\u00e1rio de recess\u00e3o, Governo prioriza gastos com propaganda.\" \/>\n<meta property=\"og:url\" content=\"https:\/\/psol50.org.br\/psol-cobra-informacoes-sobre-publicidade-de-pacote-de-moro\/\" \/>\n<meta property=\"og:site_name\" content=\"PSOL 50\" \/>\n<meta property=\"article:publisher\" content=\"https:\/\/www.facebook.com\/psol50\" \/>\n<meta property=\"article:published_time\" content=\"2019-06-06T15:49:36+00:00\" \/>\n<meta property=\"og:image\" content=\"https:\/\/psol50.org.br\/inc\/uploads\/2019\/06\/Moro.LulaMarques.jpg\" \/>\n\t<meta property=\"og:image:width\" content=\"799\" \/>\n\t<meta property=\"og:image:height\" content=\"458\" \/>\n\t<meta property=\"og:image:type\" content=\"image\/jpeg\" \/>\n<meta name=\"author\" content=\"Comunica\u00e7\u00e3o PSOL\" \/>\n<meta name=\"twitter:card\" content=\"summary_large_image\" \/>\n<meta name=\"twitter:title\" content=\"PSOL cobra informa\u00e7\u00f5es sobre publicidade de pacote de Moro\" \/>\n<meta name=\"twitter:description\" content=\"Em cen\u00e1rio de recess\u00e3o, Governo prioriza gastos com propaganda.\" \/>\n<meta name=\"twitter:image\" content=\"https:\/\/psol50.org.br\/inc\/uploads\/2019\/06\/Moro.LulaMarques.jpg\" \/>\n<meta name=\"twitter:creator\" content=\"@psol50\" \/>\n<meta name=\"twitter:site\" content=\"@psol50\" \/>\n<meta name=\"twitter:label1\" content=\"Escrito por\" \/>\n\t<meta name=\"twitter:data1\" content=\"Comunica\u00e7\u00e3o PSOL\" \/>\n\t<meta name=\"twitter:label2\" content=\"Est. tempo de leitura\" \/>\n\t<meta name=\"twitter:data2\" content=\"1 minuto\" \/>\n<script type=\"application\/ld+json\" class=\"yoast-schema-graph\">{\"@context\":\"https:\/\/schema.org\",\"@graph\":[{\"@type\":\"Article\",\"@id\":\"https:\/\/psol50.org.br\/psol-cobra-informacoes-sobre-publicidade-de-pacote-de-moro\/#article\",\"isPartOf\":{\"@id\":\"https:\/\/psol50.org.br\/psol-cobra-informacoes-sobre-publicidade-de-pacote-de-moro\/\"},\"author\":{\"name\":\"Comunica\u00e7\u00e3o PSOL\",\"@id\":\"https:\/\/psol50.org.br\/#\/schema\/person\/475dfa57d0b815993c714c2e96491fcd\"},\"headline\":\"PSOL cobra informa\u00e7\u00f5es sobre publicidade de pacote de Moro\",\"datePublished\":\"2019-06-06T15:49:36+00:00\",\"mainEntityOfPage\":{\"@id\":\"https:\/\/psol50.org.br\/psol-cobra-informacoes-sobre-publicidade-de-pacote-de-moro\/\"},\"wordCount\":184,\"publisher\":{\"@id\":\"https:\/\/psol50.org.br\/#organization\"},\"image\":{\"@id\":\"https:\/\/psol50.org.br\/psol-cobra-informacoes-sobre-publicidade-de-pacote-de-moro\/#primaryimage\"},\"thumbnailUrl\":\"https:\/\/psol50.org.br\/inc\/uploads\/2019\/06\/Moro.LulaMarques.jpg\",\"keywords\":[\"governo\",\"Moro\",\"Pacote Anti-pobre\",\"Pacote anti-preto\",\"Pacote Anticrime\",\"requerimento de informa\u00e7\u00e3o\",\"verba publicit\u00e1ria\"],\"articleSection\":[\"Not\u00edcias\"],\"inLanguage\":\"pt-BR\"},{\"@type\":\"WebPage\",\"@id\":\"https:\/\/psol50.org.br\/psol-cobra-informacoes-sobre-publicidade-de-pacote-de-moro\/\",\"url\":\"https:\/\/psol50.org.br\/psol-cobra-informacoes-sobre-publicidade-de-pacote-de-moro\/\",\"name\":\"PSOL cobra informa\u00e7\u00f5es sobre publicidade de pacote de Moro - PSOL 50\",\"isPartOf\":{\"@id\":\"https:\/\/psol50.org.br\/#website\"},\"primaryImageOfPage\":{\"@id\":\"https:\/\/psol50.org.br\/psol-cobra-informacoes-sobre-publicidade-de-pacote-de-moro\/#primaryimage\"},\"image\":{\"@id\":\"https:\/\/psol50.org.br\/psol-cobra-informacoes-sobre-publicidade-de-pacote-de-moro\/#primaryimage\"},\"thumbnailUrl\":\"https:\/\/psol50.org.br\/inc\/uploads\/2019\/06\/Moro.LulaMarques.jpg\",\"datePublished\":\"2019-06-06T15:49:36+00:00\",\"breadcrumb\":{\"@id\":\"https:\/\/psol50.org.br\/psol-cobra-informacoes-sobre-publicidade-de-pacote-de-moro\/#breadcrumb\"},\"inLanguage\":\"pt-BR\",\"potentialAction\":[{\"@type\":\"ReadAction\",\"target\":[\"https:\/\/psol50.org.br\/psol-cobra-informacoes-sobre-publicidade-de-pacote-de-moro\/\"]}]},{\"@type\":\"ImageObject\",\"inLanguage\":\"pt-BR\",\"@id\":\"https:\/\/psol50.org.br\/psol-cobra-informacoes-sobre-publicidade-de-pacote-de-moro\/#primaryimage\",\"url\":\"https:\/\/psol50.org.br\/inc\/uploads\/2019\/06\/Moro.LulaMarques.jpg\",\"contentUrl\":\"https:\/\/psol50.org.br\/inc\/uploads\/2019\/06\/Moro.LulaMarques.jpg\",\"width\":799,\"height\":458,\"caption\":\"Lula Marques\"},{\"@type\":\"BreadcrumbList\",\"@id\":\"https:\/\/psol50.org.br\/psol-cobra-informacoes-sobre-publicidade-de-pacote-de-moro\/#breadcrumb\",\"itemListElement\":[{\"@type\":\"ListItem\",\"position\":1,\"name\":\"In\u00edcio\",\"item\":\"https:\/\/psol50.org.br\/\"},{\"@type\":\"ListItem\",\"position\":2,\"name\":\"PSOL cobra informa\u00e7\u00f5es sobre publicidade de pacote de Moro\"}]},{\"@type\":\"WebSite\",\"@id\":\"https:\/\/psol50.org.br\/#website\",\"url\":\"https:\/\/psol50.org.br\/\",\"name\":\"PSOL 50\",\"description\":\"Site oficial do Partido Socialismo e Liberdade\",\"publisher\":{\"@id\":\"https:\/\/psol50.org.br\/#organization\"},\"alternateName\":\"PSOL50\",\"potentialAction\":[{\"@type\":\"SearchAction\",\"target\":{\"@type\":\"EntryPoint\",\"urlTemplate\":\"https:\/\/psol50.org.br\/?s={search_term_string}\"},\"query-input\":{\"@type\":\"PropertyValueSpecification\",\"valueRequired\":true,\"valueName\":\"search_term_string\"}}],\"inLanguage\":\"pt-BR\"},{\"@type\":\"Organization\",\"@id\":\"https:\/\/psol50.org.br\/#organization\",\"name\":\"PSOL 50\",\"alternateName\":\"PSOL 50\",\"url\":\"https:\/\/psol50.org.br\/\",\"logo\":{\"@type\":\"ImageObject\",\"inLanguage\":\"pt-BR\",\"@id\":\"https:\/\/psol50.org.br\/#\/schema\/logo\/image\/\",\"url\":\"https:\/\/psol50.org.br\/inc\/uploads\/2018\/07\/capa.png\",\"contentUrl\":\"https:\/\/psol50.org.br\/inc\/uploads\/2018\/07\/capa.png\",\"width\":1350,\"height\":900,\"caption\":\"PSOL 50\"},\"image\":{\"@id\":\"https:\/\/psol50.org.br\/#\/schema\/logo\/image\/\"},\"sameAs\":[\"https:\/\/www.facebook.com\/psol50\",\"https:\/\/x.com\/psol50\",\"https:\/\/www.instagram.com\/psol50\/\",\"https:\/\/www.youtube.com\/channel\/UC7SnJS5o1os7a6CaiNabzcg\"]},{\"@type\":\"Person\",\"@id\":\"https:\/\/psol50.org.br\/#\/schema\/person\/475dfa57d0b815993c714c2e96491fcd\",\"name\":\"Comunica\u00e7\u00e3o PSOL\",\"image\":{\"@type\":\"ImageObject\",\"inLanguage\":\"pt-BR\",\"@id\":\"https:\/\/psol50.org.br\/#\/schema\/person\/image\/\",\"url\":\"https:\/\/secure.gravatar.com\/avatar\/b34fc4f4e468a4e51785917065a3db57b841f5c95dba6ad8c73aaf8f66f8f9bf?s=96&d=mm&r=g\",\"contentUrl\":\"https:\/\/secure.gravatar.com\/avatar\/b34fc4f4e468a4e51785917065a3db57b841f5c95dba6ad8c73aaf8f66f8f9bf?s=96&d=mm&r=g\",\"caption\":\"Comunica\u00e7\u00e3o PSOL\"}}]}<\/script>\n<!-- \/ Yoast SEO plugin. -->","yoast_head_json":{"title":"PSOL cobra informa\u00e7\u00f5es sobre publicidade de pacote de Moro - PSOL 50","robots":{"index":"index","follow":"follow","max-snippet":"max-snippet:-1","max-image-preview":"max-image-preview:large","max-video-preview":"max-video-preview:-1"},"canonical":"https:\/\/psol50.org.br\/psol-cobra-informacoes-sobre-publicidade-de-pacote-de-moro\/","og_locale":"pt_BR","og_type":"article","og_title":"PSOL cobra informa\u00e7\u00f5es sobre publicidade de pacote de Moro","og_description":"Em cen\u00e1rio de recess\u00e3o, Governo prioriza gastos com propaganda.","og_url":"https:\/\/psol50.org.br\/psol-cobra-informacoes-sobre-publicidade-de-pacote-de-moro\/","og_site_name":"PSOL 50","article_publisher":"https:\/\/www.facebook.com\/psol50","article_published_time":"2019-06-06T15:49:36+00:00","og_image":[{"width":799,"height":458,"url":"https:\/\/psol50.org.br\/inc\/uploads\/2019\/06\/Moro.LulaMarques.jpg","type":"image\/jpeg"}],"author":"Comunica\u00e7\u00e3o PSOL","twitter_card":"summary_large_image","twitter_title":"PSOL cobra informa\u00e7\u00f5es sobre publicidade de pacote de Moro","twitter_description":"Em cen\u00e1rio de recess\u00e3o, Governo prioriza gastos com propaganda.","twitter_image":"https:\/\/psol50.org.br\/inc\/uploads\/2019\/06\/Moro.LulaMarques.jpg","twitter_creator":"@psol50","twitter_site":"@psol50","twitter_misc":{"Escrito por":"Comunica\u00e7\u00e3o PSOL","Est. tempo de leitura":"1 minuto"},"schema":{"@context":"https:\/\/schema.org","@graph":[{"@type":"Article","@id":"https:\/\/psol50.org.br\/psol-cobra-informacoes-sobre-publicidade-de-pacote-de-moro\/#article","isPartOf":{"@id":"https:\/\/psol50.org.br\/psol-cobra-informacoes-sobre-publicidade-de-pacote-de-moro\/"},"author":{"name":"Comunica\u00e7\u00e3o PSOL","@id":"https:\/\/psol50.org.br\/#\/schema\/person\/475dfa57d0b815993c714c2e96491fcd"},"headline":"PSOL cobra informa\u00e7\u00f5es sobre publicidade de pacote de Moro","datePublished":"2019-06-06T15:49:36+00:00","mainEntityOfPage":{"@id":"https:\/\/psol50.org.br\/psol-cobra-informacoes-sobre-publicidade-de-pacote-de-moro\/"},"wordCount":184,"publisher":{"@id":"https:\/\/psol50.org.br\/#organization"},"image":{"@id":"https:\/\/psol50.org.br\/psol-cobra-informacoes-sobre-publicidade-de-pacote-de-moro\/#primaryimage"},"thumbnailUrl":"https:\/\/psol50.org.br\/inc\/uploads\/2019\/06\/Moro.LulaMarques.jpg","keywords":["governo","Moro","Pacote Anti-pobre","Pacote anti-preto","Pacote Anticrime","requerimento de informa\u00e7\u00e3o","verba publicit\u00e1ria"],"articleSection":["Not\u00edcias"],"inLanguage":"pt-BR"},{"@type":"WebPage","@id":"https:\/\/psol50.org.br\/psol-cobra-informacoes-sobre-publicidade-de-pacote-de-moro\/","url":"https:\/\/psol50.org.br\/psol-cobra-informacoes-sobre-publicidade-de-pacote-de-moro\/","name":"PSOL cobra informa\u00e7\u00f5es sobre publicidade de pacote de Moro - PSOL 50","isPartOf":{"@id":"https:\/\/psol50.org.br\/#website"},"primaryImageOfPage":{"@id":"https:\/\/psol50.org.br\/psol-cobra-informacoes-sobre-publicidade-de-pacote-de-moro\/#primaryimage"},"image":{"@id":"https:\/\/psol50.org.br\/psol-cobra-informacoes-sobre-publicidade-de-pacote-de-moro\/#primaryimage"},"thumbnailUrl":"https:\/\/psol50.org.br\/inc\/uploads\/2019\/06\/Moro.LulaMarques.jpg","datePublished":"2019-06-06T15:49:36+00:00","breadcrumb":{"@id":"https:\/\/psol50.org.br\/psol-cobra-informacoes-sobre-publicidade-de-pacote-de-moro\/#breadcrumb"},"inLanguage":"pt-BR","potentialAction":[{"@type":"ReadAction","target":["https:\/\/psol50.org.br\/psol-cobra-informacoes-sobre-publicidade-de-pacote-de-moro\/"]}]},{"@type":"ImageObject","inLanguage":"pt-BR","@id":"https:\/\/psol50.org.br\/psol-cobra-informacoes-sobre-publicidade-de-pacote-de-moro\/#primaryimage","url":"https:\/\/psol50.org.br\/inc\/uploads\/2019\/06\/Moro.LulaMarques.jpg","contentUrl":"https:\/\/psol50.org.br\/inc\/uploads\/2019\/06\/Moro.LulaMarques.jpg","width":799,"height":458,"caption":"Lula Marques"},{"@type":"BreadcrumbList","@id":"https:\/\/psol50.org.br\/psol-cobra-informacoes-sobre-publicidade-de-pacote-de-moro\/#breadcrumb","itemListElement":[{"@type":"ListItem","position":1,"name":"In\u00edcio","item":"https:\/\/psol50.org.br\/"},{"@type":"ListItem","position":2,"name":"PSOL cobra informa\u00e7\u00f5es sobre publicidade de pacote de Moro"}]},{"@type":"WebSite","@id":"https:\/\/psol50.org.br\/#website","url":"https:\/\/psol50.org.br\/","name":"PSOL 50","description":"Site oficial do Partido Socialismo e Liberdade","publisher":{"@id":"https:\/\/psol50.org.br\/#organization"},"alternateName":"PSOL50","potentialAction":[{"@type":"SearchAction","target":{"@type":"EntryPoint","urlTemplate":"https:\/\/psol50.org.br\/?s={search_term_string}"},"query-input":{"@type":"PropertyValueSpecification","valueRequired":true,"valueName":"search_term_string"}}],"inLanguage":"pt-BR"},{"@type":"Organization","@id":"https:\/\/psol50.org.br\/#organization","name":"PSOL 50","alternateName":"PSOL 50","url":"https:\/\/psol50.org.br\/","logo":{"@type":"ImageObject","inLanguage":"pt-BR","@id":"https:\/\/psol50.org.br\/#\/schema\/logo\/image\/","url":"https:\/\/psol50.org.br\/inc\/uploads\/2018\/07\/capa.png","contentUrl":"https:\/\/psol50.org.br\/inc\/uploads\/2018\/07\/capa.png","width":1350,"height":900,"caption":"PSOL 50"},"image":{"@id":"https:\/\/psol50.org.br\/#\/schema\/logo\/image\/"},"sameAs":["https:\/\/www.facebook.com\/psol50","https:\/\/x.com\/psol50","https:\/\/www.instagram.com\/psol50\/","https:\/\/www.youtube.com\/channel\/UC7SnJS5o1os7a6CaiNabzcg"]},{"@type":"Person","@id":"https:\/\/psol50.org.br\/#\/schema\/person\/475dfa57d0b815993c714c2e96491fcd","name":"Comunica\u00e7\u00e3o PSOL","image":{"@type":"ImageObject","inLanguage":"pt-BR","@id":"https:\/\/psol50.org.br\/#\/schema\/person\/image\/","url":"https:\/\/secure.gravatar.com\/avatar\/b34fc4f4e468a4e51785917065a3db57b841f5c95dba6ad8c73aaf8f66f8f9bf?s=96&d=mm&r=g","contentUrl":"https:\/\/secure.gravatar.com\/avatar\/b34fc4f4e468a4e51785917065a3db57b841f5c95dba6ad8c73aaf8f66f8f9bf?s=96&d=mm&r=g","caption":"Comunica\u00e7\u00e3o PSOL"}}]}},"_links":{"self":[{"href":"https:\/\/psol50.org.br\/rest\/wp\/v2\/posts\/25426","targetHints":{"allow":["GET"]}}],"collection":[{"href":"https:\/\/psol50.org.br\/rest\/wp\/v2\/posts"}],"about":[{"href":"https:\/\/psol50.org.br\/rest\/wp\/v2\/types\/post"}],"author":[{"embeddable":true,"href":"https:\/\/psol50.org.br\/rest\/wp\/v2\/users\/2"}],"replies":[{"embeddable":true,"href":"https:\/\/psol50.org.br\/rest\/wp\/v2\/comments?post=25426"}],"version-history":[{"count":0,"href":"https:\/\/psol50.org.br\/rest\/wp\/v2\/posts\/25426\/revisions"}],"wp:featuredmedia":[{"embeddable":true,"href":"https:\/\/psol50.org.br\/rest\/wp\/v2\/media\/25429"}],"wp:attachment":[{"href":"https:\/\/psol50.org.br\/rest\/wp\/v2\/media?parent=25426"}],"wp:term":[{"taxonomy":"category","embeddable":true,"href":"https:\/\/psol50.org.br\/rest\/wp\/v2\/categories?post=25426"},{"taxonomy":"post_tag","embeddable":true,"href":"https:\/\/psol50.org.br\/rest\/wp\/v2\/tags?post=25426"}],"curies":[{"name":"wp","href":"https:\/\/api.w.org\/{rel}","templated":true}]}}