{"id":25433,"date":"2019-06-06T16:28:22","date_gmt":"2019-06-06T19:28:22","guid":{"rendered":"http:\/\/psol50.org.br\/?p=25433"},"modified":"2019-06-06T16:28:22","modified_gmt":"2019-06-06T19:28:22","slug":"professores-e-servidores-em-greve-sofrem-repressao-do-governo-estadual-na-bahia","status":"publish","type":"post","link":"https:\/\/psol50.org.br\/professores-e-servidores-em-greve-sofrem-repressao-do-governo-estadual-na-bahia\/","title":{"rendered":"Professores e servidores em greve sofrem repress\u00e3o do governo estadual na Bahia"},"content":{"rendered":"<p>Nesta quarta-feira (5), um epis\u00f3dio chamou aten\u00e7\u00e3o em frente \u00e0 Secretaria Estadual de Educa\u00e7\u00e3o da Bahia, onde acampam em frente docentes e servidores das universidades estaduais em greve h\u00e1 quase dois meses. Por causa das fortes chuvas e vento forte em Salvador, os grevistas buscaram abrigo embaixo do pr\u00e9dio p\u00fablico at\u00e9 que o clima amenizasse, mas foram recebidos com trucul\u00eancia e agress\u00f5es da Pol\u00edcia Militar do estado.<\/p>\n<p>Os parlamentares do PSOL, Hilton Coelho (deputado estadual na ALBA) e Marcos Mendes (vereador de Salvador), foram imediatamente ao local para prestar solidariedade aos servidores agredidos e negociaram um teto provis\u00f3rio para os educadores.<\/p>\n<blockquote class=\"twitter-tweet\" data-width=\"550\" data-dnt=\"true\">\n<p lang=\"pt\" dir=\"ltr\">Coronel para negociar com grevistas! <a href=\"https:\/\/twitter.com\/RuiCosta?ref_src=twsrc%5Etfw\">@ruicosta<\/a> n\u00e3o imite <a href=\"https:\/\/twitter.com\/bolsonaro?ref_src=twsrc%5Etfw\">@Bolsonaro<\/a> novamente. Pare com a desumanidade com os educadores e estudantes. <a href=\"https:\/\/twitter.com\/hashtag\/negociaRui?src=hash&amp;ref_src=twsrc%5Etfw\">#negociaRui<\/a> <a href=\"https:\/\/twitter.com\/hashtag\/emdefesadasuebas?src=hash&amp;ref_src=twsrc%5Etfw\">#emdefesadasuebas<\/a><a href=\"https:\/\/twitter.com\/hashtag\/tsunamidaeducacao?src=hash&amp;ref_src=twsrc%5Etfw\">#tsunamidaeducacao<\/a><br \/> <a href=\"https:\/\/twitter.com\/hashtag\/uesb?src=hash&amp;ref_src=twsrc%5Etfw\">#uesb<\/a> <a href=\"https:\/\/twitter.com\/hashtag\/uesc?src=hash&amp;ref_src=twsrc%5Etfw\">#uesc<\/a> <a href=\"https:\/\/twitter.com\/hashtag\/uefs?src=hash&amp;ref_src=twsrc%5Etfw\">#uefs<\/a> <a href=\"https:\/\/twitter.com\/hashtag\/uneb?src=hash&amp;ref_src=twsrc%5Etfw\">#uneb<\/a> <a href=\"https:\/\/twitter.com\/hashtag\/uebas?src=hash&amp;ref_src=twsrc%5Etfw\">#uebas<\/a><\/p>\n<p>&mdash; Marcos Mendes (@mmendes_psol) <a href=\"https:\/\/twitter.com\/mmendes_psol\/status\/1136621880608268290?ref_src=twsrc%5Etfw\">June 6, 2019<\/a><\/p><\/blockquote>\n<p><script async src=\"https:\/\/platform.twitter.com\/widgets.js\" charset=\"utf-8\"><\/script><\/p>\n<p>Os servidores est\u00e3o acampados em frente \u00e0 Secretaria Estadual de Educa\u00e7\u00e3o desde a \u00faltima ter\u00e7a-feira (4). L\u00e1 encontraram mais de cem policiais militares, inclusive da Tropa de Choque, impedindo qualquer acesso \u00e0 secretaria. No dia seguinte, fortes ventos e chuva afetaram a cidade de Salvador e fez com que os grevistas buscassem abrigo pr\u00f3ximo ao pr\u00e9dio da Secretaria Estadual de Ci\u00eancia, Tecnologia e Inova\u00e7\u00e3o.<\/p>\n<p>Neste momento, uma a\u00e7\u00e3o autorit\u00e1ria e desnecess\u00e1ria da Pol\u00edcia Militar reprimiu os manifestantes pac\u00edficos. Para negociar, o governo de Rui Costa enviou o coronel da PM Humberto Costa Sturaro Filho, que afirmou ter ordens para desocupar todo o acampamento. Apenas ap\u00f3s muita negocia\u00e7\u00e3o do movimento e dos parlamentares do PSOL diretamente com a pol\u00edcia, o movimento conseguiu passar a noite abrigado da chuva.<\/p>\n<p>https:\/\/www.facebook.com\/hiltoncoelhopsol\/videos\/397096017563381<\/p>\n<p>&nbsp;<\/p>\n<p><strong>GREVE J\u00c1 DURA DOIS MESES<\/strong><\/p>\n<p>Os educadores das universidades estaduais baianas est\u00e3o em greve desde o dia 9 de abril. A paralisa\u00e7\u00e3o engloba os trabalhadores da Universidade do Estado da Bahia (UNEB), Universidade Estadual de Feira de Santana (UEFS), Universidade Estadual do Sudoeste da Bahia (UESB) e da Universidade Estadual de Santa Cruz (UESC).<\/p>\n<p>Eles reivindicam o pagamento de 5,9% de reajuste no sal\u00e1rio base de 2019, assim como uma mesa de negocia\u00e7\u00e3o permanente para organizar um cronograma de reposi\u00e7\u00e3o das perdas salariais entre os anos de 2015 e 2018 a serem pagas at\u00e9 o final de 2022. Outras pautas, como o compromisso do governador Rui Costa (PT) de n\u00e3o alterar o Estatuto do Magist\u00e9rio Superior sem pr\u00e9vio acordo com o corpo docente, tamb\u00e9m est\u00e3o na lista de reivindica\u00e7\u00f5es dos grevistas.<\/p>\n<p>Os parlamentares e militantes do PSOL t\u00eam demonstrado solidariedade ativa \u00e0 greve das universidades estaduais desde o seu in\u00edcio e t\u00eam pressionado o governo da Bahia para que ele dialogue com os manifestantes ao inv\u00e9s de reprimi-los com a Pol\u00edcia Militar.<\/p>\n","protected":false},"excerpt":{"rendered":"<p>Nesta quarta-feira (5), um epis\u00f3dio chamou aten\u00e7\u00e3o em frente \u00e0 Secretaria Estadual de Educa\u00e7\u00e3o da Bahia, onde acampam em frente docentes e servidores das universidades estaduais em greve h\u00e1 quase dois meses. Por causa das fortes chuvas e vento forte em Salvador, os grevistas buscaram abrigo embaixo do pr\u00e9dio p\u00fablico at\u00e9 que o clima amenizasse, [&hellip;]<\/p>\n","protected":false},"author":2,"featured_media":25437,"comment_status":"closed","ping_status":"open","sticky":false,"template":"","format":"standard","meta":{"_acf_changed":false,"footnotes":""},"categories":[6],"tags":[37,1857,1858,221,1859,728,272,22,1657,40,200],"class_list":{"0":"post-25433","1":"post","2":"type-post","3":"status-publish","4":"format-standard","5":"has-post-thumbnail","7":"category-noticias","8":"tag-bahia","9":"tag-educadores","10":"tag-estaduais","11":"tag-greve","12":"tag-grevistas","13":"tag-policia","14":"tag-professores","15":"tag-psol","16":"tag-repressao","17":"tag-rui-costa","18":"tag-universidades"},"acf":[],"yoast_head":"<!-- This site is optimized with the Yoast SEO plugin v26.5 - https:\/\/yoast.com\/wordpress\/plugins\/seo\/ -->\n<title>Professores e servidores em greve sofrem repress\u00e3o do governo estadual na Bahia<\/title>\n<meta name=\"robots\" content=\"index, follow, max-snippet:-1, max-image-preview:large, max-video-preview:-1\" \/>\n<link rel=\"canonical\" href=\"https:\/\/psol50.org.br\/professores-e-servidores-em-greve-sofrem-repressao-do-governo-estadual-na-bahia\/\" \/>\n<meta property=\"og:locale\" content=\"pt_BR\" \/>\n<meta property=\"og:type\" content=\"article\" \/>\n<meta property=\"og:title\" content=\"Professores e servidores em greve sofrem repress\u00e3o do governo na Bahia\" \/>\n<meta property=\"og:description\" content=\"Parlamentares do PSOL foram ao local prestar solidariedade aos educadores.\" \/>\n<meta property=\"og:url\" content=\"https:\/\/psol50.org.br\/professores-e-servidores-em-greve-sofrem-repressao-do-governo-estadual-na-bahia\/\" \/>\n<meta property=\"og:site_name\" content=\"PSOL 50\" \/>\n<meta property=\"article:publisher\" content=\"https:\/\/www.facebook.com\/psol50\" \/>\n<meta property=\"article:published_time\" content=\"2019-06-06T19:28:22+00:00\" \/>\n<meta property=\"og:image\" content=\"https:\/\/psol50.org.br\/inc\/uploads\/2019\/06\/Hilton.repressaoBahia.jpg\" \/>\n\t<meta property=\"og:image:width\" content=\"1280\" \/>\n\t<meta property=\"og:image:height\" content=\"853\" \/>\n\t<meta property=\"og:image:type\" content=\"image\/jpeg\" \/>\n<meta name=\"author\" content=\"Comunica\u00e7\u00e3o PSOL\" \/>\n<meta name=\"twitter:card\" content=\"summary_large_image\" \/>\n<meta name=\"twitter:title\" content=\"Professores e servidores em greve sofrem repress\u00e3o do governo na Bahia\" \/>\n<meta name=\"twitter:description\" content=\"Parlamentares do PSOL foram ao local prestar solidariedade aos educadores.\" \/>\n<meta name=\"twitter:image\" content=\"https:\/\/psol50.org.br\/inc\/uploads\/2019\/06\/Hilton.repressaoBahia.jpg\" \/>\n<meta name=\"twitter:creator\" content=\"@psol50\" \/>\n<meta name=\"twitter:site\" content=\"@psol50\" \/>\n<meta name=\"twitter:label1\" content=\"Escrito por\" \/>\n\t<meta name=\"twitter:data1\" content=\"Comunica\u00e7\u00e3o PSOL\" \/>\n\t<meta name=\"twitter:label2\" content=\"Est. tempo de leitura\" \/>\n\t<meta name=\"twitter:data2\" content=\"2 minutos\" \/>\n<script type=\"application\/ld+json\" class=\"yoast-schema-graph\">{\"@context\":\"https:\/\/schema.org\",\"@graph\":[{\"@type\":\"Article\",\"@id\":\"https:\/\/psol50.org.br\/professores-e-servidores-em-greve-sofrem-repressao-do-governo-estadual-na-bahia\/#article\",\"isPartOf\":{\"@id\":\"https:\/\/psol50.org.br\/professores-e-servidores-em-greve-sofrem-repressao-do-governo-estadual-na-bahia\/\"},\"author\":{\"name\":\"Comunica\u00e7\u00e3o PSOL\",\"@id\":\"https:\/\/psol50.org.br\/#\/schema\/person\/475dfa57d0b815993c714c2e96491fcd\"},\"headline\":\"Professores e servidores em greve sofrem repress\u00e3o do governo estadual na Bahia\",\"datePublished\":\"2019-06-06T19:28:22+00:00\",\"mainEntityOfPage\":{\"@id\":\"https:\/\/psol50.org.br\/professores-e-servidores-em-greve-sofrem-repressao-do-governo-estadual-na-bahia\/\"},\"wordCount\":455,\"publisher\":{\"@id\":\"https:\/\/psol50.org.br\/#organization\"},\"image\":{\"@id\":\"https:\/\/psol50.org.br\/professores-e-servidores-em-greve-sofrem-repressao-do-governo-estadual-na-bahia\/#primaryimage\"},\"thumbnailUrl\":\"https:\/\/psol50.org.br\/inc\/uploads\/2019\/06\/Hilton.repressaoBahia.jpg\",\"keywords\":[\"Bahia\",\"educadores\",\"estaduais\",\"greve\",\"grevistas\",\"pol\u00edcia\",\"professores\",\"PSOL\",\"Repress\u00e3o\",\"Rui Costa\",\"universidades\"],\"articleSection\":[\"Not\u00edcias\"],\"inLanguage\":\"pt-BR\"},{\"@type\":\"WebPage\",\"@id\":\"https:\/\/psol50.org.br\/professores-e-servidores-em-greve-sofrem-repressao-do-governo-estadual-na-bahia\/\",\"url\":\"https:\/\/psol50.org.br\/professores-e-servidores-em-greve-sofrem-repressao-do-governo-estadual-na-bahia\/\",\"name\":\"Professores e servidores em greve sofrem repress\u00e3o do governo estadual na Bahia\",\"isPartOf\":{\"@id\":\"https:\/\/psol50.org.br\/#website\"},\"primaryImageOfPage\":{\"@id\":\"https:\/\/psol50.org.br\/professores-e-servidores-em-greve-sofrem-repressao-do-governo-estadual-na-bahia\/#primaryimage\"},\"image\":{\"@id\":\"https:\/\/psol50.org.br\/professores-e-servidores-em-greve-sofrem-repressao-do-governo-estadual-na-bahia\/#primaryimage\"},\"thumbnailUrl\":\"https:\/\/psol50.org.br\/inc\/uploads\/2019\/06\/Hilton.repressaoBahia.jpg\",\"datePublished\":\"2019-06-06T19:28:22+00:00\",\"breadcrumb\":{\"@id\":\"https:\/\/psol50.org.br\/professores-e-servidores-em-greve-sofrem-repressao-do-governo-estadual-na-bahia\/#breadcrumb\"},\"inLanguage\":\"pt-BR\",\"potentialAction\":[{\"@type\":\"ReadAction\",\"target\":[\"https:\/\/psol50.org.br\/professores-e-servidores-em-greve-sofrem-repressao-do-governo-estadual-na-bahia\/\"]}]},{\"@type\":\"ImageObject\",\"inLanguage\":\"pt-BR\",\"@id\":\"https:\/\/psol50.org.br\/professores-e-servidores-em-greve-sofrem-repressao-do-governo-estadual-na-bahia\/#primaryimage\",\"url\":\"https:\/\/psol50.org.br\/inc\/uploads\/2019\/06\/Hilton.repressaoBahia.jpg\",\"contentUrl\":\"https:\/\/psol50.org.br\/inc\/uploads\/2019\/06\/Hilton.repressaoBahia.jpg\",\"width\":1280,\"height\":853},{\"@type\":\"BreadcrumbList\",\"@id\":\"https:\/\/psol50.org.br\/professores-e-servidores-em-greve-sofrem-repressao-do-governo-estadual-na-bahia\/#breadcrumb\",\"itemListElement\":[{\"@type\":\"ListItem\",\"position\":1,\"name\":\"In\u00edcio\",\"item\":\"https:\/\/psol50.org.br\/\"},{\"@type\":\"ListItem\",\"position\":2,\"name\":\"Professores e servidores em greve sofrem repress\u00e3o do governo estadual na Bahia\"}]},{\"@type\":\"WebSite\",\"@id\":\"https:\/\/psol50.org.br\/#website\",\"url\":\"https:\/\/psol50.org.br\/\",\"name\":\"PSOL 50\",\"description\":\"Site oficial do Partido Socialismo e Liberdade\",\"publisher\":{\"@id\":\"https:\/\/psol50.org.br\/#organization\"},\"alternateName\":\"PSOL50\",\"potentialAction\":[{\"@type\":\"SearchAction\",\"target\":{\"@type\":\"EntryPoint\",\"urlTemplate\":\"https:\/\/psol50.org.br\/?s={search_term_string}\"},\"query-input\":{\"@type\":\"PropertyValueSpecification\",\"valueRequired\":true,\"valueName\":\"search_term_string\"}}],\"inLanguage\":\"pt-BR\"},{\"@type\":\"Organization\",\"@id\":\"https:\/\/psol50.org.br\/#organization\",\"name\":\"PSOL 50\",\"alternateName\":\"PSOL 50\",\"url\":\"https:\/\/psol50.org.br\/\",\"logo\":{\"@type\":\"ImageObject\",\"inLanguage\":\"pt-BR\",\"@id\":\"https:\/\/psol50.org.br\/#\/schema\/logo\/image\/\",\"url\":\"https:\/\/psol50.org.br\/inc\/uploads\/2018\/07\/capa.png\",\"contentUrl\":\"https:\/\/psol50.org.br\/inc\/uploads\/2018\/07\/capa.png\",\"width\":1350,\"height\":900,\"caption\":\"PSOL 50\"},\"image\":{\"@id\":\"https:\/\/psol50.org.br\/#\/schema\/logo\/image\/\"},\"sameAs\":[\"https:\/\/www.facebook.com\/psol50\",\"https:\/\/x.com\/psol50\",\"https:\/\/www.instagram.com\/psol50\/\",\"https:\/\/www.youtube.com\/channel\/UC7SnJS5o1os7a6CaiNabzcg\"]},{\"@type\":\"Person\",\"@id\":\"https:\/\/psol50.org.br\/#\/schema\/person\/475dfa57d0b815993c714c2e96491fcd\",\"name\":\"Comunica\u00e7\u00e3o PSOL\",\"image\":{\"@type\":\"ImageObject\",\"inLanguage\":\"pt-BR\",\"@id\":\"https:\/\/psol50.org.br\/#\/schema\/person\/image\/\",\"url\":\"https:\/\/secure.gravatar.com\/avatar\/b34fc4f4e468a4e51785917065a3db57b841f5c95dba6ad8c73aaf8f66f8f9bf?s=96&d=mm&r=g\",\"contentUrl\":\"https:\/\/secure.gravatar.com\/avatar\/b34fc4f4e468a4e51785917065a3db57b841f5c95dba6ad8c73aaf8f66f8f9bf?s=96&d=mm&r=g\",\"caption\":\"Comunica\u00e7\u00e3o PSOL\"}}]}<\/script>\n<!-- \/ Yoast SEO plugin. -->","yoast_head_json":{"title":"Professores e servidores em greve sofrem repress\u00e3o do governo estadual na Bahia","robots":{"index":"index","follow":"follow","max-snippet":"max-snippet:-1","max-image-preview":"max-image-preview:large","max-video-preview":"max-video-preview:-1"},"canonical":"https:\/\/psol50.org.br\/professores-e-servidores-em-greve-sofrem-repressao-do-governo-estadual-na-bahia\/","og_locale":"pt_BR","og_type":"article","og_title":"Professores e servidores em greve sofrem repress\u00e3o do governo na Bahia","og_description":"Parlamentares do PSOL foram ao local prestar solidariedade aos educadores.","og_url":"https:\/\/psol50.org.br\/professores-e-servidores-em-greve-sofrem-repressao-do-governo-estadual-na-bahia\/","og_site_name":"PSOL 50","article_publisher":"https:\/\/www.facebook.com\/psol50","article_published_time":"2019-06-06T19:28:22+00:00","og_image":[{"width":1280,"height":853,"url":"https:\/\/psol50.org.br\/inc\/uploads\/2019\/06\/Hilton.repressaoBahia.jpg","type":"image\/jpeg"}],"author":"Comunica\u00e7\u00e3o PSOL","twitter_card":"summary_large_image","twitter_title":"Professores e servidores em greve sofrem repress\u00e3o do governo na Bahia","twitter_description":"Parlamentares do PSOL foram ao local prestar solidariedade aos educadores.","twitter_image":"https:\/\/psol50.org.br\/inc\/uploads\/2019\/06\/Hilton.repressaoBahia.jpg","twitter_creator":"@psol50","twitter_site":"@psol50","twitter_misc":{"Escrito por":"Comunica\u00e7\u00e3o PSOL","Est. tempo de leitura":"2 minutos"},"schema":{"@context":"https:\/\/schema.org","@graph":[{"@type":"Article","@id":"https:\/\/psol50.org.br\/professores-e-servidores-em-greve-sofrem-repressao-do-governo-estadual-na-bahia\/#article","isPartOf":{"@id":"https:\/\/psol50.org.br\/professores-e-servidores-em-greve-sofrem-repressao-do-governo-estadual-na-bahia\/"},"author":{"name":"Comunica\u00e7\u00e3o PSOL","@id":"https:\/\/psol50.org.br\/#\/schema\/person\/475dfa57d0b815993c714c2e96491fcd"},"headline":"Professores e servidores em greve sofrem repress\u00e3o do governo estadual na Bahia","datePublished":"2019-06-06T19:28:22+00:00","mainEntityOfPage":{"@id":"https:\/\/psol50.org.br\/professores-e-servidores-em-greve-sofrem-repressao-do-governo-estadual-na-bahia\/"},"wordCount":455,"publisher":{"@id":"https:\/\/psol50.org.br\/#organization"},"image":{"@id":"https:\/\/psol50.org.br\/professores-e-servidores-em-greve-sofrem-repressao-do-governo-estadual-na-bahia\/#primaryimage"},"thumbnailUrl":"https:\/\/psol50.org.br\/inc\/uploads\/2019\/06\/Hilton.repressaoBahia.jpg","keywords":["Bahia","educadores","estaduais","greve","grevistas","pol\u00edcia","professores","PSOL","Repress\u00e3o","Rui Costa","universidades"],"articleSection":["Not\u00edcias"],"inLanguage":"pt-BR"},{"@type":"WebPage","@id":"https:\/\/psol50.org.br\/professores-e-servidores-em-greve-sofrem-repressao-do-governo-estadual-na-bahia\/","url":"https:\/\/psol50.org.br\/professores-e-servidores-em-greve-sofrem-repressao-do-governo-estadual-na-bahia\/","name":"Professores e servidores em greve sofrem repress\u00e3o do governo estadual na Bahia","isPartOf":{"@id":"https:\/\/psol50.org.br\/#website"},"primaryImageOfPage":{"@id":"https:\/\/psol50.org.br\/professores-e-servidores-em-greve-sofrem-repressao-do-governo-estadual-na-bahia\/#primaryimage"},"image":{"@id":"https:\/\/psol50.org.br\/professores-e-servidores-em-greve-sofrem-repressao-do-governo-estadual-na-bahia\/#primaryimage"},"thumbnailUrl":"https:\/\/psol50.org.br\/inc\/uploads\/2019\/06\/Hilton.repressaoBahia.jpg","datePublished":"2019-06-06T19:28:22+00:00","breadcrumb":{"@id":"https:\/\/psol50.org.br\/professores-e-servidores-em-greve-sofrem-repressao-do-governo-estadual-na-bahia\/#breadcrumb"},"inLanguage":"pt-BR","potentialAction":[{"@type":"ReadAction","target":["https:\/\/psol50.org.br\/professores-e-servidores-em-greve-sofrem-repressao-do-governo-estadual-na-bahia\/"]}]},{"@type":"ImageObject","inLanguage":"pt-BR","@id":"https:\/\/psol50.org.br\/professores-e-servidores-em-greve-sofrem-repressao-do-governo-estadual-na-bahia\/#primaryimage","url":"https:\/\/psol50.org.br\/inc\/uploads\/2019\/06\/Hilton.repressaoBahia.jpg","contentUrl":"https:\/\/psol50.org.br\/inc\/uploads\/2019\/06\/Hilton.repressaoBahia.jpg","width":1280,"height":853},{"@type":"BreadcrumbList","@id":"https:\/\/psol50.org.br\/professores-e-servidores-em-greve-sofrem-repressao-do-governo-estadual-na-bahia\/#breadcrumb","itemListElement":[{"@type":"ListItem","position":1,"name":"In\u00edcio","item":"https:\/\/psol50.org.br\/"},{"@type":"ListItem","position":2,"name":"Professores e servidores em greve sofrem repress\u00e3o do governo estadual na Bahia"}]},{"@type":"WebSite","@id":"https:\/\/psol50.org.br\/#website","url":"https:\/\/psol50.org.br\/","name":"PSOL 50","description":"Site oficial do Partido Socialismo e Liberdade","publisher":{"@id":"https:\/\/psol50.org.br\/#organization"},"alternateName":"PSOL50","potentialAction":[{"@type":"SearchAction","target":{"@type":"EntryPoint","urlTemplate":"https:\/\/psol50.org.br\/?s={search_term_string}"},"query-input":{"@type":"PropertyValueSpecification","valueRequired":true,"valueName":"search_term_string"}}],"inLanguage":"pt-BR"},{"@type":"Organization","@id":"https:\/\/psol50.org.br\/#organization","name":"PSOL 50","alternateName":"PSOL 50","url":"https:\/\/psol50.org.br\/","logo":{"@type":"ImageObject","inLanguage":"pt-BR","@id":"https:\/\/psol50.org.br\/#\/schema\/logo\/image\/","url":"https:\/\/psol50.org.br\/inc\/uploads\/2018\/07\/capa.png","contentUrl":"https:\/\/psol50.org.br\/inc\/uploads\/2018\/07\/capa.png","width":1350,"height":900,"caption":"PSOL 50"},"image":{"@id":"https:\/\/psol50.org.br\/#\/schema\/logo\/image\/"},"sameAs":["https:\/\/www.facebook.com\/psol50","https:\/\/x.com\/psol50","https:\/\/www.instagram.com\/psol50\/","https:\/\/www.youtube.com\/channel\/UC7SnJS5o1os7a6CaiNabzcg"]},{"@type":"Person","@id":"https:\/\/psol50.org.br\/#\/schema\/person\/475dfa57d0b815993c714c2e96491fcd","name":"Comunica\u00e7\u00e3o PSOL","image":{"@type":"ImageObject","inLanguage":"pt-BR","@id":"https:\/\/psol50.org.br\/#\/schema\/person\/image\/","url":"https:\/\/secure.gravatar.com\/avatar\/b34fc4f4e468a4e51785917065a3db57b841f5c95dba6ad8c73aaf8f66f8f9bf?s=96&d=mm&r=g","contentUrl":"https:\/\/secure.gravatar.com\/avatar\/b34fc4f4e468a4e51785917065a3db57b841f5c95dba6ad8c73aaf8f66f8f9bf?s=96&d=mm&r=g","caption":"Comunica\u00e7\u00e3o PSOL"}}]}},"_links":{"self":[{"href":"https:\/\/psol50.org.br\/rest\/wp\/v2\/posts\/25433","targetHints":{"allow":["GET"]}}],"collection":[{"href":"https:\/\/psol50.org.br\/rest\/wp\/v2\/posts"}],"about":[{"href":"https:\/\/psol50.org.br\/rest\/wp\/v2\/types\/post"}],"author":[{"embeddable":true,"href":"https:\/\/psol50.org.br\/rest\/wp\/v2\/users\/2"}],"replies":[{"embeddable":true,"href":"https:\/\/psol50.org.br\/rest\/wp\/v2\/comments?post=25433"}],"version-history":[{"count":0,"href":"https:\/\/psol50.org.br\/rest\/wp\/v2\/posts\/25433\/revisions"}],"wp:featuredmedia":[{"embeddable":true,"href":"https:\/\/psol50.org.br\/rest\/wp\/v2\/media\/25437"}],"wp:attachment":[{"href":"https:\/\/psol50.org.br\/rest\/wp\/v2\/media?parent=25433"}],"wp:term":[{"taxonomy":"category","embeddable":true,"href":"https:\/\/psol50.org.br\/rest\/wp\/v2\/categories?post=25433"},{"taxonomy":"post_tag","embeddable":true,"href":"https:\/\/psol50.org.br\/rest\/wp\/v2\/tags?post=25433"}],"curies":[{"name":"wp","href":"https:\/\/api.w.org\/{rel}","templated":true}]}}