{"id":25443,"date":"2019-06-07T11:50:36","date_gmt":"2019-06-07T14:50:36","guid":{"rendered":"http:\/\/psol50.org.br\/?p=25443"},"modified":"2019-06-07T11:50:36","modified_gmt":"2019-06-07T14:50:36","slug":"psol-e-contra-projeto-de-eduardo-bolsonaro-sobre-audiencias-de-custodia","status":"publish","type":"post","link":"https:\/\/psol50.org.br\/psol-e-contra-projeto-de-eduardo-bolsonaro-sobre-audiencias-de-custodia\/","title":{"rendered":"PSOL \u00e9 contra projeto de Eduardo Bolsonaro sobre audi\u00eancias de cust\u00f3dia"},"content":{"rendered":"<p>A deputada Tal\u00edria Petrone, integrante do PSOL na Comiss\u00e3o de Constitui\u00e7\u00e3o e Justi\u00e7a (CCJ) da C\u00e2mara dos Deputados, apresentou um voto em separado contra o projeto de decreto legislativo do deputado Eduardo Bolsonaro (PSL-SP) que pretende invalidar os efeitos da Resolu\u00e7\u00e3o n\u00ba 213 do Conselho Nacional de Justi\u00e7a (CNJ). Esta resolu\u00e7\u00e3o indica a necessidade de qualquer pessoa presa no Brasil ser apresentada \u00e0 autoridade judicial em no m\u00e1ximo 24 horas ap\u00f3s sua pris\u00e3o. O filho do presidente Jair Bolsonaro quer acabar com esta regra.<\/p>\n<p>O voto contr\u00e1rio tamb\u00e9m \u00e9 assinado por Marcelo Freixo (PSOL-RJ), suplente do partido na comiss\u00e3o. A resolu\u00e7\u00e3o do CNJ \u00e9 resultado de regulamenta\u00e7\u00e3o definida por liminar que est\u00e1 prevista na ADPF (Argui\u00e7\u00e3o de Descumprimento de Preceito Fundamental) n\u00ba 347, apresentada pelo PSOL e que trata de diversas irregularidades do sistema penitenci\u00e1rio brasileiro, especialmente sobre as audi\u00eancias de cust\u00f3dia.<\/p>\n<p>O projeto de Eduardo Bolsonaro pretende evitar que as pessoas presas sejam encaminhadas rapidamente a uma autoridade judicial. Com isso, aumentam as dificuldades em conferir a legalidade da pris\u00e3o e evitar pr\u00e1ticas de tortura e outras legalidades cometidas por policiais e outros agentes estatais.<\/p>\n<p>\u201cN\u00e3o se trata de inova\u00e7\u00e3o brasileira, mas de m\u00e9todo previsto na legisla\u00e7\u00e3o nacional da maior parte dos estados pertencentes \u00e0 Organiza\u00e7\u00e3o dos Estados \u2013 OEA\u201d, destaca o voto em separado do PSOL sobre a resolu\u00e7\u00e3o do CNJ.<\/p>\n","protected":false},"excerpt":{"rendered":"<p>A deputada Tal\u00edria Petrone, integrante do PSOL na Comiss\u00e3o de Constitui\u00e7\u00e3o e Justi\u00e7a (CCJ) da C\u00e2mara dos Deputados, apresentou um voto em separado contra o projeto de decreto legislativo do deputado Eduardo Bolsonaro (PSL-SP) que pretende invalidar os efeitos da Resolu\u00e7\u00e3o n\u00ba 213 do Conselho Nacional de Justi\u00e7a (CNJ). Esta resolu\u00e7\u00e3o indica a necessidade de [&hellip;]<\/p>\n","protected":false},"author":2,"featured_media":25444,"comment_status":"closed","ping_status":"open","sticky":false,"template":"","format":"standard","meta":{"_acf_changed":false,"footnotes":""},"categories":[6],"tags":[56,163,1375,1221,336,1860,1861,22,9],"class_list":{"0":"post-25443","1":"post","2":"type-post","3":"status-publish","4":"format-standard","5":"has-post-thumbnail","7":"category-noticias","8":"tag-bolsonaro","9":"tag-camara","10":"tag-ccj","11":"tag-cnj","12":"tag-eduardo","13":"tag-petrone","14":"tag-presos","15":"tag-psol","16":"tag-taliria"},"acf":[],"yoast_head":"<!-- This site is optimized with the Yoast SEO plugin v26.5 - https:\/\/yoast.com\/wordpress\/plugins\/seo\/ -->\n<title>PSOL \u00e9 contra projeto de Eduardo Bolsonaro sobre audi\u00eancias de cust\u00f3dia<\/title>\n<meta name=\"robots\" content=\"index, follow, max-snippet:-1, max-image-preview:large, max-video-preview:-1\" \/>\n<link rel=\"canonical\" href=\"https:\/\/psol50.org.br\/psol-e-contra-projeto-de-eduardo-bolsonaro-sobre-audiencias-de-custodia\/\" \/>\n<meta property=\"og:locale\" content=\"pt_BR\" \/>\n<meta property=\"og:type\" content=\"article\" \/>\n<meta property=\"og:title\" content=\"PSOL \u00e9 contra projeto de Eduardo Bolsonaro sobre audi\u00eancias de cust\u00f3dia\" \/>\n<meta property=\"og:description\" content=\"Filho do presidente quer evitar que pessoas presas tenham acesso \u00e0 Justi\u00e7a nas primeiras 24 horas\" \/>\n<meta property=\"og:url\" content=\"https:\/\/psol50.org.br\/psol-e-contra-projeto-de-eduardo-bolsonaro-sobre-audiencias-de-custodia\/\" \/>\n<meta property=\"og:site_name\" content=\"PSOL 50\" \/>\n<meta property=\"article:publisher\" content=\"https:\/\/www.facebook.com\/psol50\" \/>\n<meta property=\"article:published_time\" content=\"2019-06-07T14:50:36+00:00\" \/>\n<meta property=\"og:image\" content=\"https:\/\/psol50.org.br\/inc\/uploads\/2019\/06\/ccj.jpg\" \/>\n\t<meta property=\"og:image:width\" content=\"754\" \/>\n\t<meta property=\"og:image:height\" content=\"502\" \/>\n\t<meta property=\"og:image:type\" content=\"image\/jpeg\" \/>\n<meta name=\"author\" content=\"Comunica\u00e7\u00e3o PSOL\" \/>\n<meta name=\"twitter:card\" content=\"summary_large_image\" \/>\n<meta name=\"twitter:title\" content=\"PSOL \u00e9 contra projeto de Eduardo Bolsonaro sobre audi\u00eancias de cust\u00f3dia\" \/>\n<meta name=\"twitter:description\" content=\"Filho do presidente quer evitar que pessoas presas tenham acesso \u00e0 Justi\u00e7a nas primeiras 24 horas\" \/>\n<meta name=\"twitter:image\" content=\"https:\/\/psol50.org.br\/inc\/uploads\/2019\/06\/ccj.jpg\" \/>\n<meta name=\"twitter:creator\" content=\"@psol50\" \/>\n<meta name=\"twitter:site\" content=\"@psol50\" \/>\n<meta name=\"twitter:label1\" content=\"Escrito por\" \/>\n\t<meta name=\"twitter:data1\" content=\"Comunica\u00e7\u00e3o PSOL\" \/>\n\t<meta name=\"twitter:label2\" content=\"Est. tempo de leitura\" \/>\n\t<meta name=\"twitter:data2\" content=\"1 minuto\" \/>\n<script type=\"application\/ld+json\" class=\"yoast-schema-graph\">{\"@context\":\"https:\/\/schema.org\",\"@graph\":[{\"@type\":\"Article\",\"@id\":\"https:\/\/psol50.org.br\/psol-e-contra-projeto-de-eduardo-bolsonaro-sobre-audiencias-de-custodia\/#article\",\"isPartOf\":{\"@id\":\"https:\/\/psol50.org.br\/psol-e-contra-projeto-de-eduardo-bolsonaro-sobre-audiencias-de-custodia\/\"},\"author\":{\"name\":\"Comunica\u00e7\u00e3o PSOL\",\"@id\":\"https:\/\/psol50.org.br\/#\/schema\/person\/475dfa57d0b815993c714c2e96491fcd\"},\"headline\":\"PSOL \u00e9 contra projeto de Eduardo Bolsonaro sobre audi\u00eancias de cust\u00f3dia\",\"datePublished\":\"2019-06-07T14:50:36+00:00\",\"mainEntityOfPage\":{\"@id\":\"https:\/\/psol50.org.br\/psol-e-contra-projeto-de-eduardo-bolsonaro-sobre-audiencias-de-custodia\/\"},\"wordCount\":255,\"publisher\":{\"@id\":\"https:\/\/psol50.org.br\/#organization\"},\"image\":{\"@id\":\"https:\/\/psol50.org.br\/psol-e-contra-projeto-de-eduardo-bolsonaro-sobre-audiencias-de-custodia\/#primaryimage\"},\"thumbnailUrl\":\"https:\/\/psol50.org.br\/inc\/uploads\/2019\/06\/ccj.jpg\",\"keywords\":[\"Bolsonaro\",\"c\u00e2mara\",\"CCJ\",\"CNJ\",\"eduardo\",\"petrone\",\"presos\",\"PSOL\",\"tal\u00edria\"],\"articleSection\":[\"Not\u00edcias\"],\"inLanguage\":\"pt-BR\"},{\"@type\":\"WebPage\",\"@id\":\"https:\/\/psol50.org.br\/psol-e-contra-projeto-de-eduardo-bolsonaro-sobre-audiencias-de-custodia\/\",\"url\":\"https:\/\/psol50.org.br\/psol-e-contra-projeto-de-eduardo-bolsonaro-sobre-audiencias-de-custodia\/\",\"name\":\"PSOL \u00e9 contra projeto de Eduardo Bolsonaro sobre audi\u00eancias de cust\u00f3dia\",\"isPartOf\":{\"@id\":\"https:\/\/psol50.org.br\/#website\"},\"primaryImageOfPage\":{\"@id\":\"https:\/\/psol50.org.br\/psol-e-contra-projeto-de-eduardo-bolsonaro-sobre-audiencias-de-custodia\/#primaryimage\"},\"image\":{\"@id\":\"https:\/\/psol50.org.br\/psol-e-contra-projeto-de-eduardo-bolsonaro-sobre-audiencias-de-custodia\/#primaryimage\"},\"thumbnailUrl\":\"https:\/\/psol50.org.br\/inc\/uploads\/2019\/06\/ccj.jpg\",\"datePublished\":\"2019-06-07T14:50:36+00:00\",\"breadcrumb\":{\"@id\":\"https:\/\/psol50.org.br\/psol-e-contra-projeto-de-eduardo-bolsonaro-sobre-audiencias-de-custodia\/#breadcrumb\"},\"inLanguage\":\"pt-BR\",\"potentialAction\":[{\"@type\":\"ReadAction\",\"target\":[\"https:\/\/psol50.org.br\/psol-e-contra-projeto-de-eduardo-bolsonaro-sobre-audiencias-de-custodia\/\"]}]},{\"@type\":\"ImageObject\",\"inLanguage\":\"pt-BR\",\"@id\":\"https:\/\/psol50.org.br\/psol-e-contra-projeto-de-eduardo-bolsonaro-sobre-audiencias-de-custodia\/#primaryimage\",\"url\":\"https:\/\/psol50.org.br\/inc\/uploads\/2019\/06\/ccj.jpg\",\"contentUrl\":\"https:\/\/psol50.org.br\/inc\/uploads\/2019\/06\/ccj.jpg\",\"width\":754,\"height\":502,\"caption\":\"Fabio Rodrigues Pozzebom\/Ag\u00eancia Brasil\"},{\"@type\":\"BreadcrumbList\",\"@id\":\"https:\/\/psol50.org.br\/psol-e-contra-projeto-de-eduardo-bolsonaro-sobre-audiencias-de-custodia\/#breadcrumb\",\"itemListElement\":[{\"@type\":\"ListItem\",\"position\":1,\"name\":\"In\u00edcio\",\"item\":\"https:\/\/psol50.org.br\/\"},{\"@type\":\"ListItem\",\"position\":2,\"name\":\"PSOL \u00e9 contra projeto de Eduardo Bolsonaro sobre audi\u00eancias de cust\u00f3dia\"}]},{\"@type\":\"WebSite\",\"@id\":\"https:\/\/psol50.org.br\/#website\",\"url\":\"https:\/\/psol50.org.br\/\",\"name\":\"PSOL 50\",\"description\":\"Site oficial do Partido Socialismo e Liberdade\",\"publisher\":{\"@id\":\"https:\/\/psol50.org.br\/#organization\"},\"alternateName\":\"PSOL50\",\"potentialAction\":[{\"@type\":\"SearchAction\",\"target\":{\"@type\":\"EntryPoint\",\"urlTemplate\":\"https:\/\/psol50.org.br\/?s={search_term_string}\"},\"query-input\":{\"@type\":\"PropertyValueSpecification\",\"valueRequired\":true,\"valueName\":\"search_term_string\"}}],\"inLanguage\":\"pt-BR\"},{\"@type\":\"Organization\",\"@id\":\"https:\/\/psol50.org.br\/#organization\",\"name\":\"PSOL 50\",\"alternateName\":\"PSOL 50\",\"url\":\"https:\/\/psol50.org.br\/\",\"logo\":{\"@type\":\"ImageObject\",\"inLanguage\":\"pt-BR\",\"@id\":\"https:\/\/psol50.org.br\/#\/schema\/logo\/image\/\",\"url\":\"https:\/\/psol50.org.br\/inc\/uploads\/2018\/07\/capa.png\",\"contentUrl\":\"https:\/\/psol50.org.br\/inc\/uploads\/2018\/07\/capa.png\",\"width\":1350,\"height\":900,\"caption\":\"PSOL 50\"},\"image\":{\"@id\":\"https:\/\/psol50.org.br\/#\/schema\/logo\/image\/\"},\"sameAs\":[\"https:\/\/www.facebook.com\/psol50\",\"https:\/\/x.com\/psol50\",\"https:\/\/www.instagram.com\/psol50\/\",\"https:\/\/www.youtube.com\/channel\/UC7SnJS5o1os7a6CaiNabzcg\"]},{\"@type\":\"Person\",\"@id\":\"https:\/\/psol50.org.br\/#\/schema\/person\/475dfa57d0b815993c714c2e96491fcd\",\"name\":\"Comunica\u00e7\u00e3o PSOL\",\"image\":{\"@type\":\"ImageObject\",\"inLanguage\":\"pt-BR\",\"@id\":\"https:\/\/psol50.org.br\/#\/schema\/person\/image\/\",\"url\":\"https:\/\/secure.gravatar.com\/avatar\/b34fc4f4e468a4e51785917065a3db57b841f5c95dba6ad8c73aaf8f66f8f9bf?s=96&d=mm&r=g\",\"contentUrl\":\"https:\/\/secure.gravatar.com\/avatar\/b34fc4f4e468a4e51785917065a3db57b841f5c95dba6ad8c73aaf8f66f8f9bf?s=96&d=mm&r=g\",\"caption\":\"Comunica\u00e7\u00e3o PSOL\"}}]}<\/script>\n<!-- \/ Yoast SEO plugin. -->","yoast_head_json":{"title":"PSOL \u00e9 contra projeto de Eduardo Bolsonaro sobre audi\u00eancias de cust\u00f3dia","robots":{"index":"index","follow":"follow","max-snippet":"max-snippet:-1","max-image-preview":"max-image-preview:large","max-video-preview":"max-video-preview:-1"},"canonical":"https:\/\/psol50.org.br\/psol-e-contra-projeto-de-eduardo-bolsonaro-sobre-audiencias-de-custodia\/","og_locale":"pt_BR","og_type":"article","og_title":"PSOL \u00e9 contra projeto de Eduardo Bolsonaro sobre audi\u00eancias de cust\u00f3dia","og_description":"Filho do presidente quer evitar que pessoas presas tenham acesso \u00e0 Justi\u00e7a nas primeiras 24 horas","og_url":"https:\/\/psol50.org.br\/psol-e-contra-projeto-de-eduardo-bolsonaro-sobre-audiencias-de-custodia\/","og_site_name":"PSOL 50","article_publisher":"https:\/\/www.facebook.com\/psol50","article_published_time":"2019-06-07T14:50:36+00:00","og_image":[{"width":754,"height":502,"url":"https:\/\/psol50.org.br\/inc\/uploads\/2019\/06\/ccj.jpg","type":"image\/jpeg"}],"author":"Comunica\u00e7\u00e3o PSOL","twitter_card":"summary_large_image","twitter_title":"PSOL \u00e9 contra projeto de Eduardo Bolsonaro sobre audi\u00eancias de cust\u00f3dia","twitter_description":"Filho do presidente quer evitar que pessoas presas tenham acesso \u00e0 Justi\u00e7a nas primeiras 24 horas","twitter_image":"https:\/\/psol50.org.br\/inc\/uploads\/2019\/06\/ccj.jpg","twitter_creator":"@psol50","twitter_site":"@psol50","twitter_misc":{"Escrito por":"Comunica\u00e7\u00e3o PSOL","Est. tempo de leitura":"1 minuto"},"schema":{"@context":"https:\/\/schema.org","@graph":[{"@type":"Article","@id":"https:\/\/psol50.org.br\/psol-e-contra-projeto-de-eduardo-bolsonaro-sobre-audiencias-de-custodia\/#article","isPartOf":{"@id":"https:\/\/psol50.org.br\/psol-e-contra-projeto-de-eduardo-bolsonaro-sobre-audiencias-de-custodia\/"},"author":{"name":"Comunica\u00e7\u00e3o PSOL","@id":"https:\/\/psol50.org.br\/#\/schema\/person\/475dfa57d0b815993c714c2e96491fcd"},"headline":"PSOL \u00e9 contra projeto de Eduardo Bolsonaro sobre audi\u00eancias de cust\u00f3dia","datePublished":"2019-06-07T14:50:36+00:00","mainEntityOfPage":{"@id":"https:\/\/psol50.org.br\/psol-e-contra-projeto-de-eduardo-bolsonaro-sobre-audiencias-de-custodia\/"},"wordCount":255,"publisher":{"@id":"https:\/\/psol50.org.br\/#organization"},"image":{"@id":"https:\/\/psol50.org.br\/psol-e-contra-projeto-de-eduardo-bolsonaro-sobre-audiencias-de-custodia\/#primaryimage"},"thumbnailUrl":"https:\/\/psol50.org.br\/inc\/uploads\/2019\/06\/ccj.jpg","keywords":["Bolsonaro","c\u00e2mara","CCJ","CNJ","eduardo","petrone","presos","PSOL","tal\u00edria"],"articleSection":["Not\u00edcias"],"inLanguage":"pt-BR"},{"@type":"WebPage","@id":"https:\/\/psol50.org.br\/psol-e-contra-projeto-de-eduardo-bolsonaro-sobre-audiencias-de-custodia\/","url":"https:\/\/psol50.org.br\/psol-e-contra-projeto-de-eduardo-bolsonaro-sobre-audiencias-de-custodia\/","name":"PSOL \u00e9 contra projeto de Eduardo Bolsonaro sobre audi\u00eancias de cust\u00f3dia","isPartOf":{"@id":"https:\/\/psol50.org.br\/#website"},"primaryImageOfPage":{"@id":"https:\/\/psol50.org.br\/psol-e-contra-projeto-de-eduardo-bolsonaro-sobre-audiencias-de-custodia\/#primaryimage"},"image":{"@id":"https:\/\/psol50.org.br\/psol-e-contra-projeto-de-eduardo-bolsonaro-sobre-audiencias-de-custodia\/#primaryimage"},"thumbnailUrl":"https:\/\/psol50.org.br\/inc\/uploads\/2019\/06\/ccj.jpg","datePublished":"2019-06-07T14:50:36+00:00","breadcrumb":{"@id":"https:\/\/psol50.org.br\/psol-e-contra-projeto-de-eduardo-bolsonaro-sobre-audiencias-de-custodia\/#breadcrumb"},"inLanguage":"pt-BR","potentialAction":[{"@type":"ReadAction","target":["https:\/\/psol50.org.br\/psol-e-contra-projeto-de-eduardo-bolsonaro-sobre-audiencias-de-custodia\/"]}]},{"@type":"ImageObject","inLanguage":"pt-BR","@id":"https:\/\/psol50.org.br\/psol-e-contra-projeto-de-eduardo-bolsonaro-sobre-audiencias-de-custodia\/#primaryimage","url":"https:\/\/psol50.org.br\/inc\/uploads\/2019\/06\/ccj.jpg","contentUrl":"https:\/\/psol50.org.br\/inc\/uploads\/2019\/06\/ccj.jpg","width":754,"height":502,"caption":"Fabio Rodrigues Pozzebom\/Ag\u00eancia Brasil"},{"@type":"BreadcrumbList","@id":"https:\/\/psol50.org.br\/psol-e-contra-projeto-de-eduardo-bolsonaro-sobre-audiencias-de-custodia\/#breadcrumb","itemListElement":[{"@type":"ListItem","position":1,"name":"In\u00edcio","item":"https:\/\/psol50.org.br\/"},{"@type":"ListItem","position":2,"name":"PSOL \u00e9 contra projeto de Eduardo Bolsonaro sobre audi\u00eancias de cust\u00f3dia"}]},{"@type":"WebSite","@id":"https:\/\/psol50.org.br\/#website","url":"https:\/\/psol50.org.br\/","name":"PSOL 50","description":"Site oficial do Partido Socialismo e Liberdade","publisher":{"@id":"https:\/\/psol50.org.br\/#organization"},"alternateName":"PSOL50","potentialAction":[{"@type":"SearchAction","target":{"@type":"EntryPoint","urlTemplate":"https:\/\/psol50.org.br\/?s={search_term_string}"},"query-input":{"@type":"PropertyValueSpecification","valueRequired":true,"valueName":"search_term_string"}}],"inLanguage":"pt-BR"},{"@type":"Organization","@id":"https:\/\/psol50.org.br\/#organization","name":"PSOL 50","alternateName":"PSOL 50","url":"https:\/\/psol50.org.br\/","logo":{"@type":"ImageObject","inLanguage":"pt-BR","@id":"https:\/\/psol50.org.br\/#\/schema\/logo\/image\/","url":"https:\/\/psol50.org.br\/inc\/uploads\/2018\/07\/capa.png","contentUrl":"https:\/\/psol50.org.br\/inc\/uploads\/2018\/07\/capa.png","width":1350,"height":900,"caption":"PSOL 50"},"image":{"@id":"https:\/\/psol50.org.br\/#\/schema\/logo\/image\/"},"sameAs":["https:\/\/www.facebook.com\/psol50","https:\/\/x.com\/psol50","https:\/\/www.instagram.com\/psol50\/","https:\/\/www.youtube.com\/channel\/UC7SnJS5o1os7a6CaiNabzcg"]},{"@type":"Person","@id":"https:\/\/psol50.org.br\/#\/schema\/person\/475dfa57d0b815993c714c2e96491fcd","name":"Comunica\u00e7\u00e3o PSOL","image":{"@type":"ImageObject","inLanguage":"pt-BR","@id":"https:\/\/psol50.org.br\/#\/schema\/person\/image\/","url":"https:\/\/secure.gravatar.com\/avatar\/b34fc4f4e468a4e51785917065a3db57b841f5c95dba6ad8c73aaf8f66f8f9bf?s=96&d=mm&r=g","contentUrl":"https:\/\/secure.gravatar.com\/avatar\/b34fc4f4e468a4e51785917065a3db57b841f5c95dba6ad8c73aaf8f66f8f9bf?s=96&d=mm&r=g","caption":"Comunica\u00e7\u00e3o PSOL"}}]}},"_links":{"self":[{"href":"https:\/\/psol50.org.br\/rest\/wp\/v2\/posts\/25443","targetHints":{"allow":["GET"]}}],"collection":[{"href":"https:\/\/psol50.org.br\/rest\/wp\/v2\/posts"}],"about":[{"href":"https:\/\/psol50.org.br\/rest\/wp\/v2\/types\/post"}],"author":[{"embeddable":true,"href":"https:\/\/psol50.org.br\/rest\/wp\/v2\/users\/2"}],"replies":[{"embeddable":true,"href":"https:\/\/psol50.org.br\/rest\/wp\/v2\/comments?post=25443"}],"version-history":[{"count":0,"href":"https:\/\/psol50.org.br\/rest\/wp\/v2\/posts\/25443\/revisions"}],"wp:featuredmedia":[{"embeddable":true,"href":"https:\/\/psol50.org.br\/rest\/wp\/v2\/media\/25444"}],"wp:attachment":[{"href":"https:\/\/psol50.org.br\/rest\/wp\/v2\/media?parent=25443"}],"wp:term":[{"taxonomy":"category","embeddable":true,"href":"https:\/\/psol50.org.br\/rest\/wp\/v2\/categories?post=25443"},{"taxonomy":"post_tag","embeddable":true,"href":"https:\/\/psol50.org.br\/rest\/wp\/v2\/tags?post=25443"}],"curies":[{"name":"wp","href":"https:\/\/api.w.org\/{rel}","templated":true}]}}