{"id":25456,"date":"2019-06-10T17:12:57","date_gmt":"2019-06-10T20:12:57","guid":{"rendered":"http:\/\/psol50.org.br\/?p=25456"},"modified":"2019-06-10T17:12:57","modified_gmt":"2019-06-10T20:12:57","slug":"nota-do-psol-sobre-a-colaboracao-entre-os-procuradores-da-lava-jato-e-o-ex-juiz-sergio-moro","status":"publish","type":"post","link":"https:\/\/psol50.org.br\/nota-do-psol-sobre-a-colaboracao-entre-os-procuradores-da-lava-jato-e-o-ex-juiz-sergio-moro\/","title":{"rendered":"Nota do PSOL sobre a colabora\u00e7\u00e3o entre os procuradores da Lava Jato e o ex-juiz S\u00e9rgio Moro"},"content":{"rendered":"<p>A divulga\u00e7\u00e3o das mensagens entre os procuradores da For\u00e7a Tarefa da Lava Jato e o ex-juiz S\u00e9rgio Moro, reveladas pelo portal The Intercept, desnudou grav\u00edssimas irregularidades jur\u00eddicas e abusos da opera\u00e7\u00e3o Lava Jato. Trata-se de uma coopera\u00e7\u00e3o entre o juiz e os procuradores que viola preceitos do Estado Democr\u00e1tico de Direito. O conte\u00fado que veio a p\u00fablico no dia de ontem (9) coloca em xeque o respeito ao devido processo legal, a imparcialidade e equidist\u00e2ncia do juiz diante de acusadores e acusado e a pr\u00f3pria separa\u00e7\u00e3o entre os Poderes. As provas atestam claramente que S\u00e9rgio Moro e os Procuradores de Curitiba atuaram politicamente, com interesse expl\u00edcito de interferir no processo eleitoral de 2018.<\/p>\n<p>O PSOL sempre foi um partido incondicionalmente comprometido com a luta contra a corrup\u00e7\u00e3o. Mas tamb\u00e9m defendemos as liberdades democr\u00e1ticas e o devido processo legal. Est\u00e1 mais n\u00edtido do que nunca que a bandeira contra a corrup\u00e7\u00e3o foi instrumentalizada atrav\u00e9s da Opera\u00e7\u00e3o Lava Jato por um setor do poder Judici\u00e1rio cujos interesses eram evidentemente pol\u00edticos.<\/p>\n<p>S\u00e9rgio Moro est\u00e1 \u00e0 frente do Minist\u00e9rio da Justi\u00e7a no Governo Bolsonaro como pr\u00eamio pelos servi\u00e7os prestados. Sua atua\u00e7\u00e3o foi decisiva para a exist\u00eancia deste governo de extrema-direita. Al\u00e9m disso, o pr\u00f3prio presidente mencionou um compromisso de indica\u00e7\u00e3o do ex-juiz ao STF. As den\u00fancias que recaem sobre Moro do ponto de vista \u00e9tico e moral o impedem de ficar em um cargo de tamanha import\u00e2ncia na Rep\u00fablica. Por isso exigimos a sua imediata demiss\u00e3o do Minist\u00e9rio da Justi\u00e7a. Estamos trabalhando com os demais partidos de oposi\u00e7\u00e3o medidas jur\u00eddicas e pol\u00edticas para que se apure a fundo as ilegalidades da Lava Jato e j\u00e1 convocamos Moro para prestar explica\u00e7\u00f5es na C\u00e2mara dos Deputados. E apoiaremos de todas as formas o trabalho s\u00e9rio e independente do The Intercept, reconhecido internacionalmente.<\/p>\n<p>Da mesma forma, \u00e9 urgente que sejam revistas pela justi\u00e7a as condena\u00e7\u00f5es que foram fruto dos abusos cometidos pelos procuradores da Lava Jato e S\u00e9rgio Moro, especialmente a revis\u00e3o da condena\u00e7\u00e3o de Lula com a sua imediata liberta\u00e7\u00e3o.<\/p>\n<p>Executiva Nacional do PSOL<br \/>\n10 de junho de 2019<\/p>\n","protected":false},"excerpt":{"rendered":"<p>A divulga\u00e7\u00e3o das mensagens entre os procuradores da For\u00e7a Tarefa da Lava Jato e o ex-juiz S\u00e9rgio Moro, reveladas pelo portal The Intercept, desnudou grav\u00edssimas irregularidades jur\u00eddicas e abusos da opera\u00e7\u00e3o Lava Jato. Trata-se de uma coopera\u00e7\u00e3o entre o juiz e os procuradores que viola preceitos do Estado Democr\u00e1tico de Direito. O conte\u00fado que veio [&hellip;]<\/p>\n","protected":false},"author":2,"featured_media":24774,"comment_status":"closed","ping_status":"open","sticky":false,"template":"","format":"standard","meta":{"_acf_changed":false,"footnotes":""},"categories":[20,6],"tags":[1866,1867,1868,1869,976,177,19,22,1870],"class_list":{"0":"post-25456","1":"post","2":"type-post","3":"status-publish","4":"format-standard","5":"has-post-thumbnail","7":"category-notas","8":"category-noticias","9":"tag-curitiba","10":"tag-glenn","11":"tag-greenwald","12":"tag-intercept","13":"tag-lava-jato","14":"tag-moro","15":"tag-nota","16":"tag-psol","17":"tag-vaza-jato"},"acf":[],"yoast_head":"<!-- This site is optimized with the Yoast SEO plugin v26.5 - https:\/\/yoast.com\/wordpress\/plugins\/seo\/ -->\n<title>Nota do PSOL sobre a colabora\u00e7\u00e3o entre os procuradores da Lava Jato e o ex-juiz S\u00e9rgio Moro<\/title>\n<meta name=\"robots\" content=\"index, follow, max-snippet:-1, max-image-preview:large, max-video-preview:-1\" \/>\n<link rel=\"canonical\" href=\"https:\/\/psol50.org.br\/nota-do-psol-sobre-a-colaboracao-entre-os-procuradores-da-lava-jato-e-o-ex-juiz-sergio-moro\/\" \/>\n<meta property=\"og:locale\" content=\"pt_BR\" \/>\n<meta property=\"og:type\" content=\"article\" \/>\n<meta property=\"og:title\" content=\"Nota do PSOL sobre a colabora\u00e7\u00e3o entre procuradores da Lava Jato e S\u00e9rgio Moro\" \/>\n<meta property=\"og:description\" content=\"Exigimos a imediata demiss\u00e3o do ex-juiz do Minist\u00e9rio da Justi\u00e7a.\" \/>\n<meta property=\"og:url\" content=\"https:\/\/psol50.org.br\/nota-do-psol-sobre-a-colaboracao-entre-os-procuradores-da-lava-jato-e-o-ex-juiz-sergio-moro\/\" \/>\n<meta property=\"og:site_name\" content=\"PSOL 50\" \/>\n<meta property=\"article:publisher\" content=\"https:\/\/www.facebook.com\/psol50\" \/>\n<meta property=\"article:published_time\" content=\"2019-06-10T20:12:57+00:00\" \/>\n<meta property=\"og:image\" content=\"https:\/\/psol50.org.br\/inc\/uploads\/2019\/04\/capa-546x365-2.png\" \/>\n\t<meta property=\"og:image:width\" content=\"546\" \/>\n\t<meta property=\"og:image:height\" content=\"365\" \/>\n\t<meta property=\"og:image:type\" content=\"image\/png\" \/>\n<meta name=\"author\" content=\"Comunica\u00e7\u00e3o PSOL\" \/>\n<meta name=\"twitter:card\" content=\"summary_large_image\" \/>\n<meta name=\"twitter:title\" content=\"#VazaJato: Leia a nota do PSOL\" \/>\n<meta name=\"twitter:description\" content=\"The Intercept divulgou colabora\u00e7\u00e3o entre procuradores da Lava Jato e S\u00e9rgio Moro.\" \/>\n<meta name=\"twitter:image\" content=\"https:\/\/psol50.org.br\/inc\/uploads\/2019\/04\/capa-546x365-2.png\" \/>\n<meta name=\"twitter:creator\" content=\"@psol50\" \/>\n<meta name=\"twitter:site\" content=\"@psol50\" \/>\n<meta name=\"twitter:label1\" content=\"Escrito por\" \/>\n\t<meta name=\"twitter:data1\" content=\"Comunica\u00e7\u00e3o PSOL\" \/>\n\t<meta name=\"twitter:label2\" content=\"Est. tempo de leitura\" \/>\n\t<meta name=\"twitter:data2\" content=\"2 minutos\" \/>\n<script type=\"application\/ld+json\" class=\"yoast-schema-graph\">{\"@context\":\"https:\/\/schema.org\",\"@graph\":[{\"@type\":\"Article\",\"@id\":\"https:\/\/psol50.org.br\/nota-do-psol-sobre-a-colaboracao-entre-os-procuradores-da-lava-jato-e-o-ex-juiz-sergio-moro\/#article\",\"isPartOf\":{\"@id\":\"https:\/\/psol50.org.br\/nota-do-psol-sobre-a-colaboracao-entre-os-procuradores-da-lava-jato-e-o-ex-juiz-sergio-moro\/\"},\"author\":{\"name\":\"Comunica\u00e7\u00e3o PSOL\",\"@id\":\"https:\/\/psol50.org.br\/#\/schema\/person\/475dfa57d0b815993c714c2e96491fcd\"},\"headline\":\"Nota do PSOL sobre a colabora\u00e7\u00e3o entre os procuradores da Lava Jato e o ex-juiz S\u00e9rgio Moro\",\"datePublished\":\"2019-06-10T20:12:57+00:00\",\"mainEntityOfPage\":{\"@id\":\"https:\/\/psol50.org.br\/nota-do-psol-sobre-a-colaboracao-entre-os-procuradores-da-lava-jato-e-o-ex-juiz-sergio-moro\/\"},\"wordCount\":408,\"publisher\":{\"@id\":\"https:\/\/psol50.org.br\/#organization\"},\"image\":{\"@id\":\"https:\/\/psol50.org.br\/nota-do-psol-sobre-a-colaboracao-entre-os-procuradores-da-lava-jato-e-o-ex-juiz-sergio-moro\/#primaryimage\"},\"thumbnailUrl\":\"https:\/\/psol50.org.br\/inc\/uploads\/2019\/04\/capa-546x365-2.png\",\"keywords\":[\"Curitiba\",\"glenn\",\"greenwald\",\"Intercept\",\"Lava Jato\",\"Moro\",\"nota\",\"PSOL\",\"vaza jato\"],\"articleSection\":[\"Notas\",\"Not\u00edcias\"],\"inLanguage\":\"pt-BR\"},{\"@type\":\"WebPage\",\"@id\":\"https:\/\/psol50.org.br\/nota-do-psol-sobre-a-colaboracao-entre-os-procuradores-da-lava-jato-e-o-ex-juiz-sergio-moro\/\",\"url\":\"https:\/\/psol50.org.br\/nota-do-psol-sobre-a-colaboracao-entre-os-procuradores-da-lava-jato-e-o-ex-juiz-sergio-moro\/\",\"name\":\"Nota do PSOL sobre a colabora\u00e7\u00e3o entre os procuradores da Lava Jato e o ex-juiz S\u00e9rgio Moro\",\"isPartOf\":{\"@id\":\"https:\/\/psol50.org.br\/#website\"},\"primaryImageOfPage\":{\"@id\":\"https:\/\/psol50.org.br\/nota-do-psol-sobre-a-colaboracao-entre-os-procuradores-da-lava-jato-e-o-ex-juiz-sergio-moro\/#primaryimage\"},\"image\":{\"@id\":\"https:\/\/psol50.org.br\/nota-do-psol-sobre-a-colaboracao-entre-os-procuradores-da-lava-jato-e-o-ex-juiz-sergio-moro\/#primaryimage\"},\"thumbnailUrl\":\"https:\/\/psol50.org.br\/inc\/uploads\/2019\/04\/capa-546x365-2.png\",\"datePublished\":\"2019-06-10T20:12:57+00:00\",\"breadcrumb\":{\"@id\":\"https:\/\/psol50.org.br\/nota-do-psol-sobre-a-colaboracao-entre-os-procuradores-da-lava-jato-e-o-ex-juiz-sergio-moro\/#breadcrumb\"},\"inLanguage\":\"pt-BR\",\"potentialAction\":[{\"@type\":\"ReadAction\",\"target\":[\"https:\/\/psol50.org.br\/nota-do-psol-sobre-a-colaboracao-entre-os-procuradores-da-lava-jato-e-o-ex-juiz-sergio-moro\/\"]}]},{\"@type\":\"ImageObject\",\"inLanguage\":\"pt-BR\",\"@id\":\"https:\/\/psol50.org.br\/nota-do-psol-sobre-a-colaboracao-entre-os-procuradores-da-lava-jato-e-o-ex-juiz-sergio-moro\/#primaryimage\",\"url\":\"https:\/\/psol50.org.br\/inc\/uploads\/2019\/04\/capa-546x365-2.png\",\"contentUrl\":\"https:\/\/psol50.org.br\/inc\/uploads\/2019\/04\/capa-546x365-2.png\",\"width\":546,\"height\":365},{\"@type\":\"BreadcrumbList\",\"@id\":\"https:\/\/psol50.org.br\/nota-do-psol-sobre-a-colaboracao-entre-os-procuradores-da-lava-jato-e-o-ex-juiz-sergio-moro\/#breadcrumb\",\"itemListElement\":[{\"@type\":\"ListItem\",\"position\":1,\"name\":\"In\u00edcio\",\"item\":\"https:\/\/psol50.org.br\/\"},{\"@type\":\"ListItem\",\"position\":2,\"name\":\"Nota do PSOL sobre a colabora\u00e7\u00e3o entre os procuradores da Lava Jato e o ex-juiz S\u00e9rgio Moro\"}]},{\"@type\":\"WebSite\",\"@id\":\"https:\/\/psol50.org.br\/#website\",\"url\":\"https:\/\/psol50.org.br\/\",\"name\":\"PSOL 50\",\"description\":\"Site oficial do Partido Socialismo e Liberdade\",\"publisher\":{\"@id\":\"https:\/\/psol50.org.br\/#organization\"},\"alternateName\":\"PSOL50\",\"potentialAction\":[{\"@type\":\"SearchAction\",\"target\":{\"@type\":\"EntryPoint\",\"urlTemplate\":\"https:\/\/psol50.org.br\/?s={search_term_string}\"},\"query-input\":{\"@type\":\"PropertyValueSpecification\",\"valueRequired\":true,\"valueName\":\"search_term_string\"}}],\"inLanguage\":\"pt-BR\"},{\"@type\":\"Organization\",\"@id\":\"https:\/\/psol50.org.br\/#organization\",\"name\":\"PSOL 50\",\"alternateName\":\"PSOL 50\",\"url\":\"https:\/\/psol50.org.br\/\",\"logo\":{\"@type\":\"ImageObject\",\"inLanguage\":\"pt-BR\",\"@id\":\"https:\/\/psol50.org.br\/#\/schema\/logo\/image\/\",\"url\":\"https:\/\/psol50.org.br\/inc\/uploads\/2018\/07\/capa.png\",\"contentUrl\":\"https:\/\/psol50.org.br\/inc\/uploads\/2018\/07\/capa.png\",\"width\":1350,\"height\":900,\"caption\":\"PSOL 50\"},\"image\":{\"@id\":\"https:\/\/psol50.org.br\/#\/schema\/logo\/image\/\"},\"sameAs\":[\"https:\/\/www.facebook.com\/psol50\",\"https:\/\/x.com\/psol50\",\"https:\/\/www.instagram.com\/psol50\/\",\"https:\/\/www.youtube.com\/channel\/UC7SnJS5o1os7a6CaiNabzcg\"]},{\"@type\":\"Person\",\"@id\":\"https:\/\/psol50.org.br\/#\/schema\/person\/475dfa57d0b815993c714c2e96491fcd\",\"name\":\"Comunica\u00e7\u00e3o PSOL\",\"image\":{\"@type\":\"ImageObject\",\"inLanguage\":\"pt-BR\",\"@id\":\"https:\/\/psol50.org.br\/#\/schema\/person\/image\/\",\"url\":\"https:\/\/secure.gravatar.com\/avatar\/b34fc4f4e468a4e51785917065a3db57b841f5c95dba6ad8c73aaf8f66f8f9bf?s=96&d=mm&r=g\",\"contentUrl\":\"https:\/\/secure.gravatar.com\/avatar\/b34fc4f4e468a4e51785917065a3db57b841f5c95dba6ad8c73aaf8f66f8f9bf?s=96&d=mm&r=g\",\"caption\":\"Comunica\u00e7\u00e3o PSOL\"}}]}<\/script>\n<!-- \/ Yoast SEO plugin. -->","yoast_head_json":{"title":"Nota do PSOL sobre a colabora\u00e7\u00e3o entre os procuradores da Lava Jato e o ex-juiz S\u00e9rgio Moro","robots":{"index":"index","follow":"follow","max-snippet":"max-snippet:-1","max-image-preview":"max-image-preview:large","max-video-preview":"max-video-preview:-1"},"canonical":"https:\/\/psol50.org.br\/nota-do-psol-sobre-a-colaboracao-entre-os-procuradores-da-lava-jato-e-o-ex-juiz-sergio-moro\/","og_locale":"pt_BR","og_type":"article","og_title":"Nota do PSOL sobre a colabora\u00e7\u00e3o entre procuradores da Lava Jato e S\u00e9rgio Moro","og_description":"Exigimos a imediata demiss\u00e3o do ex-juiz do Minist\u00e9rio da Justi\u00e7a.","og_url":"https:\/\/psol50.org.br\/nota-do-psol-sobre-a-colaboracao-entre-os-procuradores-da-lava-jato-e-o-ex-juiz-sergio-moro\/","og_site_name":"PSOL 50","article_publisher":"https:\/\/www.facebook.com\/psol50","article_published_time":"2019-06-10T20:12:57+00:00","og_image":[{"width":546,"height":365,"url":"https:\/\/psol50.org.br\/inc\/uploads\/2019\/04\/capa-546x365-2.png","type":"image\/png"}],"author":"Comunica\u00e7\u00e3o PSOL","twitter_card":"summary_large_image","twitter_title":"#VazaJato: Leia a nota do PSOL","twitter_description":"The Intercept divulgou colabora\u00e7\u00e3o entre procuradores da Lava Jato e S\u00e9rgio Moro.","twitter_image":"https:\/\/psol50.org.br\/inc\/uploads\/2019\/04\/capa-546x365-2.png","twitter_creator":"@psol50","twitter_site":"@psol50","twitter_misc":{"Escrito por":"Comunica\u00e7\u00e3o PSOL","Est. tempo de leitura":"2 minutos"},"schema":{"@context":"https:\/\/schema.org","@graph":[{"@type":"Article","@id":"https:\/\/psol50.org.br\/nota-do-psol-sobre-a-colaboracao-entre-os-procuradores-da-lava-jato-e-o-ex-juiz-sergio-moro\/#article","isPartOf":{"@id":"https:\/\/psol50.org.br\/nota-do-psol-sobre-a-colaboracao-entre-os-procuradores-da-lava-jato-e-o-ex-juiz-sergio-moro\/"},"author":{"name":"Comunica\u00e7\u00e3o PSOL","@id":"https:\/\/psol50.org.br\/#\/schema\/person\/475dfa57d0b815993c714c2e96491fcd"},"headline":"Nota do PSOL sobre a colabora\u00e7\u00e3o entre os procuradores da Lava Jato e o ex-juiz S\u00e9rgio Moro","datePublished":"2019-06-10T20:12:57+00:00","mainEntityOfPage":{"@id":"https:\/\/psol50.org.br\/nota-do-psol-sobre-a-colaboracao-entre-os-procuradores-da-lava-jato-e-o-ex-juiz-sergio-moro\/"},"wordCount":408,"publisher":{"@id":"https:\/\/psol50.org.br\/#organization"},"image":{"@id":"https:\/\/psol50.org.br\/nota-do-psol-sobre-a-colaboracao-entre-os-procuradores-da-lava-jato-e-o-ex-juiz-sergio-moro\/#primaryimage"},"thumbnailUrl":"https:\/\/psol50.org.br\/inc\/uploads\/2019\/04\/capa-546x365-2.png","keywords":["Curitiba","glenn","greenwald","Intercept","Lava Jato","Moro","nota","PSOL","vaza jato"],"articleSection":["Notas","Not\u00edcias"],"inLanguage":"pt-BR"},{"@type":"WebPage","@id":"https:\/\/psol50.org.br\/nota-do-psol-sobre-a-colaboracao-entre-os-procuradores-da-lava-jato-e-o-ex-juiz-sergio-moro\/","url":"https:\/\/psol50.org.br\/nota-do-psol-sobre-a-colaboracao-entre-os-procuradores-da-lava-jato-e-o-ex-juiz-sergio-moro\/","name":"Nota do PSOL sobre a colabora\u00e7\u00e3o entre os procuradores da Lava Jato e o ex-juiz S\u00e9rgio Moro","isPartOf":{"@id":"https:\/\/psol50.org.br\/#website"},"primaryImageOfPage":{"@id":"https:\/\/psol50.org.br\/nota-do-psol-sobre-a-colaboracao-entre-os-procuradores-da-lava-jato-e-o-ex-juiz-sergio-moro\/#primaryimage"},"image":{"@id":"https:\/\/psol50.org.br\/nota-do-psol-sobre-a-colaboracao-entre-os-procuradores-da-lava-jato-e-o-ex-juiz-sergio-moro\/#primaryimage"},"thumbnailUrl":"https:\/\/psol50.org.br\/inc\/uploads\/2019\/04\/capa-546x365-2.png","datePublished":"2019-06-10T20:12:57+00:00","breadcrumb":{"@id":"https:\/\/psol50.org.br\/nota-do-psol-sobre-a-colaboracao-entre-os-procuradores-da-lava-jato-e-o-ex-juiz-sergio-moro\/#breadcrumb"},"inLanguage":"pt-BR","potentialAction":[{"@type":"ReadAction","target":["https:\/\/psol50.org.br\/nota-do-psol-sobre-a-colaboracao-entre-os-procuradores-da-lava-jato-e-o-ex-juiz-sergio-moro\/"]}]},{"@type":"ImageObject","inLanguage":"pt-BR","@id":"https:\/\/psol50.org.br\/nota-do-psol-sobre-a-colaboracao-entre-os-procuradores-da-lava-jato-e-o-ex-juiz-sergio-moro\/#primaryimage","url":"https:\/\/psol50.org.br\/inc\/uploads\/2019\/04\/capa-546x365-2.png","contentUrl":"https:\/\/psol50.org.br\/inc\/uploads\/2019\/04\/capa-546x365-2.png","width":546,"height":365},{"@type":"BreadcrumbList","@id":"https:\/\/psol50.org.br\/nota-do-psol-sobre-a-colaboracao-entre-os-procuradores-da-lava-jato-e-o-ex-juiz-sergio-moro\/#breadcrumb","itemListElement":[{"@type":"ListItem","position":1,"name":"In\u00edcio","item":"https:\/\/psol50.org.br\/"},{"@type":"ListItem","position":2,"name":"Nota do PSOL sobre a colabora\u00e7\u00e3o entre os procuradores da Lava Jato e o ex-juiz S\u00e9rgio Moro"}]},{"@type":"WebSite","@id":"https:\/\/psol50.org.br\/#website","url":"https:\/\/psol50.org.br\/","name":"PSOL 50","description":"Site oficial do Partido Socialismo e Liberdade","publisher":{"@id":"https:\/\/psol50.org.br\/#organization"},"alternateName":"PSOL50","potentialAction":[{"@type":"SearchAction","target":{"@type":"EntryPoint","urlTemplate":"https:\/\/psol50.org.br\/?s={search_term_string}"},"query-input":{"@type":"PropertyValueSpecification","valueRequired":true,"valueName":"search_term_string"}}],"inLanguage":"pt-BR"},{"@type":"Organization","@id":"https:\/\/psol50.org.br\/#organization","name":"PSOL 50","alternateName":"PSOL 50","url":"https:\/\/psol50.org.br\/","logo":{"@type":"ImageObject","inLanguage":"pt-BR","@id":"https:\/\/psol50.org.br\/#\/schema\/logo\/image\/","url":"https:\/\/psol50.org.br\/inc\/uploads\/2018\/07\/capa.png","contentUrl":"https:\/\/psol50.org.br\/inc\/uploads\/2018\/07\/capa.png","width":1350,"height":900,"caption":"PSOL 50"},"image":{"@id":"https:\/\/psol50.org.br\/#\/schema\/logo\/image\/"},"sameAs":["https:\/\/www.facebook.com\/psol50","https:\/\/x.com\/psol50","https:\/\/www.instagram.com\/psol50\/","https:\/\/www.youtube.com\/channel\/UC7SnJS5o1os7a6CaiNabzcg"]},{"@type":"Person","@id":"https:\/\/psol50.org.br\/#\/schema\/person\/475dfa57d0b815993c714c2e96491fcd","name":"Comunica\u00e7\u00e3o PSOL","image":{"@type":"ImageObject","inLanguage":"pt-BR","@id":"https:\/\/psol50.org.br\/#\/schema\/person\/image\/","url":"https:\/\/secure.gravatar.com\/avatar\/b34fc4f4e468a4e51785917065a3db57b841f5c95dba6ad8c73aaf8f66f8f9bf?s=96&d=mm&r=g","contentUrl":"https:\/\/secure.gravatar.com\/avatar\/b34fc4f4e468a4e51785917065a3db57b841f5c95dba6ad8c73aaf8f66f8f9bf?s=96&d=mm&r=g","caption":"Comunica\u00e7\u00e3o PSOL"}}]}},"_links":{"self":[{"href":"https:\/\/psol50.org.br\/rest\/wp\/v2\/posts\/25456","targetHints":{"allow":["GET"]}}],"collection":[{"href":"https:\/\/psol50.org.br\/rest\/wp\/v2\/posts"}],"about":[{"href":"https:\/\/psol50.org.br\/rest\/wp\/v2\/types\/post"}],"author":[{"embeddable":true,"href":"https:\/\/psol50.org.br\/rest\/wp\/v2\/users\/2"}],"replies":[{"embeddable":true,"href":"https:\/\/psol50.org.br\/rest\/wp\/v2\/comments?post=25456"}],"version-history":[{"count":0,"href":"https:\/\/psol50.org.br\/rest\/wp\/v2\/posts\/25456\/revisions"}],"wp:featuredmedia":[{"embeddable":true,"href":"https:\/\/psol50.org.br\/rest\/wp\/v2\/media\/24774"}],"wp:attachment":[{"href":"https:\/\/psol50.org.br\/rest\/wp\/v2\/media?parent=25456"}],"wp:term":[{"taxonomy":"category","embeddable":true,"href":"https:\/\/psol50.org.br\/rest\/wp\/v2\/categories?post=25456"},{"taxonomy":"post_tag","embeddable":true,"href":"https:\/\/psol50.org.br\/rest\/wp\/v2\/tags?post=25456"}],"curies":[{"name":"wp","href":"https:\/\/api.w.org\/{rel}","templated":true}]}}