{"id":25471,"date":"2019-06-11T14:55:29","date_gmt":"2019-06-11T17:55:29","guid":{"rendered":"http:\/\/psol50.org.br\/?p=25471"},"modified":"2019-06-11T14:55:29","modified_gmt":"2019-06-11T17:55:29","slug":"fndc-apoia-jornalistas-vazajato","status":"publish","type":"post","link":"https:\/\/psol50.org.br\/fndc-apoia-jornalistas-vazajato\/","title":{"rendered":"Organiza\u00e7\u00f5es pela democratiza\u00e7\u00e3o da comunica\u00e7\u00e3o apoiam jornalistas da #VazaJato"},"content":{"rendered":"<p>O F\u00f3rum Nacional pela Democratiza\u00e7\u00e3o da Comunica\u00e7\u00e3o (FNDC) publicou nesta ter\u00e7a-feira (11) uma nota sobre o caso da #VazaJato, esc\u00e2ndalo divulgado pelo site The Intercept Brasil que mostrou rela\u00e7\u00f5es indevidas entre o ex-juiz e agora ministro S\u00e9rgio Moro e os procuradores da Opera\u00e7\u00e3o Lava Jato. A nota da organiza\u00e7\u00e3o, que re\u00fane as principais entidades em defesa da democratiza\u00e7\u00e3o da comunica\u00e7\u00e3o no Brasil, defende a liberdade de imprensa e o direito constitucional do sigilo de fonte.<\/p>\n<p>O FNDC critica setores e figuras p\u00fablicas que chegam a pedir a cassa\u00e7\u00e3o do passaporte do jornalista Glenn Greenwald, diretor do ve\u00edculo que divulgou os vazamentos. &#8220;Reportagens que incomodam e amea\u00e7am poderosos sempre despertam a censura&#8221;, diz a nota, que \u00e9 categ\u00f3rica tamb\u00e9m em dizer que o The Intercept n\u00e3o cometeu crime algum ao publicar suas reportagens. Entidades como o Intervozes &#8211; Coletivo Brasil de Comunica\u00e7\u00e3o Social, Centro de Estudos da M\u00eddia Alternativa Bar\u00e3o de Itarar\u00e9, Federa\u00e7\u00e3o Nacional de Jornalistas &#8211; FENAJ, entre v\u00e1rias outras assim a nota.<\/p>\n<p>A organiza\u00e7\u00e3o relembra que v\u00e1rios dos principais casos de esc\u00e2ndalos p\u00fablicos e privados nunca teriam vindo \u00e0 tona sem a garantia do direito ao sigilo da fonte. &#8220;Consideramos que o\u00a0<strong><em>The Intercept<\/em><\/strong> cumpriu um servi\u00e7o p\u00fablico ao divulgar as informa\u00e7\u00f5es a que teve acesso, exercitando de forma respons\u00e1vel o equil\u00edbrio entre o interesse p\u00fablico e a privacidade e garantindo o direito ao sigilo da fonte&#8221;, conclui a nota.<\/p>\n<p>&nbsp;<\/p>\n<p><strong><a href=\"http:\/\/www.fndc.org.br\/noticias\/em-defesa-da-liberdade-de-imprensa-e-do-sigilo-da-fonte-924904\/\">Leia a nota na \u00edntegra<\/a>:<\/strong><\/p>\n<p><strong><em>Em defesa da liberdade de imprensa e o sigilo de fonte<\/em><\/strong><\/p>\n<p><em>Ap\u00f3s publicar di\u00e1logos escandalosos, site vem sofrendo ataques de setores defensores da Opera\u00e7\u00e3o Lava Jato. Reportagens que incomodam poderosos sempre despertam censura.<\/em><\/p>\n<p>&nbsp;<\/p>\n<p><em>Ap\u00f3s publicar uma s\u00e9rie de reportagens que trouxe \u00e0 tona o que provavelmente seja o maior esc\u00e2ndalo jur\u00eddico-pol\u00edtico da hist\u00f3ria do pa\u00eds, o site The Intercept Brasil vem sofrendo ataques oriundos de setores defensores da Opera\u00e7\u00e3o Lava Jato. Alguns j\u00e1 sa\u00edram a p\u00fablico para pedir a pris\u00e3o e a cassa\u00e7\u00e3o do passaporte do jornalista Gleen Greenwald, diretor do ve\u00edculo. H\u00e1 press\u00f5es para que o The Intercept divulgue quem \u00e9 a fonte dos materiais recebidos<\/em><\/p>\n<p><em>Infelizmente, essas atitudes n\u00e3o s\u00e3o novidade. Reportagens que incomodam e amea\u00e7am poderosos sempre despertam o instinto censor por parte destes setores, que agora fazem amea\u00e7as e v\u00e3o tentar calar o\u00a0The Intercept\u00a0e os seus jornalistas.\u00a0<\/em><\/p>\n<p><em>Os apoiadores da Lava Jato tamb\u00e9m tentam desclassificar as informa\u00e7\u00f5es sob o argumento de que os conte\u00fados foram obtidos por hackers e omitem a possibilidade, talvez at\u00e9 mais prov\u00e1vel, de que a fonte das informa\u00e7\u00f5es possa ser algu\u00e9m de dentro do sistema de Justi\u00e7a, do pr\u00f3prio Minist\u00e9rio P\u00fablico, e que resolveu tornar p\u00fablicas as viola\u00e7\u00f5es ao devido processo legal que marcaram toda a Opera\u00e7\u00e3o Lava Jato.<\/em><\/p>\n<p><em>A atividade jornal\u00edstica sempre conviveu com um dilema: como equilibrar o interesse p\u00fablico e o direito \u00e0 informa\u00e7\u00e3o com a privacidade das pessoas. S\u00e3o in\u00fameros casos na hist\u00f3ria do jornalismo em que esses dois direitos foram colocados sob o escrut\u00ednio da sociedade. E, n\u00e3o \u00e0 toa, em muitas vezes, houve dois pesos e duas medidas para avaliar essas situa\u00e7\u00f5es.<\/em><\/p>\n<p><em>As revela\u00e7\u00f5es trazidas pelo site\u00a0The Intercept\u00a0est\u00e3o levantando mais uma vez essa quest\u00e3o e \u00e9 preciso revisitar condutas, jurisprud\u00eancias e reafirmar direitos para evitar persegui\u00e7\u00e3o pol\u00edtica tanto aos jornalistas quanto \u00e0 fonte das informa\u00e7\u00f5es.<\/em><\/p>\n<p><em>As reportagens, produzidas pela equipe do jornalista Glenn Greenwald, revelam di\u00e1logos desenvolvidos por agentes p\u00fablicos no \u00e2mbito da opera\u00e7\u00e3o Lava Jato que tiveram consequ\u00eancias fundamentais para os rumos pol\u00edticos do pa\u00eds. Portanto, de elevado interesse p\u00fablico. Nenhuma informa\u00e7\u00e3o divulgada tem car\u00e1ter privado\/individual, outro aspecto a ser considerado ao se analisar se houve viola\u00e7\u00e3o do direito \u00e0 privacidade.\u00a0<\/em><\/p>\n<p><em>O\u00a0The Intercept\u00a0recebeu os conte\u00fados de uma fonte que tem todo o direito de ser mantida em sigilo. Direito este previsto no Artigo 5\u00ba da Constitui\u00e7\u00e3o Federal: inciso XIV: e assegurado a todos o acesso \u00e0 informa\u00e7\u00e3o e resguardado o sigilo da fonte, quando necess\u00e1rio ao exerc\u00edcio profissional.<\/em><\/p>\n<p><em>O sigilo \u00e9 prote\u00e7\u00e3o para o ve\u00edculo de comunica\u00e7\u00e3o e para os jornalistas, mas, principalmente, para a pr\u00f3pria fonte, que pode sofrer persegui\u00e7\u00f5es trabalhistas, pol\u00edticas e de todo o tipo por exp\u00f4r interesses de ordem econ\u00f4mica e pol\u00edtica. Sem o sigilo da fonte, direito reconhecido internacionalmente, in\u00fameros casos envolvendo esc\u00e2ndalos p\u00fablicos e privados nunca teriam vindo \u00e0 tona.<\/em><\/p>\n<p><em>\u00c9 fundamental dizer que n\u00e3o h\u00e1, na legisla\u00e7\u00e3o brasileira, nenhum dispositivo que tipifique como ilegal a publica\u00e7\u00e3o de conte\u00fados recebidos por ve\u00edculo de imprensa. Uma vez de posse destes conte\u00fados, cabe ao ve\u00edculo analisar as informa\u00e7\u00f5es e decidir ou n\u00e3o pela sua publica\u00e7\u00e3o. Ou seja, o\u00a0The Intercept\u00a0n\u00e3o cometeu nenhum crime ao produzir e publicar as reportagens.<\/em><\/p>\n<p><em>O mesmo foi consensuado pelo sistema de justi\u00e7a e pela sociedade no caso do vazamento dos \u00e1udios provenientes de intercepta\u00e7\u00e3o telef\u00f4nica entre a ent\u00e3o presidenta Dilma Rousseff e o ex-presidente Lula. Neste caso, no entanto, h\u00e1 o agravante de \u00e1udios de car\u00e1ter privado\/individual do ex-presidente tamb\u00e9m terem sido divulgados, o que \u00e0 \u00e9poca foi considerado conte\u00fado de interesse p\u00fablico. Tamb\u00e9m poderia se argumentar que as comunica\u00e7\u00f5es do chefe de Estado s\u00e3o sigilosas e protegidas por quest\u00f5es de Seguran\u00e7a Nacional, o que n\u00e3o \u00e9 o caso de ju\u00edzes e procuradores. Ou seja, temos na hist\u00f3ria recente da pol\u00edtica brasileira situa\u00e7\u00f5es similares que podem ser vistas como uma jurisprud\u00eancia nestes casos.\u00a0<\/em><\/p>\n<p><em>Neste momento grave para a pol\u00edtica nacional e para o exerc\u00edcio do jornalismo, no qual ocorrem de forma sistem\u00e1ticas viola\u00e7\u00f5es \u00e0 liberdade de express\u00e3o no pa\u00eds, o F\u00f3rum Nacional pela Democratiza\u00e7\u00e3o da Comunica\u00e7\u00e3o (FNDC) e as entidades, organiza\u00e7\u00f5es e movimentos de luta pelo direito \u00e0 comunica\u00e7\u00e3o veem \u00e0 p\u00fablico reiterar seu compromisso com o exerc\u00edcio respons\u00e1vel e \u00e9tico dos profissionais de imprensa que cumprem um papel fundamental de garantir \u00e0 sociedade o direito \u00e0 informa\u00e7\u00e3o. Consideramos que o\u00a0The Intercept\u00a0cumpriu um servi\u00e7o p\u00fablico ao divulgar as informa\u00e7\u00f5es a que teve acesso, exercitando de forma respons\u00e1vel o equil\u00edbrio entre o interesse p\u00fablico e a privacidade e garantindo o direito ao sigilo da fonte.<\/em><\/p>\n<p><em>Bras\u00edlia, 11 de junho de 2019.\u00a0<\/em><\/p>\n<p><strong><em>F\u00f3rum Nacional pela Democratiza\u00e7\u00e3o da Comunica\u00e7\u00e3o (FNDC).<\/em><\/strong><\/p>\n","protected":false},"excerpt":{"rendered":"<p>O F\u00f3rum Nacional pela Democratiza\u00e7\u00e3o da Comunica\u00e7\u00e3o (FNDC) publicou nesta ter\u00e7a-feira (11) uma nota sobre o caso da #VazaJato, esc\u00e2ndalo divulgado pelo site The Intercept Brasil que mostrou rela\u00e7\u00f5es indevidas entre o ex-juiz e agora ministro S\u00e9rgio Moro e os procuradores da Opera\u00e7\u00e3o Lava Jato. A nota da organiza\u00e7\u00e3o, que re\u00fane as principais entidades em [&hellip;]<\/p>\n","protected":false},"author":2,"featured_media":25474,"comment_status":"closed","ping_status":"open","sticky":false,"template":"","format":"standard","meta":{"_acf_changed":false,"footnotes":""},"categories":[6],"tags":[1409,1873,1874,81,1389,1824,19,990],"class_list":{"0":"post-25471","1":"post","2":"type-post","3":"status-publish","4":"format-standard","5":"has-post-thumbnail","7":"category-noticias","8":"tag-democratizacao-da-comunicacao","9":"tag-fndc","10":"tag-fonte","11":"tag-glenn-greenwald","12":"tag-imprensa","13":"tag-liberdade","14":"tag-nota","15":"tag-sigilo"},"acf":[],"yoast_head":"<!-- This site is optimized with the Yoast SEO plugin v26.5 - https:\/\/yoast.com\/wordpress\/plugins\/seo\/ -->\n<title>Organiza\u00e7\u00f5es pela democratiza\u00e7\u00e3o da comunica\u00e7\u00e3o apoiam jornalistas da #VazaJato<\/title>\n<meta name=\"robots\" content=\"index, follow, max-snippet:-1, max-image-preview:large, max-video-preview:-1\" \/>\n<link rel=\"canonical\" href=\"https:\/\/psol50.org.br\/fndc-apoia-jornalistas-vazajato\/\" \/>\n<meta property=\"og:locale\" content=\"pt_BR\" \/>\n<meta property=\"og:type\" content=\"article\" \/>\n<meta property=\"og:title\" content=\"Organiza\u00e7\u00f5es pela democratiza\u00e7\u00e3o da comunica\u00e7\u00e3o apoiam jornalistas da #VazaJato\" \/>\n<meta property=\"og:description\" content=\"FNDC publicou nota em defesa do sigilo de fonte e da liberdade de imprensa.\" \/>\n<meta property=\"og:url\" content=\"https:\/\/psol50.org.br\/fndc-apoia-jornalistas-vazajato\/\" \/>\n<meta property=\"og:site_name\" content=\"PSOL 50\" \/>\n<meta property=\"article:publisher\" content=\"https:\/\/www.facebook.com\/psol50\" \/>\n<meta property=\"article:published_time\" content=\"2019-06-11T17:55:29+00:00\" \/>\n<meta property=\"og:image\" content=\"https:\/\/psol50.org.br\/inc\/uploads\/2019\/06\/glenn-e-moro.jpg\" \/>\n\t<meta property=\"og:image:width\" content=\"780\" \/>\n\t<meta property=\"og:image:height\" content=\"490\" \/>\n\t<meta property=\"og:image:type\" content=\"image\/jpeg\" \/>\n<meta name=\"author\" content=\"Comunica\u00e7\u00e3o PSOL\" \/>\n<meta name=\"twitter:card\" content=\"summary_large_image\" \/>\n<meta name=\"twitter:title\" content=\"Comunicadores apoiam jornalistas da #VazaJato\" \/>\n<meta name=\"twitter:description\" content=\"FNDC publicou nota em defesa do sigilo de fonte e da liberdade de imprensa.\" \/>\n<meta name=\"twitter:image\" content=\"https:\/\/psol50.org.br\/inc\/uploads\/2019\/06\/glenn-e-moro.jpg\" \/>\n<meta name=\"twitter:creator\" content=\"@psol50\" \/>\n<meta name=\"twitter:site\" content=\"@psol50\" \/>\n<meta name=\"twitter:label1\" content=\"Escrito por\" \/>\n\t<meta name=\"twitter:data1\" content=\"Comunica\u00e7\u00e3o PSOL\" \/>\n\t<meta name=\"twitter:label2\" content=\"Est. tempo de leitura\" \/>\n\t<meta name=\"twitter:data2\" content=\"6 minutos\" \/>\n<script type=\"application\/ld+json\" class=\"yoast-schema-graph\">{\"@context\":\"https:\/\/schema.org\",\"@graph\":[{\"@type\":\"Article\",\"@id\":\"https:\/\/psol50.org.br\/fndc-apoia-jornalistas-vazajato\/#article\",\"isPartOf\":{\"@id\":\"https:\/\/psol50.org.br\/fndc-apoia-jornalistas-vazajato\/\"},\"author\":{\"name\":\"Comunica\u00e7\u00e3o PSOL\",\"@id\":\"https:\/\/psol50.org.br\/#\/schema\/person\/475dfa57d0b815993c714c2e96491fcd\"},\"headline\":\"Organiza\u00e7\u00f5es pela democratiza\u00e7\u00e3o da comunica\u00e7\u00e3o apoiam jornalistas da #VazaJato\",\"datePublished\":\"2019-06-11T17:55:29+00:00\",\"mainEntityOfPage\":{\"@id\":\"https:\/\/psol50.org.br\/fndc-apoia-jornalistas-vazajato\/\"},\"wordCount\":1155,\"publisher\":{\"@id\":\"https:\/\/psol50.org.br\/#organization\"},\"image\":{\"@id\":\"https:\/\/psol50.org.br\/fndc-apoia-jornalistas-vazajato\/#primaryimage\"},\"thumbnailUrl\":\"https:\/\/psol50.org.br\/inc\/uploads\/2019\/06\/glenn-e-moro.jpg\",\"keywords\":[\"democratiza\u00e7\u00e3o da comunica\u00e7\u00e3o\",\"FNDC\",\"fonte\",\"Glenn Greenwald\",\"imprensa\",\"liberdade\",\"nota\",\"sigilo\"],\"articleSection\":[\"Not\u00edcias\"],\"inLanguage\":\"pt-BR\"},{\"@type\":\"WebPage\",\"@id\":\"https:\/\/psol50.org.br\/fndc-apoia-jornalistas-vazajato\/\",\"url\":\"https:\/\/psol50.org.br\/fndc-apoia-jornalistas-vazajato\/\",\"name\":\"Organiza\u00e7\u00f5es pela democratiza\u00e7\u00e3o da comunica\u00e7\u00e3o apoiam jornalistas da #VazaJato\",\"isPartOf\":{\"@id\":\"https:\/\/psol50.org.br\/#website\"},\"primaryImageOfPage\":{\"@id\":\"https:\/\/psol50.org.br\/fndc-apoia-jornalistas-vazajato\/#primaryimage\"},\"image\":{\"@id\":\"https:\/\/psol50.org.br\/fndc-apoia-jornalistas-vazajato\/#primaryimage\"},\"thumbnailUrl\":\"https:\/\/psol50.org.br\/inc\/uploads\/2019\/06\/glenn-e-moro.jpg\",\"datePublished\":\"2019-06-11T17:55:29+00:00\",\"breadcrumb\":{\"@id\":\"https:\/\/psol50.org.br\/fndc-apoia-jornalistas-vazajato\/#breadcrumb\"},\"inLanguage\":\"pt-BR\",\"potentialAction\":[{\"@type\":\"ReadAction\",\"target\":[\"https:\/\/psol50.org.br\/fndc-apoia-jornalistas-vazajato\/\"]}]},{\"@type\":\"ImageObject\",\"inLanguage\":\"pt-BR\",\"@id\":\"https:\/\/psol50.org.br\/fndc-apoia-jornalistas-vazajato\/#primaryimage\",\"url\":\"https:\/\/psol50.org.br\/inc\/uploads\/2019\/06\/glenn-e-moro.jpg\",\"contentUrl\":\"https:\/\/psol50.org.br\/inc\/uploads\/2019\/06\/glenn-e-moro.jpg\",\"width\":780,\"height\":490},{\"@type\":\"BreadcrumbList\",\"@id\":\"https:\/\/psol50.org.br\/fndc-apoia-jornalistas-vazajato\/#breadcrumb\",\"itemListElement\":[{\"@type\":\"ListItem\",\"position\":1,\"name\":\"In\u00edcio\",\"item\":\"https:\/\/psol50.org.br\/\"},{\"@type\":\"ListItem\",\"position\":2,\"name\":\"Organiza\u00e7\u00f5es pela democratiza\u00e7\u00e3o da comunica\u00e7\u00e3o apoiam jornalistas da #VazaJato\"}]},{\"@type\":\"WebSite\",\"@id\":\"https:\/\/psol50.org.br\/#website\",\"url\":\"https:\/\/psol50.org.br\/\",\"name\":\"PSOL 50\",\"description\":\"Site oficial do Partido Socialismo e Liberdade\",\"publisher\":{\"@id\":\"https:\/\/psol50.org.br\/#organization\"},\"alternateName\":\"PSOL50\",\"potentialAction\":[{\"@type\":\"SearchAction\",\"target\":{\"@type\":\"EntryPoint\",\"urlTemplate\":\"https:\/\/psol50.org.br\/?s={search_term_string}\"},\"query-input\":{\"@type\":\"PropertyValueSpecification\",\"valueRequired\":true,\"valueName\":\"search_term_string\"}}],\"inLanguage\":\"pt-BR\"},{\"@type\":\"Organization\",\"@id\":\"https:\/\/psol50.org.br\/#organization\",\"name\":\"PSOL 50\",\"alternateName\":\"PSOL 50\",\"url\":\"https:\/\/psol50.org.br\/\",\"logo\":{\"@type\":\"ImageObject\",\"inLanguage\":\"pt-BR\",\"@id\":\"https:\/\/psol50.org.br\/#\/schema\/logo\/image\/\",\"url\":\"https:\/\/psol50.org.br\/inc\/uploads\/2018\/07\/capa.png\",\"contentUrl\":\"https:\/\/psol50.org.br\/inc\/uploads\/2018\/07\/capa.png\",\"width\":1350,\"height\":900,\"caption\":\"PSOL 50\"},\"image\":{\"@id\":\"https:\/\/psol50.org.br\/#\/schema\/logo\/image\/\"},\"sameAs\":[\"https:\/\/www.facebook.com\/psol50\",\"https:\/\/x.com\/psol50\",\"https:\/\/www.instagram.com\/psol50\/\",\"https:\/\/www.youtube.com\/channel\/UC7SnJS5o1os7a6CaiNabzcg\"]},{\"@type\":\"Person\",\"@id\":\"https:\/\/psol50.org.br\/#\/schema\/person\/475dfa57d0b815993c714c2e96491fcd\",\"name\":\"Comunica\u00e7\u00e3o PSOL\",\"image\":{\"@type\":\"ImageObject\",\"inLanguage\":\"pt-BR\",\"@id\":\"https:\/\/psol50.org.br\/#\/schema\/person\/image\/\",\"url\":\"https:\/\/secure.gravatar.com\/avatar\/b34fc4f4e468a4e51785917065a3db57b841f5c95dba6ad8c73aaf8f66f8f9bf?s=96&d=mm&r=g\",\"contentUrl\":\"https:\/\/secure.gravatar.com\/avatar\/b34fc4f4e468a4e51785917065a3db57b841f5c95dba6ad8c73aaf8f66f8f9bf?s=96&d=mm&r=g\",\"caption\":\"Comunica\u00e7\u00e3o PSOL\"}}]}<\/script>\n<!-- \/ Yoast SEO plugin. -->","yoast_head_json":{"title":"Organiza\u00e7\u00f5es pela democratiza\u00e7\u00e3o da comunica\u00e7\u00e3o apoiam jornalistas da #VazaJato","robots":{"index":"index","follow":"follow","max-snippet":"max-snippet:-1","max-image-preview":"max-image-preview:large","max-video-preview":"max-video-preview:-1"},"canonical":"https:\/\/psol50.org.br\/fndc-apoia-jornalistas-vazajato\/","og_locale":"pt_BR","og_type":"article","og_title":"Organiza\u00e7\u00f5es pela democratiza\u00e7\u00e3o da comunica\u00e7\u00e3o apoiam jornalistas da #VazaJato","og_description":"FNDC publicou nota em defesa do sigilo de fonte e da liberdade de imprensa.","og_url":"https:\/\/psol50.org.br\/fndc-apoia-jornalistas-vazajato\/","og_site_name":"PSOL 50","article_publisher":"https:\/\/www.facebook.com\/psol50","article_published_time":"2019-06-11T17:55:29+00:00","og_image":[{"width":780,"height":490,"url":"https:\/\/psol50.org.br\/inc\/uploads\/2019\/06\/glenn-e-moro.jpg","type":"image\/jpeg"}],"author":"Comunica\u00e7\u00e3o PSOL","twitter_card":"summary_large_image","twitter_title":"Comunicadores apoiam jornalistas da #VazaJato","twitter_description":"FNDC publicou nota em defesa do sigilo de fonte e da liberdade de imprensa.","twitter_image":"https:\/\/psol50.org.br\/inc\/uploads\/2019\/06\/glenn-e-moro.jpg","twitter_creator":"@psol50","twitter_site":"@psol50","twitter_misc":{"Escrito por":"Comunica\u00e7\u00e3o PSOL","Est. tempo de leitura":"6 minutos"},"schema":{"@context":"https:\/\/schema.org","@graph":[{"@type":"Article","@id":"https:\/\/psol50.org.br\/fndc-apoia-jornalistas-vazajato\/#article","isPartOf":{"@id":"https:\/\/psol50.org.br\/fndc-apoia-jornalistas-vazajato\/"},"author":{"name":"Comunica\u00e7\u00e3o PSOL","@id":"https:\/\/psol50.org.br\/#\/schema\/person\/475dfa57d0b815993c714c2e96491fcd"},"headline":"Organiza\u00e7\u00f5es pela democratiza\u00e7\u00e3o da comunica\u00e7\u00e3o apoiam jornalistas da #VazaJato","datePublished":"2019-06-11T17:55:29+00:00","mainEntityOfPage":{"@id":"https:\/\/psol50.org.br\/fndc-apoia-jornalistas-vazajato\/"},"wordCount":1155,"publisher":{"@id":"https:\/\/psol50.org.br\/#organization"},"image":{"@id":"https:\/\/psol50.org.br\/fndc-apoia-jornalistas-vazajato\/#primaryimage"},"thumbnailUrl":"https:\/\/psol50.org.br\/inc\/uploads\/2019\/06\/glenn-e-moro.jpg","keywords":["democratiza\u00e7\u00e3o da comunica\u00e7\u00e3o","FNDC","fonte","Glenn Greenwald","imprensa","liberdade","nota","sigilo"],"articleSection":["Not\u00edcias"],"inLanguage":"pt-BR"},{"@type":"WebPage","@id":"https:\/\/psol50.org.br\/fndc-apoia-jornalistas-vazajato\/","url":"https:\/\/psol50.org.br\/fndc-apoia-jornalistas-vazajato\/","name":"Organiza\u00e7\u00f5es pela democratiza\u00e7\u00e3o da comunica\u00e7\u00e3o apoiam jornalistas da #VazaJato","isPartOf":{"@id":"https:\/\/psol50.org.br\/#website"},"primaryImageOfPage":{"@id":"https:\/\/psol50.org.br\/fndc-apoia-jornalistas-vazajato\/#primaryimage"},"image":{"@id":"https:\/\/psol50.org.br\/fndc-apoia-jornalistas-vazajato\/#primaryimage"},"thumbnailUrl":"https:\/\/psol50.org.br\/inc\/uploads\/2019\/06\/glenn-e-moro.jpg","datePublished":"2019-06-11T17:55:29+00:00","breadcrumb":{"@id":"https:\/\/psol50.org.br\/fndc-apoia-jornalistas-vazajato\/#breadcrumb"},"inLanguage":"pt-BR","potentialAction":[{"@type":"ReadAction","target":["https:\/\/psol50.org.br\/fndc-apoia-jornalistas-vazajato\/"]}]},{"@type":"ImageObject","inLanguage":"pt-BR","@id":"https:\/\/psol50.org.br\/fndc-apoia-jornalistas-vazajato\/#primaryimage","url":"https:\/\/psol50.org.br\/inc\/uploads\/2019\/06\/glenn-e-moro.jpg","contentUrl":"https:\/\/psol50.org.br\/inc\/uploads\/2019\/06\/glenn-e-moro.jpg","width":780,"height":490},{"@type":"BreadcrumbList","@id":"https:\/\/psol50.org.br\/fndc-apoia-jornalistas-vazajato\/#breadcrumb","itemListElement":[{"@type":"ListItem","position":1,"name":"In\u00edcio","item":"https:\/\/psol50.org.br\/"},{"@type":"ListItem","position":2,"name":"Organiza\u00e7\u00f5es pela democratiza\u00e7\u00e3o da comunica\u00e7\u00e3o apoiam jornalistas da #VazaJato"}]},{"@type":"WebSite","@id":"https:\/\/psol50.org.br\/#website","url":"https:\/\/psol50.org.br\/","name":"PSOL 50","description":"Site oficial do Partido Socialismo e Liberdade","publisher":{"@id":"https:\/\/psol50.org.br\/#organization"},"alternateName":"PSOL50","potentialAction":[{"@type":"SearchAction","target":{"@type":"EntryPoint","urlTemplate":"https:\/\/psol50.org.br\/?s={search_term_string}"},"query-input":{"@type":"PropertyValueSpecification","valueRequired":true,"valueName":"search_term_string"}}],"inLanguage":"pt-BR"},{"@type":"Organization","@id":"https:\/\/psol50.org.br\/#organization","name":"PSOL 50","alternateName":"PSOL 50","url":"https:\/\/psol50.org.br\/","logo":{"@type":"ImageObject","inLanguage":"pt-BR","@id":"https:\/\/psol50.org.br\/#\/schema\/logo\/image\/","url":"https:\/\/psol50.org.br\/inc\/uploads\/2018\/07\/capa.png","contentUrl":"https:\/\/psol50.org.br\/inc\/uploads\/2018\/07\/capa.png","width":1350,"height":900,"caption":"PSOL 50"},"image":{"@id":"https:\/\/psol50.org.br\/#\/schema\/logo\/image\/"},"sameAs":["https:\/\/www.facebook.com\/psol50","https:\/\/x.com\/psol50","https:\/\/www.instagram.com\/psol50\/","https:\/\/www.youtube.com\/channel\/UC7SnJS5o1os7a6CaiNabzcg"]},{"@type":"Person","@id":"https:\/\/psol50.org.br\/#\/schema\/person\/475dfa57d0b815993c714c2e96491fcd","name":"Comunica\u00e7\u00e3o PSOL","image":{"@type":"ImageObject","inLanguage":"pt-BR","@id":"https:\/\/psol50.org.br\/#\/schema\/person\/image\/","url":"https:\/\/secure.gravatar.com\/avatar\/b34fc4f4e468a4e51785917065a3db57b841f5c95dba6ad8c73aaf8f66f8f9bf?s=96&d=mm&r=g","contentUrl":"https:\/\/secure.gravatar.com\/avatar\/b34fc4f4e468a4e51785917065a3db57b841f5c95dba6ad8c73aaf8f66f8f9bf?s=96&d=mm&r=g","caption":"Comunica\u00e7\u00e3o PSOL"}}]}},"_links":{"self":[{"href":"https:\/\/psol50.org.br\/rest\/wp\/v2\/posts\/25471","targetHints":{"allow":["GET"]}}],"collection":[{"href":"https:\/\/psol50.org.br\/rest\/wp\/v2\/posts"}],"about":[{"href":"https:\/\/psol50.org.br\/rest\/wp\/v2\/types\/post"}],"author":[{"embeddable":true,"href":"https:\/\/psol50.org.br\/rest\/wp\/v2\/users\/2"}],"replies":[{"embeddable":true,"href":"https:\/\/psol50.org.br\/rest\/wp\/v2\/comments?post=25471"}],"version-history":[{"count":0,"href":"https:\/\/psol50.org.br\/rest\/wp\/v2\/posts\/25471\/revisions"}],"wp:featuredmedia":[{"embeddable":true,"href":"https:\/\/psol50.org.br\/rest\/wp\/v2\/media\/25474"}],"wp:attachment":[{"href":"https:\/\/psol50.org.br\/rest\/wp\/v2\/media?parent=25471"}],"wp:term":[{"taxonomy":"category","embeddable":true,"href":"https:\/\/psol50.org.br\/rest\/wp\/v2\/categories?post=25471"},{"taxonomy":"post_tag","embeddable":true,"href":"https:\/\/psol50.org.br\/rest\/wp\/v2\/tags?post=25471"}],"curies":[{"name":"wp","href":"https:\/\/api.w.org\/{rel}","templated":true}]}}