{"id":25483,"date":"2019-06-12T11:06:13","date_gmt":"2019-06-12T14:06:13","guid":{"rendered":"http:\/\/psol50.org.br\/?p=25483"},"modified":"2019-06-12T11:06:13","modified_gmt":"2019-06-12T14:06:13","slug":"bruno-magalhaes-e-israel-dutra-resultados-e-aspectos-da-eleicao-europeia","status":"publish","type":"post","link":"https:\/\/psol50.org.br\/bruno-magalhaes-e-israel-dutra-resultados-e-aspectos-da-eleicao-europeia\/","title":{"rendered":"Bruno Magalh\u00e3es e Israel Dutra | Resultados e aspectos da elei\u00e7\u00e3o europeia"},"content":{"rendered":"<p class=\"p2\">A recente elei\u00e7\u00e3o para o Parlamento Europeu fornece uma s\u00e9rie de evid\u00eancias pol\u00edticas importantes para o mundo. Apesar das diversas especificidades destas elei\u00e7\u00f5es, \u00fanicas em sua abrang\u00eancia e formato, seus resultados s\u00e3o consequ\u00eancias de din\u00e2micas pol\u00edticas similares em outras regi\u00f5es. Sem for\u00e7ar analogias ou caracterizar mecanicamente diferentes processos, \u00e9 importante refletir sobre as elei\u00e7\u00f5es europeias e sobre o que sinalizam seus resultados.<\/p>\n<p class=\"p2\">A Uni\u00e3o Europeia (UE) possui tr\u00eas inst\u00e2ncias principais de governo, o Conselho Europeu, a Comiss\u00e3o Europeia e o Parlamento Europeu, sendo este \u00faltimo um \u00f3rg\u00e3o legislativo eleito em todos os pa\u00edses membros simultaneamente atrav\u00e9s das elei\u00e7\u00f5es europeias. Diferente do mecanismo do Mercosul, o Parlamento Europeu \u00e9 eleito atrav\u00e9s do voto direto em blocos pol\u00edticos continentais que re\u00fanem os partidos dos diversos pa\u00edses, como o Partido Popular Europeu (PPE), a Alian\u00e7a Progressista dos Socialistas e Democratas (S&amp;D), entre outros. Os assentos s\u00e3o proporcionais ao tamanho do eleitorado dos pa\u00edses-membros sendo a maior a bancada alem\u00e3, com 92 assentos.<\/p>\n<p class=\"p2\">Este \u00e9 a \u00fanica assembleia supranacional na qual se formam blocos pol\u00edticos permanentes \u00e0 esquerda e \u00e0 direita. Enquanto o PPE re\u00fane partidos conservadores de direita como o CDU alem\u00e3, o For\u00e7a It\u00e1lia e o PP espanhol, o S&amp;D conta com setores da chamada centro-esquerda liberal como o Partido Socialista portugu\u00eas e franc\u00eas e o PSOE espanhol. Os euroc\u00e9ticos conservadores, como o Partido Conservador do Reino Unido e o governista PiS da Pol\u00f4nia, se organizam no grupo Reformistas e Conservadores Europeus (ECR), enquanto a extrema direita se divide em dois blocos (um dirigido pelo ingl\u00eas Nigel Farage e outro pela francesa Marine Le Pen). Os setores da esquerda, como o Podemos espanhol, o Die Linke alem\u00e3o, o Syriza grego e o Bloco de Esquerda Portugu\u00eas, se organizam na Esquerda Europeia.<\/p>\n<p class=\"p2\">O \u00faltimo pleito marcou uma importante mudan\u00e7a na correla\u00e7\u00e3o de for\u00e7as do cen\u00e1rio europeu. Pela primeira vez em sua hist\u00f3ria, os dois agrupamentos mais tradicionais do parlamento (PPE e S&amp;D) n\u00e3o ter\u00e3o juntos a maioria dos eurodeputados, transportando para a assembleia continental os reflexos da crise pol\u00edtica enfrentada pelos estados-membros e tamb\u00e9m em outras partes do mundo.<\/p>\n<p class=\"p2\">O projeto enfraquecido nas elei\u00e7\u00f5es e defendido pela composi\u00e7\u00e3o entre conservadores e socialistas \u00e9 marcado pelo programa econ\u00f4mico neoliberal, pela integra\u00e7\u00e3o das fronteiras europeias (principalmente para deslocamento da for\u00e7a de trabalho) e pela alian\u00e7a militar com os EUA atrav\u00e9s da OTAN. Esta posi\u00e7\u00e3o, simbolizada pela chamada Troika (o Fundo Monet\u00e1rio Internacional, o Banco Central Europeu e a Comiss\u00e3o Europeia) demonstra um apelo popular cada vez menor, enquanto as \u00faltimas elei\u00e7\u00f5es europeias representaram um movimento de continuidade com os fen\u00f4menos pol\u00edticos vistos na It\u00e1lia com a ascens\u00e3o da filofascista Liga do primeiro-ministro Mateo Salvini ou na Hungria com o primeiro-ministro de extrema-direita Viktor Orb\u00e1n e seu partido Fidesz (recentemente suspenso do PPE).<\/p>\n<p class=\"p2\">Antes das elei\u00e7\u00f5es, houve grande preocupa\u00e7\u00e3o sobre o avan\u00e7o da extrema-direita e, apesar ser melhor do que apontavam algumas pesquisas, \u00e9 fato que representou um importante crescimento para euroc\u00e9ticos e autorit\u00e1rios de direita. A xen\u00f3foba organiza\u00e7\u00e3o alem\u00e3 AfD teve resultado menor do que o esperado, assim como o Vox espanhol e grupos similares na Holanda e B\u00e9lgica, mas a Reuni\u00e3o Nacional de Marine Le Pen venceu na Fran\u00e7a e a extrema-direita tamb\u00e9m saiu vitoriosa na It\u00e1lia, na Hungria e na Pol\u00f4nia, fortalecendo o eixo direitista formado pelos governos destes tr\u00eas pa\u00edses. No Reino Unido, o Partido do Brexit do l\u00edder ultranacionalista Nigel Farage ganhou quase metade dos assentos brit\u00e2nicos enquanto o tradicional Partido Conservador conquistou apenas 5 deputados.<\/p>\n<p class=\"p2\">Outros grupos pol\u00edticos europeus que tamb\u00e9m sa\u00edram vencedores foram os liberais e os ecologistas. A Alian\u00e7a dos Liberais e Democratas pela Europa (ALDE), composta pelo partido Em Marcha do presidente franc\u00eas Emanuelle Macron, aumentou de tamanho devido ao desempenho neste pa\u00eds e a composi\u00e7\u00e3o Verdes\/ALE (Alian\u00e7a Livre Europeia) se transformou na segunda for\u00e7a das elei\u00e7\u00f5es alem\u00e3s e obtiveram bons resultados tamb\u00e9m na Finl\u00e2ndia, Portugal e Fran\u00e7a. A Esquerda Europeia teve uma queda not\u00e1vel, perdendo deputados como no caso da Espanha. Na Gr\u00e9cia, ap\u00f3s a derrota do Syriza, o presidente Alexis Tsipras convocou novas elei\u00e7\u00f5es devido \u00e0 crise de confian\u00e7a em seu governo.<\/p>\n<p class=\"p2\">Mais do que uma vit\u00f3ria exclusiva da extrema-direita, o resultado das elei\u00e7\u00f5es ao Parlamento Europeu \u00e9 uma derrota do projeto atual representado pela Uni\u00e3o Europeia e de seus partidos tradicionais. O cen\u00e1rio de polariza\u00e7\u00e3o pol\u00edtica se aprofunda, com as grandes m\u00e1quinas eleitorais sofrendo reveses enquanto novos personagens ocupam espa\u00e7os. Ao mesmo tempo que a extrema-direita se mant\u00e9m em perigosa crescente, a fragmenta\u00e7\u00e3o gerada pelo fortalecimento demonstra a profunda crise do establishment europeu.<\/p>\n<p class=\"p2\">A redu\u00e7\u00e3o do tamanho da esquerda nas elei\u00e7\u00f5es europeias est\u00e1 ligado ao mesmo processo de desmoraliza\u00e7\u00e3o que levou \u00e0 redu\u00e7\u00e3o das bancadas dos conservadores e dos \u201csocialistas\u201d do S&amp;D. As experi\u00eancias de institucionaliza\u00e7\u00e3o de partidos surgidos atrav\u00e9s de movimentos muito din\u00e2micos, como o Syriza e o Podemos levaram a uma maior dificuldade de diferencia\u00e7\u00e3o pol\u00edtica com o antigo bloco majorit\u00e1rio da UE, assim como a vacila\u00e7\u00e3o perante as posi\u00e7\u00f5es anti-imigra\u00e7\u00e3o. A dificuldade de demonstrar uma pol\u00edtica econ\u00f4mica diferenciada da aplica\u00e7\u00e3o dos planos de austeridade impostos pela Troika levou a perda da confian\u00e7a de parte da popula\u00e7\u00e3o nos setores combativos representados nestas elei\u00e7\u00f5es.<\/p>\n<p class=\"p2\">O problema das nacionalidades tamb\u00e9m \u00e9 elemento importante. O crescimento dos movimentos independentistas se coloca nesse contexto de crise econ\u00f4mica e pol\u00edtica, e a luta pela autodetermina\u00e7\u00e3o nacional surge como parte deste processo. As monarquias espanhola e brit\u00e2nica enfrentam diretamente esta quest\u00e3o, cujo car\u00e1ter estrat\u00e9gico deve ser levado em conta pela esquerda. O recente movimento pela independ\u00eancia catal\u00e3 demonstrou a for\u00e7a da mobiliza\u00e7\u00e3o do povo catal\u00e3o e de sua esquerda organizada em uma luta pr\u00e1tica contra a monarquia criada pelo franquismo.<\/p>\n<p class=\"p2\">O crescimento dos liberais e verdes tamb\u00e9m demonstrou a import\u00e2ncia de um programa para a disputa de consci\u00eancia das popula\u00e7\u00f5es. Independente de seus conte\u00fados, s\u00e3o dois exemplos de grupos que imprimem posi\u00e7\u00f5es claras sobre suas pautas e, em um momento de crise de hegemonia, tem condi\u00e7\u00f5es de avan\u00e7ar posi\u00e7\u00f5es atrav\u00e9s da defesa de seu programa. Em um fen\u00f4meno mundial, a esquerda combativa tem tido dificuldades em afirmar toda a radicalidade de seu programa pol\u00edtico e muitas vezes acaba por se confundir com uma demag\u00f3gica ret\u00f3rica social-liberal cada vez mais recha\u00e7ada.<\/p>\n<p class=\"p2\">A dificuldade na afirma\u00e7\u00e3o de uma pol\u00edtica de ruptura aumenta o perigo do crescimento da extrema-direita ao n\u00e3o oferecer uma sa\u00edda consequente para o problema da crise, abrindo espa\u00e7o para o discurso anticient\u00edfico e anticomunista entre a classe trabalhadora. Para responder suas necessidades cada vez mais cr\u00edticas e radicais, a esquerda deve construir uma ruptura poss\u00edvel que aposte na organiza\u00e7\u00e3o e na mobiliza\u00e7\u00e3o popular para a constru\u00e7\u00e3o de uma nova forma de pol\u00edtica, respondendo \u00e0 altura a extrema-direita populista que se apresenta como op\u00e7\u00e3o popular.<\/p>\n","protected":false},"excerpt":{"rendered":"<p>A recente elei\u00e7\u00e3o para o Parlamento Europeu fornece uma s\u00e9rie de evid\u00eancias pol\u00edticas importantes para o mundo. Apesar das diversas especificidades destas elei\u00e7\u00f5es, \u00fanicas em sua abrang\u00eancia e formato, seus resultados s\u00e3o consequ\u00eancias de din\u00e2micas pol\u00edticas similares em outras regi\u00f5es. Sem for\u00e7ar analogias ou caracterizar mecanicamente diferentes processos, \u00e9 importante refletir sobre as elei\u00e7\u00f5es europeias [&hellip;]<\/p>\n","protected":false},"author":2,"featured_media":25484,"comment_status":"closed","ping_status":"open","sticky":false,"template":"","format":"standard","meta":{"_acf_changed":false,"footnotes":""},"categories":[3,6],"tags":[1875,1454,1876,1877],"class_list":{"0":"post-25483","1":"post","2":"type-post","3":"status-publish","4":"format-standard","5":"has-post-thumbnail","7":"category-artigos-e-entrevistas","8":"category-noticias","9":"tag-bruno-magalhaes","10":"tag-israel-dutra","11":"tag-uniao-europeia","12":"tag-votacao"},"acf":[],"yoast_head":"<!-- This site is optimized with the Yoast SEO plugin v26.5 - https:\/\/yoast.com\/wordpress\/plugins\/seo\/ -->\n<title>Bruno Magalh\u00e3es e Israel Dutra | Resultados e aspectos da elei\u00e7\u00e3o europeia<\/title>\n<meta name=\"robots\" content=\"index, follow, max-snippet:-1, max-image-preview:large, max-video-preview:-1\" \/>\n<link rel=\"canonical\" href=\"https:\/\/psol50.org.br\/bruno-magalhaes-e-israel-dutra-resultados-e-aspectos-da-eleicao-europeia\/\" \/>\n<meta property=\"og:locale\" content=\"pt_BR\" \/>\n<meta property=\"og:type\" content=\"article\" \/>\n<meta property=\"og:title\" content=\"Resultados e aspectos da elei\u00e7\u00e3o europeia\" \/>\n<meta property=\"og:description\" content=\"Leia o artigo de Bruno Magalh\u00e3es e Israel Dutra\" \/>\n<meta property=\"og:url\" content=\"https:\/\/psol50.org.br\/bruno-magalhaes-e-israel-dutra-resultados-e-aspectos-da-eleicao-europeia\/\" \/>\n<meta property=\"og:site_name\" content=\"PSOL 50\" \/>\n<meta property=\"article:publisher\" content=\"https:\/\/www.facebook.com\/psol50\" \/>\n<meta property=\"article:published_time\" content=\"2019-06-12T14:06:13+00:00\" \/>\n<meta property=\"og:image\" content=\"https:\/\/psol50.org.br\/inc\/uploads\/2018\/07\/capa.png\" \/>\n\t<meta property=\"og:image:width\" content=\"1350\" \/>\n\t<meta property=\"og:image:height\" content=\"900\" \/>\n\t<meta property=\"og:image:type\" content=\"image\/png\" \/>\n<meta name=\"author\" content=\"Comunica\u00e7\u00e3o PSOL\" \/>\n<meta name=\"twitter:card\" content=\"summary_large_image\" \/>\n<meta name=\"twitter:title\" content=\"Resultados e aspectos da elei\u00e7\u00e3o europeia\" \/>\n<meta name=\"twitter:description\" content=\"Leia o artigo de Bruno Magalh\u00e3es e Israel Dutra\" \/>\n<meta name=\"twitter:creator\" content=\"@psol50\" \/>\n<meta name=\"twitter:site\" content=\"@psol50\" \/>\n<meta name=\"twitter:label1\" content=\"Escrito por\" \/>\n\t<meta name=\"twitter:data1\" content=\"Comunica\u00e7\u00e3o PSOL\" \/>\n\t<meta name=\"twitter:label2\" content=\"Est. tempo de leitura\" \/>\n\t<meta name=\"twitter:data2\" content=\"6 minutos\" \/>\n<script type=\"application\/ld+json\" class=\"yoast-schema-graph\">{\"@context\":\"https:\/\/schema.org\",\"@graph\":[{\"@type\":\"Article\",\"@id\":\"https:\/\/psol50.org.br\/bruno-magalhaes-e-israel-dutra-resultados-e-aspectos-da-eleicao-europeia\/#article\",\"isPartOf\":{\"@id\":\"https:\/\/psol50.org.br\/bruno-magalhaes-e-israel-dutra-resultados-e-aspectos-da-eleicao-europeia\/\"},\"author\":{\"name\":\"Comunica\u00e7\u00e3o PSOL\",\"@id\":\"https:\/\/psol50.org.br\/#\/schema\/person\/475dfa57d0b815993c714c2e96491fcd\"},\"headline\":\"Bruno Magalh\u00e3es e Israel Dutra | Resultados e aspectos da elei\u00e7\u00e3o europeia\",\"datePublished\":\"2019-06-12T14:06:13+00:00\",\"mainEntityOfPage\":{\"@id\":\"https:\/\/psol50.org.br\/bruno-magalhaes-e-israel-dutra-resultados-e-aspectos-da-eleicao-europeia\/\"},\"wordCount\":1287,\"publisher\":{\"@id\":\"https:\/\/psol50.org.br\/#organization\"},\"image\":{\"@id\":\"https:\/\/psol50.org.br\/bruno-magalhaes-e-israel-dutra-resultados-e-aspectos-da-eleicao-europeia\/#primaryimage\"},\"thumbnailUrl\":\"\",\"keywords\":[\"Bruno Magalh\u00e3es\",\"Israel Dutra\",\"Uni\u00e3o Europeia\",\"vota\u00e7\u00e3o\"],\"articleSection\":[\"Artigos\",\"Not\u00edcias\"],\"inLanguage\":\"pt-BR\"},{\"@type\":\"WebPage\",\"@id\":\"https:\/\/psol50.org.br\/bruno-magalhaes-e-israel-dutra-resultados-e-aspectos-da-eleicao-europeia\/\",\"url\":\"https:\/\/psol50.org.br\/bruno-magalhaes-e-israel-dutra-resultados-e-aspectos-da-eleicao-europeia\/\",\"name\":\"Bruno Magalh\u00e3es e Israel Dutra | Resultados e aspectos da elei\u00e7\u00e3o europeia\",\"isPartOf\":{\"@id\":\"https:\/\/psol50.org.br\/#website\"},\"primaryImageOfPage\":{\"@id\":\"https:\/\/psol50.org.br\/bruno-magalhaes-e-israel-dutra-resultados-e-aspectos-da-eleicao-europeia\/#primaryimage\"},\"image\":{\"@id\":\"https:\/\/psol50.org.br\/bruno-magalhaes-e-israel-dutra-resultados-e-aspectos-da-eleicao-europeia\/#primaryimage\"},\"thumbnailUrl\":\"\",\"datePublished\":\"2019-06-12T14:06:13+00:00\",\"breadcrumb\":{\"@id\":\"https:\/\/psol50.org.br\/bruno-magalhaes-e-israel-dutra-resultados-e-aspectos-da-eleicao-europeia\/#breadcrumb\"},\"inLanguage\":\"pt-BR\",\"potentialAction\":[{\"@type\":\"ReadAction\",\"target\":[\"https:\/\/psol50.org.br\/bruno-magalhaes-e-israel-dutra-resultados-e-aspectos-da-eleicao-europeia\/\"]}]},{\"@type\":\"ImageObject\",\"inLanguage\":\"pt-BR\",\"@id\":\"https:\/\/psol50.org.br\/bruno-magalhaes-e-israel-dutra-resultados-e-aspectos-da-eleicao-europeia\/#primaryimage\",\"url\":\"\",\"contentUrl\":\"\"},{\"@type\":\"BreadcrumbList\",\"@id\":\"https:\/\/psol50.org.br\/bruno-magalhaes-e-israel-dutra-resultados-e-aspectos-da-eleicao-europeia\/#breadcrumb\",\"itemListElement\":[{\"@type\":\"ListItem\",\"position\":1,\"name\":\"In\u00edcio\",\"item\":\"https:\/\/psol50.org.br\/\"},{\"@type\":\"ListItem\",\"position\":2,\"name\":\"Bruno Magalh\u00e3es e Israel Dutra | Resultados e aspectos da elei\u00e7\u00e3o europeia\"}]},{\"@type\":\"WebSite\",\"@id\":\"https:\/\/psol50.org.br\/#website\",\"url\":\"https:\/\/psol50.org.br\/\",\"name\":\"PSOL 50\",\"description\":\"Site oficial do Partido Socialismo e Liberdade\",\"publisher\":{\"@id\":\"https:\/\/psol50.org.br\/#organization\"},\"alternateName\":\"PSOL50\",\"potentialAction\":[{\"@type\":\"SearchAction\",\"target\":{\"@type\":\"EntryPoint\",\"urlTemplate\":\"https:\/\/psol50.org.br\/?s={search_term_string}\"},\"query-input\":{\"@type\":\"PropertyValueSpecification\",\"valueRequired\":true,\"valueName\":\"search_term_string\"}}],\"inLanguage\":\"pt-BR\"},{\"@type\":\"Organization\",\"@id\":\"https:\/\/psol50.org.br\/#organization\",\"name\":\"PSOL 50\",\"alternateName\":\"PSOL 50\",\"url\":\"https:\/\/psol50.org.br\/\",\"logo\":{\"@type\":\"ImageObject\",\"inLanguage\":\"pt-BR\",\"@id\":\"https:\/\/psol50.org.br\/#\/schema\/logo\/image\/\",\"url\":\"https:\/\/psol50.org.br\/inc\/uploads\/2018\/07\/capa.png\",\"contentUrl\":\"https:\/\/psol50.org.br\/inc\/uploads\/2018\/07\/capa.png\",\"width\":1350,\"height\":900,\"caption\":\"PSOL 50\"},\"image\":{\"@id\":\"https:\/\/psol50.org.br\/#\/schema\/logo\/image\/\"},\"sameAs\":[\"https:\/\/www.facebook.com\/psol50\",\"https:\/\/x.com\/psol50\",\"https:\/\/www.instagram.com\/psol50\/\",\"https:\/\/www.youtube.com\/channel\/UC7SnJS5o1os7a6CaiNabzcg\"]},{\"@type\":\"Person\",\"@id\":\"https:\/\/psol50.org.br\/#\/schema\/person\/475dfa57d0b815993c714c2e96491fcd\",\"name\":\"Comunica\u00e7\u00e3o PSOL\",\"image\":{\"@type\":\"ImageObject\",\"inLanguage\":\"pt-BR\",\"@id\":\"https:\/\/psol50.org.br\/#\/schema\/person\/image\/\",\"url\":\"https:\/\/secure.gravatar.com\/avatar\/b34fc4f4e468a4e51785917065a3db57b841f5c95dba6ad8c73aaf8f66f8f9bf?s=96&d=mm&r=g\",\"contentUrl\":\"https:\/\/secure.gravatar.com\/avatar\/b34fc4f4e468a4e51785917065a3db57b841f5c95dba6ad8c73aaf8f66f8f9bf?s=96&d=mm&r=g\",\"caption\":\"Comunica\u00e7\u00e3o PSOL\"}}]}<\/script>\n<!-- \/ Yoast SEO plugin. -->","yoast_head_json":{"title":"Bruno Magalh\u00e3es e Israel Dutra | Resultados e aspectos da elei\u00e7\u00e3o europeia","robots":{"index":"index","follow":"follow","max-snippet":"max-snippet:-1","max-image-preview":"max-image-preview:large","max-video-preview":"max-video-preview:-1"},"canonical":"https:\/\/psol50.org.br\/bruno-magalhaes-e-israel-dutra-resultados-e-aspectos-da-eleicao-europeia\/","og_locale":"pt_BR","og_type":"article","og_title":"Resultados e aspectos da elei\u00e7\u00e3o europeia","og_description":"Leia o artigo de Bruno Magalh\u00e3es e Israel Dutra","og_url":"https:\/\/psol50.org.br\/bruno-magalhaes-e-israel-dutra-resultados-e-aspectos-da-eleicao-europeia\/","og_site_name":"PSOL 50","article_publisher":"https:\/\/www.facebook.com\/psol50","article_published_time":"2019-06-12T14:06:13+00:00","og_image":[{"width":1350,"height":900,"url":"https:\/\/psol50.org.br\/inc\/uploads\/2018\/07\/capa.png","type":"image\/png"}],"author":"Comunica\u00e7\u00e3o PSOL","twitter_card":"summary_large_image","twitter_title":"Resultados e aspectos da elei\u00e7\u00e3o europeia","twitter_description":"Leia o artigo de Bruno Magalh\u00e3es e Israel Dutra","twitter_creator":"@psol50","twitter_site":"@psol50","twitter_misc":{"Escrito por":"Comunica\u00e7\u00e3o PSOL","Est. tempo de leitura":"6 minutos"},"schema":{"@context":"https:\/\/schema.org","@graph":[{"@type":"Article","@id":"https:\/\/psol50.org.br\/bruno-magalhaes-e-israel-dutra-resultados-e-aspectos-da-eleicao-europeia\/#article","isPartOf":{"@id":"https:\/\/psol50.org.br\/bruno-magalhaes-e-israel-dutra-resultados-e-aspectos-da-eleicao-europeia\/"},"author":{"name":"Comunica\u00e7\u00e3o PSOL","@id":"https:\/\/psol50.org.br\/#\/schema\/person\/475dfa57d0b815993c714c2e96491fcd"},"headline":"Bruno Magalh\u00e3es e Israel Dutra | Resultados e aspectos da elei\u00e7\u00e3o europeia","datePublished":"2019-06-12T14:06:13+00:00","mainEntityOfPage":{"@id":"https:\/\/psol50.org.br\/bruno-magalhaes-e-israel-dutra-resultados-e-aspectos-da-eleicao-europeia\/"},"wordCount":1287,"publisher":{"@id":"https:\/\/psol50.org.br\/#organization"},"image":{"@id":"https:\/\/psol50.org.br\/bruno-magalhaes-e-israel-dutra-resultados-e-aspectos-da-eleicao-europeia\/#primaryimage"},"thumbnailUrl":"","keywords":["Bruno Magalh\u00e3es","Israel Dutra","Uni\u00e3o Europeia","vota\u00e7\u00e3o"],"articleSection":["Artigos","Not\u00edcias"],"inLanguage":"pt-BR"},{"@type":"WebPage","@id":"https:\/\/psol50.org.br\/bruno-magalhaes-e-israel-dutra-resultados-e-aspectos-da-eleicao-europeia\/","url":"https:\/\/psol50.org.br\/bruno-magalhaes-e-israel-dutra-resultados-e-aspectos-da-eleicao-europeia\/","name":"Bruno Magalh\u00e3es e Israel Dutra | Resultados e aspectos da elei\u00e7\u00e3o europeia","isPartOf":{"@id":"https:\/\/psol50.org.br\/#website"},"primaryImageOfPage":{"@id":"https:\/\/psol50.org.br\/bruno-magalhaes-e-israel-dutra-resultados-e-aspectos-da-eleicao-europeia\/#primaryimage"},"image":{"@id":"https:\/\/psol50.org.br\/bruno-magalhaes-e-israel-dutra-resultados-e-aspectos-da-eleicao-europeia\/#primaryimage"},"thumbnailUrl":"","datePublished":"2019-06-12T14:06:13+00:00","breadcrumb":{"@id":"https:\/\/psol50.org.br\/bruno-magalhaes-e-israel-dutra-resultados-e-aspectos-da-eleicao-europeia\/#breadcrumb"},"inLanguage":"pt-BR","potentialAction":[{"@type":"ReadAction","target":["https:\/\/psol50.org.br\/bruno-magalhaes-e-israel-dutra-resultados-e-aspectos-da-eleicao-europeia\/"]}]},{"@type":"ImageObject","inLanguage":"pt-BR","@id":"https:\/\/psol50.org.br\/bruno-magalhaes-e-israel-dutra-resultados-e-aspectos-da-eleicao-europeia\/#primaryimage","url":"","contentUrl":""},{"@type":"BreadcrumbList","@id":"https:\/\/psol50.org.br\/bruno-magalhaes-e-israel-dutra-resultados-e-aspectos-da-eleicao-europeia\/#breadcrumb","itemListElement":[{"@type":"ListItem","position":1,"name":"In\u00edcio","item":"https:\/\/psol50.org.br\/"},{"@type":"ListItem","position":2,"name":"Bruno Magalh\u00e3es e Israel Dutra | Resultados e aspectos da elei\u00e7\u00e3o europeia"}]},{"@type":"WebSite","@id":"https:\/\/psol50.org.br\/#website","url":"https:\/\/psol50.org.br\/","name":"PSOL 50","description":"Site oficial do Partido Socialismo e Liberdade","publisher":{"@id":"https:\/\/psol50.org.br\/#organization"},"alternateName":"PSOL50","potentialAction":[{"@type":"SearchAction","target":{"@type":"EntryPoint","urlTemplate":"https:\/\/psol50.org.br\/?s={search_term_string}"},"query-input":{"@type":"PropertyValueSpecification","valueRequired":true,"valueName":"search_term_string"}}],"inLanguage":"pt-BR"},{"@type":"Organization","@id":"https:\/\/psol50.org.br\/#organization","name":"PSOL 50","alternateName":"PSOL 50","url":"https:\/\/psol50.org.br\/","logo":{"@type":"ImageObject","inLanguage":"pt-BR","@id":"https:\/\/psol50.org.br\/#\/schema\/logo\/image\/","url":"https:\/\/psol50.org.br\/inc\/uploads\/2018\/07\/capa.png","contentUrl":"https:\/\/psol50.org.br\/inc\/uploads\/2018\/07\/capa.png","width":1350,"height":900,"caption":"PSOL 50"},"image":{"@id":"https:\/\/psol50.org.br\/#\/schema\/logo\/image\/"},"sameAs":["https:\/\/www.facebook.com\/psol50","https:\/\/x.com\/psol50","https:\/\/www.instagram.com\/psol50\/","https:\/\/www.youtube.com\/channel\/UC7SnJS5o1os7a6CaiNabzcg"]},{"@type":"Person","@id":"https:\/\/psol50.org.br\/#\/schema\/person\/475dfa57d0b815993c714c2e96491fcd","name":"Comunica\u00e7\u00e3o PSOL","image":{"@type":"ImageObject","inLanguage":"pt-BR","@id":"https:\/\/psol50.org.br\/#\/schema\/person\/image\/","url":"https:\/\/secure.gravatar.com\/avatar\/b34fc4f4e468a4e51785917065a3db57b841f5c95dba6ad8c73aaf8f66f8f9bf?s=96&d=mm&r=g","contentUrl":"https:\/\/secure.gravatar.com\/avatar\/b34fc4f4e468a4e51785917065a3db57b841f5c95dba6ad8c73aaf8f66f8f9bf?s=96&d=mm&r=g","caption":"Comunica\u00e7\u00e3o PSOL"}}]}},"_links":{"self":[{"href":"https:\/\/psol50.org.br\/rest\/wp\/v2\/posts\/25483","targetHints":{"allow":["GET"]}}],"collection":[{"href":"https:\/\/psol50.org.br\/rest\/wp\/v2\/posts"}],"about":[{"href":"https:\/\/psol50.org.br\/rest\/wp\/v2\/types\/post"}],"author":[{"embeddable":true,"href":"https:\/\/psol50.org.br\/rest\/wp\/v2\/users\/2"}],"replies":[{"embeddable":true,"href":"https:\/\/psol50.org.br\/rest\/wp\/v2\/comments?post=25483"}],"version-history":[{"count":0,"href":"https:\/\/psol50.org.br\/rest\/wp\/v2\/posts\/25483\/revisions"}],"wp:featuredmedia":[{"embeddable":true,"href":"https:\/\/psol50.org.br\/rest\/"}],"wp:attachment":[{"href":"https:\/\/psol50.org.br\/rest\/wp\/v2\/media?parent=25483"}],"wp:term":[{"taxonomy":"category","embeddable":true,"href":"https:\/\/psol50.org.br\/rest\/wp\/v2\/categories?post=25483"},{"taxonomy":"post_tag","embeddable":true,"href":"https:\/\/psol50.org.br\/rest\/wp\/v2\/tags?post=25483"}],"curies":[{"name":"wp","href":"https:\/\/api.w.org\/{rel}","templated":true}]}}