{"id":25497,"date":"2019-06-12T17:26:11","date_gmt":"2019-06-12T20:26:11","guid":{"rendered":"http:\/\/psol50.org.br\/?p=25497"},"modified":"2019-06-12T17:26:11","modified_gmt":"2019-06-12T20:26:11","slug":"stf-suspende-decreto-de-bolsonaro-que-extingue-conselhos-na-administracao-federal","status":"publish","type":"post","link":"https:\/\/psol50.org.br\/stf-suspende-decreto-de-bolsonaro-que-extingue-conselhos-na-administracao-federal\/","title":{"rendered":"STF suspende decreto de Bolsonaro que extingue conselhos na administra\u00e7\u00e3o federal"},"content":{"rendered":"<p>Na tarde desta quarta-feira (16), o Supremo Tribunal Federal (STF) aprovou uma liminar que suspende o Decreto 9.759\/2019, assinado por Jair Bolsonaro, e que extingue os conselhos da administra\u00e7\u00e3o p\u00fablica federal. A medida previa a extin\u00e7\u00e3o a partir do dia 28 de junho dos colegiados que garantem participa\u00e7\u00e3o popular e de organiza\u00e7\u00f5es da sociedade civil na constru\u00e7\u00e3o de leis e regulamenta\u00e7\u00f5es. A suspens\u00e3o aprovada \u00e9 baseada na A\u00e7\u00e3o Direta de Inconstitucionalidade (ADI) 6121.<\/p>\n<p>O ministro Edson Fachin, por exemplo, afirmou que o argumento de conten\u00e7\u00e3o de gastos n\u00e3o sustenta a decis\u00e3o de acabar com os conselhos. &#8220;N\u00e3o antevejo a extin\u00e7\u00e3o de um n\u00famero inestim\u00e1vel de colegiados, e que fomentam a participa\u00e7\u00e3o social, nem mesmo diante do argumento da racionaliza\u00e7\u00e3o das despesas administrativas&#8221;, afirmou durante seu voto.<\/p>\n<p>A medida argumenta que a decis\u00e3o unilateral do presidente viola os princ\u00edpios republicano, democr\u00e1tico e de participa\u00e7\u00e3o popular que est\u00e3o estabelecidos na Constitui\u00e7\u00e3o Federal. V\u00e1rios destes conselhos foram criados atrav\u00e9s de leis aprovadas pelo Congresso Nacional e n\u00e3o poderiam ser revogados por simples decreto presidencial, que suprime compet\u00eancia do Legislativo na decis\u00e3o.<\/p>\n<p>Os conselhos federais garantem a &#8220;Pol\u00edtica Nacional de Participa\u00e7\u00e3o Social&#8221; e efetivam a democracia e o di\u00e1logo constante entre o governo e diversos setores organizados da sociedade brasileira. A a\u00e7\u00e3o aponta que os conselhos s\u00e3o importantes para efetivar \u201ca participa\u00e7\u00e3o democr\u00e1tica do povo nos rumos das pol\u00edticas p\u00fablicas ou na efetiva\u00e7\u00e3o dos direitos garantidos legal e constitucionalmente\u201d.<\/p>\n","protected":false},"excerpt":{"rendered":"<p>Na tarde desta quarta-feira (16), o Supremo Tribunal Federal (STF) aprovou uma liminar que suspende o Decreto 9.759\/2019, assinado por Jair Bolsonaro, e que extingue os conselhos da administra\u00e7\u00e3o p\u00fablica federal. A medida previa a extin\u00e7\u00e3o a partir do dia 28 de junho dos colegiados que garantem participa\u00e7\u00e3o popular e de organiza\u00e7\u00f5es da sociedade civil [&hellip;]<\/p>\n","protected":false},"author":2,"featured_media":24800,"comment_status":"closed","ping_status":"open","sticky":false,"template":"","format":"standard","meta":{"_acf_changed":false,"footnotes":""},"categories":[1882,6],"tags":[56,1772,1040,1559,45],"class_list":{"0":"post-25497","1":"post","2":"type-post","3":"status-publish","4":"format-standard","5":"has-post-thumbnail","7":"category-brasil","8":"category-noticias","9":"tag-bolsonaro","10":"tag-conselhos","11":"tag-decreto","12":"tag-participacao-popular","13":"tag-stf"},"acf":[],"yoast_head":"<!-- This site is optimized with the Yoast SEO plugin v26.5 - https:\/\/yoast.com\/wordpress\/plugins\/seo\/ -->\n<title>STF suspende decreto de Bolsonaro que extingue conselhos na administra\u00e7\u00e3o federal<\/title>\n<meta name=\"robots\" content=\"index, follow, max-snippet:-1, max-image-preview:large, max-video-preview:-1\" \/>\n<link rel=\"canonical\" href=\"https:\/\/psol50.org.br\/stf-suspende-decreto-de-bolsonaro-que-extingue-conselhos-na-administracao-federal\/\" \/>\n<meta property=\"og:locale\" content=\"pt_BR\" \/>\n<meta property=\"og:type\" content=\"article\" \/>\n<meta property=\"og:title\" content=\"STF suspende decreto de Bolsonaro que extingue conselhos na administra\u00e7\u00e3o federal\" \/>\n<meta property=\"og:description\" content=\"Colegiados garantem participa\u00e7\u00e3o popular na constru\u00e7\u00e3o de leis\" \/>\n<meta property=\"og:url\" content=\"https:\/\/psol50.org.br\/stf-suspende-decreto-de-bolsonaro-que-extingue-conselhos-na-administracao-federal\/\" \/>\n<meta property=\"og:site_name\" content=\"PSOL 50\" \/>\n<meta property=\"article:publisher\" content=\"https:\/\/www.facebook.com\/psol50\" \/>\n<meta property=\"article:published_time\" content=\"2019-06-12T20:26:11+00:00\" \/>\n<meta property=\"og:image\" content=\"https:\/\/psol50.org.br\/inc\/uploads\/2019\/04\/bolsonaro-am-825x550-1.jpg\" \/>\n\t<meta property=\"og:image:width\" content=\"825\" \/>\n\t<meta property=\"og:image:height\" content=\"550\" \/>\n\t<meta property=\"og:image:type\" content=\"image\/jpeg\" \/>\n<meta name=\"author\" content=\"Comunica\u00e7\u00e3o PSOL\" \/>\n<meta name=\"twitter:card\" content=\"summary_large_image\" \/>\n<meta name=\"twitter:title\" content=\"STF suspende decreto de Bolsonaro que extingue conselhos na administra\u00e7\u00e3o federal\" \/>\n<meta name=\"twitter:description\" content=\"Colegiados garantem participa\u00e7\u00e3o popular na constru\u00e7\u00e3o de leis\" \/>\n<meta name=\"twitter:image\" content=\"https:\/\/psol50.org.br\/inc\/uploads\/2019\/04\/bolsonaro-am-825x550-1.jpg\" \/>\n<meta name=\"twitter:creator\" content=\"@psol50\" \/>\n<meta name=\"twitter:site\" content=\"@psol50\" \/>\n<meta name=\"twitter:label1\" content=\"Escrito por\" \/>\n\t<meta name=\"twitter:data1\" content=\"Comunica\u00e7\u00e3o PSOL\" \/>\n\t<meta name=\"twitter:label2\" content=\"Est. tempo de leitura\" \/>\n\t<meta name=\"twitter:data2\" content=\"1 minuto\" \/>\n<script type=\"application\/ld+json\" class=\"yoast-schema-graph\">{\"@context\":\"https:\/\/schema.org\",\"@graph\":[{\"@type\":\"Article\",\"@id\":\"https:\/\/psol50.org.br\/stf-suspende-decreto-de-bolsonaro-que-extingue-conselhos-na-administracao-federal\/#article\",\"isPartOf\":{\"@id\":\"https:\/\/psol50.org.br\/stf-suspende-decreto-de-bolsonaro-que-extingue-conselhos-na-administracao-federal\/\"},\"author\":{\"name\":\"Comunica\u00e7\u00e3o PSOL\",\"@id\":\"https:\/\/psol50.org.br\/#\/schema\/person\/475dfa57d0b815993c714c2e96491fcd\"},\"headline\":\"STF suspende decreto de Bolsonaro que extingue conselhos na administra\u00e7\u00e3o federal\",\"datePublished\":\"2019-06-12T20:26:11+00:00\",\"mainEntityOfPage\":{\"@id\":\"https:\/\/psol50.org.br\/stf-suspende-decreto-de-bolsonaro-que-extingue-conselhos-na-administracao-federal\/\"},\"wordCount\":281,\"publisher\":{\"@id\":\"https:\/\/psol50.org.br\/#organization\"},\"image\":{\"@id\":\"https:\/\/psol50.org.br\/stf-suspende-decreto-de-bolsonaro-que-extingue-conselhos-na-administracao-federal\/#primaryimage\"},\"thumbnailUrl\":\"https:\/\/psol50.org.br\/inc\/uploads\/2019\/04\/bolsonaro-am-825x550-1.jpg\",\"keywords\":[\"Bolsonaro\",\"Conselhos\",\"decreto\",\"Participa\u00e7\u00e3o popular\",\"STF\"],\"articleSection\":[\"Brasil\",\"Not\u00edcias\"],\"inLanguage\":\"pt-BR\"},{\"@type\":\"WebPage\",\"@id\":\"https:\/\/psol50.org.br\/stf-suspende-decreto-de-bolsonaro-que-extingue-conselhos-na-administracao-federal\/\",\"url\":\"https:\/\/psol50.org.br\/stf-suspende-decreto-de-bolsonaro-que-extingue-conselhos-na-administracao-federal\/\",\"name\":\"STF suspende decreto de Bolsonaro que extingue conselhos na administra\u00e7\u00e3o federal\",\"isPartOf\":{\"@id\":\"https:\/\/psol50.org.br\/#website\"},\"primaryImageOfPage\":{\"@id\":\"https:\/\/psol50.org.br\/stf-suspende-decreto-de-bolsonaro-que-extingue-conselhos-na-administracao-federal\/#primaryimage\"},\"image\":{\"@id\":\"https:\/\/psol50.org.br\/stf-suspende-decreto-de-bolsonaro-que-extingue-conselhos-na-administracao-federal\/#primaryimage\"},\"thumbnailUrl\":\"https:\/\/psol50.org.br\/inc\/uploads\/2019\/04\/bolsonaro-am-825x550-1.jpg\",\"datePublished\":\"2019-06-12T20:26:11+00:00\",\"breadcrumb\":{\"@id\":\"https:\/\/psol50.org.br\/stf-suspende-decreto-de-bolsonaro-que-extingue-conselhos-na-administracao-federal\/#breadcrumb\"},\"inLanguage\":\"pt-BR\",\"potentialAction\":[{\"@type\":\"ReadAction\",\"target\":[\"https:\/\/psol50.org.br\/stf-suspende-decreto-de-bolsonaro-que-extingue-conselhos-na-administracao-federal\/\"]}]},{\"@type\":\"ImageObject\",\"inLanguage\":\"pt-BR\",\"@id\":\"https:\/\/psol50.org.br\/stf-suspende-decreto-de-bolsonaro-que-extingue-conselhos-na-administracao-federal\/#primaryimage\",\"url\":\"https:\/\/psol50.org.br\/inc\/uploads\/2019\/04\/bolsonaro-am-825x550-1.jpg\",\"contentUrl\":\"https:\/\/psol50.org.br\/inc\/uploads\/2019\/04\/bolsonaro-am-825x550-1.jpg\",\"width\":825,\"height\":550,\"caption\":\"Foto: Ant\u00f4nio More\"},{\"@type\":\"BreadcrumbList\",\"@id\":\"https:\/\/psol50.org.br\/stf-suspende-decreto-de-bolsonaro-que-extingue-conselhos-na-administracao-federal\/#breadcrumb\",\"itemListElement\":[{\"@type\":\"ListItem\",\"position\":1,\"name\":\"In\u00edcio\",\"item\":\"https:\/\/psol50.org.br\/\"},{\"@type\":\"ListItem\",\"position\":2,\"name\":\"STF suspende decreto de Bolsonaro que extingue conselhos na administra\u00e7\u00e3o federal\"}]},{\"@type\":\"WebSite\",\"@id\":\"https:\/\/psol50.org.br\/#website\",\"url\":\"https:\/\/psol50.org.br\/\",\"name\":\"PSOL 50\",\"description\":\"Site oficial do Partido Socialismo e Liberdade\",\"publisher\":{\"@id\":\"https:\/\/psol50.org.br\/#organization\"},\"alternateName\":\"PSOL50\",\"potentialAction\":[{\"@type\":\"SearchAction\",\"target\":{\"@type\":\"EntryPoint\",\"urlTemplate\":\"https:\/\/psol50.org.br\/?s={search_term_string}\"},\"query-input\":{\"@type\":\"PropertyValueSpecification\",\"valueRequired\":true,\"valueName\":\"search_term_string\"}}],\"inLanguage\":\"pt-BR\"},{\"@type\":\"Organization\",\"@id\":\"https:\/\/psol50.org.br\/#organization\",\"name\":\"PSOL 50\",\"alternateName\":\"PSOL 50\",\"url\":\"https:\/\/psol50.org.br\/\",\"logo\":{\"@type\":\"ImageObject\",\"inLanguage\":\"pt-BR\",\"@id\":\"https:\/\/psol50.org.br\/#\/schema\/logo\/image\/\",\"url\":\"https:\/\/psol50.org.br\/inc\/uploads\/2018\/07\/capa.png\",\"contentUrl\":\"https:\/\/psol50.org.br\/inc\/uploads\/2018\/07\/capa.png\",\"width\":1350,\"height\":900,\"caption\":\"PSOL 50\"},\"image\":{\"@id\":\"https:\/\/psol50.org.br\/#\/schema\/logo\/image\/\"},\"sameAs\":[\"https:\/\/www.facebook.com\/psol50\",\"https:\/\/x.com\/psol50\",\"https:\/\/www.instagram.com\/psol50\/\",\"https:\/\/www.youtube.com\/channel\/UC7SnJS5o1os7a6CaiNabzcg\"]},{\"@type\":\"Person\",\"@id\":\"https:\/\/psol50.org.br\/#\/schema\/person\/475dfa57d0b815993c714c2e96491fcd\",\"name\":\"Comunica\u00e7\u00e3o PSOL\",\"image\":{\"@type\":\"ImageObject\",\"inLanguage\":\"pt-BR\",\"@id\":\"https:\/\/psol50.org.br\/#\/schema\/person\/image\/\",\"url\":\"https:\/\/secure.gravatar.com\/avatar\/b34fc4f4e468a4e51785917065a3db57b841f5c95dba6ad8c73aaf8f66f8f9bf?s=96&d=mm&r=g\",\"contentUrl\":\"https:\/\/secure.gravatar.com\/avatar\/b34fc4f4e468a4e51785917065a3db57b841f5c95dba6ad8c73aaf8f66f8f9bf?s=96&d=mm&r=g\",\"caption\":\"Comunica\u00e7\u00e3o PSOL\"}}]}<\/script>\n<!-- \/ Yoast SEO plugin. -->","yoast_head_json":{"title":"STF suspende decreto de Bolsonaro que extingue conselhos na administra\u00e7\u00e3o federal","robots":{"index":"index","follow":"follow","max-snippet":"max-snippet:-1","max-image-preview":"max-image-preview:large","max-video-preview":"max-video-preview:-1"},"canonical":"https:\/\/psol50.org.br\/stf-suspende-decreto-de-bolsonaro-que-extingue-conselhos-na-administracao-federal\/","og_locale":"pt_BR","og_type":"article","og_title":"STF suspende decreto de Bolsonaro que extingue conselhos na administra\u00e7\u00e3o federal","og_description":"Colegiados garantem participa\u00e7\u00e3o popular na constru\u00e7\u00e3o de leis","og_url":"https:\/\/psol50.org.br\/stf-suspende-decreto-de-bolsonaro-que-extingue-conselhos-na-administracao-federal\/","og_site_name":"PSOL 50","article_publisher":"https:\/\/www.facebook.com\/psol50","article_published_time":"2019-06-12T20:26:11+00:00","og_image":[{"width":825,"height":550,"url":"https:\/\/psol50.org.br\/inc\/uploads\/2019\/04\/bolsonaro-am-825x550-1.jpg","type":"image\/jpeg"}],"author":"Comunica\u00e7\u00e3o PSOL","twitter_card":"summary_large_image","twitter_title":"STF suspende decreto de Bolsonaro que extingue conselhos na administra\u00e7\u00e3o federal","twitter_description":"Colegiados garantem participa\u00e7\u00e3o popular na constru\u00e7\u00e3o de leis","twitter_image":"https:\/\/psol50.org.br\/inc\/uploads\/2019\/04\/bolsonaro-am-825x550-1.jpg","twitter_creator":"@psol50","twitter_site":"@psol50","twitter_misc":{"Escrito por":"Comunica\u00e7\u00e3o PSOL","Est. tempo de leitura":"1 minuto"},"schema":{"@context":"https:\/\/schema.org","@graph":[{"@type":"Article","@id":"https:\/\/psol50.org.br\/stf-suspende-decreto-de-bolsonaro-que-extingue-conselhos-na-administracao-federal\/#article","isPartOf":{"@id":"https:\/\/psol50.org.br\/stf-suspende-decreto-de-bolsonaro-que-extingue-conselhos-na-administracao-federal\/"},"author":{"name":"Comunica\u00e7\u00e3o PSOL","@id":"https:\/\/psol50.org.br\/#\/schema\/person\/475dfa57d0b815993c714c2e96491fcd"},"headline":"STF suspende decreto de Bolsonaro que extingue conselhos na administra\u00e7\u00e3o federal","datePublished":"2019-06-12T20:26:11+00:00","mainEntityOfPage":{"@id":"https:\/\/psol50.org.br\/stf-suspende-decreto-de-bolsonaro-que-extingue-conselhos-na-administracao-federal\/"},"wordCount":281,"publisher":{"@id":"https:\/\/psol50.org.br\/#organization"},"image":{"@id":"https:\/\/psol50.org.br\/stf-suspende-decreto-de-bolsonaro-que-extingue-conselhos-na-administracao-federal\/#primaryimage"},"thumbnailUrl":"https:\/\/psol50.org.br\/inc\/uploads\/2019\/04\/bolsonaro-am-825x550-1.jpg","keywords":["Bolsonaro","Conselhos","decreto","Participa\u00e7\u00e3o popular","STF"],"articleSection":["Brasil","Not\u00edcias"],"inLanguage":"pt-BR"},{"@type":"WebPage","@id":"https:\/\/psol50.org.br\/stf-suspende-decreto-de-bolsonaro-que-extingue-conselhos-na-administracao-federal\/","url":"https:\/\/psol50.org.br\/stf-suspende-decreto-de-bolsonaro-que-extingue-conselhos-na-administracao-federal\/","name":"STF suspende decreto de Bolsonaro que extingue conselhos na administra\u00e7\u00e3o federal","isPartOf":{"@id":"https:\/\/psol50.org.br\/#website"},"primaryImageOfPage":{"@id":"https:\/\/psol50.org.br\/stf-suspende-decreto-de-bolsonaro-que-extingue-conselhos-na-administracao-federal\/#primaryimage"},"image":{"@id":"https:\/\/psol50.org.br\/stf-suspende-decreto-de-bolsonaro-que-extingue-conselhos-na-administracao-federal\/#primaryimage"},"thumbnailUrl":"https:\/\/psol50.org.br\/inc\/uploads\/2019\/04\/bolsonaro-am-825x550-1.jpg","datePublished":"2019-06-12T20:26:11+00:00","breadcrumb":{"@id":"https:\/\/psol50.org.br\/stf-suspende-decreto-de-bolsonaro-que-extingue-conselhos-na-administracao-federal\/#breadcrumb"},"inLanguage":"pt-BR","potentialAction":[{"@type":"ReadAction","target":["https:\/\/psol50.org.br\/stf-suspende-decreto-de-bolsonaro-que-extingue-conselhos-na-administracao-federal\/"]}]},{"@type":"ImageObject","inLanguage":"pt-BR","@id":"https:\/\/psol50.org.br\/stf-suspende-decreto-de-bolsonaro-que-extingue-conselhos-na-administracao-federal\/#primaryimage","url":"https:\/\/psol50.org.br\/inc\/uploads\/2019\/04\/bolsonaro-am-825x550-1.jpg","contentUrl":"https:\/\/psol50.org.br\/inc\/uploads\/2019\/04\/bolsonaro-am-825x550-1.jpg","width":825,"height":550,"caption":"Foto: Ant\u00f4nio More"},{"@type":"BreadcrumbList","@id":"https:\/\/psol50.org.br\/stf-suspende-decreto-de-bolsonaro-que-extingue-conselhos-na-administracao-federal\/#breadcrumb","itemListElement":[{"@type":"ListItem","position":1,"name":"In\u00edcio","item":"https:\/\/psol50.org.br\/"},{"@type":"ListItem","position":2,"name":"STF suspende decreto de Bolsonaro que extingue conselhos na administra\u00e7\u00e3o federal"}]},{"@type":"WebSite","@id":"https:\/\/psol50.org.br\/#website","url":"https:\/\/psol50.org.br\/","name":"PSOL 50","description":"Site oficial do Partido Socialismo e Liberdade","publisher":{"@id":"https:\/\/psol50.org.br\/#organization"},"alternateName":"PSOL50","potentialAction":[{"@type":"SearchAction","target":{"@type":"EntryPoint","urlTemplate":"https:\/\/psol50.org.br\/?s={search_term_string}"},"query-input":{"@type":"PropertyValueSpecification","valueRequired":true,"valueName":"search_term_string"}}],"inLanguage":"pt-BR"},{"@type":"Organization","@id":"https:\/\/psol50.org.br\/#organization","name":"PSOL 50","alternateName":"PSOL 50","url":"https:\/\/psol50.org.br\/","logo":{"@type":"ImageObject","inLanguage":"pt-BR","@id":"https:\/\/psol50.org.br\/#\/schema\/logo\/image\/","url":"https:\/\/psol50.org.br\/inc\/uploads\/2018\/07\/capa.png","contentUrl":"https:\/\/psol50.org.br\/inc\/uploads\/2018\/07\/capa.png","width":1350,"height":900,"caption":"PSOL 50"},"image":{"@id":"https:\/\/psol50.org.br\/#\/schema\/logo\/image\/"},"sameAs":["https:\/\/www.facebook.com\/psol50","https:\/\/x.com\/psol50","https:\/\/www.instagram.com\/psol50\/","https:\/\/www.youtube.com\/channel\/UC7SnJS5o1os7a6CaiNabzcg"]},{"@type":"Person","@id":"https:\/\/psol50.org.br\/#\/schema\/person\/475dfa57d0b815993c714c2e96491fcd","name":"Comunica\u00e7\u00e3o PSOL","image":{"@type":"ImageObject","inLanguage":"pt-BR","@id":"https:\/\/psol50.org.br\/#\/schema\/person\/image\/","url":"https:\/\/secure.gravatar.com\/avatar\/b34fc4f4e468a4e51785917065a3db57b841f5c95dba6ad8c73aaf8f66f8f9bf?s=96&d=mm&r=g","contentUrl":"https:\/\/secure.gravatar.com\/avatar\/b34fc4f4e468a4e51785917065a3db57b841f5c95dba6ad8c73aaf8f66f8f9bf?s=96&d=mm&r=g","caption":"Comunica\u00e7\u00e3o PSOL"}}]}},"_links":{"self":[{"href":"https:\/\/psol50.org.br\/rest\/wp\/v2\/posts\/25497","targetHints":{"allow":["GET"]}}],"collection":[{"href":"https:\/\/psol50.org.br\/rest\/wp\/v2\/posts"}],"about":[{"href":"https:\/\/psol50.org.br\/rest\/wp\/v2\/types\/post"}],"author":[{"embeddable":true,"href":"https:\/\/psol50.org.br\/rest\/wp\/v2\/users\/2"}],"replies":[{"embeddable":true,"href":"https:\/\/psol50.org.br\/rest\/wp\/v2\/comments?post=25497"}],"version-history":[{"count":0,"href":"https:\/\/psol50.org.br\/rest\/wp\/v2\/posts\/25497\/revisions"}],"wp:featuredmedia":[{"embeddable":true,"href":"https:\/\/psol50.org.br\/rest\/wp\/v2\/media\/24800"}],"wp:attachment":[{"href":"https:\/\/psol50.org.br\/rest\/wp\/v2\/media?parent=25497"}],"wp:term":[{"taxonomy":"category","embeddable":true,"href":"https:\/\/psol50.org.br\/rest\/wp\/v2\/categories?post=25497"},{"taxonomy":"post_tag","embeddable":true,"href":"https:\/\/psol50.org.br\/rest\/wp\/v2\/tags?post=25497"}],"curies":[{"name":"wp","href":"https:\/\/api.w.org\/{rel}","templated":true}]}}