{"id":255,"date":"2012-08-25T00:00:00","date_gmt":"2012-08-25T00:00:00","guid":{"rendered":"http:\/\/psol50.org.br\/arquivo\/2012\/08\/25\/jean-wyllys-e-marcelo-freixo-convidam-para-a-atividade-encontro-na-praia-acao-de-conscientizacao-para-comunidade-lgbt\/"},"modified":"2012-08-25T00:00:00","modified_gmt":"2012-08-25T00:00:00","slug":"jean-wyllys-e-marcelo-freixo-convidam-para-a-atividade-encontro-na-praia-acao-de-conscientizacao-para-comunidade-lgbt","status":"publish","type":"post","link":"https:\/\/psol50.org.br\/jean-wyllys-e-marcelo-freixo-convidam-para-a-atividade-encontro-na-praia-acao-de-conscientizacao-para-comunidade-lgbt\/","title":{"rendered":"Jean Wyllys e Marcelo Freixo convidam para a atividade Encontro na praia \u2013 a\u00e7\u00e3o de conscientiza\u00e7\u00e3o para comunidade LGBT"},"content":{"rendered":"<p>Nesse domingo, a partir das 10h30, o deputado federal Jean Wyllys (PSOL-RJ) e o candidato a prefeito da cidade do Rio de Janeiro, Marcelo Freixo estar\u00e3o na praia de Ipanema em uma atividade de conscientiza\u00e7\u00e3o da popula\u00e7\u00e3o de l\u00e9sbicas, gays, bissexuais, travestis e transexuais (LGBT) frequentadora da praia.<\/p>\n<p>Intitulada \u201cEncontro na praia\u201d, a atividade ocorre em Ipanema, em frente \u00e0 rua Farme de Amoedo, e recebe os participantes da caminhada em apoio \u00e0 campanha de Freixo, que se inicia na praia do arpoador. Esta\u00a0\u00e9 uma das s\u00e9ries de a\u00e7\u00f5es desenvolvidas pelo comit\u00ea LGBT da campanha de Freixo \u00e0 prefeitura da cidade.<\/p>\n<p>No dia 17 de agosto, em uma atividade que marcou o lan\u00e7amento do comit\u00ea, a campanha exibiu v\u00eddeo feito com a comunidade LGBT, reiterando o compromisso do candidato com a luta pelos direitos civis desse segmento da popula\u00e7\u00e3o carioca, bem como a luta contra a homofobia. Um material impresso com algumas das a\u00e7\u00f5es que Freixo implementar\u00e1 ap\u00f3s sua elei\u00e7\u00e3o,\u00a0confirmando o compromisso do candidato do PSOL com a luta contra a homofobia e pelo reconhecimento legal e social da diversidade sexual como um direito e bem humano,\u00a0tamb\u00e9m foi impresso e distribu\u00eddo durante uma grande passeata que reuniu cerca de 200 pessoas na Lapa.<\/p>\n<p>\u201cAl\u00e9m de seu compromisso com a cidadania da popula\u00e7\u00e3o LGBT da cidade do Rio de Janeiro e por uma administra\u00e7\u00e3o laica e sem alian\u00e7as com o fundamentalismo religioso e com as for\u00e7as do \u00f3dio segregador, Marcelo conhece como ningu\u00e9m a luta contra as diversas formas de viol\u00eancia\u201d, diz Wyllys.<\/p>\n<p>\u201cFreixo sentiu na pele o que \u00e9 ser amea\u00e7ado e correr riscos por defender um mundo mais justo e igual, e esses s\u00e3o um dos motivos pelo qual ele tem meu total apoio a prefeito da cidade do Rio de Janeiro\u201d, continua o deputado. \u201cEspero ver, neste encontro, todas as pessoas que querem uma cidade mais justa e igualit\u00e1ria, que me admiram, e que admiram e querem Marcelo Freixo como prefeito da nossa cidade maravilhosa!\u201d.<\/p>\n<p><a title=\"video com Freixo e Jean Wyllys contra homofobia\" href=\"http:\/\/youtu.be\/gVmGt8aWqw8\" rel=\"attachment wp-att-15990\"><img loading=\"lazy\" decoding=\"async\" class=\"alignnone size-full wp-image-15990\" src=\"http:\/\/psol50.org.br\/files\/2012\/08\/video-freixo-e-wyllys.jpg\" alt=\"\" width=\"250\" height=\"156\" \/><\/a><\/p>\n<p>Servi\u00e7o:<\/p>\n<p>\u201cEncontro na praia\u201d com Jean Wyllys e Marcelo Freixo. A partir das 10h30. A atividade ter\u00e1 in\u00edcio na praia do arpoador e termina em Ipanema (Farme de Amoedo). Informa\u00e7\u00f5es: (021) 2524-4672.<\/p>\n","protected":false},"excerpt":{"rendered":"<p>Nesse domingo, a partir das 10h30, o deputado federal Jean Wyllys (PSOL-RJ) e o candidato a prefeito da cidade do Rio de Janeiro, Marcelo Freixo estar\u00e3o na praia de Ipanema em uma atividade de conscientiza\u00e7\u00e3o da popula\u00e7\u00e3o de l\u00e9sbicas, gays, bissexuais, travestis e transexuais (LGBT) frequentadora da praia. Intitulada \u201cEncontro na praia\u201d, a atividade ocorre [&hellip;]<\/p>\n","protected":false},"author":2,"featured_media":0,"comment_status":"open","ping_status":"open","sticky":false,"template":"","format":"standard","meta":{"_acf_changed":false,"footnotes":""},"categories":[10,4766,4974],"tags":[4975],"class_list":{"0":"post-255","1":"post","2":"type-post","3":"status-publish","4":"format-standard","6":"category-acao-parlamentares","7":"category-arquivo","8":"category-eleicoes-2012","9":"tag-eleicoes-2012"},"acf":[],"yoast_head":"<!-- This site is optimized with the Yoast SEO plugin v26.5 - https:\/\/yoast.com\/wordpress\/plugins\/seo\/ -->\n<title>Jean Wyllys e Marcelo Freixo convidam para a atividade Encontro na praia \u2013 a\u00e7\u00e3o de conscientiza\u00e7\u00e3o para comunidade LGBT - PSOL 50<\/title>\n<meta name=\"robots\" content=\"index, follow, max-snippet:-1, max-image-preview:large, max-video-preview:-1\" \/>\n<link rel=\"canonical\" href=\"https:\/\/psol50.org.br\/jean-wyllys-e-marcelo-freixo-convidam-para-a-atividade-encontro-na-praia-acao-de-conscientizacao-para-comunidade-lgbt\/\" \/>\n<meta property=\"og:locale\" content=\"pt_BR\" \/>\n<meta property=\"og:type\" content=\"article\" \/>\n<meta property=\"og:title\" content=\"Jean Wyllys e Marcelo Freixo convidam para a atividade Encontro na praia \u2013 a\u00e7\u00e3o de conscientiza\u00e7\u00e3o para comunidade LGBT - PSOL 50\" \/>\n<meta property=\"og:description\" content=\"Nesse domingo, a partir das 10h30, o deputado federal Jean Wyllys (PSOL-RJ) e o candidato a prefeito da cidade do Rio de Janeiro, Marcelo Freixo estar\u00e3o na praia de Ipanema em uma atividade de conscientiza\u00e7\u00e3o da popula\u00e7\u00e3o de l\u00e9sbicas, gays, bissexuais, travestis e transexuais (LGBT) frequentadora da praia. Intitulada \u201cEncontro na praia\u201d, a atividade ocorre [&hellip;]\" \/>\n<meta property=\"og:url\" content=\"https:\/\/psol50.org.br\/jean-wyllys-e-marcelo-freixo-convidam-para-a-atividade-encontro-na-praia-acao-de-conscientizacao-para-comunidade-lgbt\/\" \/>\n<meta property=\"og:site_name\" content=\"PSOL 50\" \/>\n<meta property=\"article:publisher\" content=\"https:\/\/www.facebook.com\/psol50\" \/>\n<meta property=\"article:published_time\" content=\"2012-08-25T00:00:00+00:00\" \/>\n<meta property=\"og:image\" content=\"http:\/\/psol50.org.br\/files\/2012\/08\/video-freixo-e-wyllys.jpg\" \/>\n<meta name=\"author\" content=\"Comunica\u00e7\u00e3o PSOL\" \/>\n<meta name=\"twitter:card\" content=\"summary_large_image\" \/>\n<meta name=\"twitter:creator\" content=\"@psol50\" \/>\n<meta name=\"twitter:site\" content=\"@psol50\" \/>\n<meta name=\"twitter:label1\" content=\"Escrito por\" \/>\n\t<meta name=\"twitter:data1\" content=\"Comunica\u00e7\u00e3o PSOL\" \/>\n\t<meta name=\"twitter:label2\" content=\"Est. tempo de leitura\" \/>\n\t<meta name=\"twitter:data2\" content=\"2 minutos\" \/>\n<script type=\"application\/ld+json\" class=\"yoast-schema-graph\">{\"@context\":\"https:\/\/schema.org\",\"@graph\":[{\"@type\":\"Article\",\"@id\":\"https:\/\/psol50.org.br\/jean-wyllys-e-marcelo-freixo-convidam-para-a-atividade-encontro-na-praia-acao-de-conscientizacao-para-comunidade-lgbt\/#article\",\"isPartOf\":{\"@id\":\"https:\/\/psol50.org.br\/jean-wyllys-e-marcelo-freixo-convidam-para-a-atividade-encontro-na-praia-acao-de-conscientizacao-para-comunidade-lgbt\/\"},\"author\":{\"name\":\"Comunica\u00e7\u00e3o PSOL\",\"@id\":\"https:\/\/psol50.org.br\/#\/schema\/person\/475dfa57d0b815993c714c2e96491fcd\"},\"headline\":\"Jean Wyllys e Marcelo Freixo convidam para a atividade Encontro na praia \u2013 a\u00e7\u00e3o de conscientiza\u00e7\u00e3o para comunidade LGBT\",\"datePublished\":\"2012-08-25T00:00:00+00:00\",\"mainEntityOfPage\":{\"@id\":\"https:\/\/psol50.org.br\/jean-wyllys-e-marcelo-freixo-convidam-para-a-atividade-encontro-na-praia-acao-de-conscientizacao-para-comunidade-lgbt\/\"},\"wordCount\":401,\"commentCount\":0,\"publisher\":{\"@id\":\"https:\/\/psol50.org.br\/#organization\"},\"image\":{\"@id\":\"https:\/\/psol50.org.br\/jean-wyllys-e-marcelo-freixo-convidam-para-a-atividade-encontro-na-praia-acao-de-conscientizacao-para-comunidade-lgbt\/#primaryimage\"},\"thumbnailUrl\":\"http:\/\/psol50.org.br\/files\/2012\/08\/video-freixo-e-wyllys.jpg\",\"keywords\":[\"Elei\u00e7\u00f5es 2012\"],\"articleSection\":[\"A\u00e7\u00e3o Parlamentar\",\"Arquivo\",\"ELEI\u00c7\u00d5ES 2012\"],\"inLanguage\":\"pt-BR\",\"potentialAction\":[{\"@type\":\"CommentAction\",\"name\":\"Comment\",\"target\":[\"https:\/\/psol50.org.br\/jean-wyllys-e-marcelo-freixo-convidam-para-a-atividade-encontro-na-praia-acao-de-conscientizacao-para-comunidade-lgbt\/#respond\"]}]},{\"@type\":\"WebPage\",\"@id\":\"https:\/\/psol50.org.br\/jean-wyllys-e-marcelo-freixo-convidam-para-a-atividade-encontro-na-praia-acao-de-conscientizacao-para-comunidade-lgbt\/\",\"url\":\"https:\/\/psol50.org.br\/jean-wyllys-e-marcelo-freixo-convidam-para-a-atividade-encontro-na-praia-acao-de-conscientizacao-para-comunidade-lgbt\/\",\"name\":\"Jean Wyllys e Marcelo Freixo convidam para a atividade Encontro na praia \u2013 a\u00e7\u00e3o de conscientiza\u00e7\u00e3o para comunidade LGBT - PSOL 50\",\"isPartOf\":{\"@id\":\"https:\/\/psol50.org.br\/#website\"},\"primaryImageOfPage\":{\"@id\":\"https:\/\/psol50.org.br\/jean-wyllys-e-marcelo-freixo-convidam-para-a-atividade-encontro-na-praia-acao-de-conscientizacao-para-comunidade-lgbt\/#primaryimage\"},\"image\":{\"@id\":\"https:\/\/psol50.org.br\/jean-wyllys-e-marcelo-freixo-convidam-para-a-atividade-encontro-na-praia-acao-de-conscientizacao-para-comunidade-lgbt\/#primaryimage\"},\"thumbnailUrl\":\"http:\/\/psol50.org.br\/files\/2012\/08\/video-freixo-e-wyllys.jpg\",\"datePublished\":\"2012-08-25T00:00:00+00:00\",\"breadcrumb\":{\"@id\":\"https:\/\/psol50.org.br\/jean-wyllys-e-marcelo-freixo-convidam-para-a-atividade-encontro-na-praia-acao-de-conscientizacao-para-comunidade-lgbt\/#breadcrumb\"},\"inLanguage\":\"pt-BR\",\"potentialAction\":[{\"@type\":\"ReadAction\",\"target\":[\"https:\/\/psol50.org.br\/jean-wyllys-e-marcelo-freixo-convidam-para-a-atividade-encontro-na-praia-acao-de-conscientizacao-para-comunidade-lgbt\/\"]}]},{\"@type\":\"ImageObject\",\"inLanguage\":\"pt-BR\",\"@id\":\"https:\/\/psol50.org.br\/jean-wyllys-e-marcelo-freixo-convidam-para-a-atividade-encontro-na-praia-acao-de-conscientizacao-para-comunidade-lgbt\/#primaryimage\",\"url\":\"http:\/\/psol50.org.br\/files\/2012\/08\/video-freixo-e-wyllys.jpg\",\"contentUrl\":\"http:\/\/psol50.org.br\/files\/2012\/08\/video-freixo-e-wyllys.jpg\"},{\"@type\":\"BreadcrumbList\",\"@id\":\"https:\/\/psol50.org.br\/jean-wyllys-e-marcelo-freixo-convidam-para-a-atividade-encontro-na-praia-acao-de-conscientizacao-para-comunidade-lgbt\/#breadcrumb\",\"itemListElement\":[{\"@type\":\"ListItem\",\"position\":1,\"name\":\"In\u00edcio\",\"item\":\"https:\/\/psol50.org.br\/\"},{\"@type\":\"ListItem\",\"position\":2,\"name\":\"Jean Wyllys e Marcelo Freixo convidam para a atividade Encontro na praia \u2013 a\u00e7\u00e3o de conscientiza\u00e7\u00e3o para comunidade LGBT\"}]},{\"@type\":\"WebSite\",\"@id\":\"https:\/\/psol50.org.br\/#website\",\"url\":\"https:\/\/psol50.org.br\/\",\"name\":\"PSOL 50\",\"description\":\"Site oficial do Partido Socialismo e Liberdade\",\"publisher\":{\"@id\":\"https:\/\/psol50.org.br\/#organization\"},\"alternateName\":\"PSOL50\",\"potentialAction\":[{\"@type\":\"SearchAction\",\"target\":{\"@type\":\"EntryPoint\",\"urlTemplate\":\"https:\/\/psol50.org.br\/?s={search_term_string}\"},\"query-input\":{\"@type\":\"PropertyValueSpecification\",\"valueRequired\":true,\"valueName\":\"search_term_string\"}}],\"inLanguage\":\"pt-BR\"},{\"@type\":\"Organization\",\"@id\":\"https:\/\/psol50.org.br\/#organization\",\"name\":\"PSOL 50\",\"alternateName\":\"PSOL 50\",\"url\":\"https:\/\/psol50.org.br\/\",\"logo\":{\"@type\":\"ImageObject\",\"inLanguage\":\"pt-BR\",\"@id\":\"https:\/\/psol50.org.br\/#\/schema\/logo\/image\/\",\"url\":\"https:\/\/psol50.org.br\/inc\/uploads\/2018\/07\/capa.png\",\"contentUrl\":\"https:\/\/psol50.org.br\/inc\/uploads\/2018\/07\/capa.png\",\"width\":1350,\"height\":900,\"caption\":\"PSOL 50\"},\"image\":{\"@id\":\"https:\/\/psol50.org.br\/#\/schema\/logo\/image\/\"},\"sameAs\":[\"https:\/\/www.facebook.com\/psol50\",\"https:\/\/x.com\/psol50\",\"https:\/\/www.instagram.com\/psol50\/\",\"https:\/\/www.youtube.com\/channel\/UC7SnJS5o1os7a6CaiNabzcg\"]},{\"@type\":\"Person\",\"@id\":\"https:\/\/psol50.org.br\/#\/schema\/person\/475dfa57d0b815993c714c2e96491fcd\",\"name\":\"Comunica\u00e7\u00e3o PSOL\",\"image\":{\"@type\":\"ImageObject\",\"inLanguage\":\"pt-BR\",\"@id\":\"https:\/\/psol50.org.br\/#\/schema\/person\/image\/\",\"url\":\"https:\/\/secure.gravatar.com\/avatar\/b34fc4f4e468a4e51785917065a3db57b841f5c95dba6ad8c73aaf8f66f8f9bf?s=96&d=mm&r=g\",\"contentUrl\":\"https:\/\/secure.gravatar.com\/avatar\/b34fc4f4e468a4e51785917065a3db57b841f5c95dba6ad8c73aaf8f66f8f9bf?s=96&d=mm&r=g\",\"caption\":\"Comunica\u00e7\u00e3o PSOL\"}}]}<\/script>\n<!-- \/ Yoast SEO plugin. -->","yoast_head_json":{"title":"Jean Wyllys e Marcelo Freixo convidam para a atividade Encontro na praia \u2013 a\u00e7\u00e3o de conscientiza\u00e7\u00e3o para comunidade LGBT - PSOL 50","robots":{"index":"index","follow":"follow","max-snippet":"max-snippet:-1","max-image-preview":"max-image-preview:large","max-video-preview":"max-video-preview:-1"},"canonical":"https:\/\/psol50.org.br\/jean-wyllys-e-marcelo-freixo-convidam-para-a-atividade-encontro-na-praia-acao-de-conscientizacao-para-comunidade-lgbt\/","og_locale":"pt_BR","og_type":"article","og_title":"Jean Wyllys e Marcelo Freixo convidam para a atividade Encontro na praia \u2013 a\u00e7\u00e3o de conscientiza\u00e7\u00e3o para comunidade LGBT - PSOL 50","og_description":"Nesse domingo, a partir das 10h30, o deputado federal Jean Wyllys (PSOL-RJ) e o candidato a prefeito da cidade do Rio de Janeiro, Marcelo Freixo estar\u00e3o na praia de Ipanema em uma atividade de conscientiza\u00e7\u00e3o da popula\u00e7\u00e3o de l\u00e9sbicas, gays, bissexuais, travestis e transexuais (LGBT) frequentadora da praia. Intitulada \u201cEncontro na praia\u201d, a atividade ocorre [&hellip;]","og_url":"https:\/\/psol50.org.br\/jean-wyllys-e-marcelo-freixo-convidam-para-a-atividade-encontro-na-praia-acao-de-conscientizacao-para-comunidade-lgbt\/","og_site_name":"PSOL 50","article_publisher":"https:\/\/www.facebook.com\/psol50","article_published_time":"2012-08-25T00:00:00+00:00","og_image":[{"url":"http:\/\/psol50.org.br\/files\/2012\/08\/video-freixo-e-wyllys.jpg","type":"","width":"","height":""}],"author":"Comunica\u00e7\u00e3o PSOL","twitter_card":"summary_large_image","twitter_creator":"@psol50","twitter_site":"@psol50","twitter_misc":{"Escrito por":"Comunica\u00e7\u00e3o PSOL","Est. tempo de leitura":"2 minutos"},"schema":{"@context":"https:\/\/schema.org","@graph":[{"@type":"Article","@id":"https:\/\/psol50.org.br\/jean-wyllys-e-marcelo-freixo-convidam-para-a-atividade-encontro-na-praia-acao-de-conscientizacao-para-comunidade-lgbt\/#article","isPartOf":{"@id":"https:\/\/psol50.org.br\/jean-wyllys-e-marcelo-freixo-convidam-para-a-atividade-encontro-na-praia-acao-de-conscientizacao-para-comunidade-lgbt\/"},"author":{"name":"Comunica\u00e7\u00e3o PSOL","@id":"https:\/\/psol50.org.br\/#\/schema\/person\/475dfa57d0b815993c714c2e96491fcd"},"headline":"Jean Wyllys e Marcelo Freixo convidam para a atividade Encontro na praia \u2013 a\u00e7\u00e3o de conscientiza\u00e7\u00e3o para comunidade LGBT","datePublished":"2012-08-25T00:00:00+00:00","mainEntityOfPage":{"@id":"https:\/\/psol50.org.br\/jean-wyllys-e-marcelo-freixo-convidam-para-a-atividade-encontro-na-praia-acao-de-conscientizacao-para-comunidade-lgbt\/"},"wordCount":401,"commentCount":0,"publisher":{"@id":"https:\/\/psol50.org.br\/#organization"},"image":{"@id":"https:\/\/psol50.org.br\/jean-wyllys-e-marcelo-freixo-convidam-para-a-atividade-encontro-na-praia-acao-de-conscientizacao-para-comunidade-lgbt\/#primaryimage"},"thumbnailUrl":"http:\/\/psol50.org.br\/files\/2012\/08\/video-freixo-e-wyllys.jpg","keywords":["Elei\u00e7\u00f5es 2012"],"articleSection":["A\u00e7\u00e3o Parlamentar","Arquivo","ELEI\u00c7\u00d5ES 2012"],"inLanguage":"pt-BR","potentialAction":[{"@type":"CommentAction","name":"Comment","target":["https:\/\/psol50.org.br\/jean-wyllys-e-marcelo-freixo-convidam-para-a-atividade-encontro-na-praia-acao-de-conscientizacao-para-comunidade-lgbt\/#respond"]}]},{"@type":"WebPage","@id":"https:\/\/psol50.org.br\/jean-wyllys-e-marcelo-freixo-convidam-para-a-atividade-encontro-na-praia-acao-de-conscientizacao-para-comunidade-lgbt\/","url":"https:\/\/psol50.org.br\/jean-wyllys-e-marcelo-freixo-convidam-para-a-atividade-encontro-na-praia-acao-de-conscientizacao-para-comunidade-lgbt\/","name":"Jean Wyllys e Marcelo Freixo convidam para a atividade Encontro na praia \u2013 a\u00e7\u00e3o de conscientiza\u00e7\u00e3o para comunidade LGBT - PSOL 50","isPartOf":{"@id":"https:\/\/psol50.org.br\/#website"},"primaryImageOfPage":{"@id":"https:\/\/psol50.org.br\/jean-wyllys-e-marcelo-freixo-convidam-para-a-atividade-encontro-na-praia-acao-de-conscientizacao-para-comunidade-lgbt\/#primaryimage"},"image":{"@id":"https:\/\/psol50.org.br\/jean-wyllys-e-marcelo-freixo-convidam-para-a-atividade-encontro-na-praia-acao-de-conscientizacao-para-comunidade-lgbt\/#primaryimage"},"thumbnailUrl":"http:\/\/psol50.org.br\/files\/2012\/08\/video-freixo-e-wyllys.jpg","datePublished":"2012-08-25T00:00:00+00:00","breadcrumb":{"@id":"https:\/\/psol50.org.br\/jean-wyllys-e-marcelo-freixo-convidam-para-a-atividade-encontro-na-praia-acao-de-conscientizacao-para-comunidade-lgbt\/#breadcrumb"},"inLanguage":"pt-BR","potentialAction":[{"@type":"ReadAction","target":["https:\/\/psol50.org.br\/jean-wyllys-e-marcelo-freixo-convidam-para-a-atividade-encontro-na-praia-acao-de-conscientizacao-para-comunidade-lgbt\/"]}]},{"@type":"ImageObject","inLanguage":"pt-BR","@id":"https:\/\/psol50.org.br\/jean-wyllys-e-marcelo-freixo-convidam-para-a-atividade-encontro-na-praia-acao-de-conscientizacao-para-comunidade-lgbt\/#primaryimage","url":"http:\/\/psol50.org.br\/files\/2012\/08\/video-freixo-e-wyllys.jpg","contentUrl":"http:\/\/psol50.org.br\/files\/2012\/08\/video-freixo-e-wyllys.jpg"},{"@type":"BreadcrumbList","@id":"https:\/\/psol50.org.br\/jean-wyllys-e-marcelo-freixo-convidam-para-a-atividade-encontro-na-praia-acao-de-conscientizacao-para-comunidade-lgbt\/#breadcrumb","itemListElement":[{"@type":"ListItem","position":1,"name":"In\u00edcio","item":"https:\/\/psol50.org.br\/"},{"@type":"ListItem","position":2,"name":"Jean Wyllys e Marcelo Freixo convidam para a atividade Encontro na praia \u2013 a\u00e7\u00e3o de conscientiza\u00e7\u00e3o para comunidade LGBT"}]},{"@type":"WebSite","@id":"https:\/\/psol50.org.br\/#website","url":"https:\/\/psol50.org.br\/","name":"PSOL 50","description":"Site oficial do Partido Socialismo e Liberdade","publisher":{"@id":"https:\/\/psol50.org.br\/#organization"},"alternateName":"PSOL50","potentialAction":[{"@type":"SearchAction","target":{"@type":"EntryPoint","urlTemplate":"https:\/\/psol50.org.br\/?s={search_term_string}"},"query-input":{"@type":"PropertyValueSpecification","valueRequired":true,"valueName":"search_term_string"}}],"inLanguage":"pt-BR"},{"@type":"Organization","@id":"https:\/\/psol50.org.br\/#organization","name":"PSOL 50","alternateName":"PSOL 50","url":"https:\/\/psol50.org.br\/","logo":{"@type":"ImageObject","inLanguage":"pt-BR","@id":"https:\/\/psol50.org.br\/#\/schema\/logo\/image\/","url":"https:\/\/psol50.org.br\/inc\/uploads\/2018\/07\/capa.png","contentUrl":"https:\/\/psol50.org.br\/inc\/uploads\/2018\/07\/capa.png","width":1350,"height":900,"caption":"PSOL 50"},"image":{"@id":"https:\/\/psol50.org.br\/#\/schema\/logo\/image\/"},"sameAs":["https:\/\/www.facebook.com\/psol50","https:\/\/x.com\/psol50","https:\/\/www.instagram.com\/psol50\/","https:\/\/www.youtube.com\/channel\/UC7SnJS5o1os7a6CaiNabzcg"]},{"@type":"Person","@id":"https:\/\/psol50.org.br\/#\/schema\/person\/475dfa57d0b815993c714c2e96491fcd","name":"Comunica\u00e7\u00e3o PSOL","image":{"@type":"ImageObject","inLanguage":"pt-BR","@id":"https:\/\/psol50.org.br\/#\/schema\/person\/image\/","url":"https:\/\/secure.gravatar.com\/avatar\/b34fc4f4e468a4e51785917065a3db57b841f5c95dba6ad8c73aaf8f66f8f9bf?s=96&d=mm&r=g","contentUrl":"https:\/\/secure.gravatar.com\/avatar\/b34fc4f4e468a4e51785917065a3db57b841f5c95dba6ad8c73aaf8f66f8f9bf?s=96&d=mm&r=g","caption":"Comunica\u00e7\u00e3o PSOL"}}]}},"_links":{"self":[{"href":"https:\/\/psol50.org.br\/rest\/wp\/v2\/posts\/255","targetHints":{"allow":["GET"]}}],"collection":[{"href":"https:\/\/psol50.org.br\/rest\/wp\/v2\/posts"}],"about":[{"href":"https:\/\/psol50.org.br\/rest\/wp\/v2\/types\/post"}],"author":[{"embeddable":true,"href":"https:\/\/psol50.org.br\/rest\/wp\/v2\/users\/2"}],"replies":[{"embeddable":true,"href":"https:\/\/psol50.org.br\/rest\/wp\/v2\/comments?post=255"}],"version-history":[{"count":0,"href":"https:\/\/psol50.org.br\/rest\/wp\/v2\/posts\/255\/revisions"}],"wp:attachment":[{"href":"https:\/\/psol50.org.br\/rest\/wp\/v2\/media?parent=255"}],"wp:term":[{"taxonomy":"category","embeddable":true,"href":"https:\/\/psol50.org.br\/rest\/wp\/v2\/categories?post=255"},{"taxonomy":"post_tag","embeddable":true,"href":"https:\/\/psol50.org.br\/rest\/wp\/v2\/tags?post=255"}],"curies":[{"name":"wp","href":"https:\/\/api.w.org\/{rel}","templated":true}]}}