{"id":25521,"date":"2019-06-14T19:54:17","date_gmt":"2019-06-14T22:54:17","guid":{"rendered":"http:\/\/psol50.org.br\/?p=25521"},"modified":"2019-06-14T19:54:17","modified_gmt":"2019-06-14T22:54:17","slug":"milhoes-de-trabalhadores-cruzam-os-bracos-e-tomam-as-ruas-neste-14j","status":"publish","type":"post","link":"https:\/\/psol50.org.br\/milhoes-de-trabalhadores-cruzam-os-bracos-e-tomam-as-ruas-neste-14j\/","title":{"rendered":"Milh\u00f5es de trabalhadores cruzam os bra\u00e7os e tomam as ruas neste #14J"},"content":{"rendered":"<p>Desde as primeiras horas desta sexta-feira (14) os brasileiros j\u00e1 percebiam que n\u00e3o seria mais um dia comum. Milh\u00f5es de trabalhadores n\u00e3o foram ao trabalho e as ruas das principais capitais brasileiras amanheceram vazias neste dia de #GreveGeral contra a reforma da previd\u00eancia proposta pelo governo de Jair Bolsonaro e seu ministro Paulo Guedes.<\/p>\n<p>In\u00fameras categorias profissionais, como metrovi\u00e1rios, motoristas, cobradores, trabalhadores da educa\u00e7\u00e3o, da sa\u00fade, dos Correios, banc\u00e1rios, metal\u00fargicos, entre tantas outras cruzaram os bra\u00e7os pelo Brasil. Em S\u00e3o Paulo, parte das linhas de \u00f4nibus, trens e v\u00e1rias esta\u00e7\u00f5es do Metr\u00f4 est\u00e3o paradas, especialmente nas Zonas Norte e Leste da capital paulista.<\/p>\n<blockquote class=\"twitter-tweet\" data-width=\"550\" data-dnt=\"true\">\n<p lang=\"pt\" dir=\"ltr\">S\u00e3o Paulo PARADA na <a href=\"https:\/\/twitter.com\/hashtag\/GreveGeral?src=hash&amp;ref_src=twsrc%5Etfw\">#GreveGeral<\/a>! \u270a <a href=\"https:\/\/t.co\/LWZXEYQALX\">pic.twitter.com\/LWZXEYQALX<\/a><\/p>\n<p>&mdash; PSOL 50 (@psol50) <a href=\"https:\/\/twitter.com\/psol50\/status\/1139531924815392770?ref_src=twsrc%5Etfw\">June 14, 2019<\/a><\/p><\/blockquote>\n<p><script async src=\"https:\/\/platform.twitter.com\/widgets.js\" charset=\"utf-8\"><\/script><\/p>\n<p>Movimentos sociais, como o MTST &#8211; Movimento dos Trabalhadores Sem Teto, bloquearam diversas rodovias e avenidas pelo Brasil nas primeiras horas do dia. A Frente Povo Sem Medo, que re\u00fane v\u00e1rios movimentos populares, divulgou que bloqueou 16 rodovias e avenidas pela manh\u00e3. 9 delas foram em S\u00e3o Paulo, al\u00e9m de trancamentos em Minas Gerais, Rio de Janeiro, Pernambuco, Paran\u00e1, Sergipe e Alagoas.<\/p>\n<p>https:\/\/www.facebook.com\/psol50\/posts\/1124748267686806<\/p>\n<p>Um mapa interativo feito pelo Armaz\u00e9m Mem\u00f3ria e a Comiss\u00e3o Justi\u00e7a e Paz de SP mostra que houve mobiliza\u00e7\u00f5es em mais de 380 cidades pelo pa\u00eds, em todos os estados brasileiros. <a href=\"https:\/\/www.google.com\/maps\/d\/viewer?mid=1uwofKGDLd0B_FfZJLFmEonEU12TUavmG&amp;ll=-13.035106826585734%2C-43.625614444930534&amp;z=5\">Voc\u00ea pode ver aqui<\/a> onde aconteceram os atos e a cobertura.<\/p>\n<p>Durante todo o dia, e especialmente \u00e0 noite, v\u00e1rios atos aconteceram nas ruas das principais capitais do pa\u00eds, como S\u00e3o Paulo, Salvador, Rio de Janeiro, Recife, Belo Horizonte, Porto Alegre, entre outras. Acompanhe o melhor da cobertura feita pelo PSOL e nossos parlamentares ao longo do dia.<\/p>\n<blockquote class=\"twitter-tweet\" data-width=\"550\" data-dnt=\"true\">\n<p lang=\"pt\" dir=\"ltr\">Nas ruas, <a href=\"https:\/\/twitter.com\/hashtag\/BrasilBarraReforma?src=hash&amp;ref_src=twsrc%5Etfw\">#BrasilBarraReforma<\/a>! \ud83d\udc4a<\/p>\n<p>\ud83d\udcf8 Jesus Carlos <a href=\"https:\/\/t.co\/EKFy1YFaQD\">pic.twitter.com\/EKFy1YFaQD<\/a><\/p>\n<p>&mdash; PSOL 50 (@psol50) <a href=\"https:\/\/twitter.com\/psol50\/status\/1139668535171592192?ref_src=twsrc%5Etfw\">June 14, 2019<\/a><\/p><\/blockquote>\n<p><script async src=\"https:\/\/platform.twitter.com\/widgets.js\" charset=\"utf-8\"><\/script><\/p>\n<blockquote class=\"twitter-tweet\" data-width=\"550\" data-dnt=\"true\">\n<p lang=\"pt\" dir=\"ltr\">D\u00e1 uma olhada como t\u00e1 o ato da <a href=\"https:\/\/twitter.com\/hashtag\/GreveGeral?src=hash&amp;ref_src=twsrc%5Etfw\">#GreveGeral<\/a> no Rio de Janeiro. N\u00e3o para de crescer! <a href=\"https:\/\/twitter.com\/hashtag\/BrasilBarraReforma?src=hash&amp;ref_src=twsrc%5Etfw\">#BrasilBarraReforma<\/a> <\/p>\n<p>\ud83d\udcf8 Guilherme Silva <a href=\"https:\/\/t.co\/WgyRwX8bCy\">pic.twitter.com\/WgyRwX8bCy<\/a><\/p>\n<p>&mdash; PSOL 50 (@psol50) <a href=\"https:\/\/twitter.com\/psol50\/status\/1139655556606681089?ref_src=twsrc%5Etfw\">June 14, 2019<\/a><\/p><\/blockquote>\n<p><script async src=\"https:\/\/platform.twitter.com\/widgets.js\" charset=\"utf-8\"><\/script><\/p>\n<blockquote class=\"twitter-tweet\" data-width=\"550\" data-dnt=\"true\">\n<p lang=\"pt\" dir=\"ltr\">Essa aqui \u00e9 Recife pelo direito \u00e0 aposentadoria! Como diria Chico Science, &quot;vou me organizando pra desorganizar&quot;. <a href=\"https:\/\/twitter.com\/hashtag\/GreveGeral?src=hash&amp;ref_src=twsrc%5Etfw\">#GreveGeral<\/a><\/p>\n<p>\ud83d\udcf8 Daniel Lamir <a href=\"https:\/\/t.co\/naIDZbBVkL\">pic.twitter.com\/naIDZbBVkL<\/a><\/p>\n<p>&mdash; PSOL 50 (@psol50) <a href=\"https:\/\/twitter.com\/psol50\/status\/1139638353048064001?ref_src=twsrc%5Etfw\">June 14, 2019<\/a><\/p><\/blockquote>\n<p><script async src=\"https:\/\/platform.twitter.com\/widgets.js\" charset=\"utf-8\"><\/script><\/p>\n<blockquote class=\"twitter-tweet\" data-width=\"550\" data-dnt=\"true\">\n<p lang=\"pt\" dir=\"ltr\">Mais cedo, estudantes e trabalhadores fizeram um lindo ato de <a href=\"https:\/\/twitter.com\/hashtag\/GreveGeral?src=hash&amp;ref_src=twsrc%5Etfw\">#GreveGeral<\/a> em Niter\u00f3i. <\/p>\n<p>Um homem, n\u00e3o aceitando a livre manifesta\u00e7\u00e3o, decidiu atropelar o ato. Resultado: uma mulher quebrou a perna e uma professora bateu a cabe\u00e7a. Todo rep\u00fadio ao \u00f3dio pela democracia. Seguimos. <a href=\"https:\/\/t.co\/2DhqTmA0hd\">pic.twitter.com\/2DhqTmA0hd<\/a><\/p>\n<p>&mdash; Tal\u00edria Petrone (@taliriapetrone) <a href=\"https:\/\/twitter.com\/taliriapetrone\/status\/1139596641974009856?ref_src=twsrc%5Etfw\">June 14, 2019<\/a><\/p><\/blockquote>\n<p><script async src=\"https:\/\/platform.twitter.com\/widgets.js\" charset=\"utf-8\"><\/script><\/p>\n<blockquote class=\"twitter-tweet\" data-width=\"550\" data-dnt=\"true\">\n<p lang=\"und\" dir=\"ltr\">\ud83d\ude09 <a href=\"https:\/\/t.co\/GrFoWwrHRl\">pic.twitter.com\/GrFoWwrHRl<\/a><\/p>\n<p>&mdash; David Miranda (@davidmirandario) <a href=\"https:\/\/twitter.com\/davidmirandario\/status\/1139649773340897280?ref_src=twsrc%5Etfw\">June 14, 2019<\/a><\/p><\/blockquote>\n<p><script async src=\"https:\/\/platform.twitter.com\/widgets.js\" charset=\"utf-8\"><\/script><\/p>\n<blockquote class=\"twitter-tweet\" data-width=\"550\" data-dnt=\"true\">\n<p lang=\"pt\" dir=\"ltr\">Estou agora no DEIC, pra onde foram trazidos os 11 manifestantes da USP. N\u00e3o h\u00e1 raz\u00e3o alguma para a deten\u00e7\u00e3o. Eles devem ser imediatamente libertos e \u00e9 isso que estou buscando pressionar por aqui. Manifesta\u00e7\u00e3o leg\u00edtima com repress\u00e3o arbitr\u00e1ria, at\u00e9 quando? Libertem os 11 da USP!<\/p>\n<p>&mdash; S\u00e2mia Bomfim (@samiabomfim) <a href=\"https:\/\/twitter.com\/samiabomfim\/status\/1139599579681308672?ref_src=twsrc%5Etfw\">June 14, 2019<\/a><\/p><\/blockquote>\n<p><script async src=\"https:\/\/platform.twitter.com\/widgets.js\" charset=\"utf-8\"><\/script><\/p>\n<p>&nbsp;<\/p>\n<blockquote class=\"twitter-tweet\" data-width=\"550\" data-dnt=\"true\">\n<p lang=\"pt\" dir=\"ltr\">Bancada do PSOL RJ sempre na luta. <a href=\"https:\/\/twitter.com\/hashtag\/GreveGeral?src=hash&amp;ref_src=twsrc%5Etfw\">#GreveGeral<\/a> <a href=\"https:\/\/t.co\/rQFNiS5h98\">pic.twitter.com\/rQFNiS5h98<\/a><\/p>\n<p>&mdash; Marcelo Freixo (@MarceloFreixo) <a href=\"https:\/\/twitter.com\/MarceloFreixo\/status\/1139653431919034369?ref_src=twsrc%5Etfw\">June 14, 2019<\/a><\/p><\/blockquote>\n<p><script async src=\"https:\/\/platform.twitter.com\/widgets.js\" charset=\"utf-8\"><\/script><\/p>\n<blockquote class=\"twitter-tweet\" data-width=\"550\" data-dnt=\"true\">\n<p lang=\"pt\" dir=\"ltr\">No palanque da Paulista. \u00c9 greve geral.<\/p>\n<p>Contra o desmonte da previd\u00eancia e a retirada de direitos.<\/p>\n<p>Os trabalhadores n\u00e3o v\u00e3o pagar pela crise. <a href=\"https:\/\/t.co\/Rcio0zpYPr\">pic.twitter.com\/Rcio0zpYPr<\/a><\/p>\n<p>&mdash; Ivan Valente (@IvanValente) <a href=\"https:\/\/twitter.com\/IvanValente\/status\/1139641221012475905?ref_src=twsrc%5Etfw\">June 14, 2019<\/a><\/p><\/blockquote>\n<p><script async src=\"https:\/\/platform.twitter.com\/widgets.js\" charset=\"utf-8\"><\/script><\/p>\n<blockquote class=\"twitter-tweet\" data-width=\"550\" data-dnt=\"true\">\n<p lang=\"pt\" dir=\"ltr\">Com o grande lutador @PedroRuasPsol50 na <a href=\"https:\/\/twitter.com\/hashtag\/GreveGeral?src=hash&amp;ref_src=twsrc%5Etfw\">#GreveGeral<\/a> em Porto Alegre! Os verdadeiros privilegiados s\u00e3o aqueles que querem acabar com os nossos direitos! N\u00e3o deixaremos!!! Contra a reforma nefasta da previd\u00eancia, estamos nas ruas ao lado do povo!! <a href=\"https:\/\/t.co\/KFSVyfhAcA\">pic.twitter.com\/KFSVyfhAcA<\/a><\/p>\n<p>&mdash; Fernanda Melchionna (@fernandapsol) <a href=\"https:\/\/twitter.com\/fernandapsol\/status\/1139659252400828417?ref_src=twsrc%5Etfw\">June 14, 2019<\/a><\/p><\/blockquote>\n<p><script async src=\"https:\/\/platform.twitter.com\/widgets.js\" charset=\"utf-8\"><\/script><\/p>\n","protected":false},"excerpt":{"rendered":"<p>Desde as primeiras horas desta sexta-feira (14) os brasileiros j\u00e1 percebiam que n\u00e3o seria mais um dia comum. Milh\u00f5es de trabalhadores n\u00e3o foram ao trabalho e as ruas das principais capitais brasileiras amanheceram vazias neste dia de #GreveGeral contra a reforma da previd\u00eancia proposta pelo governo de Jair Bolsonaro e seu ministro Paulo Guedes. In\u00fameras [&hellip;]<\/p>\n","protected":false},"author":2,"featured_media":25538,"comment_status":"closed","ping_status":"open","sticky":false,"template":"","format":"standard","meta":{"_acf_changed":false,"footnotes":""},"categories":[6],"tags":[1880,313,1878,221,1793,314,222],"class_list":{"0":"post-25521","1":"post","2":"type-post","3":"status-publish","4":"format-standard","5":"has-post-thumbnail","7":"category-noticias","8":"tag-14j","9":"tag-atos","10":"tag-frente-povo-sem-medo","11":"tag-greve","12":"tag-greve-geral","13":"tag-manifestacoes","14":"tag-trabalhadores"},"acf":[],"yoast_head":"<!-- This site is optimized with the Yoast SEO plugin v26.5 - https:\/\/yoast.com\/wordpress\/plugins\/seo\/ -->\n<title>Milh\u00f5es de trabalhadores cruzam os bra\u00e7os e tomam as ruas neste #14J<\/title>\n<meta name=\"robots\" content=\"index, follow, max-snippet:-1, max-image-preview:large, max-video-preview:-1\" \/>\n<link rel=\"canonical\" href=\"https:\/\/psol50.org.br\/milhoes-de-trabalhadores-cruzam-os-bracos-e-tomam-as-ruas-neste-14j\/\" \/>\n<meta property=\"og:locale\" content=\"pt_BR\" \/>\n<meta property=\"og:type\" content=\"article\" \/>\n<meta property=\"og:title\" content=\"Milh\u00f5es de trabalhadores cruzam os bra\u00e7os e tomam as ruas neste #14J\" \/>\n<meta property=\"og:description\" content=\"As principais capitais brasileiras viveram uma rotina diferente na #GreveGeral\" \/>\n<meta property=\"og:url\" content=\"https:\/\/psol50.org.br\/milhoes-de-trabalhadores-cruzam-os-bracos-e-tomam-as-ruas-neste-14j\/\" \/>\n<meta property=\"og:site_name\" content=\"PSOL 50\" \/>\n<meta property=\"article:publisher\" content=\"https:\/\/www.facebook.com\/psol50\" \/>\n<meta property=\"article:published_time\" content=\"2019-06-14T22:54:17+00:00\" \/>\n<meta property=\"og:image\" content=\"https:\/\/psol50.org.br\/inc\/uploads\/2019\/06\/photo4909065190771894529.jpg\" \/>\n\t<meta property=\"og:image:width\" content=\"1280\" \/>\n\t<meta property=\"og:image:height\" content=\"853\" \/>\n\t<meta property=\"og:image:type\" content=\"image\/jpeg\" \/>\n<meta name=\"author\" content=\"Comunica\u00e7\u00e3o PSOL\" \/>\n<meta name=\"twitter:card\" content=\"summary_large_image\" \/>\n<meta name=\"twitter:title\" content=\"Milh\u00f5es de trabalhadores cruzam os bra\u00e7os e tomam as ruas neste #14J\" \/>\n<meta name=\"twitter:description\" content=\"As principais capitais brasileiras viveram uma rotina diferente na #GreveGeral\" \/>\n<meta name=\"twitter:image\" content=\"https:\/\/psol50.org.br\/inc\/uploads\/2019\/06\/photo4909065190771894529.jpg\" \/>\n<meta name=\"twitter:creator\" content=\"@psol50\" \/>\n<meta name=\"twitter:site\" content=\"@psol50\" \/>\n<meta name=\"twitter:label1\" content=\"Escrito por\" \/>\n\t<meta name=\"twitter:data1\" content=\"Comunica\u00e7\u00e3o PSOL\" \/>\n\t<meta name=\"twitter:label2\" content=\"Est. tempo de leitura\" \/>\n\t<meta name=\"twitter:data2\" content=\"2 minutos\" \/>\n<script type=\"application\/ld+json\" class=\"yoast-schema-graph\">{\"@context\":\"https:\/\/schema.org\",\"@graph\":[{\"@type\":\"Article\",\"@id\":\"https:\/\/psol50.org.br\/milhoes-de-trabalhadores-cruzam-os-bracos-e-tomam-as-ruas-neste-14j\/#article\",\"isPartOf\":{\"@id\":\"https:\/\/psol50.org.br\/milhoes-de-trabalhadores-cruzam-os-bracos-e-tomam-as-ruas-neste-14j\/\"},\"author\":{\"name\":\"Comunica\u00e7\u00e3o PSOL\",\"@id\":\"https:\/\/psol50.org.br\/#\/schema\/person\/475dfa57d0b815993c714c2e96491fcd\"},\"headline\":\"Milh\u00f5es de trabalhadores cruzam os bra\u00e7os e tomam as ruas neste #14J\",\"datePublished\":\"2019-06-14T22:54:17+00:00\",\"mainEntityOfPage\":{\"@id\":\"https:\/\/psol50.org.br\/milhoes-de-trabalhadores-cruzam-os-bracos-e-tomam-as-ruas-neste-14j\/\"},\"wordCount\":349,\"publisher\":{\"@id\":\"https:\/\/psol50.org.br\/#organization\"},\"image\":{\"@id\":\"https:\/\/psol50.org.br\/milhoes-de-trabalhadores-cruzam-os-bracos-e-tomam-as-ruas-neste-14j\/#primaryimage\"},\"thumbnailUrl\":\"https:\/\/psol50.org.br\/inc\/uploads\/2019\/06\/photo4909065190771894529.jpg\",\"keywords\":[\"14J\",\"atos\",\"Frente Povo Sem Medo\",\"greve\",\"greve geral\",\"manifesta\u00e7\u00f5es\",\"trabalhadores\"],\"articleSection\":[\"Not\u00edcias\"],\"inLanguage\":\"pt-BR\"},{\"@type\":\"WebPage\",\"@id\":\"https:\/\/psol50.org.br\/milhoes-de-trabalhadores-cruzam-os-bracos-e-tomam-as-ruas-neste-14j\/\",\"url\":\"https:\/\/psol50.org.br\/milhoes-de-trabalhadores-cruzam-os-bracos-e-tomam-as-ruas-neste-14j\/\",\"name\":\"Milh\u00f5es de trabalhadores cruzam os bra\u00e7os e tomam as ruas neste #14J\",\"isPartOf\":{\"@id\":\"https:\/\/psol50.org.br\/#website\"},\"primaryImageOfPage\":{\"@id\":\"https:\/\/psol50.org.br\/milhoes-de-trabalhadores-cruzam-os-bracos-e-tomam-as-ruas-neste-14j\/#primaryimage\"},\"image\":{\"@id\":\"https:\/\/psol50.org.br\/milhoes-de-trabalhadores-cruzam-os-bracos-e-tomam-as-ruas-neste-14j\/#primaryimage\"},\"thumbnailUrl\":\"https:\/\/psol50.org.br\/inc\/uploads\/2019\/06\/photo4909065190771894529.jpg\",\"datePublished\":\"2019-06-14T22:54:17+00:00\",\"breadcrumb\":{\"@id\":\"https:\/\/psol50.org.br\/milhoes-de-trabalhadores-cruzam-os-bracos-e-tomam-as-ruas-neste-14j\/#breadcrumb\"},\"inLanguage\":\"pt-BR\",\"potentialAction\":[{\"@type\":\"ReadAction\",\"target\":[\"https:\/\/psol50.org.br\/milhoes-de-trabalhadores-cruzam-os-bracos-e-tomam-as-ruas-neste-14j\/\"]}]},{\"@type\":\"ImageObject\",\"inLanguage\":\"pt-BR\",\"@id\":\"https:\/\/psol50.org.br\/milhoes-de-trabalhadores-cruzam-os-bracos-e-tomam-as-ruas-neste-14j\/#primaryimage\",\"url\":\"https:\/\/psol50.org.br\/inc\/uploads\/2019\/06\/photo4909065190771894529.jpg\",\"contentUrl\":\"https:\/\/psol50.org.br\/inc\/uploads\/2019\/06\/photo4909065190771894529.jpg\",\"width\":1280,\"height\":853,\"caption\":\"Foto: Guilherme Silva\"},{\"@type\":\"BreadcrumbList\",\"@id\":\"https:\/\/psol50.org.br\/milhoes-de-trabalhadores-cruzam-os-bracos-e-tomam-as-ruas-neste-14j\/#breadcrumb\",\"itemListElement\":[{\"@type\":\"ListItem\",\"position\":1,\"name\":\"In\u00edcio\",\"item\":\"https:\/\/psol50.org.br\/\"},{\"@type\":\"ListItem\",\"position\":2,\"name\":\"Milh\u00f5es de trabalhadores cruzam os bra\u00e7os e tomam as ruas neste #14J\"}]},{\"@type\":\"WebSite\",\"@id\":\"https:\/\/psol50.org.br\/#website\",\"url\":\"https:\/\/psol50.org.br\/\",\"name\":\"PSOL 50\",\"description\":\"Site oficial do Partido Socialismo e Liberdade\",\"publisher\":{\"@id\":\"https:\/\/psol50.org.br\/#organization\"},\"alternateName\":\"PSOL50\",\"potentialAction\":[{\"@type\":\"SearchAction\",\"target\":{\"@type\":\"EntryPoint\",\"urlTemplate\":\"https:\/\/psol50.org.br\/?s={search_term_string}\"},\"query-input\":{\"@type\":\"PropertyValueSpecification\",\"valueRequired\":true,\"valueName\":\"search_term_string\"}}],\"inLanguage\":\"pt-BR\"},{\"@type\":\"Organization\",\"@id\":\"https:\/\/psol50.org.br\/#organization\",\"name\":\"PSOL 50\",\"alternateName\":\"PSOL 50\",\"url\":\"https:\/\/psol50.org.br\/\",\"logo\":{\"@type\":\"ImageObject\",\"inLanguage\":\"pt-BR\",\"@id\":\"https:\/\/psol50.org.br\/#\/schema\/logo\/image\/\",\"url\":\"https:\/\/psol50.org.br\/inc\/uploads\/2018\/07\/capa.png\",\"contentUrl\":\"https:\/\/psol50.org.br\/inc\/uploads\/2018\/07\/capa.png\",\"width\":1350,\"height\":900,\"caption\":\"PSOL 50\"},\"image\":{\"@id\":\"https:\/\/psol50.org.br\/#\/schema\/logo\/image\/\"},\"sameAs\":[\"https:\/\/www.facebook.com\/psol50\",\"https:\/\/x.com\/psol50\",\"https:\/\/www.instagram.com\/psol50\/\",\"https:\/\/www.youtube.com\/channel\/UC7SnJS5o1os7a6CaiNabzcg\"]},{\"@type\":\"Person\",\"@id\":\"https:\/\/psol50.org.br\/#\/schema\/person\/475dfa57d0b815993c714c2e96491fcd\",\"name\":\"Comunica\u00e7\u00e3o PSOL\",\"image\":{\"@type\":\"ImageObject\",\"inLanguage\":\"pt-BR\",\"@id\":\"https:\/\/psol50.org.br\/#\/schema\/person\/image\/\",\"url\":\"https:\/\/secure.gravatar.com\/avatar\/b34fc4f4e468a4e51785917065a3db57b841f5c95dba6ad8c73aaf8f66f8f9bf?s=96&d=mm&r=g\",\"contentUrl\":\"https:\/\/secure.gravatar.com\/avatar\/b34fc4f4e468a4e51785917065a3db57b841f5c95dba6ad8c73aaf8f66f8f9bf?s=96&d=mm&r=g\",\"caption\":\"Comunica\u00e7\u00e3o PSOL\"}}]}<\/script>\n<!-- \/ Yoast SEO plugin. -->","yoast_head_json":{"title":"Milh\u00f5es de trabalhadores cruzam os bra\u00e7os e tomam as ruas neste #14J","robots":{"index":"index","follow":"follow","max-snippet":"max-snippet:-1","max-image-preview":"max-image-preview:large","max-video-preview":"max-video-preview:-1"},"canonical":"https:\/\/psol50.org.br\/milhoes-de-trabalhadores-cruzam-os-bracos-e-tomam-as-ruas-neste-14j\/","og_locale":"pt_BR","og_type":"article","og_title":"Milh\u00f5es de trabalhadores cruzam os bra\u00e7os e tomam as ruas neste #14J","og_description":"As principais capitais brasileiras viveram uma rotina diferente na #GreveGeral","og_url":"https:\/\/psol50.org.br\/milhoes-de-trabalhadores-cruzam-os-bracos-e-tomam-as-ruas-neste-14j\/","og_site_name":"PSOL 50","article_publisher":"https:\/\/www.facebook.com\/psol50","article_published_time":"2019-06-14T22:54:17+00:00","og_image":[{"width":1280,"height":853,"url":"https:\/\/psol50.org.br\/inc\/uploads\/2019\/06\/photo4909065190771894529.jpg","type":"image\/jpeg"}],"author":"Comunica\u00e7\u00e3o PSOL","twitter_card":"summary_large_image","twitter_title":"Milh\u00f5es de trabalhadores cruzam os bra\u00e7os e tomam as ruas neste #14J","twitter_description":"As principais capitais brasileiras viveram uma rotina diferente na #GreveGeral","twitter_image":"https:\/\/psol50.org.br\/inc\/uploads\/2019\/06\/photo4909065190771894529.jpg","twitter_creator":"@psol50","twitter_site":"@psol50","twitter_misc":{"Escrito por":"Comunica\u00e7\u00e3o PSOL","Est. tempo de leitura":"2 minutos"},"schema":{"@context":"https:\/\/schema.org","@graph":[{"@type":"Article","@id":"https:\/\/psol50.org.br\/milhoes-de-trabalhadores-cruzam-os-bracos-e-tomam-as-ruas-neste-14j\/#article","isPartOf":{"@id":"https:\/\/psol50.org.br\/milhoes-de-trabalhadores-cruzam-os-bracos-e-tomam-as-ruas-neste-14j\/"},"author":{"name":"Comunica\u00e7\u00e3o PSOL","@id":"https:\/\/psol50.org.br\/#\/schema\/person\/475dfa57d0b815993c714c2e96491fcd"},"headline":"Milh\u00f5es de trabalhadores cruzam os bra\u00e7os e tomam as ruas neste #14J","datePublished":"2019-06-14T22:54:17+00:00","mainEntityOfPage":{"@id":"https:\/\/psol50.org.br\/milhoes-de-trabalhadores-cruzam-os-bracos-e-tomam-as-ruas-neste-14j\/"},"wordCount":349,"publisher":{"@id":"https:\/\/psol50.org.br\/#organization"},"image":{"@id":"https:\/\/psol50.org.br\/milhoes-de-trabalhadores-cruzam-os-bracos-e-tomam-as-ruas-neste-14j\/#primaryimage"},"thumbnailUrl":"https:\/\/psol50.org.br\/inc\/uploads\/2019\/06\/photo4909065190771894529.jpg","keywords":["14J","atos","Frente Povo Sem Medo","greve","greve geral","manifesta\u00e7\u00f5es","trabalhadores"],"articleSection":["Not\u00edcias"],"inLanguage":"pt-BR"},{"@type":"WebPage","@id":"https:\/\/psol50.org.br\/milhoes-de-trabalhadores-cruzam-os-bracos-e-tomam-as-ruas-neste-14j\/","url":"https:\/\/psol50.org.br\/milhoes-de-trabalhadores-cruzam-os-bracos-e-tomam-as-ruas-neste-14j\/","name":"Milh\u00f5es de trabalhadores cruzam os bra\u00e7os e tomam as ruas neste #14J","isPartOf":{"@id":"https:\/\/psol50.org.br\/#website"},"primaryImageOfPage":{"@id":"https:\/\/psol50.org.br\/milhoes-de-trabalhadores-cruzam-os-bracos-e-tomam-as-ruas-neste-14j\/#primaryimage"},"image":{"@id":"https:\/\/psol50.org.br\/milhoes-de-trabalhadores-cruzam-os-bracos-e-tomam-as-ruas-neste-14j\/#primaryimage"},"thumbnailUrl":"https:\/\/psol50.org.br\/inc\/uploads\/2019\/06\/photo4909065190771894529.jpg","datePublished":"2019-06-14T22:54:17+00:00","breadcrumb":{"@id":"https:\/\/psol50.org.br\/milhoes-de-trabalhadores-cruzam-os-bracos-e-tomam-as-ruas-neste-14j\/#breadcrumb"},"inLanguage":"pt-BR","potentialAction":[{"@type":"ReadAction","target":["https:\/\/psol50.org.br\/milhoes-de-trabalhadores-cruzam-os-bracos-e-tomam-as-ruas-neste-14j\/"]}]},{"@type":"ImageObject","inLanguage":"pt-BR","@id":"https:\/\/psol50.org.br\/milhoes-de-trabalhadores-cruzam-os-bracos-e-tomam-as-ruas-neste-14j\/#primaryimage","url":"https:\/\/psol50.org.br\/inc\/uploads\/2019\/06\/photo4909065190771894529.jpg","contentUrl":"https:\/\/psol50.org.br\/inc\/uploads\/2019\/06\/photo4909065190771894529.jpg","width":1280,"height":853,"caption":"Foto: Guilherme Silva"},{"@type":"BreadcrumbList","@id":"https:\/\/psol50.org.br\/milhoes-de-trabalhadores-cruzam-os-bracos-e-tomam-as-ruas-neste-14j\/#breadcrumb","itemListElement":[{"@type":"ListItem","position":1,"name":"In\u00edcio","item":"https:\/\/psol50.org.br\/"},{"@type":"ListItem","position":2,"name":"Milh\u00f5es de trabalhadores cruzam os bra\u00e7os e tomam as ruas neste #14J"}]},{"@type":"WebSite","@id":"https:\/\/psol50.org.br\/#website","url":"https:\/\/psol50.org.br\/","name":"PSOL 50","description":"Site oficial do Partido Socialismo e Liberdade","publisher":{"@id":"https:\/\/psol50.org.br\/#organization"},"alternateName":"PSOL50","potentialAction":[{"@type":"SearchAction","target":{"@type":"EntryPoint","urlTemplate":"https:\/\/psol50.org.br\/?s={search_term_string}"},"query-input":{"@type":"PropertyValueSpecification","valueRequired":true,"valueName":"search_term_string"}}],"inLanguage":"pt-BR"},{"@type":"Organization","@id":"https:\/\/psol50.org.br\/#organization","name":"PSOL 50","alternateName":"PSOL 50","url":"https:\/\/psol50.org.br\/","logo":{"@type":"ImageObject","inLanguage":"pt-BR","@id":"https:\/\/psol50.org.br\/#\/schema\/logo\/image\/","url":"https:\/\/psol50.org.br\/inc\/uploads\/2018\/07\/capa.png","contentUrl":"https:\/\/psol50.org.br\/inc\/uploads\/2018\/07\/capa.png","width":1350,"height":900,"caption":"PSOL 50"},"image":{"@id":"https:\/\/psol50.org.br\/#\/schema\/logo\/image\/"},"sameAs":["https:\/\/www.facebook.com\/psol50","https:\/\/x.com\/psol50","https:\/\/www.instagram.com\/psol50\/","https:\/\/www.youtube.com\/channel\/UC7SnJS5o1os7a6CaiNabzcg"]},{"@type":"Person","@id":"https:\/\/psol50.org.br\/#\/schema\/person\/475dfa57d0b815993c714c2e96491fcd","name":"Comunica\u00e7\u00e3o PSOL","image":{"@type":"ImageObject","inLanguage":"pt-BR","@id":"https:\/\/psol50.org.br\/#\/schema\/person\/image\/","url":"https:\/\/secure.gravatar.com\/avatar\/b34fc4f4e468a4e51785917065a3db57b841f5c95dba6ad8c73aaf8f66f8f9bf?s=96&d=mm&r=g","contentUrl":"https:\/\/secure.gravatar.com\/avatar\/b34fc4f4e468a4e51785917065a3db57b841f5c95dba6ad8c73aaf8f66f8f9bf?s=96&d=mm&r=g","caption":"Comunica\u00e7\u00e3o PSOL"}}]}},"_links":{"self":[{"href":"https:\/\/psol50.org.br\/rest\/wp\/v2\/posts\/25521","targetHints":{"allow":["GET"]}}],"collection":[{"href":"https:\/\/psol50.org.br\/rest\/wp\/v2\/posts"}],"about":[{"href":"https:\/\/psol50.org.br\/rest\/wp\/v2\/types\/post"}],"author":[{"embeddable":true,"href":"https:\/\/psol50.org.br\/rest\/wp\/v2\/users\/2"}],"replies":[{"embeddable":true,"href":"https:\/\/psol50.org.br\/rest\/wp\/v2\/comments?post=25521"}],"version-history":[{"count":0,"href":"https:\/\/psol50.org.br\/rest\/wp\/v2\/posts\/25521\/revisions"}],"wp:featuredmedia":[{"embeddable":true,"href":"https:\/\/psol50.org.br\/rest\/wp\/v2\/media\/25538"}],"wp:attachment":[{"href":"https:\/\/psol50.org.br\/rest\/wp\/v2\/media?parent=25521"}],"wp:term":[{"taxonomy":"category","embeddable":true,"href":"https:\/\/psol50.org.br\/rest\/wp\/v2\/categories?post=25521"},{"taxonomy":"post_tag","embeddable":true,"href":"https:\/\/psol50.org.br\/rest\/wp\/v2\/tags?post=25521"}],"curies":[{"name":"wp","href":"https:\/\/api.w.org\/{rel}","templated":true}]}}