{"id":2554,"date":"2014-02-04T00:00:00","date_gmt":"2014-02-04T17:21:19","guid":{"rendered":"http:\/\/psol50.org.br\/arquivo\/2014\/02\/04\/pre-candidato-a-presidencia-pelo-psol-tem-agenda-marcada-com-militantes-na-paraiba\/"},"modified":"2014-02-04T00:00:00","modified_gmt":"2014-02-04T17:21:19","slug":"pre-candidato-a-presidencia-pelo-psol-tem-agenda-marcada-com-militantes-na-paraiba","status":"publish","type":"post","link":"https:\/\/psol50.org.br\/pre-candidato-a-presidencia-pelo-psol-tem-agenda-marcada-com-militantes-na-paraiba\/","title":{"rendered":"Pr\u00e9-candidato \u00e0 Presid\u00eancia pelo PSOL tem agenda marcada com militantes na Para\u00edba"},"content":{"rendered":"<div style=\"text-align: justify;\">\n\t<em>Senador Randolfe visitar\u00e1 Jo\u00e3o Pessoa e Campina Grande<\/em><br \/>\n\t&nbsp;<br \/>\n\tO pr\u00e9-candidato \u00e0 Presid\u00eancia da Rep\u00fablica e senador pelo PSOL do Amap\u00e1, Randolfe Rodrigues, estar\u00e1 na Para\u00edba nos dias 7 e 8 de fevereiro. Randolfe inicia sua jornada em Jo\u00e3o Pessoa, na manh\u00e3 do dia 7, no audit\u00f3rio da OAB, \u00e0s 10h, quando debater\u00e1 sobre \u201cA efic\u00e1cia da Reforma Pol\u00edtica e seus efeitos no Processo Eleitoral\u201d. A tarde ser\u00e1 dedicada \u00e0 reuni\u00e3o com apoiadores e di\u00e1logo com a imprensa.<br \/>\n\t&nbsp;<br \/>\n\tNo turno da noite, \u00e0s 19h, o pr\u00e9-candidato participar\u00e1 do debate \u201cOs Levantes de Junho e a Esquerda Brasileira\u201d. Tamb\u00e9m participar\u00e3o do debate o pr\u00e9-candidato da legenda ao Governo da Para\u00edba, T\u00e1rcio Teixeira, e o pr\u00e9-candidato ao Senado, Nelson Junior.<br \/>\n\t&nbsp;<br \/>\n\tO debate ser\u00e1 transmitido ao vivo no<br \/>\n\tlink&nbsp;<a href=\"http:\/\/www.coletivomundo.com.br\/postv\" target=\"_blank\" rel=\"noopener\">www.coletivomundo.com.br\/postv<\/a>. N\u00e3o perca.<br \/>\n\t&nbsp;<br \/>\n\tNa manh\u00e3 seguinte, 8 de fevereiro, o dia do senador Randolfe come\u00e7a com uma entrevista coletiva \u00e0s 9h, na sede do Sindicato dos Banc\u00e1rios, em Campina Grande. Em seguida, o pr\u00e9-candidato pelo PSOL participa de almo\u00e7o com filiados e militantes da esquerda no munic\u00edpio.<\/div>\n<p>&nbsp;<\/p>\n","protected":false},"excerpt":{"rendered":"<p>Senador Randolfe visitar\u00e1 Jo\u00e3o Pessoa e Campina Grande &nbsp; O pr\u00e9-candidato \u00e0 Presid\u00eancia da Rep\u00fablica e senador pelo PSOL do Amap\u00e1, Randolfe Rodrigues, estar\u00e1 na Para\u00edba nos dias 7 e 8 de fevereiro. Randolfe inicia sua jornada em Jo\u00e3o Pessoa, na manh\u00e3 do dia 7, no audit\u00f3rio da OAB, \u00e0s 10h, quando debater\u00e1 sobre \u201cA [&hellip;]<\/p>\n","protected":false},"author":2,"featured_media":0,"comment_status":"open","ping_status":"open","sticky":false,"template":"","format":"standard","meta":{"_acf_changed":false,"footnotes":""},"categories":[4766,6],"tags":[22],"class_list":{"0":"post-2554","1":"post","2":"type-post","3":"status-publish","4":"format-standard","6":"category-arquivo","7":"category-noticias","8":"tag-psol"},"acf":[],"yoast_head":"<!-- This site is optimized with the Yoast SEO plugin v26.5 - https:\/\/yoast.com\/wordpress\/plugins\/seo\/ -->\n<title>Pr\u00e9-candidato \u00e0 Presid\u00eancia pelo PSOL tem agenda marcada com militantes na Para\u00edba - PSOL 50<\/title>\n<meta name=\"robots\" content=\"index, follow, max-snippet:-1, max-image-preview:large, max-video-preview:-1\" \/>\n<link rel=\"canonical\" href=\"https:\/\/psol50.org.br\/pre-candidato-a-presidencia-pelo-psol-tem-agenda-marcada-com-militantes-na-paraiba\/\" \/>\n<meta property=\"og:locale\" content=\"pt_BR\" \/>\n<meta property=\"og:type\" content=\"article\" \/>\n<meta property=\"og:title\" content=\"Pr\u00e9-candidato \u00e0 Presid\u00eancia pelo PSOL tem agenda marcada com militantes na Para\u00edba - PSOL 50\" \/>\n<meta property=\"og:description\" content=\"Senador Randolfe visitar\u00e1 Jo\u00e3o Pessoa e Campina Grande &nbsp; O pr\u00e9-candidato \u00e0 Presid\u00eancia da Rep\u00fablica e senador pelo PSOL do Amap\u00e1, Randolfe Rodrigues, estar\u00e1 na Para\u00edba nos dias 7 e 8 de fevereiro. Randolfe inicia sua jornada em Jo\u00e3o Pessoa, na manh\u00e3 do dia 7, no audit\u00f3rio da OAB, \u00e0s 10h, quando debater\u00e1 sobre \u201cA [&hellip;]\" \/>\n<meta property=\"og:url\" content=\"https:\/\/psol50.org.br\/pre-candidato-a-presidencia-pelo-psol-tem-agenda-marcada-com-militantes-na-paraiba\/\" \/>\n<meta property=\"og:site_name\" content=\"PSOL 50\" \/>\n<meta property=\"article:publisher\" content=\"https:\/\/www.facebook.com\/psol50\" \/>\n<meta property=\"article:published_time\" content=\"2014-02-04T17:21:19+00:00\" \/>\n<meta property=\"og:image\" content=\"https:\/\/psol50.org.br\/inc\/uploads\/2018\/07\/capa.png\" \/>\n\t<meta property=\"og:image:width\" content=\"1350\" \/>\n\t<meta property=\"og:image:height\" content=\"900\" \/>\n\t<meta property=\"og:image:type\" content=\"image\/png\" \/>\n<meta name=\"author\" content=\"Comunica\u00e7\u00e3o PSOL\" \/>\n<meta name=\"twitter:card\" content=\"summary_large_image\" \/>\n<meta name=\"twitter:creator\" content=\"@psol50\" \/>\n<meta name=\"twitter:site\" content=\"@psol50\" \/>\n<meta name=\"twitter:label1\" content=\"Escrito por\" \/>\n\t<meta name=\"twitter:data1\" content=\"Comunica\u00e7\u00e3o PSOL\" \/>\n\t<meta name=\"twitter:label2\" content=\"Est. tempo de leitura\" \/>\n\t<meta name=\"twitter:data2\" content=\"1 minuto\" \/>\n<script type=\"application\/ld+json\" class=\"yoast-schema-graph\">{\"@context\":\"https:\/\/schema.org\",\"@graph\":[{\"@type\":\"Article\",\"@id\":\"https:\/\/psol50.org.br\/pre-candidato-a-presidencia-pelo-psol-tem-agenda-marcada-com-militantes-na-paraiba\/#article\",\"isPartOf\":{\"@id\":\"https:\/\/psol50.org.br\/pre-candidato-a-presidencia-pelo-psol-tem-agenda-marcada-com-militantes-na-paraiba\/\"},\"author\":{\"name\":\"Comunica\u00e7\u00e3o PSOL\",\"@id\":\"https:\/\/psol50.org.br\/#\/schema\/person\/475dfa57d0b815993c714c2e96491fcd\"},\"headline\":\"Pr\u00e9-candidato \u00e0 Presid\u00eancia pelo PSOL tem agenda marcada com militantes na Para\u00edba\",\"datePublished\":\"2014-02-04T17:21:19+00:00\",\"mainEntityOfPage\":{\"@id\":\"https:\/\/psol50.org.br\/pre-candidato-a-presidencia-pelo-psol-tem-agenda-marcada-com-militantes-na-paraiba\/\"},\"wordCount\":214,\"commentCount\":0,\"publisher\":{\"@id\":\"https:\/\/psol50.org.br\/#organization\"},\"keywords\":[\"PSOL\"],\"articleSection\":[\"Arquivo\",\"Not\u00edcias\"],\"inLanguage\":\"pt-BR\",\"potentialAction\":[{\"@type\":\"CommentAction\",\"name\":\"Comment\",\"target\":[\"https:\/\/psol50.org.br\/pre-candidato-a-presidencia-pelo-psol-tem-agenda-marcada-com-militantes-na-paraiba\/#respond\"]}]},{\"@type\":\"WebPage\",\"@id\":\"https:\/\/psol50.org.br\/pre-candidato-a-presidencia-pelo-psol-tem-agenda-marcada-com-militantes-na-paraiba\/\",\"url\":\"https:\/\/psol50.org.br\/pre-candidato-a-presidencia-pelo-psol-tem-agenda-marcada-com-militantes-na-paraiba\/\",\"name\":\"Pr\u00e9-candidato \u00e0 Presid\u00eancia pelo PSOL tem agenda marcada com militantes na Para\u00edba - PSOL 50\",\"isPartOf\":{\"@id\":\"https:\/\/psol50.org.br\/#website\"},\"datePublished\":\"2014-02-04T17:21:19+00:00\",\"breadcrumb\":{\"@id\":\"https:\/\/psol50.org.br\/pre-candidato-a-presidencia-pelo-psol-tem-agenda-marcada-com-militantes-na-paraiba\/#breadcrumb\"},\"inLanguage\":\"pt-BR\",\"potentialAction\":[{\"@type\":\"ReadAction\",\"target\":[\"https:\/\/psol50.org.br\/pre-candidato-a-presidencia-pelo-psol-tem-agenda-marcada-com-militantes-na-paraiba\/\"]}]},{\"@type\":\"BreadcrumbList\",\"@id\":\"https:\/\/psol50.org.br\/pre-candidato-a-presidencia-pelo-psol-tem-agenda-marcada-com-militantes-na-paraiba\/#breadcrumb\",\"itemListElement\":[{\"@type\":\"ListItem\",\"position\":1,\"name\":\"In\u00edcio\",\"item\":\"https:\/\/psol50.org.br\/\"},{\"@type\":\"ListItem\",\"position\":2,\"name\":\"Pr\u00e9-candidato \u00e0 Presid\u00eancia pelo PSOL tem agenda marcada com militantes na Para\u00edba\"}]},{\"@type\":\"WebSite\",\"@id\":\"https:\/\/psol50.org.br\/#website\",\"url\":\"https:\/\/psol50.org.br\/\",\"name\":\"PSOL 50\",\"description\":\"Site oficial do Partido Socialismo e Liberdade\",\"publisher\":{\"@id\":\"https:\/\/psol50.org.br\/#organization\"},\"alternateName\":\"PSOL50\",\"potentialAction\":[{\"@type\":\"SearchAction\",\"target\":{\"@type\":\"EntryPoint\",\"urlTemplate\":\"https:\/\/psol50.org.br\/?s={search_term_string}\"},\"query-input\":{\"@type\":\"PropertyValueSpecification\",\"valueRequired\":true,\"valueName\":\"search_term_string\"}}],\"inLanguage\":\"pt-BR\"},{\"@type\":\"Organization\",\"@id\":\"https:\/\/psol50.org.br\/#organization\",\"name\":\"PSOL 50\",\"alternateName\":\"PSOL 50\",\"url\":\"https:\/\/psol50.org.br\/\",\"logo\":{\"@type\":\"ImageObject\",\"inLanguage\":\"pt-BR\",\"@id\":\"https:\/\/psol50.org.br\/#\/schema\/logo\/image\/\",\"url\":\"https:\/\/psol50.org.br\/inc\/uploads\/2018\/07\/capa.png\",\"contentUrl\":\"https:\/\/psol50.org.br\/inc\/uploads\/2018\/07\/capa.png\",\"width\":1350,\"height\":900,\"caption\":\"PSOL 50\"},\"image\":{\"@id\":\"https:\/\/psol50.org.br\/#\/schema\/logo\/image\/\"},\"sameAs\":[\"https:\/\/www.facebook.com\/psol50\",\"https:\/\/x.com\/psol50\",\"https:\/\/www.instagram.com\/psol50\/\",\"https:\/\/www.youtube.com\/channel\/UC7SnJS5o1os7a6CaiNabzcg\"]},{\"@type\":\"Person\",\"@id\":\"https:\/\/psol50.org.br\/#\/schema\/person\/475dfa57d0b815993c714c2e96491fcd\",\"name\":\"Comunica\u00e7\u00e3o PSOL\",\"image\":{\"@type\":\"ImageObject\",\"inLanguage\":\"pt-BR\",\"@id\":\"https:\/\/psol50.org.br\/#\/schema\/person\/image\/\",\"url\":\"https:\/\/secure.gravatar.com\/avatar\/b34fc4f4e468a4e51785917065a3db57b841f5c95dba6ad8c73aaf8f66f8f9bf?s=96&d=mm&r=g\",\"contentUrl\":\"https:\/\/secure.gravatar.com\/avatar\/b34fc4f4e468a4e51785917065a3db57b841f5c95dba6ad8c73aaf8f66f8f9bf?s=96&d=mm&r=g\",\"caption\":\"Comunica\u00e7\u00e3o PSOL\"}}]}<\/script>\n<!-- \/ Yoast SEO plugin. -->","yoast_head_json":{"title":"Pr\u00e9-candidato \u00e0 Presid\u00eancia pelo PSOL tem agenda marcada com militantes na Para\u00edba - PSOL 50","robots":{"index":"index","follow":"follow","max-snippet":"max-snippet:-1","max-image-preview":"max-image-preview:large","max-video-preview":"max-video-preview:-1"},"canonical":"https:\/\/psol50.org.br\/pre-candidato-a-presidencia-pelo-psol-tem-agenda-marcada-com-militantes-na-paraiba\/","og_locale":"pt_BR","og_type":"article","og_title":"Pr\u00e9-candidato \u00e0 Presid\u00eancia pelo PSOL tem agenda marcada com militantes na Para\u00edba - PSOL 50","og_description":"Senador Randolfe visitar\u00e1 Jo\u00e3o Pessoa e Campina Grande &nbsp; O pr\u00e9-candidato \u00e0 Presid\u00eancia da Rep\u00fablica e senador pelo PSOL do Amap\u00e1, Randolfe Rodrigues, estar\u00e1 na Para\u00edba nos dias 7 e 8 de fevereiro. Randolfe inicia sua jornada em Jo\u00e3o Pessoa, na manh\u00e3 do dia 7, no audit\u00f3rio da OAB, \u00e0s 10h, quando debater\u00e1 sobre \u201cA [&hellip;]","og_url":"https:\/\/psol50.org.br\/pre-candidato-a-presidencia-pelo-psol-tem-agenda-marcada-com-militantes-na-paraiba\/","og_site_name":"PSOL 50","article_publisher":"https:\/\/www.facebook.com\/psol50","article_published_time":"2014-02-04T17:21:19+00:00","og_image":[{"width":1350,"height":900,"url":"https:\/\/psol50.org.br\/inc\/uploads\/2018\/07\/capa.png","type":"image\/png"}],"author":"Comunica\u00e7\u00e3o PSOL","twitter_card":"summary_large_image","twitter_creator":"@psol50","twitter_site":"@psol50","twitter_misc":{"Escrito por":"Comunica\u00e7\u00e3o PSOL","Est. tempo de leitura":"1 minuto"},"schema":{"@context":"https:\/\/schema.org","@graph":[{"@type":"Article","@id":"https:\/\/psol50.org.br\/pre-candidato-a-presidencia-pelo-psol-tem-agenda-marcada-com-militantes-na-paraiba\/#article","isPartOf":{"@id":"https:\/\/psol50.org.br\/pre-candidato-a-presidencia-pelo-psol-tem-agenda-marcada-com-militantes-na-paraiba\/"},"author":{"name":"Comunica\u00e7\u00e3o PSOL","@id":"https:\/\/psol50.org.br\/#\/schema\/person\/475dfa57d0b815993c714c2e96491fcd"},"headline":"Pr\u00e9-candidato \u00e0 Presid\u00eancia pelo PSOL tem agenda marcada com militantes na Para\u00edba","datePublished":"2014-02-04T17:21:19+00:00","mainEntityOfPage":{"@id":"https:\/\/psol50.org.br\/pre-candidato-a-presidencia-pelo-psol-tem-agenda-marcada-com-militantes-na-paraiba\/"},"wordCount":214,"commentCount":0,"publisher":{"@id":"https:\/\/psol50.org.br\/#organization"},"keywords":["PSOL"],"articleSection":["Arquivo","Not\u00edcias"],"inLanguage":"pt-BR","potentialAction":[{"@type":"CommentAction","name":"Comment","target":["https:\/\/psol50.org.br\/pre-candidato-a-presidencia-pelo-psol-tem-agenda-marcada-com-militantes-na-paraiba\/#respond"]}]},{"@type":"WebPage","@id":"https:\/\/psol50.org.br\/pre-candidato-a-presidencia-pelo-psol-tem-agenda-marcada-com-militantes-na-paraiba\/","url":"https:\/\/psol50.org.br\/pre-candidato-a-presidencia-pelo-psol-tem-agenda-marcada-com-militantes-na-paraiba\/","name":"Pr\u00e9-candidato \u00e0 Presid\u00eancia pelo PSOL tem agenda marcada com militantes na Para\u00edba - PSOL 50","isPartOf":{"@id":"https:\/\/psol50.org.br\/#website"},"datePublished":"2014-02-04T17:21:19+00:00","breadcrumb":{"@id":"https:\/\/psol50.org.br\/pre-candidato-a-presidencia-pelo-psol-tem-agenda-marcada-com-militantes-na-paraiba\/#breadcrumb"},"inLanguage":"pt-BR","potentialAction":[{"@type":"ReadAction","target":["https:\/\/psol50.org.br\/pre-candidato-a-presidencia-pelo-psol-tem-agenda-marcada-com-militantes-na-paraiba\/"]}]},{"@type":"BreadcrumbList","@id":"https:\/\/psol50.org.br\/pre-candidato-a-presidencia-pelo-psol-tem-agenda-marcada-com-militantes-na-paraiba\/#breadcrumb","itemListElement":[{"@type":"ListItem","position":1,"name":"In\u00edcio","item":"https:\/\/psol50.org.br\/"},{"@type":"ListItem","position":2,"name":"Pr\u00e9-candidato \u00e0 Presid\u00eancia pelo PSOL tem agenda marcada com militantes na Para\u00edba"}]},{"@type":"WebSite","@id":"https:\/\/psol50.org.br\/#website","url":"https:\/\/psol50.org.br\/","name":"PSOL 50","description":"Site oficial do Partido Socialismo e Liberdade","publisher":{"@id":"https:\/\/psol50.org.br\/#organization"},"alternateName":"PSOL50","potentialAction":[{"@type":"SearchAction","target":{"@type":"EntryPoint","urlTemplate":"https:\/\/psol50.org.br\/?s={search_term_string}"},"query-input":{"@type":"PropertyValueSpecification","valueRequired":true,"valueName":"search_term_string"}}],"inLanguage":"pt-BR"},{"@type":"Organization","@id":"https:\/\/psol50.org.br\/#organization","name":"PSOL 50","alternateName":"PSOL 50","url":"https:\/\/psol50.org.br\/","logo":{"@type":"ImageObject","inLanguage":"pt-BR","@id":"https:\/\/psol50.org.br\/#\/schema\/logo\/image\/","url":"https:\/\/psol50.org.br\/inc\/uploads\/2018\/07\/capa.png","contentUrl":"https:\/\/psol50.org.br\/inc\/uploads\/2018\/07\/capa.png","width":1350,"height":900,"caption":"PSOL 50"},"image":{"@id":"https:\/\/psol50.org.br\/#\/schema\/logo\/image\/"},"sameAs":["https:\/\/www.facebook.com\/psol50","https:\/\/x.com\/psol50","https:\/\/www.instagram.com\/psol50\/","https:\/\/www.youtube.com\/channel\/UC7SnJS5o1os7a6CaiNabzcg"]},{"@type":"Person","@id":"https:\/\/psol50.org.br\/#\/schema\/person\/475dfa57d0b815993c714c2e96491fcd","name":"Comunica\u00e7\u00e3o PSOL","image":{"@type":"ImageObject","inLanguage":"pt-BR","@id":"https:\/\/psol50.org.br\/#\/schema\/person\/image\/","url":"https:\/\/secure.gravatar.com\/avatar\/b34fc4f4e468a4e51785917065a3db57b841f5c95dba6ad8c73aaf8f66f8f9bf?s=96&d=mm&r=g","contentUrl":"https:\/\/secure.gravatar.com\/avatar\/b34fc4f4e468a4e51785917065a3db57b841f5c95dba6ad8c73aaf8f66f8f9bf?s=96&d=mm&r=g","caption":"Comunica\u00e7\u00e3o PSOL"}}]}},"_links":{"self":[{"href":"https:\/\/psol50.org.br\/rest\/wp\/v2\/posts\/2554","targetHints":{"allow":["GET"]}}],"collection":[{"href":"https:\/\/psol50.org.br\/rest\/wp\/v2\/posts"}],"about":[{"href":"https:\/\/psol50.org.br\/rest\/wp\/v2\/types\/post"}],"author":[{"embeddable":true,"href":"https:\/\/psol50.org.br\/rest\/wp\/v2\/users\/2"}],"replies":[{"embeddable":true,"href":"https:\/\/psol50.org.br\/rest\/wp\/v2\/comments?post=2554"}],"version-history":[{"count":0,"href":"https:\/\/psol50.org.br\/rest\/wp\/v2\/posts\/2554\/revisions"}],"wp:attachment":[{"href":"https:\/\/psol50.org.br\/rest\/wp\/v2\/media?parent=2554"}],"wp:term":[{"taxonomy":"category","embeddable":true,"href":"https:\/\/psol50.org.br\/rest\/wp\/v2\/categories?post=2554"},{"taxonomy":"post_tag","embeddable":true,"href":"https:\/\/psol50.org.br\/rest\/wp\/v2\/tags?post=2554"}],"curies":[{"name":"wp","href":"https:\/\/api.w.org\/{rel}","templated":true}]}}