{"id":25564,"date":"2019-06-24T17:29:13","date_gmt":"2019-06-24T20:29:13","guid":{"rendered":"http:\/\/psol50.org.br\/?p=25564"},"modified":"2019-06-24T17:29:13","modified_gmt":"2019-06-24T20:29:13","slug":"iv-encontro-nacional-ecossocialista-do-psol-acontece-em-julho","status":"publish","type":"post","link":"https:\/\/psol50.org.br\/iv-encontro-nacional-ecossocialista-do-psol-acontece-em-julho\/","title":{"rendered":"IV Encontro Nacional Ecossocialista do PSOL acontece em julho"},"content":{"rendered":"<p>Militantes ecossocialistas de todo o pa\u00eds se re\u00fanem nos pr\u00f3ximos dias 27 e 28 de julho para o IV Encontro Nacional Ecossocialista do PSOL, que vai acontecer em Gama, no Distrito Federal. A atividade acontecer\u00e1 com a participa\u00e7\u00e3o garantida de representantes de militantes de todos os estados brasileiros que forem indicados pelas coordena\u00e7\u00f5es de cada regional do <a href=\"https:\/\/www.facebook.com\/EcossocialistaPSOL\/\">Setorial Ecossocialista do PSOL<\/a>. Outros militantes do partido al\u00e9m dos indicados podem acompanhar os debates nos dois dias de encontro, arcando com seus pr\u00f3prios gastos. Tamb\u00e9m haver\u00e1 um espa\u00e7o no domingo pela manh\u00e3 que ser\u00e1 aberto a n\u00e3o-filiados ao partido. \u00c9 poss\u00edvel acompanhar as informa\u00e7\u00f5es do encontro atrav\u00e9s da p\u00e1gina do setorial no Facebook.<\/p>\n<p>O encontro se debru\u00e7ar\u00e1 sobre os enormes retrocessos na \u00e1rea ambiental causados pelo governo Bolsonaro e seu ministro do Meio Ambiente, Ricardo Salles. Em apenas 6 meses, o governo de extrema-direita que instaurou no Brasil j\u00e1 conseguiu interromper as demarca\u00e7\u00f5es de terras ind\u00edgenas, desmantelar a fiscaliza\u00e7\u00e3o de crimes ambientais e programas de agricultura familiar, al\u00e9m de autorizar a entrada de centenas de novos agrot\u00f3xicos no territ\u00f3rio brasileiro &#8211; a lista aumenta quase diariamente. Soma-se a isso as tentativas de privatiza\u00e7\u00e3o da extra\u00e7\u00e3o e manipula\u00e7\u00e3o dos bens naturais brasileiros, atrav\u00e9s das tentativas de vender empresas p\u00fablicas como Petrobr\u00e1s e Eletrobr\u00e1s, por exemplo.<\/p>\n<p>O PSOL entrou para a hist\u00f3ria no ano de 2018 com a primeira mulher ind\u00edgena a concorrer em uma chapa presidencial em 518 anos de hist\u00f3ria, com S\u00f4nia Guajajara candidata a vice-presidente do Brasil ao lado de Guilherme Boulos. Esta alian\u00e7a entre o partido e movimentos socioambientais, como a APIB (Articula\u00e7\u00e3o dos Povos Ind\u00edgenas do Brasil), mudou o patamar deste debate no PSOL e na milit\u00e2ncia progressista.<\/p>\n<p>O Brasil \u00e9 um pa\u00eds estrat\u00e9gico para o debate ecossocialista devido ao seu patrim\u00f4nio socioambiental incalcul\u00e1vel. O pa\u00eds tem 13% de toda a reserva de \u00e1gua doce mundial, mas ao mesmo tempo pelo menos 35 milh\u00f5es de pessoas n\u00e3o contam com acesso \u00e0 \u00e1gua para suas necessidades mais b\u00e1sicas. As maiorias das cidades brasileiras n\u00e3o conta sequer com saneamento b\u00e1sico. Ao mesmo tempo, vastas \u00e1reas de vegeta\u00e7\u00e3o t\u00eam sido devastadas pelo agroneg\u00f3cio e o avan\u00e7o capitalista no campo e nas cidades, como \u00e9 flagrante no caso do cerrado brasileiro, que j\u00e1 perdeu metade de sua vegeta\u00e7\u00e3o original.<\/p>\n<p>Desastres ambientais hist\u00f3ricos como o rompimento das barragens de Mariana e Brumadinho (MG), controladas pela privatizada Vale S.A., tamb\u00e9m ser\u00e3o abordados no encontro para a formula\u00e7\u00e3o de pol\u00edticas ambientais alternativas para o pa\u00eds. A popula\u00e7\u00e3o n\u00e3o pode ser v\u00edtima de desastres ambientais dessa propor\u00e7\u00e3o e que se tornaram corriqueiros devido ao modelo capitalista de explora\u00e7\u00e3o dos recursos ambientais do pa\u00eds.<\/p>\n","protected":false},"excerpt":{"rendered":"<p>Militantes ecossocialistas de todo o pa\u00eds se re\u00fanem nos pr\u00f3ximos dias 27 e 28 de julho para o IV Encontro Nacional Ecossocialista do PSOL, que vai acontecer em Gama, no Distrito Federal. A atividade acontecer\u00e1 com a participa\u00e7\u00e3o garantida de representantes de militantes de todos os estados brasileiros que forem indicados pelas coordena\u00e7\u00f5es de cada [&hellip;]<\/p>\n","protected":false},"author":2,"featured_media":25600,"comment_status":"closed","ping_status":"open","sticky":false,"template":"","format":"standard","meta":{"_acf_changed":false,"footnotes":""},"categories":[6,14],"tags":[120,1168,1884,124,1872,22,270],"class_list":{"0":"post-25564","1":"post","2":"type-post","3":"status-publish","4":"format-standard","5":"has-post-thumbnail","7":"category-noticias","8":"category-partido","9":"tag-brumadinho","10":"tag-ecossocialismo","11":"tag-gama","12":"tag-guajajara","13":"tag-mariana","14":"tag-psol","15":"tag-setorial"},"acf":[],"yoast_head":"<!-- This site is optimized with the Yoast SEO plugin v26.5 - https:\/\/yoast.com\/wordpress\/plugins\/seo\/ -->\n<title>IV Encontro Nacional Ecossocialista do PSOL acontece em julho<\/title>\n<meta name=\"robots\" content=\"index, follow, max-snippet:-1, max-image-preview:large, max-video-preview:-1\" \/>\n<link rel=\"canonical\" href=\"https:\/\/psol50.org.br\/iv-encontro-nacional-ecossocialista-do-psol-acontece-em-julho\/\" \/>\n<meta property=\"og:locale\" content=\"pt_BR\" \/>\n<meta property=\"og:type\" content=\"article\" \/>\n<meta property=\"og:title\" content=\"IV Encontro Nacional Ecossocialista do PSOL acontece em julho\" \/>\n<meta property=\"og:description\" content=\"Atividade acontecer\u00e1 nos dias 27 e 28 em Gama, no Distrito Federal.\" \/>\n<meta property=\"og:url\" content=\"https:\/\/psol50.org.br\/iv-encontro-nacional-ecossocialista-do-psol-acontece-em-julho\/\" \/>\n<meta property=\"og:site_name\" content=\"PSOL 50\" \/>\n<meta property=\"article:publisher\" content=\"https:\/\/www.facebook.com\/psol50\" \/>\n<meta property=\"article:published_time\" content=\"2019-06-24T20:29:13+00:00\" \/>\n<meta property=\"og:image\" content=\"https:\/\/psol50.org.br\/inc\/uploads\/2019\/06\/Encontro_Ecossocialista.jpg\" \/>\n\t<meta property=\"og:image:width\" content=\"1042\" \/>\n\t<meta property=\"og:image:height\" content=\"546\" \/>\n\t<meta property=\"og:image:type\" content=\"image\/jpeg\" \/>\n<meta name=\"author\" content=\"Comunica\u00e7\u00e3o PSOL\" \/>\n<meta name=\"twitter:card\" content=\"summary_large_image\" \/>\n<meta name=\"twitter:title\" content=\"IV Encontro Nacional Ecossocialista do PSOL acontece em julho\" \/>\n<meta name=\"twitter:description\" content=\"Atividade acontecer\u00e1 nos dias 27 e 28 em Gama, no Distrito Federal.\" \/>\n<meta name=\"twitter:image\" content=\"https:\/\/psol50.org.br\/inc\/uploads\/2019\/06\/Encontro_Ecossocialista.jpg\" \/>\n<meta name=\"twitter:creator\" content=\"@psol50\" \/>\n<meta name=\"twitter:site\" content=\"@psol50\" \/>\n<meta name=\"twitter:label1\" content=\"Escrito por\" \/>\n\t<meta name=\"twitter:data1\" content=\"Comunica\u00e7\u00e3o PSOL\" \/>\n\t<meta name=\"twitter:label2\" content=\"Est. tempo de leitura\" \/>\n\t<meta name=\"twitter:data2\" content=\"2 minutos\" \/>\n<script type=\"application\/ld+json\" class=\"yoast-schema-graph\">{\"@context\":\"https:\/\/schema.org\",\"@graph\":[{\"@type\":\"Article\",\"@id\":\"https:\/\/psol50.org.br\/iv-encontro-nacional-ecossocialista-do-psol-acontece-em-julho\/#article\",\"isPartOf\":{\"@id\":\"https:\/\/psol50.org.br\/iv-encontro-nacional-ecossocialista-do-psol-acontece-em-julho\/\"},\"author\":{\"name\":\"Comunica\u00e7\u00e3o PSOL\",\"@id\":\"https:\/\/psol50.org.br\/#\/schema\/person\/475dfa57d0b815993c714c2e96491fcd\"},\"headline\":\"IV Encontro Nacional Ecossocialista do PSOL acontece em julho\",\"datePublished\":\"2019-06-24T20:29:13+00:00\",\"mainEntityOfPage\":{\"@id\":\"https:\/\/psol50.org.br\/iv-encontro-nacional-ecossocialista-do-psol-acontece-em-julho\/\"},\"wordCount\":498,\"publisher\":{\"@id\":\"https:\/\/psol50.org.br\/#organization\"},\"image\":{\"@id\":\"https:\/\/psol50.org.br\/iv-encontro-nacional-ecossocialista-do-psol-acontece-em-julho\/#primaryimage\"},\"thumbnailUrl\":\"https:\/\/psol50.org.br\/inc\/uploads\/2019\/06\/Encontro_Ecossocialista.jpg\",\"keywords\":[\"Brumadinho\",\"Ecossocialismo\",\"gama\",\"guajajara\",\"Mariana\",\"PSOL\",\"setorial\"],\"articleSection\":[\"Not\u00edcias\",\"Partido\"],\"inLanguage\":\"pt-BR\"},{\"@type\":\"WebPage\",\"@id\":\"https:\/\/psol50.org.br\/iv-encontro-nacional-ecossocialista-do-psol-acontece-em-julho\/\",\"url\":\"https:\/\/psol50.org.br\/iv-encontro-nacional-ecossocialista-do-psol-acontece-em-julho\/\",\"name\":\"IV Encontro Nacional Ecossocialista do PSOL acontece em julho\",\"isPartOf\":{\"@id\":\"https:\/\/psol50.org.br\/#website\"},\"primaryImageOfPage\":{\"@id\":\"https:\/\/psol50.org.br\/iv-encontro-nacional-ecossocialista-do-psol-acontece-em-julho\/#primaryimage\"},\"image\":{\"@id\":\"https:\/\/psol50.org.br\/iv-encontro-nacional-ecossocialista-do-psol-acontece-em-julho\/#primaryimage\"},\"thumbnailUrl\":\"https:\/\/psol50.org.br\/inc\/uploads\/2019\/06\/Encontro_Ecossocialista.jpg\",\"datePublished\":\"2019-06-24T20:29:13+00:00\",\"breadcrumb\":{\"@id\":\"https:\/\/psol50.org.br\/iv-encontro-nacional-ecossocialista-do-psol-acontece-em-julho\/#breadcrumb\"},\"inLanguage\":\"pt-BR\",\"potentialAction\":[{\"@type\":\"ReadAction\",\"target\":[\"https:\/\/psol50.org.br\/iv-encontro-nacional-ecossocialista-do-psol-acontece-em-julho\/\"]}]},{\"@type\":\"ImageObject\",\"inLanguage\":\"pt-BR\",\"@id\":\"https:\/\/psol50.org.br\/iv-encontro-nacional-ecossocialista-do-psol-acontece-em-julho\/#primaryimage\",\"url\":\"https:\/\/psol50.org.br\/inc\/uploads\/2019\/06\/Encontro_Ecossocialista.jpg\",\"contentUrl\":\"https:\/\/psol50.org.br\/inc\/uploads\/2019\/06\/Encontro_Ecossocialista.jpg\",\"width\":1042,\"height\":546},{\"@type\":\"BreadcrumbList\",\"@id\":\"https:\/\/psol50.org.br\/iv-encontro-nacional-ecossocialista-do-psol-acontece-em-julho\/#breadcrumb\",\"itemListElement\":[{\"@type\":\"ListItem\",\"position\":1,\"name\":\"In\u00edcio\",\"item\":\"https:\/\/psol50.org.br\/\"},{\"@type\":\"ListItem\",\"position\":2,\"name\":\"IV Encontro Nacional Ecossocialista do PSOL acontece em julho\"}]},{\"@type\":\"WebSite\",\"@id\":\"https:\/\/psol50.org.br\/#website\",\"url\":\"https:\/\/psol50.org.br\/\",\"name\":\"PSOL 50\",\"description\":\"Site oficial do Partido Socialismo e Liberdade\",\"publisher\":{\"@id\":\"https:\/\/psol50.org.br\/#organization\"},\"alternateName\":\"PSOL50\",\"potentialAction\":[{\"@type\":\"SearchAction\",\"target\":{\"@type\":\"EntryPoint\",\"urlTemplate\":\"https:\/\/psol50.org.br\/?s={search_term_string}\"},\"query-input\":{\"@type\":\"PropertyValueSpecification\",\"valueRequired\":true,\"valueName\":\"search_term_string\"}}],\"inLanguage\":\"pt-BR\"},{\"@type\":\"Organization\",\"@id\":\"https:\/\/psol50.org.br\/#organization\",\"name\":\"PSOL 50\",\"alternateName\":\"PSOL 50\",\"url\":\"https:\/\/psol50.org.br\/\",\"logo\":{\"@type\":\"ImageObject\",\"inLanguage\":\"pt-BR\",\"@id\":\"https:\/\/psol50.org.br\/#\/schema\/logo\/image\/\",\"url\":\"https:\/\/psol50.org.br\/inc\/uploads\/2018\/07\/capa.png\",\"contentUrl\":\"https:\/\/psol50.org.br\/inc\/uploads\/2018\/07\/capa.png\",\"width\":1350,\"height\":900,\"caption\":\"PSOL 50\"},\"image\":{\"@id\":\"https:\/\/psol50.org.br\/#\/schema\/logo\/image\/\"},\"sameAs\":[\"https:\/\/www.facebook.com\/psol50\",\"https:\/\/x.com\/psol50\",\"https:\/\/www.instagram.com\/psol50\/\",\"https:\/\/www.youtube.com\/channel\/UC7SnJS5o1os7a6CaiNabzcg\"]},{\"@type\":\"Person\",\"@id\":\"https:\/\/psol50.org.br\/#\/schema\/person\/475dfa57d0b815993c714c2e96491fcd\",\"name\":\"Comunica\u00e7\u00e3o PSOL\",\"image\":{\"@type\":\"ImageObject\",\"inLanguage\":\"pt-BR\",\"@id\":\"https:\/\/psol50.org.br\/#\/schema\/person\/image\/\",\"url\":\"https:\/\/secure.gravatar.com\/avatar\/b34fc4f4e468a4e51785917065a3db57b841f5c95dba6ad8c73aaf8f66f8f9bf?s=96&d=mm&r=g\",\"contentUrl\":\"https:\/\/secure.gravatar.com\/avatar\/b34fc4f4e468a4e51785917065a3db57b841f5c95dba6ad8c73aaf8f66f8f9bf?s=96&d=mm&r=g\",\"caption\":\"Comunica\u00e7\u00e3o PSOL\"}}]}<\/script>\n<!-- \/ Yoast SEO plugin. -->","yoast_head_json":{"title":"IV Encontro Nacional Ecossocialista do PSOL acontece em julho","robots":{"index":"index","follow":"follow","max-snippet":"max-snippet:-1","max-image-preview":"max-image-preview:large","max-video-preview":"max-video-preview:-1"},"canonical":"https:\/\/psol50.org.br\/iv-encontro-nacional-ecossocialista-do-psol-acontece-em-julho\/","og_locale":"pt_BR","og_type":"article","og_title":"IV Encontro Nacional Ecossocialista do PSOL acontece em julho","og_description":"Atividade acontecer\u00e1 nos dias 27 e 28 em Gama, no Distrito Federal.","og_url":"https:\/\/psol50.org.br\/iv-encontro-nacional-ecossocialista-do-psol-acontece-em-julho\/","og_site_name":"PSOL 50","article_publisher":"https:\/\/www.facebook.com\/psol50","article_published_time":"2019-06-24T20:29:13+00:00","og_image":[{"width":1042,"height":546,"url":"https:\/\/psol50.org.br\/inc\/uploads\/2019\/06\/Encontro_Ecossocialista.jpg","type":"image\/jpeg"}],"author":"Comunica\u00e7\u00e3o PSOL","twitter_card":"summary_large_image","twitter_title":"IV Encontro Nacional Ecossocialista do PSOL acontece em julho","twitter_description":"Atividade acontecer\u00e1 nos dias 27 e 28 em Gama, no Distrito Federal.","twitter_image":"https:\/\/psol50.org.br\/inc\/uploads\/2019\/06\/Encontro_Ecossocialista.jpg","twitter_creator":"@psol50","twitter_site":"@psol50","twitter_misc":{"Escrito por":"Comunica\u00e7\u00e3o PSOL","Est. tempo de leitura":"2 minutos"},"schema":{"@context":"https:\/\/schema.org","@graph":[{"@type":"Article","@id":"https:\/\/psol50.org.br\/iv-encontro-nacional-ecossocialista-do-psol-acontece-em-julho\/#article","isPartOf":{"@id":"https:\/\/psol50.org.br\/iv-encontro-nacional-ecossocialista-do-psol-acontece-em-julho\/"},"author":{"name":"Comunica\u00e7\u00e3o PSOL","@id":"https:\/\/psol50.org.br\/#\/schema\/person\/475dfa57d0b815993c714c2e96491fcd"},"headline":"IV Encontro Nacional Ecossocialista do PSOL acontece em julho","datePublished":"2019-06-24T20:29:13+00:00","mainEntityOfPage":{"@id":"https:\/\/psol50.org.br\/iv-encontro-nacional-ecossocialista-do-psol-acontece-em-julho\/"},"wordCount":498,"publisher":{"@id":"https:\/\/psol50.org.br\/#organization"},"image":{"@id":"https:\/\/psol50.org.br\/iv-encontro-nacional-ecossocialista-do-psol-acontece-em-julho\/#primaryimage"},"thumbnailUrl":"https:\/\/psol50.org.br\/inc\/uploads\/2019\/06\/Encontro_Ecossocialista.jpg","keywords":["Brumadinho","Ecossocialismo","gama","guajajara","Mariana","PSOL","setorial"],"articleSection":["Not\u00edcias","Partido"],"inLanguage":"pt-BR"},{"@type":"WebPage","@id":"https:\/\/psol50.org.br\/iv-encontro-nacional-ecossocialista-do-psol-acontece-em-julho\/","url":"https:\/\/psol50.org.br\/iv-encontro-nacional-ecossocialista-do-psol-acontece-em-julho\/","name":"IV Encontro Nacional Ecossocialista do PSOL acontece em julho","isPartOf":{"@id":"https:\/\/psol50.org.br\/#website"},"primaryImageOfPage":{"@id":"https:\/\/psol50.org.br\/iv-encontro-nacional-ecossocialista-do-psol-acontece-em-julho\/#primaryimage"},"image":{"@id":"https:\/\/psol50.org.br\/iv-encontro-nacional-ecossocialista-do-psol-acontece-em-julho\/#primaryimage"},"thumbnailUrl":"https:\/\/psol50.org.br\/inc\/uploads\/2019\/06\/Encontro_Ecossocialista.jpg","datePublished":"2019-06-24T20:29:13+00:00","breadcrumb":{"@id":"https:\/\/psol50.org.br\/iv-encontro-nacional-ecossocialista-do-psol-acontece-em-julho\/#breadcrumb"},"inLanguage":"pt-BR","potentialAction":[{"@type":"ReadAction","target":["https:\/\/psol50.org.br\/iv-encontro-nacional-ecossocialista-do-psol-acontece-em-julho\/"]}]},{"@type":"ImageObject","inLanguage":"pt-BR","@id":"https:\/\/psol50.org.br\/iv-encontro-nacional-ecossocialista-do-psol-acontece-em-julho\/#primaryimage","url":"https:\/\/psol50.org.br\/inc\/uploads\/2019\/06\/Encontro_Ecossocialista.jpg","contentUrl":"https:\/\/psol50.org.br\/inc\/uploads\/2019\/06\/Encontro_Ecossocialista.jpg","width":1042,"height":546},{"@type":"BreadcrumbList","@id":"https:\/\/psol50.org.br\/iv-encontro-nacional-ecossocialista-do-psol-acontece-em-julho\/#breadcrumb","itemListElement":[{"@type":"ListItem","position":1,"name":"In\u00edcio","item":"https:\/\/psol50.org.br\/"},{"@type":"ListItem","position":2,"name":"IV Encontro Nacional Ecossocialista do PSOL acontece em julho"}]},{"@type":"WebSite","@id":"https:\/\/psol50.org.br\/#website","url":"https:\/\/psol50.org.br\/","name":"PSOL 50","description":"Site oficial do Partido Socialismo e Liberdade","publisher":{"@id":"https:\/\/psol50.org.br\/#organization"},"alternateName":"PSOL50","potentialAction":[{"@type":"SearchAction","target":{"@type":"EntryPoint","urlTemplate":"https:\/\/psol50.org.br\/?s={search_term_string}"},"query-input":{"@type":"PropertyValueSpecification","valueRequired":true,"valueName":"search_term_string"}}],"inLanguage":"pt-BR"},{"@type":"Organization","@id":"https:\/\/psol50.org.br\/#organization","name":"PSOL 50","alternateName":"PSOL 50","url":"https:\/\/psol50.org.br\/","logo":{"@type":"ImageObject","inLanguage":"pt-BR","@id":"https:\/\/psol50.org.br\/#\/schema\/logo\/image\/","url":"https:\/\/psol50.org.br\/inc\/uploads\/2018\/07\/capa.png","contentUrl":"https:\/\/psol50.org.br\/inc\/uploads\/2018\/07\/capa.png","width":1350,"height":900,"caption":"PSOL 50"},"image":{"@id":"https:\/\/psol50.org.br\/#\/schema\/logo\/image\/"},"sameAs":["https:\/\/www.facebook.com\/psol50","https:\/\/x.com\/psol50","https:\/\/www.instagram.com\/psol50\/","https:\/\/www.youtube.com\/channel\/UC7SnJS5o1os7a6CaiNabzcg"]},{"@type":"Person","@id":"https:\/\/psol50.org.br\/#\/schema\/person\/475dfa57d0b815993c714c2e96491fcd","name":"Comunica\u00e7\u00e3o PSOL","image":{"@type":"ImageObject","inLanguage":"pt-BR","@id":"https:\/\/psol50.org.br\/#\/schema\/person\/image\/","url":"https:\/\/secure.gravatar.com\/avatar\/b34fc4f4e468a4e51785917065a3db57b841f5c95dba6ad8c73aaf8f66f8f9bf?s=96&d=mm&r=g","contentUrl":"https:\/\/secure.gravatar.com\/avatar\/b34fc4f4e468a4e51785917065a3db57b841f5c95dba6ad8c73aaf8f66f8f9bf?s=96&d=mm&r=g","caption":"Comunica\u00e7\u00e3o PSOL"}}]}},"_links":{"self":[{"href":"https:\/\/psol50.org.br\/rest\/wp\/v2\/posts\/25564","targetHints":{"allow":["GET"]}}],"collection":[{"href":"https:\/\/psol50.org.br\/rest\/wp\/v2\/posts"}],"about":[{"href":"https:\/\/psol50.org.br\/rest\/wp\/v2\/types\/post"}],"author":[{"embeddable":true,"href":"https:\/\/psol50.org.br\/rest\/wp\/v2\/users\/2"}],"replies":[{"embeddable":true,"href":"https:\/\/psol50.org.br\/rest\/wp\/v2\/comments?post=25564"}],"version-history":[{"count":0,"href":"https:\/\/psol50.org.br\/rest\/wp\/v2\/posts\/25564\/revisions"}],"wp:featuredmedia":[{"embeddable":true,"href":"https:\/\/psol50.org.br\/rest\/wp\/v2\/media\/25600"}],"wp:attachment":[{"href":"https:\/\/psol50.org.br\/rest\/wp\/v2\/media?parent=25564"}],"wp:term":[{"taxonomy":"category","embeddable":true,"href":"https:\/\/psol50.org.br\/rest\/wp\/v2\/categories?post=25564"},{"taxonomy":"post_tag","embeddable":true,"href":"https:\/\/psol50.org.br\/rest\/wp\/v2\/tags?post=25564"}],"curies":[{"name":"wp","href":"https:\/\/api.w.org\/{rel}","templated":true}]}}