{"id":25574,"date":"2019-06-19T10:58:46","date_gmt":"2019-06-19T13:58:46","guid":{"rendered":"http:\/\/psol50.org.br\/?p=25574"},"modified":"2019-06-19T10:58:46","modified_gmt":"2019-06-19T13:58:46","slug":"psol-exige-condenacao-do-mec-por-propaganda-racista","status":"publish","type":"post","link":"https:\/\/psol50.org.br\/psol-exige-condenacao-do-mec-por-propaganda-racista\/","title":{"rendered":"PSOL exige condena\u00e7\u00e3o do MEC por propaganda racista"},"content":{"rendered":"<p>A bancada do PSOL na C\u00e2mara dos Deputados entrou, na noite desta ter\u00e7a-feira (18), com uma representa\u00e7\u00e3o na Procuradoria Geral da Rep\u00fablica (PGR) contra uma propaganda racista veiculada nas redes sociais do Minist\u00e9rio da Educa\u00e7\u00e3o no \u00faltimo dia 13 de junho. O partido pede a responsabiliza\u00e7\u00e3o dos envolvidos na produ\u00e7\u00e3o da pe\u00e7a publicit\u00e1ria, inclusive do ministro Abraham Weintraub, e a indeniza\u00e7\u00e3o por danos morais coletivos com o valor convertido para entidades de defesa dos direitos humanos e de combate ao racismo.<\/p>\n<blockquote class=\"twitter-tweet\" data-width=\"550\" data-dnt=\"true\">\n<p lang=\"pt\" dir=\"ltr\">A campanha racista do MEC nos deixou estarrecidas. O governo n\u00e3o poderia ser mais literal em sua cruzada contra o pensamento cr\u00edtico, a educa\u00e7\u00e3o p\u00fablica e o avan\u00e7o das pol\u00edticas de igualdade racial. Nossa bancada protocolou mo\u00e7\u00e3o de rep\u00fadio na Comiss\u00e3o de Cultura. N\u00e3o passar\u00e1! <a href=\"https:\/\/t.co\/mAm5HgsAx2\">pic.twitter.com\/mAm5HgsAx2<\/a><\/p>\n<p>&mdash; \u00c1urea Carolina (@aureacarolinax) <a href=\"https:\/\/twitter.com\/aureacarolinax\/status\/1141141041489338369?ref_src=twsrc%5Etfw\">June 19, 2019<\/a><\/p><\/blockquote>\n<p><script async src=\"https:\/\/platform.twitter.com\/widgets.js\" charset=\"utf-8\"><\/script><\/p>\n<p>O perfil oficial do Minist\u00e9rio da Educa\u00e7\u00e3o no Twitter fez uma postagem para anunciar as inscri\u00e7\u00f5es no processo do ProUni que escancarou o racismo institucional do governo de Jair Bolsonaro e estrutural da sociedade brasileira. Na imagem, uma estudante negra aparece com uma mochila nas costas e, atrav\u00e9s de uma montagem de qualidade duvidosa, a pe\u00e7a publicit\u00e1ria coloca um diploma na m\u00e3o de uma pessoa branca sobreposta \u00e0 personagem negra. Na pe\u00e7a destinada aos stories do Instagram, o MEC vai al\u00e9m e coloca o rosto de uma estudante branca formada sobre o rosto da estudante negra.<\/p>\n<p>O caso rapidamente viralizou nas redes sociais e indignou os usu\u00e1rios pelo racismo expl\u00edcito da publicidade oficial do governo, que d\u00e1 a entender que apenas as pessoas brancas podem ter acesso \u00e0s universidades brasileiras ou s\u00e3o as \u00fanicas possuidoras de capacidade intelectual.<\/p>\n<p>A a\u00e7\u00e3o do PSOL busca combater a concep\u00e7\u00e3o de que as universidades s\u00e3o destinadas apenas \u00e0s elites que desejam mant\u00ea-las como sonhos distantes para a maior parte da popula\u00e7\u00e3o brasileira. A propaganda do MEC refor\u00e7a o racismo estrutural e discriminat\u00f3rio da sociedade brasileira, ao inv\u00e9s de educar para a cidadania, que deveria ser um dos pilares da comunica\u00e7\u00e3o governamental.<\/p>\n","protected":false},"excerpt":{"rendered":"<p>A bancada do PSOL na C\u00e2mara dos Deputados entrou, na noite desta ter\u00e7a-feira (18), com uma representa\u00e7\u00e3o na Procuradoria Geral da Rep\u00fablica (PGR) contra uma propaganda racista veiculada nas redes sociais do Minist\u00e9rio da Educa\u00e7\u00e3o no \u00faltimo dia 13 de junho. O partido pede a responsabiliza\u00e7\u00e3o dos envolvidos na produ\u00e7\u00e3o da pe\u00e7a publicit\u00e1ria, inclusive do [&hellip;]<\/p>\n","protected":false},"author":2,"featured_media":25575,"comment_status":"closed","ping_status":"open","sticky":false,"template":"","format":"standard","meta":{"_acf_changed":false,"footnotes":""},"categories":[6],"tags":[1311,91,77,966,22,127],"class_list":{"0":"post-25574","1":"post","2":"type-post","3":"status-publish","4":"format-standard","5":"has-post-thumbnail","7":"category-noticias","8":"tag-acao","9":"tag-mec","10":"tag-pgr","11":"tag-propaganda","12":"tag-psol","13":"tag-racismo"},"acf":[],"yoast_head":"<!-- This site is optimized with the Yoast SEO plugin v26.5 - https:\/\/yoast.com\/wordpress\/plugins\/seo\/ -->\n<title>PSOL exige condena\u00e7\u00e3o do MEC por propaganda racista<\/title>\n<meta name=\"robots\" content=\"index, follow, max-snippet:-1, max-image-preview:large, max-video-preview:-1\" \/>\n<link rel=\"canonical\" href=\"https:\/\/psol50.org.br\/psol-exige-condenacao-do-mec-por-propaganda-racista\/\" \/>\n<meta property=\"og:locale\" content=\"pt_BR\" \/>\n<meta property=\"og:type\" content=\"article\" \/>\n<meta property=\"og:title\" content=\"PSOL exige condena\u00e7\u00e3o do MEC por propaganda racista\" \/>\n<meta property=\"og:description\" content=\"Partido acionou a PGR por pe\u00e7a que causou revolta nas redes sociais\" \/>\n<meta property=\"og:url\" content=\"https:\/\/psol50.org.br\/psol-exige-condenacao-do-mec-por-propaganda-racista\/\" \/>\n<meta property=\"og:site_name\" content=\"PSOL 50\" \/>\n<meta property=\"article:publisher\" content=\"https:\/\/www.facebook.com\/psol50\" \/>\n<meta property=\"article:published_time\" content=\"2019-06-19T13:58:46+00:00\" \/>\n<meta property=\"og:image\" content=\"https:\/\/psol50.org.br\/inc\/uploads\/2019\/06\/propagandaMEC.jpg\" \/>\n\t<meta property=\"og:image:width\" content=\"1086\" \/>\n\t<meta property=\"og:image:height\" content=\"652\" \/>\n\t<meta property=\"og:image:type\" content=\"image\/jpeg\" \/>\n<meta name=\"author\" content=\"Comunica\u00e7\u00e3o PSOL\" \/>\n<meta name=\"twitter:card\" content=\"summary_large_image\" \/>\n<meta name=\"twitter:title\" content=\"PSOL exige condena\u00e7\u00e3o do MEC por propaganda racista\" \/>\n<meta name=\"twitter:description\" content=\"Partido acionou a PGR por pe\u00e7a que causou revolta nas redes sociais\" \/>\n<meta name=\"twitter:image\" content=\"https:\/\/psol50.org.br\/inc\/uploads\/2019\/06\/propagandaMEC.jpg\" \/>\n<meta name=\"twitter:creator\" content=\"@psol50\" \/>\n<meta name=\"twitter:site\" content=\"@psol50\" \/>\n<meta name=\"twitter:label1\" content=\"Escrito por\" \/>\n\t<meta name=\"twitter:data1\" content=\"Comunica\u00e7\u00e3o PSOL\" \/>\n\t<meta name=\"twitter:label2\" content=\"Est. tempo de leitura\" \/>\n\t<meta name=\"twitter:data2\" content=\"2 minutos\" \/>\n<script type=\"application\/ld+json\" class=\"yoast-schema-graph\">{\"@context\":\"https:\/\/schema.org\",\"@graph\":[{\"@type\":\"Article\",\"@id\":\"https:\/\/psol50.org.br\/psol-exige-condenacao-do-mec-por-propaganda-racista\/#article\",\"isPartOf\":{\"@id\":\"https:\/\/psol50.org.br\/psol-exige-condenacao-do-mec-por-propaganda-racista\/\"},\"author\":{\"name\":\"Comunica\u00e7\u00e3o PSOL\",\"@id\":\"https:\/\/psol50.org.br\/#\/schema\/person\/475dfa57d0b815993c714c2e96491fcd\"},\"headline\":\"PSOL exige condena\u00e7\u00e3o do MEC por propaganda racista\",\"datePublished\":\"2019-06-19T13:58:46+00:00\",\"mainEntityOfPage\":{\"@id\":\"https:\/\/psol50.org.br\/psol-exige-condenacao-do-mec-por-propaganda-racista\/\"},\"wordCount\":321,\"publisher\":{\"@id\":\"https:\/\/psol50.org.br\/#organization\"},\"image\":{\"@id\":\"https:\/\/psol50.org.br\/psol-exige-condenacao-do-mec-por-propaganda-racista\/#primaryimage\"},\"thumbnailUrl\":\"https:\/\/psol50.org.br\/inc\/uploads\/2019\/06\/propagandaMEC.jpg\",\"keywords\":[\"a\u00e7\u00e3o\",\"MEC\",\"PGR\",\"propaganda\",\"PSOL\",\"racismo\"],\"articleSection\":[\"Not\u00edcias\"],\"inLanguage\":\"pt-BR\"},{\"@type\":\"WebPage\",\"@id\":\"https:\/\/psol50.org.br\/psol-exige-condenacao-do-mec-por-propaganda-racista\/\",\"url\":\"https:\/\/psol50.org.br\/psol-exige-condenacao-do-mec-por-propaganda-racista\/\",\"name\":\"PSOL exige condena\u00e7\u00e3o do MEC por propaganda racista\",\"isPartOf\":{\"@id\":\"https:\/\/psol50.org.br\/#website\"},\"primaryImageOfPage\":{\"@id\":\"https:\/\/psol50.org.br\/psol-exige-condenacao-do-mec-por-propaganda-racista\/#primaryimage\"},\"image\":{\"@id\":\"https:\/\/psol50.org.br\/psol-exige-condenacao-do-mec-por-propaganda-racista\/#primaryimage\"},\"thumbnailUrl\":\"https:\/\/psol50.org.br\/inc\/uploads\/2019\/06\/propagandaMEC.jpg\",\"datePublished\":\"2019-06-19T13:58:46+00:00\",\"breadcrumb\":{\"@id\":\"https:\/\/psol50.org.br\/psol-exige-condenacao-do-mec-por-propaganda-racista\/#breadcrumb\"},\"inLanguage\":\"pt-BR\",\"potentialAction\":[{\"@type\":\"ReadAction\",\"target\":[\"https:\/\/psol50.org.br\/psol-exige-condenacao-do-mec-por-propaganda-racista\/\"]}]},{\"@type\":\"ImageObject\",\"inLanguage\":\"pt-BR\",\"@id\":\"https:\/\/psol50.org.br\/psol-exige-condenacao-do-mec-por-propaganda-racista\/#primaryimage\",\"url\":\"https:\/\/psol50.org.br\/inc\/uploads\/2019\/06\/propagandaMEC.jpg\",\"contentUrl\":\"https:\/\/psol50.org.br\/inc\/uploads\/2019\/06\/propagandaMEC.jpg\",\"width\":1086,\"height\":652,\"caption\":\"Reprodu\u00e7\u00e3o: MEC\"},{\"@type\":\"BreadcrumbList\",\"@id\":\"https:\/\/psol50.org.br\/psol-exige-condenacao-do-mec-por-propaganda-racista\/#breadcrumb\",\"itemListElement\":[{\"@type\":\"ListItem\",\"position\":1,\"name\":\"In\u00edcio\",\"item\":\"https:\/\/psol50.org.br\/\"},{\"@type\":\"ListItem\",\"position\":2,\"name\":\"PSOL exige condena\u00e7\u00e3o do MEC por propaganda racista\"}]},{\"@type\":\"WebSite\",\"@id\":\"https:\/\/psol50.org.br\/#website\",\"url\":\"https:\/\/psol50.org.br\/\",\"name\":\"PSOL 50\",\"description\":\"Site oficial do Partido Socialismo e Liberdade\",\"publisher\":{\"@id\":\"https:\/\/psol50.org.br\/#organization\"},\"alternateName\":\"PSOL50\",\"potentialAction\":[{\"@type\":\"SearchAction\",\"target\":{\"@type\":\"EntryPoint\",\"urlTemplate\":\"https:\/\/psol50.org.br\/?s={search_term_string}\"},\"query-input\":{\"@type\":\"PropertyValueSpecification\",\"valueRequired\":true,\"valueName\":\"search_term_string\"}}],\"inLanguage\":\"pt-BR\"},{\"@type\":\"Organization\",\"@id\":\"https:\/\/psol50.org.br\/#organization\",\"name\":\"PSOL 50\",\"alternateName\":\"PSOL 50\",\"url\":\"https:\/\/psol50.org.br\/\",\"logo\":{\"@type\":\"ImageObject\",\"inLanguage\":\"pt-BR\",\"@id\":\"https:\/\/psol50.org.br\/#\/schema\/logo\/image\/\",\"url\":\"https:\/\/psol50.org.br\/inc\/uploads\/2018\/07\/capa.png\",\"contentUrl\":\"https:\/\/psol50.org.br\/inc\/uploads\/2018\/07\/capa.png\",\"width\":1350,\"height\":900,\"caption\":\"PSOL 50\"},\"image\":{\"@id\":\"https:\/\/psol50.org.br\/#\/schema\/logo\/image\/\"},\"sameAs\":[\"https:\/\/www.facebook.com\/psol50\",\"https:\/\/x.com\/psol50\",\"https:\/\/www.instagram.com\/psol50\/\",\"https:\/\/www.youtube.com\/channel\/UC7SnJS5o1os7a6CaiNabzcg\"]},{\"@type\":\"Person\",\"@id\":\"https:\/\/psol50.org.br\/#\/schema\/person\/475dfa57d0b815993c714c2e96491fcd\",\"name\":\"Comunica\u00e7\u00e3o PSOL\",\"image\":{\"@type\":\"ImageObject\",\"inLanguage\":\"pt-BR\",\"@id\":\"https:\/\/psol50.org.br\/#\/schema\/person\/image\/\",\"url\":\"https:\/\/secure.gravatar.com\/avatar\/b34fc4f4e468a4e51785917065a3db57b841f5c95dba6ad8c73aaf8f66f8f9bf?s=96&d=mm&r=g\",\"contentUrl\":\"https:\/\/secure.gravatar.com\/avatar\/b34fc4f4e468a4e51785917065a3db57b841f5c95dba6ad8c73aaf8f66f8f9bf?s=96&d=mm&r=g\",\"caption\":\"Comunica\u00e7\u00e3o PSOL\"}}]}<\/script>\n<!-- \/ Yoast SEO plugin. -->","yoast_head_json":{"title":"PSOL exige condena\u00e7\u00e3o do MEC por propaganda racista","robots":{"index":"index","follow":"follow","max-snippet":"max-snippet:-1","max-image-preview":"max-image-preview:large","max-video-preview":"max-video-preview:-1"},"canonical":"https:\/\/psol50.org.br\/psol-exige-condenacao-do-mec-por-propaganda-racista\/","og_locale":"pt_BR","og_type":"article","og_title":"PSOL exige condena\u00e7\u00e3o do MEC por propaganda racista","og_description":"Partido acionou a PGR por pe\u00e7a que causou revolta nas redes sociais","og_url":"https:\/\/psol50.org.br\/psol-exige-condenacao-do-mec-por-propaganda-racista\/","og_site_name":"PSOL 50","article_publisher":"https:\/\/www.facebook.com\/psol50","article_published_time":"2019-06-19T13:58:46+00:00","og_image":[{"width":1086,"height":652,"url":"https:\/\/psol50.org.br\/inc\/uploads\/2019\/06\/propagandaMEC.jpg","type":"image\/jpeg"}],"author":"Comunica\u00e7\u00e3o PSOL","twitter_card":"summary_large_image","twitter_title":"PSOL exige condena\u00e7\u00e3o do MEC por propaganda racista","twitter_description":"Partido acionou a PGR por pe\u00e7a que causou revolta nas redes sociais","twitter_image":"https:\/\/psol50.org.br\/inc\/uploads\/2019\/06\/propagandaMEC.jpg","twitter_creator":"@psol50","twitter_site":"@psol50","twitter_misc":{"Escrito por":"Comunica\u00e7\u00e3o PSOL","Est. tempo de leitura":"2 minutos"},"schema":{"@context":"https:\/\/schema.org","@graph":[{"@type":"Article","@id":"https:\/\/psol50.org.br\/psol-exige-condenacao-do-mec-por-propaganda-racista\/#article","isPartOf":{"@id":"https:\/\/psol50.org.br\/psol-exige-condenacao-do-mec-por-propaganda-racista\/"},"author":{"name":"Comunica\u00e7\u00e3o PSOL","@id":"https:\/\/psol50.org.br\/#\/schema\/person\/475dfa57d0b815993c714c2e96491fcd"},"headline":"PSOL exige condena\u00e7\u00e3o do MEC por propaganda racista","datePublished":"2019-06-19T13:58:46+00:00","mainEntityOfPage":{"@id":"https:\/\/psol50.org.br\/psol-exige-condenacao-do-mec-por-propaganda-racista\/"},"wordCount":321,"publisher":{"@id":"https:\/\/psol50.org.br\/#organization"},"image":{"@id":"https:\/\/psol50.org.br\/psol-exige-condenacao-do-mec-por-propaganda-racista\/#primaryimage"},"thumbnailUrl":"https:\/\/psol50.org.br\/inc\/uploads\/2019\/06\/propagandaMEC.jpg","keywords":["a\u00e7\u00e3o","MEC","PGR","propaganda","PSOL","racismo"],"articleSection":["Not\u00edcias"],"inLanguage":"pt-BR"},{"@type":"WebPage","@id":"https:\/\/psol50.org.br\/psol-exige-condenacao-do-mec-por-propaganda-racista\/","url":"https:\/\/psol50.org.br\/psol-exige-condenacao-do-mec-por-propaganda-racista\/","name":"PSOL exige condena\u00e7\u00e3o do MEC por propaganda racista","isPartOf":{"@id":"https:\/\/psol50.org.br\/#website"},"primaryImageOfPage":{"@id":"https:\/\/psol50.org.br\/psol-exige-condenacao-do-mec-por-propaganda-racista\/#primaryimage"},"image":{"@id":"https:\/\/psol50.org.br\/psol-exige-condenacao-do-mec-por-propaganda-racista\/#primaryimage"},"thumbnailUrl":"https:\/\/psol50.org.br\/inc\/uploads\/2019\/06\/propagandaMEC.jpg","datePublished":"2019-06-19T13:58:46+00:00","breadcrumb":{"@id":"https:\/\/psol50.org.br\/psol-exige-condenacao-do-mec-por-propaganda-racista\/#breadcrumb"},"inLanguage":"pt-BR","potentialAction":[{"@type":"ReadAction","target":["https:\/\/psol50.org.br\/psol-exige-condenacao-do-mec-por-propaganda-racista\/"]}]},{"@type":"ImageObject","inLanguage":"pt-BR","@id":"https:\/\/psol50.org.br\/psol-exige-condenacao-do-mec-por-propaganda-racista\/#primaryimage","url":"https:\/\/psol50.org.br\/inc\/uploads\/2019\/06\/propagandaMEC.jpg","contentUrl":"https:\/\/psol50.org.br\/inc\/uploads\/2019\/06\/propagandaMEC.jpg","width":1086,"height":652,"caption":"Reprodu\u00e7\u00e3o: MEC"},{"@type":"BreadcrumbList","@id":"https:\/\/psol50.org.br\/psol-exige-condenacao-do-mec-por-propaganda-racista\/#breadcrumb","itemListElement":[{"@type":"ListItem","position":1,"name":"In\u00edcio","item":"https:\/\/psol50.org.br\/"},{"@type":"ListItem","position":2,"name":"PSOL exige condena\u00e7\u00e3o do MEC por propaganda racista"}]},{"@type":"WebSite","@id":"https:\/\/psol50.org.br\/#website","url":"https:\/\/psol50.org.br\/","name":"PSOL 50","description":"Site oficial do Partido Socialismo e Liberdade","publisher":{"@id":"https:\/\/psol50.org.br\/#organization"},"alternateName":"PSOL50","potentialAction":[{"@type":"SearchAction","target":{"@type":"EntryPoint","urlTemplate":"https:\/\/psol50.org.br\/?s={search_term_string}"},"query-input":{"@type":"PropertyValueSpecification","valueRequired":true,"valueName":"search_term_string"}}],"inLanguage":"pt-BR"},{"@type":"Organization","@id":"https:\/\/psol50.org.br\/#organization","name":"PSOL 50","alternateName":"PSOL 50","url":"https:\/\/psol50.org.br\/","logo":{"@type":"ImageObject","inLanguage":"pt-BR","@id":"https:\/\/psol50.org.br\/#\/schema\/logo\/image\/","url":"https:\/\/psol50.org.br\/inc\/uploads\/2018\/07\/capa.png","contentUrl":"https:\/\/psol50.org.br\/inc\/uploads\/2018\/07\/capa.png","width":1350,"height":900,"caption":"PSOL 50"},"image":{"@id":"https:\/\/psol50.org.br\/#\/schema\/logo\/image\/"},"sameAs":["https:\/\/www.facebook.com\/psol50","https:\/\/x.com\/psol50","https:\/\/www.instagram.com\/psol50\/","https:\/\/www.youtube.com\/channel\/UC7SnJS5o1os7a6CaiNabzcg"]},{"@type":"Person","@id":"https:\/\/psol50.org.br\/#\/schema\/person\/475dfa57d0b815993c714c2e96491fcd","name":"Comunica\u00e7\u00e3o PSOL","image":{"@type":"ImageObject","inLanguage":"pt-BR","@id":"https:\/\/psol50.org.br\/#\/schema\/person\/image\/","url":"https:\/\/secure.gravatar.com\/avatar\/b34fc4f4e468a4e51785917065a3db57b841f5c95dba6ad8c73aaf8f66f8f9bf?s=96&d=mm&r=g","contentUrl":"https:\/\/secure.gravatar.com\/avatar\/b34fc4f4e468a4e51785917065a3db57b841f5c95dba6ad8c73aaf8f66f8f9bf?s=96&d=mm&r=g","caption":"Comunica\u00e7\u00e3o PSOL"}}]}},"_links":{"self":[{"href":"https:\/\/psol50.org.br\/rest\/wp\/v2\/posts\/25574","targetHints":{"allow":["GET"]}}],"collection":[{"href":"https:\/\/psol50.org.br\/rest\/wp\/v2\/posts"}],"about":[{"href":"https:\/\/psol50.org.br\/rest\/wp\/v2\/types\/post"}],"author":[{"embeddable":true,"href":"https:\/\/psol50.org.br\/rest\/wp\/v2\/users\/2"}],"replies":[{"embeddable":true,"href":"https:\/\/psol50.org.br\/rest\/wp\/v2\/comments?post=25574"}],"version-history":[{"count":0,"href":"https:\/\/psol50.org.br\/rest\/wp\/v2\/posts\/25574\/revisions"}],"wp:featuredmedia":[{"embeddable":true,"href":"https:\/\/psol50.org.br\/rest\/wp\/v2\/media\/25575"}],"wp:attachment":[{"href":"https:\/\/psol50.org.br\/rest\/wp\/v2\/media?parent=25574"}],"wp:term":[{"taxonomy":"category","embeddable":true,"href":"https:\/\/psol50.org.br\/rest\/wp\/v2\/categories?post=25574"},{"taxonomy":"post_tag","embeddable":true,"href":"https:\/\/psol50.org.br\/rest\/wp\/v2\/tags?post=25574"}],"curies":[{"name":"wp","href":"https:\/\/api.w.org\/{rel}","templated":true}]}}