{"id":25577,"date":"2019-06-24T16:27:11","date_gmt":"2019-06-24T19:27:11","guid":{"rendered":"http:\/\/psol50.org.br\/?p=25577"},"modified":"2019-06-24T16:27:11","modified_gmt":"2019-06-24T19:27:11","slug":"projeto-de-marielle-franco-sobre-habitacao-popular-vira-lei","status":"publish","type":"post","link":"https:\/\/psol50.org.br\/projeto-de-marielle-franco-sobre-habitacao-popular-vira-lei\/","title":{"rendered":"Projeto de Marielle Franco sobre habita\u00e7\u00e3o popular vira lei"},"content":{"rendered":"<div class=\"mc-column content-text active-extra-styles \" data-block-type=\"unstyled\" data-block-weight=\"26\" data-block-id=\"2\">\n<p class=\"content-text__container \" data-track-category=\"Link no Texto\" data-track-links=\"\">Proposta da vereadora Marielle Franco sobre habita\u00e7\u00e3o popular \u00e9 sancionada e se torna lei no Rio de Janeiro. A partir de agora o munic\u00edpio passa a oferecer assist\u00eancia t\u00e9cnica p\u00fablica e gratuita para constru\u00e7\u00e3o de casas a fam\u00edlias de baixa renda.<\/p>\n<p>A Prefeitura do Rio ceder\u00e1 engenheiros e arquitetos para ajudar a erguer ou a ampliar casas, evitando constru\u00e7\u00f5es que possam p\u00f4r em risco a vida dos moradores. Ter\u00e3o direito \u00e0 assist\u00eancia moradores do Rio de Janeiro h\u00e1 pelo menos tr\u00eas anos, possuam um \u00fanico im\u00f3vel e que tenham renda m\u00e9dia mensal de at\u00e9 R$ 3 mil.<\/p>\n<p>No projeto, Marielle explica que um dos objetivos \u00e9 &#8220;evitar a ocupa\u00e7\u00e3o de \u00e1reas de risco e de interesse ambiental e promover o equil\u00edbrio das \u00e1reas constru\u00eddas pr\u00f3ximas a \u00e1reas de preserva\u00e7\u00e3o ambiental&#8221;.<\/p>\n<p>Para ler a \u00edntegra do projeto, <em><a href=\"http:\/\/psol50.org.br\/inc\/uploads\/2019\/06\/rio_de_janeiro_2019-06-14_pag_3.pdf\" target=\"_blank\" rel=\"noopener noreferrer\">clique aqui.<\/a><\/em><\/p>\n<\/div>\n","protected":false},"excerpt":{"rendered":"<p>Proposta da vereadora Marielle Franco sobre habita\u00e7\u00e3o popular \u00e9 sancionada e se torna lei no Rio de Janeiro. A partir de agora o munic\u00edpio passa a oferecer assist\u00eancia t\u00e9cnica p\u00fablica e gratuita para constru\u00e7\u00e3o de casas a fam\u00edlias de baixa renda. A Prefeitura do Rio ceder\u00e1 engenheiros e arquitetos para ajudar a erguer ou a [&hellip;]<\/p>\n","protected":false},"author":2,"featured_media":25586,"comment_status":"closed","ping_status":"open","sticky":false,"template":"","format":"standard","meta":{"_acf_changed":false,"footnotes":""},"categories":[6],"tags":[1885,13,107,1886],"class_list":{"0":"post-25577","1":"post","2":"type-post","3":"status-publish","4":"format-standard","5":"has-post-thumbnail","7":"category-noticias","8":"tag-habitacao-popular","9":"tag-lei","10":"tag-marielle","11":"tag-sancionada"},"acf":[],"yoast_head":"<!-- This site is optimized with the Yoast SEO plugin v26.5 - https:\/\/yoast.com\/wordpress\/plugins\/seo\/ -->\n<title>Projeto de Marielle Franco sobre habita\u00e7\u00e3o popular vira lei - PSOL 50<\/title>\n<meta name=\"robots\" content=\"index, follow, max-snippet:-1, max-image-preview:large, max-video-preview:-1\" \/>\n<link rel=\"canonical\" href=\"https:\/\/psol50.org.br\/projeto-de-marielle-franco-sobre-habitacao-popular-vira-lei\/\" \/>\n<meta property=\"og:locale\" content=\"pt_BR\" \/>\n<meta property=\"og:type\" content=\"article\" \/>\n<meta property=\"og:title\" content=\"Projeto de Marielle Franco sobre habita\u00e7\u00e3o popular vira lei\" \/>\n<meta property=\"og:description\" content=\"O Rio de Janeiro passa a oferecer assist\u00eancia t\u00e9cnica p\u00fablica e gratuita para constru\u00e7\u00e3o de casas a fam\u00edlias de baixa renda.\" \/>\n<meta property=\"og:url\" content=\"https:\/\/psol50.org.br\/projeto-de-marielle-franco-sobre-habitacao-popular-vira-lei\/\" \/>\n<meta property=\"og:site_name\" content=\"PSOL 50\" \/>\n<meta property=\"article:publisher\" content=\"https:\/\/www.facebook.com\/psol50\" \/>\n<meta property=\"article:published_time\" content=\"2019-06-24T19:27:11+00:00\" \/>\n<meta property=\"og:image\" content=\"https:\/\/psol50.org.br\/inc\/uploads\/2019\/06\/33476537788_be9f20b27d_o.jpg\" \/>\n\t<meta property=\"og:image:width\" content=\"1800\" \/>\n\t<meta property=\"og:image:height\" content=\"1200\" \/>\n\t<meta property=\"og:image:type\" content=\"image\/jpeg\" \/>\n<meta name=\"author\" content=\"Comunica\u00e7\u00e3o PSOL\" \/>\n<meta name=\"twitter:card\" content=\"summary_large_image\" \/>\n<meta name=\"twitter:title\" content=\"Projeto de Marielle Franco sobre habita\u00e7\u00e3o popular vira lei\" \/>\n<meta name=\"twitter:description\" content=\"O Rio de Janeiro passa a oferecer assist\u00eancia t\u00e9cnica p\u00fablica e gratuita para constru\u00e7\u00e3o de casas a fam\u00edlias de baixa renda.\" \/>\n<meta name=\"twitter:image\" content=\"https:\/\/psol50.org.br\/inc\/uploads\/2019\/06\/33476537788_be9f20b27d_o.jpg\" \/>\n<meta name=\"twitter:creator\" content=\"@psol50\" \/>\n<meta name=\"twitter:site\" content=\"@psol50\" \/>\n<meta name=\"twitter:label1\" content=\"Escrito por\" \/>\n\t<meta name=\"twitter:data1\" content=\"Comunica\u00e7\u00e3o PSOL\" \/>\n\t<meta name=\"twitter:label2\" content=\"Est. tempo de leitura\" \/>\n\t<meta name=\"twitter:data2\" content=\"1 minuto\" \/>\n<script type=\"application\/ld+json\" class=\"yoast-schema-graph\">{\"@context\":\"https:\/\/schema.org\",\"@graph\":[{\"@type\":\"Article\",\"@id\":\"https:\/\/psol50.org.br\/projeto-de-marielle-franco-sobre-habitacao-popular-vira-lei\/#article\",\"isPartOf\":{\"@id\":\"https:\/\/psol50.org.br\/projeto-de-marielle-franco-sobre-habitacao-popular-vira-lei\/\"},\"author\":{\"name\":\"Comunica\u00e7\u00e3o PSOL\",\"@id\":\"https:\/\/psol50.org.br\/#\/schema\/person\/475dfa57d0b815993c714c2e96491fcd\"},\"headline\":\"Projeto de Marielle Franco sobre habita\u00e7\u00e3o popular vira lei\",\"datePublished\":\"2019-06-24T19:27:11+00:00\",\"mainEntityOfPage\":{\"@id\":\"https:\/\/psol50.org.br\/projeto-de-marielle-franco-sobre-habitacao-popular-vira-lei\/\"},\"wordCount\":163,\"publisher\":{\"@id\":\"https:\/\/psol50.org.br\/#organization\"},\"image\":{\"@id\":\"https:\/\/psol50.org.br\/projeto-de-marielle-franco-sobre-habitacao-popular-vira-lei\/#primaryimage\"},\"thumbnailUrl\":\"https:\/\/psol50.org.br\/inc\/uploads\/2019\/06\/33476537788_be9f20b27d_o.jpg\",\"keywords\":[\"habita\u00e7\u00e3o popular\",\"lei\",\"Marielle\",\"sancionada\"],\"articleSection\":[\"Not\u00edcias\"],\"inLanguage\":\"pt-BR\"},{\"@type\":\"WebPage\",\"@id\":\"https:\/\/psol50.org.br\/projeto-de-marielle-franco-sobre-habitacao-popular-vira-lei\/\",\"url\":\"https:\/\/psol50.org.br\/projeto-de-marielle-franco-sobre-habitacao-popular-vira-lei\/\",\"name\":\"Projeto de Marielle Franco sobre habita\u00e7\u00e3o popular vira lei - PSOL 50\",\"isPartOf\":{\"@id\":\"https:\/\/psol50.org.br\/#website\"},\"primaryImageOfPage\":{\"@id\":\"https:\/\/psol50.org.br\/projeto-de-marielle-franco-sobre-habitacao-popular-vira-lei\/#primaryimage\"},\"image\":{\"@id\":\"https:\/\/psol50.org.br\/projeto-de-marielle-franco-sobre-habitacao-popular-vira-lei\/#primaryimage\"},\"thumbnailUrl\":\"https:\/\/psol50.org.br\/inc\/uploads\/2019\/06\/33476537788_be9f20b27d_o.jpg\",\"datePublished\":\"2019-06-24T19:27:11+00:00\",\"breadcrumb\":{\"@id\":\"https:\/\/psol50.org.br\/projeto-de-marielle-franco-sobre-habitacao-popular-vira-lei\/#breadcrumb\"},\"inLanguage\":\"pt-BR\",\"potentialAction\":[{\"@type\":\"ReadAction\",\"target\":[\"https:\/\/psol50.org.br\/projeto-de-marielle-franco-sobre-habitacao-popular-vira-lei\/\"]}]},{\"@type\":\"ImageObject\",\"inLanguage\":\"pt-BR\",\"@id\":\"https:\/\/psol50.org.br\/projeto-de-marielle-franco-sobre-habitacao-popular-vira-lei\/#primaryimage\",\"url\":\"https:\/\/psol50.org.br\/inc\/uploads\/2019\/06\/33476537788_be9f20b27d_o.jpg\",\"contentUrl\":\"https:\/\/psol50.org.br\/inc\/uploads\/2019\/06\/33476537788_be9f20b27d_o.jpg\",\"width\":1800,\"height\":1200,\"caption\":\"M\u00eddia NINJA\"},{\"@type\":\"BreadcrumbList\",\"@id\":\"https:\/\/psol50.org.br\/projeto-de-marielle-franco-sobre-habitacao-popular-vira-lei\/#breadcrumb\",\"itemListElement\":[{\"@type\":\"ListItem\",\"position\":1,\"name\":\"In\u00edcio\",\"item\":\"https:\/\/psol50.org.br\/\"},{\"@type\":\"ListItem\",\"position\":2,\"name\":\"Projeto de Marielle Franco sobre habita\u00e7\u00e3o popular vira lei\"}]},{\"@type\":\"WebSite\",\"@id\":\"https:\/\/psol50.org.br\/#website\",\"url\":\"https:\/\/psol50.org.br\/\",\"name\":\"PSOL 50\",\"description\":\"Site oficial do Partido Socialismo e Liberdade\",\"publisher\":{\"@id\":\"https:\/\/psol50.org.br\/#organization\"},\"alternateName\":\"PSOL50\",\"potentialAction\":[{\"@type\":\"SearchAction\",\"target\":{\"@type\":\"EntryPoint\",\"urlTemplate\":\"https:\/\/psol50.org.br\/?s={search_term_string}\"},\"query-input\":{\"@type\":\"PropertyValueSpecification\",\"valueRequired\":true,\"valueName\":\"search_term_string\"}}],\"inLanguage\":\"pt-BR\"},{\"@type\":\"Organization\",\"@id\":\"https:\/\/psol50.org.br\/#organization\",\"name\":\"PSOL 50\",\"alternateName\":\"PSOL 50\",\"url\":\"https:\/\/psol50.org.br\/\",\"logo\":{\"@type\":\"ImageObject\",\"inLanguage\":\"pt-BR\",\"@id\":\"https:\/\/psol50.org.br\/#\/schema\/logo\/image\/\",\"url\":\"https:\/\/psol50.org.br\/inc\/uploads\/2018\/07\/capa.png\",\"contentUrl\":\"https:\/\/psol50.org.br\/inc\/uploads\/2018\/07\/capa.png\",\"width\":1350,\"height\":900,\"caption\":\"PSOL 50\"},\"image\":{\"@id\":\"https:\/\/psol50.org.br\/#\/schema\/logo\/image\/\"},\"sameAs\":[\"https:\/\/www.facebook.com\/psol50\",\"https:\/\/x.com\/psol50\",\"https:\/\/www.instagram.com\/psol50\/\",\"https:\/\/www.youtube.com\/channel\/UC7SnJS5o1os7a6CaiNabzcg\"]},{\"@type\":\"Person\",\"@id\":\"https:\/\/psol50.org.br\/#\/schema\/person\/475dfa57d0b815993c714c2e96491fcd\",\"name\":\"Comunica\u00e7\u00e3o PSOL\",\"image\":{\"@type\":\"ImageObject\",\"inLanguage\":\"pt-BR\",\"@id\":\"https:\/\/psol50.org.br\/#\/schema\/person\/image\/\",\"url\":\"https:\/\/secure.gravatar.com\/avatar\/b34fc4f4e468a4e51785917065a3db57b841f5c95dba6ad8c73aaf8f66f8f9bf?s=96&d=mm&r=g\",\"contentUrl\":\"https:\/\/secure.gravatar.com\/avatar\/b34fc4f4e468a4e51785917065a3db57b841f5c95dba6ad8c73aaf8f66f8f9bf?s=96&d=mm&r=g\",\"caption\":\"Comunica\u00e7\u00e3o PSOL\"}}]}<\/script>\n<!-- \/ Yoast SEO plugin. -->","yoast_head_json":{"title":"Projeto de Marielle Franco sobre habita\u00e7\u00e3o popular vira lei - PSOL 50","robots":{"index":"index","follow":"follow","max-snippet":"max-snippet:-1","max-image-preview":"max-image-preview:large","max-video-preview":"max-video-preview:-1"},"canonical":"https:\/\/psol50.org.br\/projeto-de-marielle-franco-sobre-habitacao-popular-vira-lei\/","og_locale":"pt_BR","og_type":"article","og_title":"Projeto de Marielle Franco sobre habita\u00e7\u00e3o popular vira lei","og_description":"O Rio de Janeiro passa a oferecer assist\u00eancia t\u00e9cnica p\u00fablica e gratuita para constru\u00e7\u00e3o de casas a fam\u00edlias de baixa renda.","og_url":"https:\/\/psol50.org.br\/projeto-de-marielle-franco-sobre-habitacao-popular-vira-lei\/","og_site_name":"PSOL 50","article_publisher":"https:\/\/www.facebook.com\/psol50","article_published_time":"2019-06-24T19:27:11+00:00","og_image":[{"width":1800,"height":1200,"url":"https:\/\/psol50.org.br\/inc\/uploads\/2019\/06\/33476537788_be9f20b27d_o.jpg","type":"image\/jpeg"}],"author":"Comunica\u00e7\u00e3o PSOL","twitter_card":"summary_large_image","twitter_title":"Projeto de Marielle Franco sobre habita\u00e7\u00e3o popular vira lei","twitter_description":"O Rio de Janeiro passa a oferecer assist\u00eancia t\u00e9cnica p\u00fablica e gratuita para constru\u00e7\u00e3o de casas a fam\u00edlias de baixa renda.","twitter_image":"https:\/\/psol50.org.br\/inc\/uploads\/2019\/06\/33476537788_be9f20b27d_o.jpg","twitter_creator":"@psol50","twitter_site":"@psol50","twitter_misc":{"Escrito por":"Comunica\u00e7\u00e3o PSOL","Est. tempo de leitura":"1 minuto"},"schema":{"@context":"https:\/\/schema.org","@graph":[{"@type":"Article","@id":"https:\/\/psol50.org.br\/projeto-de-marielle-franco-sobre-habitacao-popular-vira-lei\/#article","isPartOf":{"@id":"https:\/\/psol50.org.br\/projeto-de-marielle-franco-sobre-habitacao-popular-vira-lei\/"},"author":{"name":"Comunica\u00e7\u00e3o PSOL","@id":"https:\/\/psol50.org.br\/#\/schema\/person\/475dfa57d0b815993c714c2e96491fcd"},"headline":"Projeto de Marielle Franco sobre habita\u00e7\u00e3o popular vira lei","datePublished":"2019-06-24T19:27:11+00:00","mainEntityOfPage":{"@id":"https:\/\/psol50.org.br\/projeto-de-marielle-franco-sobre-habitacao-popular-vira-lei\/"},"wordCount":163,"publisher":{"@id":"https:\/\/psol50.org.br\/#organization"},"image":{"@id":"https:\/\/psol50.org.br\/projeto-de-marielle-franco-sobre-habitacao-popular-vira-lei\/#primaryimage"},"thumbnailUrl":"https:\/\/psol50.org.br\/inc\/uploads\/2019\/06\/33476537788_be9f20b27d_o.jpg","keywords":["habita\u00e7\u00e3o popular","lei","Marielle","sancionada"],"articleSection":["Not\u00edcias"],"inLanguage":"pt-BR"},{"@type":"WebPage","@id":"https:\/\/psol50.org.br\/projeto-de-marielle-franco-sobre-habitacao-popular-vira-lei\/","url":"https:\/\/psol50.org.br\/projeto-de-marielle-franco-sobre-habitacao-popular-vira-lei\/","name":"Projeto de Marielle Franco sobre habita\u00e7\u00e3o popular vira lei - PSOL 50","isPartOf":{"@id":"https:\/\/psol50.org.br\/#website"},"primaryImageOfPage":{"@id":"https:\/\/psol50.org.br\/projeto-de-marielle-franco-sobre-habitacao-popular-vira-lei\/#primaryimage"},"image":{"@id":"https:\/\/psol50.org.br\/projeto-de-marielle-franco-sobre-habitacao-popular-vira-lei\/#primaryimage"},"thumbnailUrl":"https:\/\/psol50.org.br\/inc\/uploads\/2019\/06\/33476537788_be9f20b27d_o.jpg","datePublished":"2019-06-24T19:27:11+00:00","breadcrumb":{"@id":"https:\/\/psol50.org.br\/projeto-de-marielle-franco-sobre-habitacao-popular-vira-lei\/#breadcrumb"},"inLanguage":"pt-BR","potentialAction":[{"@type":"ReadAction","target":["https:\/\/psol50.org.br\/projeto-de-marielle-franco-sobre-habitacao-popular-vira-lei\/"]}]},{"@type":"ImageObject","inLanguage":"pt-BR","@id":"https:\/\/psol50.org.br\/projeto-de-marielle-franco-sobre-habitacao-popular-vira-lei\/#primaryimage","url":"https:\/\/psol50.org.br\/inc\/uploads\/2019\/06\/33476537788_be9f20b27d_o.jpg","contentUrl":"https:\/\/psol50.org.br\/inc\/uploads\/2019\/06\/33476537788_be9f20b27d_o.jpg","width":1800,"height":1200,"caption":"M\u00eddia NINJA"},{"@type":"BreadcrumbList","@id":"https:\/\/psol50.org.br\/projeto-de-marielle-franco-sobre-habitacao-popular-vira-lei\/#breadcrumb","itemListElement":[{"@type":"ListItem","position":1,"name":"In\u00edcio","item":"https:\/\/psol50.org.br\/"},{"@type":"ListItem","position":2,"name":"Projeto de Marielle Franco sobre habita\u00e7\u00e3o popular vira lei"}]},{"@type":"WebSite","@id":"https:\/\/psol50.org.br\/#website","url":"https:\/\/psol50.org.br\/","name":"PSOL 50","description":"Site oficial do Partido Socialismo e Liberdade","publisher":{"@id":"https:\/\/psol50.org.br\/#organization"},"alternateName":"PSOL50","potentialAction":[{"@type":"SearchAction","target":{"@type":"EntryPoint","urlTemplate":"https:\/\/psol50.org.br\/?s={search_term_string}"},"query-input":{"@type":"PropertyValueSpecification","valueRequired":true,"valueName":"search_term_string"}}],"inLanguage":"pt-BR"},{"@type":"Organization","@id":"https:\/\/psol50.org.br\/#organization","name":"PSOL 50","alternateName":"PSOL 50","url":"https:\/\/psol50.org.br\/","logo":{"@type":"ImageObject","inLanguage":"pt-BR","@id":"https:\/\/psol50.org.br\/#\/schema\/logo\/image\/","url":"https:\/\/psol50.org.br\/inc\/uploads\/2018\/07\/capa.png","contentUrl":"https:\/\/psol50.org.br\/inc\/uploads\/2018\/07\/capa.png","width":1350,"height":900,"caption":"PSOL 50"},"image":{"@id":"https:\/\/psol50.org.br\/#\/schema\/logo\/image\/"},"sameAs":["https:\/\/www.facebook.com\/psol50","https:\/\/x.com\/psol50","https:\/\/www.instagram.com\/psol50\/","https:\/\/www.youtube.com\/channel\/UC7SnJS5o1os7a6CaiNabzcg"]},{"@type":"Person","@id":"https:\/\/psol50.org.br\/#\/schema\/person\/475dfa57d0b815993c714c2e96491fcd","name":"Comunica\u00e7\u00e3o PSOL","image":{"@type":"ImageObject","inLanguage":"pt-BR","@id":"https:\/\/psol50.org.br\/#\/schema\/person\/image\/","url":"https:\/\/secure.gravatar.com\/avatar\/b34fc4f4e468a4e51785917065a3db57b841f5c95dba6ad8c73aaf8f66f8f9bf?s=96&d=mm&r=g","contentUrl":"https:\/\/secure.gravatar.com\/avatar\/b34fc4f4e468a4e51785917065a3db57b841f5c95dba6ad8c73aaf8f66f8f9bf?s=96&d=mm&r=g","caption":"Comunica\u00e7\u00e3o PSOL"}}]}},"_links":{"self":[{"href":"https:\/\/psol50.org.br\/rest\/wp\/v2\/posts\/25577","targetHints":{"allow":["GET"]}}],"collection":[{"href":"https:\/\/psol50.org.br\/rest\/wp\/v2\/posts"}],"about":[{"href":"https:\/\/psol50.org.br\/rest\/wp\/v2\/types\/post"}],"author":[{"embeddable":true,"href":"https:\/\/psol50.org.br\/rest\/wp\/v2\/users\/2"}],"replies":[{"embeddable":true,"href":"https:\/\/psol50.org.br\/rest\/wp\/v2\/comments?post=25577"}],"version-history":[{"count":0,"href":"https:\/\/psol50.org.br\/rest\/wp\/v2\/posts\/25577\/revisions"}],"wp:featuredmedia":[{"embeddable":true,"href":"https:\/\/psol50.org.br\/rest\/wp\/v2\/media\/25586"}],"wp:attachment":[{"href":"https:\/\/psol50.org.br\/rest\/wp\/v2\/media?parent=25577"}],"wp:term":[{"taxonomy":"category","embeddable":true,"href":"https:\/\/psol50.org.br\/rest\/wp\/v2\/categories?post=25577"},{"taxonomy":"post_tag","embeddable":true,"href":"https:\/\/psol50.org.br\/rest\/wp\/v2\/tags?post=25577"}],"curies":[{"name":"wp","href":"https:\/\/api.w.org\/{rel}","templated":true}]}}