{"id":25578,"date":"2019-06-19T12:57:38","date_gmt":"2019-06-19T15:57:38","guid":{"rendered":"http:\/\/psol50.org.br\/?p=25578"},"modified":"2019-06-19T12:57:38","modified_gmt":"2019-06-19T15:57:38","slug":"psol-pede-que-mp-inconstitucional-de-bolsonaro-sobre-terras-indigenas-seja-desconsiderada","status":"publish","type":"post","link":"https:\/\/psol50.org.br\/psol-pede-que-mp-inconstitucional-de-bolsonaro-sobre-terras-indigenas-seja-desconsiderada\/","title":{"rendered":"PSOL pede que MP inconstitucional de Bolsonaro sobre terras ind\u00edgenas seja desconsiderada"},"content":{"rendered":"<p>O l\u00edder do PSOL na C\u00e2mara dos Deputados, Ivan Valente, encaminhou agora h\u00e1 pouco of\u00edcio ao Presidente do Senado Federal para que devolva, imediatamente, a Medida Provis\u00f3ria editada pelo presidente Jair Bolsonaro que recoloca a demarca\u00e7\u00e3o de terras ind\u00edgenas e quilombolas no Minist\u00e9rio da Agricultura. Caso a devolu\u00e7\u00e3o n\u00e3o seja feita, o PSOL apresentar\u00e1 medida judicial no Supremo Tribunal Federal.<\/p>\n<p>De acordo com a Constitui\u00e7\u00e3o Federal, \u201c\u00e9 vedada a reedi\u00e7\u00e3o, na mesma sess\u00e3o legislativa, de medida provis\u00f3ria que venha a dispor de mat\u00e9ria j\u00e1 decidida pelo Congresso Nacional\u201d (art. 62). Al\u00e9m disso, o Regimento Interno do Senado disp\u00f5e sobre o papel do Presidente do Senado impugnar proposi\u00e7\u00f5es contr\u00e1rias \u00e0 Constitui\u00e7\u00e3o.<\/p>\n<p>\u201cBolsonaro insiste em governar por decreto e medidas provis\u00f3rias, desrespeitando a Constitui\u00e7\u00e3o Federal e o pr\u00f3prio Congresso Nacional. Edita agora a MP 886 restabelecendo ao Minist\u00e9rio da Agricultura a fun\u00e7\u00e3o da demarca\u00e7\u00e3o de terras ind\u00edgenas numa manobra ilegal e inconstitucional para atender interesses econ\u00f4micos esp\u00farios e prejudiciais aos povos ind\u00edgenas\u201d, denuncia Ivan Valente.<\/p>\n<blockquote class=\"twitter-tweet\" data-width=\"550\" data-dnt=\"true\">\n<p lang=\"pt\" dir=\"ltr\">Em maio, n\u00f3s votamos para que a demarca\u00e7\u00e3o de terras ind\u00edgenas ficasse com a Funai.<\/p>\n<p>Atropelando a decis\u00e3o, Bolsonaro autoritariamente decidiu passar a tarefa para o Minist\u00e9rio da Agricultura. \u00c9 um desrespeito ao Congresso, ao povo. Ser\u00e1 que ele sabe o que significa democracia?<\/p>\n<p>&mdash; Tal\u00edria Petrone (@taliriapetrone) <a href=\"https:\/\/twitter.com\/taliriapetrone\/status\/1141357781678731264?ref_src=twsrc%5Etfw\">June 19, 2019<\/a><\/p><\/blockquote>\n<p><script async src=\"https:\/\/platform.twitter.com\/widgets.js\" charset=\"utf-8\"><\/script><\/p>\n<p><strong>ENTENDA O CASO<\/strong><\/p>\n<p>Bolsonaro editou na \u00faltima ter\u00e7a feira (18) a Medida Provis\u00f3ria 886\/2019 para alterar, entre outras, a Lei n\u00ba 13.844\/2019, que disp\u00f5e acerca da reforma administrativa e ministerial, oriunda da MP 870\/2019.<\/p>\n<p>Como \u00e9 de conhecimento p\u00fablico, a Comiss\u00e3o Mista destinada a analisar a MP 870\/2019 alterou o texto do Relator para retirar a demarca\u00e7\u00e3o de terras ind\u00edgenas e tradicionalmente ocupadas por ind\u00edgenas da compet\u00eancia do Minist\u00e9rio da Agricultura, Pecu\u00e1ria e Abastecimento (MAPA). Os plen\u00e1rios da C\u00e2mara dos Deputados e do Senado Federal, ap\u00f3s amplos e intensos debates, referendaram tal altera\u00e7\u00e3o. Por isso, \u00e9 flagrantemente inconstitucional a MP 886\/2019, editada ontem.<\/p>\n","protected":false},"excerpt":{"rendered":"<p>O l\u00edder do PSOL na C\u00e2mara dos Deputados, Ivan Valente, encaminhou agora h\u00e1 pouco of\u00edcio ao Presidente do Senado Federal para que devolva, imediatamente, a Medida Provis\u00f3ria editada pelo presidente Jair Bolsonaro que recoloca a demarca\u00e7\u00e3o de terras ind\u00edgenas e quilombolas no Minist\u00e9rio da Agricultura. Caso a devolu\u00e7\u00e3o n\u00e3o seja feita, o PSOL apresentar\u00e1 medida [&hellip;]<\/p>\n","protected":false},"author":2,"featured_media":25580,"comment_status":"closed","ping_status":"open","sticky":false,"template":"","format":"standard","meta":{"_acf_changed":false,"footnotes":""},"categories":[6],"tags":[56,1887,474,22,130,703,228],"class_list":{"0":"post-25578","1":"post","2":"type-post","3":"status-publish","4":"format-standard","5":"has-post-thumbnail","7":"category-noticias","8":"tag-bolsonaro","9":"tag-demarcacao","10":"tag-mp","11":"tag-psol","12":"tag-ruralistas","13":"tag-senado","14":"tag-terras-indigenas"},"acf":[],"yoast_head":"<!-- This site is optimized with the Yoast SEO plugin v26.5 - https:\/\/yoast.com\/wordpress\/plugins\/seo\/ -->\n<title>PSOL pede que MP inconstitucional de Bolsonaro sobre terras ind\u00edgenas seja desconsiderada<\/title>\n<meta name=\"robots\" content=\"index, follow, max-snippet:-1, max-image-preview:large, max-video-preview:-1\" \/>\n<link rel=\"canonical\" href=\"https:\/\/psol50.org.br\/psol-pede-que-mp-inconstitucional-de-bolsonaro-sobre-terras-indigenas-seja-desconsiderada\/\" \/>\n<meta property=\"og:locale\" content=\"pt_BR\" \/>\n<meta property=\"og:type\" content=\"article\" \/>\n<meta property=\"og:title\" content=\"PSOL pede que MP inconstitucional de Bolsonaro sobre terras ind\u00edgenas seja desconsiderada\" \/>\n<meta property=\"og:description\" content=\"Governo contraria decis\u00e3o do parlamento e manda demarca\u00e7\u00e3o de terras ind\u00edgenas para ruralistas\" \/>\n<meta property=\"og:url\" content=\"https:\/\/psol50.org.br\/psol-pede-que-mp-inconstitucional-de-bolsonaro-sobre-terras-indigenas-seja-desconsiderada\/\" \/>\n<meta property=\"og:site_name\" content=\"PSOL 50\" \/>\n<meta property=\"article:publisher\" content=\"https:\/\/www.facebook.com\/psol50\" \/>\n<meta property=\"article:published_time\" content=\"2019-06-19T15:57:38+00:00\" \/>\n<meta property=\"og:image\" content=\"https:\/\/psol50.org.br\/inc\/uploads\/2019\/06\/indigenas-protesto-brasilia-constituicao-750x410-1.jpg\" \/>\n\t<meta property=\"og:image:width\" content=\"750\" \/>\n\t<meta property=\"og:image:height\" content=\"410\" \/>\n\t<meta property=\"og:image:type\" content=\"image\/jpeg\" \/>\n<meta name=\"author\" content=\"Comunica\u00e7\u00e3o PSOL\" \/>\n<meta name=\"twitter:card\" content=\"summary_large_image\" \/>\n<meta name=\"twitter:title\" content=\"PSOL pede que MP inconstitucional de Bolsonaro sobre terras ind\u00edgenas seja desconsiderada\" \/>\n<meta name=\"twitter:description\" content=\"Governo contraria decis\u00e3o do parlamento e manda demarca\u00e7\u00e3o de terras ind\u00edgenas para ruralistas\" \/>\n<meta name=\"twitter:image\" content=\"https:\/\/psol50.org.br\/inc\/uploads\/2019\/06\/indigenas-protesto-brasilia-constituicao-750x410-1.jpg\" \/>\n<meta name=\"twitter:creator\" content=\"@psol50\" \/>\n<meta name=\"twitter:site\" content=\"@psol50\" \/>\n<meta name=\"twitter:label1\" content=\"Escrito por\" \/>\n\t<meta name=\"twitter:data1\" content=\"Comunica\u00e7\u00e3o PSOL\" \/>\n\t<meta name=\"twitter:label2\" content=\"Est. tempo de leitura\" \/>\n\t<meta name=\"twitter:data2\" content=\"2 minutos\" \/>\n<script type=\"application\/ld+json\" class=\"yoast-schema-graph\">{\"@context\":\"https:\/\/schema.org\",\"@graph\":[{\"@type\":\"Article\",\"@id\":\"https:\/\/psol50.org.br\/psol-pede-que-mp-inconstitucional-de-bolsonaro-sobre-terras-indigenas-seja-desconsiderada\/#article\",\"isPartOf\":{\"@id\":\"https:\/\/psol50.org.br\/psol-pede-que-mp-inconstitucional-de-bolsonaro-sobre-terras-indigenas-seja-desconsiderada\/\"},\"author\":{\"name\":\"Comunica\u00e7\u00e3o PSOL\",\"@id\":\"https:\/\/psol50.org.br\/#\/schema\/person\/475dfa57d0b815993c714c2e96491fcd\"},\"headline\":\"PSOL pede que MP inconstitucional de Bolsonaro sobre terras ind\u00edgenas seja desconsiderada\",\"datePublished\":\"2019-06-19T15:57:38+00:00\",\"mainEntityOfPage\":{\"@id\":\"https:\/\/psol50.org.br\/psol-pede-que-mp-inconstitucional-de-bolsonaro-sobre-terras-indigenas-seja-desconsiderada\/\"},\"wordCount\":316,\"publisher\":{\"@id\":\"https:\/\/psol50.org.br\/#organization\"},\"image\":{\"@id\":\"https:\/\/psol50.org.br\/psol-pede-que-mp-inconstitucional-de-bolsonaro-sobre-terras-indigenas-seja-desconsiderada\/#primaryimage\"},\"thumbnailUrl\":\"https:\/\/psol50.org.br\/inc\/uploads\/2019\/06\/indigenas-protesto-brasilia-constituicao-750x410-1.jpg\",\"keywords\":[\"Bolsonaro\",\"demarca\u00e7\u00e3o\",\"MP\",\"PSOL\",\"ruralistas\",\"Senado\",\"terras ind\u00edgenas\"],\"articleSection\":[\"Not\u00edcias\"],\"inLanguage\":\"pt-BR\"},{\"@type\":\"WebPage\",\"@id\":\"https:\/\/psol50.org.br\/psol-pede-que-mp-inconstitucional-de-bolsonaro-sobre-terras-indigenas-seja-desconsiderada\/\",\"url\":\"https:\/\/psol50.org.br\/psol-pede-que-mp-inconstitucional-de-bolsonaro-sobre-terras-indigenas-seja-desconsiderada\/\",\"name\":\"PSOL pede que MP inconstitucional de Bolsonaro sobre terras ind\u00edgenas seja desconsiderada\",\"isPartOf\":{\"@id\":\"https:\/\/psol50.org.br\/#website\"},\"primaryImageOfPage\":{\"@id\":\"https:\/\/psol50.org.br\/psol-pede-que-mp-inconstitucional-de-bolsonaro-sobre-terras-indigenas-seja-desconsiderada\/#primaryimage\"},\"image\":{\"@id\":\"https:\/\/psol50.org.br\/psol-pede-que-mp-inconstitucional-de-bolsonaro-sobre-terras-indigenas-seja-desconsiderada\/#primaryimage\"},\"thumbnailUrl\":\"https:\/\/psol50.org.br\/inc\/uploads\/2019\/06\/indigenas-protesto-brasilia-constituicao-750x410-1.jpg\",\"datePublished\":\"2019-06-19T15:57:38+00:00\",\"breadcrumb\":{\"@id\":\"https:\/\/psol50.org.br\/psol-pede-que-mp-inconstitucional-de-bolsonaro-sobre-terras-indigenas-seja-desconsiderada\/#breadcrumb\"},\"inLanguage\":\"pt-BR\",\"potentialAction\":[{\"@type\":\"ReadAction\",\"target\":[\"https:\/\/psol50.org.br\/psol-pede-que-mp-inconstitucional-de-bolsonaro-sobre-terras-indigenas-seja-desconsiderada\/\"]}]},{\"@type\":\"ImageObject\",\"inLanguage\":\"pt-BR\",\"@id\":\"https:\/\/psol50.org.br\/psol-pede-que-mp-inconstitucional-de-bolsonaro-sobre-terras-indigenas-seja-desconsiderada\/#primaryimage\",\"url\":\"https:\/\/psol50.org.br\/inc\/uploads\/2019\/06\/indigenas-protesto-brasilia-constituicao-750x410-1.jpg\",\"contentUrl\":\"https:\/\/psol50.org.br\/inc\/uploads\/2019\/06\/indigenas-protesto-brasilia-constituicao-750x410-1.jpg\",\"width\":750,\"height\":410},{\"@type\":\"BreadcrumbList\",\"@id\":\"https:\/\/psol50.org.br\/psol-pede-que-mp-inconstitucional-de-bolsonaro-sobre-terras-indigenas-seja-desconsiderada\/#breadcrumb\",\"itemListElement\":[{\"@type\":\"ListItem\",\"position\":1,\"name\":\"In\u00edcio\",\"item\":\"https:\/\/psol50.org.br\/\"},{\"@type\":\"ListItem\",\"position\":2,\"name\":\"PSOL pede que MP inconstitucional de Bolsonaro sobre terras ind\u00edgenas seja desconsiderada\"}]},{\"@type\":\"WebSite\",\"@id\":\"https:\/\/psol50.org.br\/#website\",\"url\":\"https:\/\/psol50.org.br\/\",\"name\":\"PSOL 50\",\"description\":\"Site oficial do Partido Socialismo e Liberdade\",\"publisher\":{\"@id\":\"https:\/\/psol50.org.br\/#organization\"},\"alternateName\":\"PSOL50\",\"potentialAction\":[{\"@type\":\"SearchAction\",\"target\":{\"@type\":\"EntryPoint\",\"urlTemplate\":\"https:\/\/psol50.org.br\/?s={search_term_string}\"},\"query-input\":{\"@type\":\"PropertyValueSpecification\",\"valueRequired\":true,\"valueName\":\"search_term_string\"}}],\"inLanguage\":\"pt-BR\"},{\"@type\":\"Organization\",\"@id\":\"https:\/\/psol50.org.br\/#organization\",\"name\":\"PSOL 50\",\"alternateName\":\"PSOL 50\",\"url\":\"https:\/\/psol50.org.br\/\",\"logo\":{\"@type\":\"ImageObject\",\"inLanguage\":\"pt-BR\",\"@id\":\"https:\/\/psol50.org.br\/#\/schema\/logo\/image\/\",\"url\":\"https:\/\/psol50.org.br\/inc\/uploads\/2018\/07\/capa.png\",\"contentUrl\":\"https:\/\/psol50.org.br\/inc\/uploads\/2018\/07\/capa.png\",\"width\":1350,\"height\":900,\"caption\":\"PSOL 50\"},\"image\":{\"@id\":\"https:\/\/psol50.org.br\/#\/schema\/logo\/image\/\"},\"sameAs\":[\"https:\/\/www.facebook.com\/psol50\",\"https:\/\/x.com\/psol50\",\"https:\/\/www.instagram.com\/psol50\/\",\"https:\/\/www.youtube.com\/channel\/UC7SnJS5o1os7a6CaiNabzcg\"]},{\"@type\":\"Person\",\"@id\":\"https:\/\/psol50.org.br\/#\/schema\/person\/475dfa57d0b815993c714c2e96491fcd\",\"name\":\"Comunica\u00e7\u00e3o PSOL\",\"image\":{\"@type\":\"ImageObject\",\"inLanguage\":\"pt-BR\",\"@id\":\"https:\/\/psol50.org.br\/#\/schema\/person\/image\/\",\"url\":\"https:\/\/secure.gravatar.com\/avatar\/b34fc4f4e468a4e51785917065a3db57b841f5c95dba6ad8c73aaf8f66f8f9bf?s=96&d=mm&r=g\",\"contentUrl\":\"https:\/\/secure.gravatar.com\/avatar\/b34fc4f4e468a4e51785917065a3db57b841f5c95dba6ad8c73aaf8f66f8f9bf?s=96&d=mm&r=g\",\"caption\":\"Comunica\u00e7\u00e3o PSOL\"}}]}<\/script>\n<!-- \/ Yoast SEO plugin. -->","yoast_head_json":{"title":"PSOL pede que MP inconstitucional de Bolsonaro sobre terras ind\u00edgenas seja desconsiderada","robots":{"index":"index","follow":"follow","max-snippet":"max-snippet:-1","max-image-preview":"max-image-preview:large","max-video-preview":"max-video-preview:-1"},"canonical":"https:\/\/psol50.org.br\/psol-pede-que-mp-inconstitucional-de-bolsonaro-sobre-terras-indigenas-seja-desconsiderada\/","og_locale":"pt_BR","og_type":"article","og_title":"PSOL pede que MP inconstitucional de Bolsonaro sobre terras ind\u00edgenas seja desconsiderada","og_description":"Governo contraria decis\u00e3o do parlamento e manda demarca\u00e7\u00e3o de terras ind\u00edgenas para ruralistas","og_url":"https:\/\/psol50.org.br\/psol-pede-que-mp-inconstitucional-de-bolsonaro-sobre-terras-indigenas-seja-desconsiderada\/","og_site_name":"PSOL 50","article_publisher":"https:\/\/www.facebook.com\/psol50","article_published_time":"2019-06-19T15:57:38+00:00","og_image":[{"width":750,"height":410,"url":"https:\/\/psol50.org.br\/inc\/uploads\/2019\/06\/indigenas-protesto-brasilia-constituicao-750x410-1.jpg","type":"image\/jpeg"}],"author":"Comunica\u00e7\u00e3o PSOL","twitter_card":"summary_large_image","twitter_title":"PSOL pede que MP inconstitucional de Bolsonaro sobre terras ind\u00edgenas seja desconsiderada","twitter_description":"Governo contraria decis\u00e3o do parlamento e manda demarca\u00e7\u00e3o de terras ind\u00edgenas para ruralistas","twitter_image":"https:\/\/psol50.org.br\/inc\/uploads\/2019\/06\/indigenas-protesto-brasilia-constituicao-750x410-1.jpg","twitter_creator":"@psol50","twitter_site":"@psol50","twitter_misc":{"Escrito por":"Comunica\u00e7\u00e3o PSOL","Est. tempo de leitura":"2 minutos"},"schema":{"@context":"https:\/\/schema.org","@graph":[{"@type":"Article","@id":"https:\/\/psol50.org.br\/psol-pede-que-mp-inconstitucional-de-bolsonaro-sobre-terras-indigenas-seja-desconsiderada\/#article","isPartOf":{"@id":"https:\/\/psol50.org.br\/psol-pede-que-mp-inconstitucional-de-bolsonaro-sobre-terras-indigenas-seja-desconsiderada\/"},"author":{"name":"Comunica\u00e7\u00e3o PSOL","@id":"https:\/\/psol50.org.br\/#\/schema\/person\/475dfa57d0b815993c714c2e96491fcd"},"headline":"PSOL pede que MP inconstitucional de Bolsonaro sobre terras ind\u00edgenas seja desconsiderada","datePublished":"2019-06-19T15:57:38+00:00","mainEntityOfPage":{"@id":"https:\/\/psol50.org.br\/psol-pede-que-mp-inconstitucional-de-bolsonaro-sobre-terras-indigenas-seja-desconsiderada\/"},"wordCount":316,"publisher":{"@id":"https:\/\/psol50.org.br\/#organization"},"image":{"@id":"https:\/\/psol50.org.br\/psol-pede-que-mp-inconstitucional-de-bolsonaro-sobre-terras-indigenas-seja-desconsiderada\/#primaryimage"},"thumbnailUrl":"https:\/\/psol50.org.br\/inc\/uploads\/2019\/06\/indigenas-protesto-brasilia-constituicao-750x410-1.jpg","keywords":["Bolsonaro","demarca\u00e7\u00e3o","MP","PSOL","ruralistas","Senado","terras ind\u00edgenas"],"articleSection":["Not\u00edcias"],"inLanguage":"pt-BR"},{"@type":"WebPage","@id":"https:\/\/psol50.org.br\/psol-pede-que-mp-inconstitucional-de-bolsonaro-sobre-terras-indigenas-seja-desconsiderada\/","url":"https:\/\/psol50.org.br\/psol-pede-que-mp-inconstitucional-de-bolsonaro-sobre-terras-indigenas-seja-desconsiderada\/","name":"PSOL pede que MP inconstitucional de Bolsonaro sobre terras ind\u00edgenas seja desconsiderada","isPartOf":{"@id":"https:\/\/psol50.org.br\/#website"},"primaryImageOfPage":{"@id":"https:\/\/psol50.org.br\/psol-pede-que-mp-inconstitucional-de-bolsonaro-sobre-terras-indigenas-seja-desconsiderada\/#primaryimage"},"image":{"@id":"https:\/\/psol50.org.br\/psol-pede-que-mp-inconstitucional-de-bolsonaro-sobre-terras-indigenas-seja-desconsiderada\/#primaryimage"},"thumbnailUrl":"https:\/\/psol50.org.br\/inc\/uploads\/2019\/06\/indigenas-protesto-brasilia-constituicao-750x410-1.jpg","datePublished":"2019-06-19T15:57:38+00:00","breadcrumb":{"@id":"https:\/\/psol50.org.br\/psol-pede-que-mp-inconstitucional-de-bolsonaro-sobre-terras-indigenas-seja-desconsiderada\/#breadcrumb"},"inLanguage":"pt-BR","potentialAction":[{"@type":"ReadAction","target":["https:\/\/psol50.org.br\/psol-pede-que-mp-inconstitucional-de-bolsonaro-sobre-terras-indigenas-seja-desconsiderada\/"]}]},{"@type":"ImageObject","inLanguage":"pt-BR","@id":"https:\/\/psol50.org.br\/psol-pede-que-mp-inconstitucional-de-bolsonaro-sobre-terras-indigenas-seja-desconsiderada\/#primaryimage","url":"https:\/\/psol50.org.br\/inc\/uploads\/2019\/06\/indigenas-protesto-brasilia-constituicao-750x410-1.jpg","contentUrl":"https:\/\/psol50.org.br\/inc\/uploads\/2019\/06\/indigenas-protesto-brasilia-constituicao-750x410-1.jpg","width":750,"height":410},{"@type":"BreadcrumbList","@id":"https:\/\/psol50.org.br\/psol-pede-que-mp-inconstitucional-de-bolsonaro-sobre-terras-indigenas-seja-desconsiderada\/#breadcrumb","itemListElement":[{"@type":"ListItem","position":1,"name":"In\u00edcio","item":"https:\/\/psol50.org.br\/"},{"@type":"ListItem","position":2,"name":"PSOL pede que MP inconstitucional de Bolsonaro sobre terras ind\u00edgenas seja desconsiderada"}]},{"@type":"WebSite","@id":"https:\/\/psol50.org.br\/#website","url":"https:\/\/psol50.org.br\/","name":"PSOL 50","description":"Site oficial do Partido Socialismo e Liberdade","publisher":{"@id":"https:\/\/psol50.org.br\/#organization"},"alternateName":"PSOL50","potentialAction":[{"@type":"SearchAction","target":{"@type":"EntryPoint","urlTemplate":"https:\/\/psol50.org.br\/?s={search_term_string}"},"query-input":{"@type":"PropertyValueSpecification","valueRequired":true,"valueName":"search_term_string"}}],"inLanguage":"pt-BR"},{"@type":"Organization","@id":"https:\/\/psol50.org.br\/#organization","name":"PSOL 50","alternateName":"PSOL 50","url":"https:\/\/psol50.org.br\/","logo":{"@type":"ImageObject","inLanguage":"pt-BR","@id":"https:\/\/psol50.org.br\/#\/schema\/logo\/image\/","url":"https:\/\/psol50.org.br\/inc\/uploads\/2018\/07\/capa.png","contentUrl":"https:\/\/psol50.org.br\/inc\/uploads\/2018\/07\/capa.png","width":1350,"height":900,"caption":"PSOL 50"},"image":{"@id":"https:\/\/psol50.org.br\/#\/schema\/logo\/image\/"},"sameAs":["https:\/\/www.facebook.com\/psol50","https:\/\/x.com\/psol50","https:\/\/www.instagram.com\/psol50\/","https:\/\/www.youtube.com\/channel\/UC7SnJS5o1os7a6CaiNabzcg"]},{"@type":"Person","@id":"https:\/\/psol50.org.br\/#\/schema\/person\/475dfa57d0b815993c714c2e96491fcd","name":"Comunica\u00e7\u00e3o PSOL","image":{"@type":"ImageObject","inLanguage":"pt-BR","@id":"https:\/\/psol50.org.br\/#\/schema\/person\/image\/","url":"https:\/\/secure.gravatar.com\/avatar\/b34fc4f4e468a4e51785917065a3db57b841f5c95dba6ad8c73aaf8f66f8f9bf?s=96&d=mm&r=g","contentUrl":"https:\/\/secure.gravatar.com\/avatar\/b34fc4f4e468a4e51785917065a3db57b841f5c95dba6ad8c73aaf8f66f8f9bf?s=96&d=mm&r=g","caption":"Comunica\u00e7\u00e3o PSOL"}}]}},"_links":{"self":[{"href":"https:\/\/psol50.org.br\/rest\/wp\/v2\/posts\/25578","targetHints":{"allow":["GET"]}}],"collection":[{"href":"https:\/\/psol50.org.br\/rest\/wp\/v2\/posts"}],"about":[{"href":"https:\/\/psol50.org.br\/rest\/wp\/v2\/types\/post"}],"author":[{"embeddable":true,"href":"https:\/\/psol50.org.br\/rest\/wp\/v2\/users\/2"}],"replies":[{"embeddable":true,"href":"https:\/\/psol50.org.br\/rest\/wp\/v2\/comments?post=25578"}],"version-history":[{"count":0,"href":"https:\/\/psol50.org.br\/rest\/wp\/v2\/posts\/25578\/revisions"}],"wp:featuredmedia":[{"embeddable":true,"href":"https:\/\/psol50.org.br\/rest\/wp\/v2\/media\/25580"}],"wp:attachment":[{"href":"https:\/\/psol50.org.br\/rest\/wp\/v2\/media?parent=25578"}],"wp:term":[{"taxonomy":"category","embeddable":true,"href":"https:\/\/psol50.org.br\/rest\/wp\/v2\/categories?post=25578"},{"taxonomy":"post_tag","embeddable":true,"href":"https:\/\/psol50.org.br\/rest\/wp\/v2\/tags?post=25578"}],"curies":[{"name":"wp","href":"https:\/\/api.w.org\/{rel}","templated":true}]}}