{"id":2561,"date":"2014-02-06T00:00:00","date_gmt":"2014-02-06T16:41:30","guid":{"rendered":"http:\/\/psol50.org.br\/arquivo\/2014\/02\/06\/servidores-federais-lancam-campanha-durante-ato-em-brasilia-e-prometem-aumentar-pressao-sobre-o-governo\/"},"modified":"2014-02-06T00:00:00","modified_gmt":"2014-02-06T16:41:30","slug":"servidores-federais-lancam-campanha-durante-ato-em-brasilia-e-prometem-aumentar-pressao-sobre-o-governo","status":"publish","type":"post","link":"https:\/\/psol50.org.br\/servidores-federais-lancam-campanha-durante-ato-em-brasilia-e-prometem-aumentar-pressao-sobre-o-governo\/","title":{"rendered":"Servidores federais lan\u00e7am campanha durante ato em Bras\u00edlia e prometem aumentar press\u00e3o sobre o governo"},"content":{"rendered":"<div style=\"margin-bottom: 0cm; font-weight: normal; text-align: justify;\">\n\t<span style=\"font-size:12px;\"><span style=\"font-family: arial,helvetica,sans-serif;\"><em>Categorias reivindicam defini\u00e7\u00e3o da data-base salarial em 1\u00ba de maio, reposi\u00e7\u00e3o inflacion\u00e1ria, contra qualquer reforma e projeto que retire direitos, paridade entre ativos e aposentados, reajuste dos benef\u00edcios e antecipa\u00e7\u00e3o da parcela de 2015 do acordo firmado em 2012<\/em><\/span><\/span><\/p>\n<p>\t<em><span style=\"font-size:12px;\"><span style=\"font-family: arial,helvetica,sans-serif;\"><em>Leonor Costa, do site do PSOL Nacional, com informa\u00e7\u00f5e da Fenajufe<\/em><\/span><\/span><\/em><\/div>\n<div style=\"margin-bottom: 0cm; text-align: justify;\">\n\t&nbsp;<\/div>\n<div style=\"margin-bottom: 0cm; text-align: justify;\">\n\t<span style=\"font-size:12px;\"><span style=\"font-family: arial,helvetica,sans-serif;\">Como acontece todos os anos h\u00e1 mais de uma d\u00e9cada, desde os governos do ent\u00e3o presidente Fernando Henrique Cardoso, servidores p\u00fablicos federais de v\u00e1rias categorias lan\u00e7aram nesta quarta-feira (05) a campanha salarial unificada, com um ato em Bras\u00edlia, em frente ao Minist\u00e9rio do Planejamento, Or\u00e7amento e Gest\u00e3o (MPOG). Nestes \u00faltimos anos, a sa\u00edda encontrada pelos trabalhadores do servi\u00e7o p\u00fablico federal foi atuar de forma conjunta para tentar barrar a intransig\u00eancia dos diferentes governos em atender as suas reivindica\u00e7\u00f5es. A avalia\u00e7\u00e3o das lideran\u00e7as sindicais \u00e9 que mesmo no terceiro mandato do Partido dos Trabalhadores \u00e0 frente do Pal\u00e1cio do Planalto o tratamento aos servidores federais n\u00e3o tem sido diferente da era FHC, em que houve o maior sucateamento dos servi\u00e7os p\u00fablicos j\u00e1 visto nas \u00faltimas d\u00e9cadas. <\/span><\/span><\/div>\n<div style=\"margin-bottom: 0cm; text-align: justify;\">\n\t&nbsp;<\/div>\n<div style=\"margin-bottom: 0cm; text-align: justify;\">\n\t<span style=\"font-size:12px;\"><span style=\"font-family: arial,helvetica,sans-serif;\">No ato de ontem, os cerca de mil servidores cobraram uma audi\u00eancia com a ministra do Planejamento, M\u00edriam Belchior, para negociar a pauta de reivindica\u00e7\u00f5es protocolada junto ao governo em 23 de janeiro. At\u00e9 o in\u00edcio da tarde, os servidores permaneceram no local, com cartazes, faixas e bandeiras, que apresentavam as pautas gerais e espec\u00edficas das categorias. <\/span><\/span><\/div>\n<div style=\"margin-bottom: 0cm; text-align: justify;\">\n\t&nbsp;<\/div>\n<div style=\"margin-bottom: 0cm; text-align: justify;\">\n\t<span style=\"font-size:12px;\"><span style=\"font-family: arial,helvetica,sans-serif;\">Embora a press\u00e3o tenha sido forte, a ministra, conforme ocorrera nos anos anteriores no ato de lan\u00e7amento da campanha salarial unificada, n\u00e3o recebeu os dirigentes sindicais, se limitando apenas a enviar o chefe de gabinete da Secretaria-Executiva do Planejamento, Andr\u00e9 Bucar; e o secret\u00e1rio de Rela\u00e7\u00f5es do Trabalho, S\u00e9rgio Mendon\u00e7a. Dirigentes de 10 entidades e das tr\u00eas centrais sindicais que comp\u00f5e o F\u00f3rum Nacional dos Servidores Federais foram recebidos pelos representantes do Minist\u00e9rio. Na reuni\u00e3o, as entidades sindicais cobraram a abertura imediata de negocia\u00e7\u00f5es em torno da pauta unificada dos servidores federais e recha\u00e7aram o argumento do governo de que enfrenta dificuldades em atender o pleito dos trabalhadores do servi\u00e7o p\u00fablico. <\/span><\/span><\/div>\n<div style=\"margin-bottom: 0cm; text-align: justify;\">\n\t&nbsp;<\/div>\n<div style=\"margin-bottom: 0cm; text-align: justify;\">\n\t<span style=\"font-size:12px;\"><span style=\"font-family: arial,helvetica,sans-serif;\">Segundo relato de jornalistas das entidades sindicais que participaram da reuni\u00e3o, um dos argumentos utilizados pela bancada sindical para pressionar o governo a dar uma resposta de imediato \u00e9 de que este ser\u00e1 um ano at\u00edpico devido \u00e0 realiza\u00e7\u00e3o da copa do mundo e das elei\u00e7\u00f5es gerais no pa\u00eds. Diante da press\u00e3o, os representantes do governo se comprometeram a responder formalmente os oito pontos da pauta de reivindica\u00e7\u00f5es at\u00e9 o Carnaval e disseram que v\u00e3o intermediar o agendamento de uma reuni\u00e3o com a ministra Mirian Belchior. <\/span><\/span><\/div>\n<div style=\"margin-bottom: 0cm; text-align: justify;\">\n\t&nbsp;<\/div>\n<div style=\"margin-bottom: 0cm; text-align: justify;\">\n\t<span style=\"font-size:12px;\"><span style=\"font-family: arial,helvetica,sans-serif;\">Para os dirigentes das entidades sindicais, se persistirem a falta de uma negocia\u00e7\u00e3o efetiva com o governo, a pol\u00edtica de congelamento salarial e o desrespeito \u00e0 data base, os servidores n\u00e3o descartam uma greve conjunta, e a mobiliza\u00e7\u00e3o das diversas categorias nos pr\u00f3ximos meses deve ser intensificar. Segundo informa\u00e7\u00f5es da Fenajufe (Federa\u00e7\u00e3o Nacional dos Trabalhadores do Judici\u00e1rio Federal e do MPU), v\u00e1rios setores j\u00e1 discutem com sua base um calend\u00e1rio de paralisa\u00e7\u00e3o, como ocorre com a Condsef (carreiras do Executivo), a Fasubra (t\u00e9cnicos administrativos das universidades p\u00fablicas) e o Sinasefe (t\u00e9cnicos e professores dos Institutos Federais), que indicam in\u00edcio da greve para o m\u00eas de mar\u00e7o. A Fenajufe tem indicativo para o in\u00edcio de abril e o Andes (professores universidades federais) realizar\u00e1 o debate do calend\u00e1rio em seu Congresso, marcado para 10 a 14 de fevereiro, em S\u00e3o Luiz-MA. <\/span><\/span><\/div>\n<div style=\"margin-bottom: 0cm; text-align: justify;\">\n\t&nbsp;<\/div>\n<div style=\"margin-bottom: 0cm; text-align: justify;\">\n\t<span style=\"font-size:12px;\"><span style=\"font-family: arial,helvetica,sans-serif;\">\u201cParece que o governo est\u00e1 disposto a continuar com sua pol\u00edtica de enrola\u00e7\u00e3o, pagando pra ver o que os servidores est\u00e3o dispostos a fazer neste ano, sem se dar conta dos riscos que representaria a deflagra\u00e7\u00e3o de greve nos v\u00e1rios setores do funcionalismo \u00e0s v\u00e9speras da copa do mundo e das elei\u00e7\u00f5es gerais deste ano\u201d, disse Adilson Rodrigues, coordenador geral da Fenajufe e militante do PSOL, que esteve na reuni\u00e3o no Minist\u00e9rio do Planejamento. <\/span><\/span><\/div>\n<div style=\"margin-bottom: 0cm; text-align: justify;\">\n\t&nbsp;<\/div>\n<div style=\"margin-bottom: 0cm; text-align: justify;\">\n\t<span style=\"font-size:12px;\"><span style=\"font-family: arial,helvetica,sans-serif;\">A pauta unificada dos SPFs contempla a luta pela defini\u00e7\u00e3o da data-base salarial em 1\u00ba de maio, reposi\u00e7\u00e3o inflacion\u00e1ria, contra qualquer reforma e projeto que retire direitos, como por exemplo a proposta que busca acabar com o direito de greve, paridade entre ativos e aposentados, reajuste dos benef\u00edcios e antecipa\u00e7\u00e3o da parcela de 2015 do acordo firmado em 2012.<\/span><\/span><\/p>\n<p>\t\u201cA luta do servidor p\u00fablico n\u00e3o \u00e9 luta apenas da dignidade financeira e valoriza\u00e7\u00e3o do servidor \u00e9 essencial ao povo brasileiro, que tem no servi\u00e7o p\u00fablico sua \u00fanica defesa num Brasil cada vez mais privatizado, terceirizado e apequenado. A luta dos servidores \u00e9 altamente cidad\u00e3 e patri\u00f3tica\u201d, afirmou o deputado Chico Alencar, que esteve ontem no ato dos SPFs.<\/p>\n<p style=\"margin-bottom: 0cm\">\n\t\t<br \/>\n\t\t&nbsp;<\/p>\n<\/div>\n","protected":false},"excerpt":{"rendered":"<p>Categorias reivindicam defini\u00e7\u00e3o da data-base salarial em 1\u00ba de maio, reposi\u00e7\u00e3o inflacion\u00e1ria, contra qualquer reforma e projeto que retire direitos, paridade entre ativos e aposentados, reajuste dos benef\u00edcios e antecipa\u00e7\u00e3o da parcela de 2015 do acordo firmado em 2012 Leonor Costa, do site do PSOL Nacional, com informa\u00e7\u00f5e da Fenajufe &nbsp; Como acontece todos os [&hellip;]<\/p>\n","protected":false},"author":2,"featured_media":0,"comment_status":"open","ping_status":"open","sticky":false,"template":"","format":"standard","meta":{"_acf_changed":false,"footnotes":""},"categories":[4766,6],"tags":[],"class_list":{"0":"post-2561","1":"post","2":"type-post","3":"status-publish","4":"format-standard","6":"category-arquivo","7":"category-noticias"},"acf":[],"yoast_head":"<!-- This site is optimized with the Yoast SEO plugin v26.5 - https:\/\/yoast.com\/wordpress\/plugins\/seo\/ -->\n<title>Servidores federais lan\u00e7am campanha durante ato em Bras\u00edlia e prometem aumentar press\u00e3o sobre o governo - PSOL 50<\/title>\n<meta name=\"robots\" content=\"index, follow, max-snippet:-1, max-image-preview:large, max-video-preview:-1\" \/>\n<link rel=\"canonical\" href=\"https:\/\/psol50.org.br\/servidores-federais-lancam-campanha-durante-ato-em-brasilia-e-prometem-aumentar-pressao-sobre-o-governo\/\" \/>\n<meta property=\"og:locale\" content=\"pt_BR\" \/>\n<meta property=\"og:type\" content=\"article\" \/>\n<meta property=\"og:title\" content=\"Servidores federais lan\u00e7am campanha durante ato em Bras\u00edlia e prometem aumentar press\u00e3o sobre o governo - PSOL 50\" \/>\n<meta property=\"og:description\" content=\"Categorias reivindicam defini\u00e7\u00e3o da data-base salarial em 1\u00ba de maio, reposi\u00e7\u00e3o inflacion\u00e1ria, contra qualquer reforma e projeto que retire direitos, paridade entre ativos e aposentados, reajuste dos benef\u00edcios e antecipa\u00e7\u00e3o da parcela de 2015 do acordo firmado em 2012 Leonor Costa, do site do PSOL Nacional, com informa\u00e7\u00f5e da Fenajufe &nbsp; Como acontece todos os [&hellip;]\" \/>\n<meta property=\"og:url\" content=\"https:\/\/psol50.org.br\/servidores-federais-lancam-campanha-durante-ato-em-brasilia-e-prometem-aumentar-pressao-sobre-o-governo\/\" \/>\n<meta property=\"og:site_name\" content=\"PSOL 50\" \/>\n<meta property=\"article:publisher\" content=\"https:\/\/www.facebook.com\/psol50\" \/>\n<meta property=\"article:published_time\" content=\"2014-02-06T16:41:30+00:00\" \/>\n<meta property=\"og:image\" content=\"https:\/\/psol50.org.br\/inc\/uploads\/2018\/07\/capa.png\" \/>\n\t<meta property=\"og:image:width\" content=\"1350\" \/>\n\t<meta property=\"og:image:height\" content=\"900\" \/>\n\t<meta property=\"og:image:type\" content=\"image\/png\" \/>\n<meta name=\"author\" content=\"Comunica\u00e7\u00e3o PSOL\" \/>\n<meta name=\"twitter:card\" content=\"summary_large_image\" \/>\n<meta name=\"twitter:creator\" content=\"@psol50\" \/>\n<meta name=\"twitter:site\" content=\"@psol50\" \/>\n<meta name=\"twitter:label1\" content=\"Escrito por\" \/>\n\t<meta name=\"twitter:data1\" content=\"Comunica\u00e7\u00e3o PSOL\" \/>\n\t<meta name=\"twitter:label2\" content=\"Est. tempo de leitura\" \/>\n\t<meta name=\"twitter:data2\" content=\"4 minutos\" \/>\n<script type=\"application\/ld+json\" class=\"yoast-schema-graph\">{\"@context\":\"https:\/\/schema.org\",\"@graph\":[{\"@type\":\"Article\",\"@id\":\"https:\/\/psol50.org.br\/servidores-federais-lancam-campanha-durante-ato-em-brasilia-e-prometem-aumentar-pressao-sobre-o-governo\/#article\",\"isPartOf\":{\"@id\":\"https:\/\/psol50.org.br\/servidores-federais-lancam-campanha-durante-ato-em-brasilia-e-prometem-aumentar-pressao-sobre-o-governo\/\"},\"author\":{\"name\":\"Comunica\u00e7\u00e3o PSOL\",\"@id\":\"https:\/\/psol50.org.br\/#\/schema\/person\/475dfa57d0b815993c714c2e96491fcd\"},\"headline\":\"Servidores federais lan\u00e7am campanha durante ato em Bras\u00edlia e prometem aumentar press\u00e3o sobre o governo\",\"datePublished\":\"2014-02-06T16:41:30+00:00\",\"mainEntityOfPage\":{\"@id\":\"https:\/\/psol50.org.br\/servidores-federais-lancam-campanha-durante-ato-em-brasilia-e-prometem-aumentar-pressao-sobre-o-governo\/\"},\"wordCount\":864,\"commentCount\":0,\"publisher\":{\"@id\":\"https:\/\/psol50.org.br\/#organization\"},\"articleSection\":[\"Arquivo\",\"Not\u00edcias\"],\"inLanguage\":\"pt-BR\",\"potentialAction\":[{\"@type\":\"CommentAction\",\"name\":\"Comment\",\"target\":[\"https:\/\/psol50.org.br\/servidores-federais-lancam-campanha-durante-ato-em-brasilia-e-prometem-aumentar-pressao-sobre-o-governo\/#respond\"]}]},{\"@type\":\"WebPage\",\"@id\":\"https:\/\/psol50.org.br\/servidores-federais-lancam-campanha-durante-ato-em-brasilia-e-prometem-aumentar-pressao-sobre-o-governo\/\",\"url\":\"https:\/\/psol50.org.br\/servidores-federais-lancam-campanha-durante-ato-em-brasilia-e-prometem-aumentar-pressao-sobre-o-governo\/\",\"name\":\"Servidores federais lan\u00e7am campanha durante ato em Bras\u00edlia e prometem aumentar press\u00e3o sobre o governo - PSOL 50\",\"isPartOf\":{\"@id\":\"https:\/\/psol50.org.br\/#website\"},\"datePublished\":\"2014-02-06T16:41:30+00:00\",\"breadcrumb\":{\"@id\":\"https:\/\/psol50.org.br\/servidores-federais-lancam-campanha-durante-ato-em-brasilia-e-prometem-aumentar-pressao-sobre-o-governo\/#breadcrumb\"},\"inLanguage\":\"pt-BR\",\"potentialAction\":[{\"@type\":\"ReadAction\",\"target\":[\"https:\/\/psol50.org.br\/servidores-federais-lancam-campanha-durante-ato-em-brasilia-e-prometem-aumentar-pressao-sobre-o-governo\/\"]}]},{\"@type\":\"BreadcrumbList\",\"@id\":\"https:\/\/psol50.org.br\/servidores-federais-lancam-campanha-durante-ato-em-brasilia-e-prometem-aumentar-pressao-sobre-o-governo\/#breadcrumb\",\"itemListElement\":[{\"@type\":\"ListItem\",\"position\":1,\"name\":\"In\u00edcio\",\"item\":\"https:\/\/psol50.org.br\/\"},{\"@type\":\"ListItem\",\"position\":2,\"name\":\"Servidores federais lan\u00e7am campanha durante ato em Bras\u00edlia e prometem aumentar press\u00e3o sobre o governo\"}]},{\"@type\":\"WebSite\",\"@id\":\"https:\/\/psol50.org.br\/#website\",\"url\":\"https:\/\/psol50.org.br\/\",\"name\":\"PSOL 50\",\"description\":\"Site oficial do Partido Socialismo e Liberdade\",\"publisher\":{\"@id\":\"https:\/\/psol50.org.br\/#organization\"},\"alternateName\":\"PSOL50\",\"potentialAction\":[{\"@type\":\"SearchAction\",\"target\":{\"@type\":\"EntryPoint\",\"urlTemplate\":\"https:\/\/psol50.org.br\/?s={search_term_string}\"},\"query-input\":{\"@type\":\"PropertyValueSpecification\",\"valueRequired\":true,\"valueName\":\"search_term_string\"}}],\"inLanguage\":\"pt-BR\"},{\"@type\":\"Organization\",\"@id\":\"https:\/\/psol50.org.br\/#organization\",\"name\":\"PSOL 50\",\"alternateName\":\"PSOL 50\",\"url\":\"https:\/\/psol50.org.br\/\",\"logo\":{\"@type\":\"ImageObject\",\"inLanguage\":\"pt-BR\",\"@id\":\"https:\/\/psol50.org.br\/#\/schema\/logo\/image\/\",\"url\":\"https:\/\/psol50.org.br\/inc\/uploads\/2018\/07\/capa.png\",\"contentUrl\":\"https:\/\/psol50.org.br\/inc\/uploads\/2018\/07\/capa.png\",\"width\":1350,\"height\":900,\"caption\":\"PSOL 50\"},\"image\":{\"@id\":\"https:\/\/psol50.org.br\/#\/schema\/logo\/image\/\"},\"sameAs\":[\"https:\/\/www.facebook.com\/psol50\",\"https:\/\/x.com\/psol50\",\"https:\/\/www.instagram.com\/psol50\/\",\"https:\/\/www.youtube.com\/channel\/UC7SnJS5o1os7a6CaiNabzcg\"]},{\"@type\":\"Person\",\"@id\":\"https:\/\/psol50.org.br\/#\/schema\/person\/475dfa57d0b815993c714c2e96491fcd\",\"name\":\"Comunica\u00e7\u00e3o PSOL\",\"image\":{\"@type\":\"ImageObject\",\"inLanguage\":\"pt-BR\",\"@id\":\"https:\/\/psol50.org.br\/#\/schema\/person\/image\/\",\"url\":\"https:\/\/secure.gravatar.com\/avatar\/b34fc4f4e468a4e51785917065a3db57b841f5c95dba6ad8c73aaf8f66f8f9bf?s=96&d=mm&r=g\",\"contentUrl\":\"https:\/\/secure.gravatar.com\/avatar\/b34fc4f4e468a4e51785917065a3db57b841f5c95dba6ad8c73aaf8f66f8f9bf?s=96&d=mm&r=g\",\"caption\":\"Comunica\u00e7\u00e3o PSOL\"}}]}<\/script>\n<!-- \/ Yoast SEO plugin. -->","yoast_head_json":{"title":"Servidores federais lan\u00e7am campanha durante ato em Bras\u00edlia e prometem aumentar press\u00e3o sobre o governo - PSOL 50","robots":{"index":"index","follow":"follow","max-snippet":"max-snippet:-1","max-image-preview":"max-image-preview:large","max-video-preview":"max-video-preview:-1"},"canonical":"https:\/\/psol50.org.br\/servidores-federais-lancam-campanha-durante-ato-em-brasilia-e-prometem-aumentar-pressao-sobre-o-governo\/","og_locale":"pt_BR","og_type":"article","og_title":"Servidores federais lan\u00e7am campanha durante ato em Bras\u00edlia e prometem aumentar press\u00e3o sobre o governo - PSOL 50","og_description":"Categorias reivindicam defini\u00e7\u00e3o da data-base salarial em 1\u00ba de maio, reposi\u00e7\u00e3o inflacion\u00e1ria, contra qualquer reforma e projeto que retire direitos, paridade entre ativos e aposentados, reajuste dos benef\u00edcios e antecipa\u00e7\u00e3o da parcela de 2015 do acordo firmado em 2012 Leonor Costa, do site do PSOL Nacional, com informa\u00e7\u00f5e da Fenajufe &nbsp; Como acontece todos os [&hellip;]","og_url":"https:\/\/psol50.org.br\/servidores-federais-lancam-campanha-durante-ato-em-brasilia-e-prometem-aumentar-pressao-sobre-o-governo\/","og_site_name":"PSOL 50","article_publisher":"https:\/\/www.facebook.com\/psol50","article_published_time":"2014-02-06T16:41:30+00:00","og_image":[{"width":1350,"height":900,"url":"https:\/\/psol50.org.br\/inc\/uploads\/2018\/07\/capa.png","type":"image\/png"}],"author":"Comunica\u00e7\u00e3o PSOL","twitter_card":"summary_large_image","twitter_creator":"@psol50","twitter_site":"@psol50","twitter_misc":{"Escrito por":"Comunica\u00e7\u00e3o PSOL","Est. tempo de leitura":"4 minutos"},"schema":{"@context":"https:\/\/schema.org","@graph":[{"@type":"Article","@id":"https:\/\/psol50.org.br\/servidores-federais-lancam-campanha-durante-ato-em-brasilia-e-prometem-aumentar-pressao-sobre-o-governo\/#article","isPartOf":{"@id":"https:\/\/psol50.org.br\/servidores-federais-lancam-campanha-durante-ato-em-brasilia-e-prometem-aumentar-pressao-sobre-o-governo\/"},"author":{"name":"Comunica\u00e7\u00e3o PSOL","@id":"https:\/\/psol50.org.br\/#\/schema\/person\/475dfa57d0b815993c714c2e96491fcd"},"headline":"Servidores federais lan\u00e7am campanha durante ato em Bras\u00edlia e prometem aumentar press\u00e3o sobre o governo","datePublished":"2014-02-06T16:41:30+00:00","mainEntityOfPage":{"@id":"https:\/\/psol50.org.br\/servidores-federais-lancam-campanha-durante-ato-em-brasilia-e-prometem-aumentar-pressao-sobre-o-governo\/"},"wordCount":864,"commentCount":0,"publisher":{"@id":"https:\/\/psol50.org.br\/#organization"},"articleSection":["Arquivo","Not\u00edcias"],"inLanguage":"pt-BR","potentialAction":[{"@type":"CommentAction","name":"Comment","target":["https:\/\/psol50.org.br\/servidores-federais-lancam-campanha-durante-ato-em-brasilia-e-prometem-aumentar-pressao-sobre-o-governo\/#respond"]}]},{"@type":"WebPage","@id":"https:\/\/psol50.org.br\/servidores-federais-lancam-campanha-durante-ato-em-brasilia-e-prometem-aumentar-pressao-sobre-o-governo\/","url":"https:\/\/psol50.org.br\/servidores-federais-lancam-campanha-durante-ato-em-brasilia-e-prometem-aumentar-pressao-sobre-o-governo\/","name":"Servidores federais lan\u00e7am campanha durante ato em Bras\u00edlia e prometem aumentar press\u00e3o sobre o governo - PSOL 50","isPartOf":{"@id":"https:\/\/psol50.org.br\/#website"},"datePublished":"2014-02-06T16:41:30+00:00","breadcrumb":{"@id":"https:\/\/psol50.org.br\/servidores-federais-lancam-campanha-durante-ato-em-brasilia-e-prometem-aumentar-pressao-sobre-o-governo\/#breadcrumb"},"inLanguage":"pt-BR","potentialAction":[{"@type":"ReadAction","target":["https:\/\/psol50.org.br\/servidores-federais-lancam-campanha-durante-ato-em-brasilia-e-prometem-aumentar-pressao-sobre-o-governo\/"]}]},{"@type":"BreadcrumbList","@id":"https:\/\/psol50.org.br\/servidores-federais-lancam-campanha-durante-ato-em-brasilia-e-prometem-aumentar-pressao-sobre-o-governo\/#breadcrumb","itemListElement":[{"@type":"ListItem","position":1,"name":"In\u00edcio","item":"https:\/\/psol50.org.br\/"},{"@type":"ListItem","position":2,"name":"Servidores federais lan\u00e7am campanha durante ato em Bras\u00edlia e prometem aumentar press\u00e3o sobre o governo"}]},{"@type":"WebSite","@id":"https:\/\/psol50.org.br\/#website","url":"https:\/\/psol50.org.br\/","name":"PSOL 50","description":"Site oficial do Partido Socialismo e Liberdade","publisher":{"@id":"https:\/\/psol50.org.br\/#organization"},"alternateName":"PSOL50","potentialAction":[{"@type":"SearchAction","target":{"@type":"EntryPoint","urlTemplate":"https:\/\/psol50.org.br\/?s={search_term_string}"},"query-input":{"@type":"PropertyValueSpecification","valueRequired":true,"valueName":"search_term_string"}}],"inLanguage":"pt-BR"},{"@type":"Organization","@id":"https:\/\/psol50.org.br\/#organization","name":"PSOL 50","alternateName":"PSOL 50","url":"https:\/\/psol50.org.br\/","logo":{"@type":"ImageObject","inLanguage":"pt-BR","@id":"https:\/\/psol50.org.br\/#\/schema\/logo\/image\/","url":"https:\/\/psol50.org.br\/inc\/uploads\/2018\/07\/capa.png","contentUrl":"https:\/\/psol50.org.br\/inc\/uploads\/2018\/07\/capa.png","width":1350,"height":900,"caption":"PSOL 50"},"image":{"@id":"https:\/\/psol50.org.br\/#\/schema\/logo\/image\/"},"sameAs":["https:\/\/www.facebook.com\/psol50","https:\/\/x.com\/psol50","https:\/\/www.instagram.com\/psol50\/","https:\/\/www.youtube.com\/channel\/UC7SnJS5o1os7a6CaiNabzcg"]},{"@type":"Person","@id":"https:\/\/psol50.org.br\/#\/schema\/person\/475dfa57d0b815993c714c2e96491fcd","name":"Comunica\u00e7\u00e3o PSOL","image":{"@type":"ImageObject","inLanguage":"pt-BR","@id":"https:\/\/psol50.org.br\/#\/schema\/person\/image\/","url":"https:\/\/secure.gravatar.com\/avatar\/b34fc4f4e468a4e51785917065a3db57b841f5c95dba6ad8c73aaf8f66f8f9bf?s=96&d=mm&r=g","contentUrl":"https:\/\/secure.gravatar.com\/avatar\/b34fc4f4e468a4e51785917065a3db57b841f5c95dba6ad8c73aaf8f66f8f9bf?s=96&d=mm&r=g","caption":"Comunica\u00e7\u00e3o PSOL"}}]}},"_links":{"self":[{"href":"https:\/\/psol50.org.br\/rest\/wp\/v2\/posts\/2561","targetHints":{"allow":["GET"]}}],"collection":[{"href":"https:\/\/psol50.org.br\/rest\/wp\/v2\/posts"}],"about":[{"href":"https:\/\/psol50.org.br\/rest\/wp\/v2\/types\/post"}],"author":[{"embeddable":true,"href":"https:\/\/psol50.org.br\/rest\/wp\/v2\/users\/2"}],"replies":[{"embeddable":true,"href":"https:\/\/psol50.org.br\/rest\/wp\/v2\/comments?post=2561"}],"version-history":[{"count":0,"href":"https:\/\/psol50.org.br\/rest\/wp\/v2\/posts\/2561\/revisions"}],"wp:attachment":[{"href":"https:\/\/psol50.org.br\/rest\/wp\/v2\/media?parent=2561"}],"wp:term":[{"taxonomy":"category","embeddable":true,"href":"https:\/\/psol50.org.br\/rest\/wp\/v2\/categories?post=2561"},{"taxonomy":"post_tag","embeddable":true,"href":"https:\/\/psol50.org.br\/rest\/wp\/v2\/tags?post=2561"}],"curies":[{"name":"wp","href":"https:\/\/api.w.org\/{rel}","templated":true}]}}