{"id":2562,"date":"2014-02-06T00:00:00","date_gmt":"2014-02-06T19:16:04","guid":{"rendered":"http:\/\/psol50.org.br\/arquivo\/2014\/02\/06\/psol-apoia-a-luta-salarial-dos-servidores-publicos-federais\/"},"modified":"2014-02-06T00:00:00","modified_gmt":"2014-02-06T19:16:04","slug":"psol-apoia-a-luta-salarial-dos-servidores-publicos-federais","status":"publish","type":"post","link":"https:\/\/psol50.org.br\/psol-apoia-a-luta-salarial-dos-servidores-publicos-federais\/","title":{"rendered":"PSOL apoia a luta salarial dos servidores p\u00fablicos federais"},"content":{"rendered":"<p style=\"margin-bottom: 0cm; text-align: justify;\">\n\t<font face=\"Arial, sans-serif\"><font size=\"3\"><i>Semin\u00e1rio debateu hoje a d\u00edvida p\u00fablica, que leva 40% do or\u00e7amento e impede investimentos sociais e melhoria salarial<\/i><\/font><\/font><\/p>\n<p>\t<font face=\"Arial, sans-serif\"><font size=\"3\">Est\u00e1 nas ruas a Campanha Salarial dos Servidores P\u00fablicos Federais. Centenas de servidores p\u00fablicos federais de diversas partes do pa\u00eds est\u00e3o em Bras\u00edlia e fizeram ontem, dia 5, manifesta\u00e7\u00e3o na frente do Minist\u00e9rio do Planejamento, em Bras\u00edlia. A pauta <font color=\"#000000\">exp\u00f5e a realidade enfrentada pelos servidores, como a falta de valoriza\u00e7\u00e3o do servi\u00e7o p\u00fablico, a precariza\u00e7\u00e3o das condi\u00e7\u00f5es de trabalho, as perdas salariais e de direitos, o n\u00e3o cumprimento de acordos feitos pelo governo em negocia\u00e7\u00f5es anteriores, entre outras quest\u00f5es.<\/font><\/font><\/font><\/p>\n<p>\t<font color=\"#000000\">\u201c<font face=\"Arial, sans-serif\"><font size=\"3\">A luta do servidor p\u00fablico n\u00e3o \u00e9 luta apenas da dignidade financeira e valoriza\u00e7\u00e3o do servidor \u00e9 essencial ao povo brasileiro, que tem no servi\u00e7o p\u00fablico sua \u00fanica defesa num Brasil cada vez mais privatizado, terceirizado e apequenado. A luta dos servidores \u00e9 altamente cidad\u00e3 e patri\u00f3tica\u201d, afirmou o deputado Chico Alencar.<\/font><\/font><\/font><\/p>\n<p>\t<font face=\"Arial, sans-serif\"><font size=\"3\"><font color=\"#000000\"><b>Auditoria Cidad\u00e3 da D\u00edvida<\/b><\/font><\/font><\/font><br \/>\n\t<font color=\"#000000\"><font face=\"Arial, sans-serif\"><font size=\"3\">Nesta quinta-feira (06), na C\u00e2mara dos Deputados, foi realizado o Semin\u00e1rio Auditoria Cidad\u00e3 da D\u00edvida, evento que faz parte da Campanha Nacional. \u201cO que o Brasil precisa \u00e9 de uma plataforma pol\u00edtica, na qual a primeira palavra de ordem seja auditoria da d\u00edvida, para a\u00ed sim discutir infla\u00e7\u00e3o, juros, mercado, distribui\u00e7\u00e3o de renda e servi\u00e7os sociais de qualidade\u201d, afirmou o l\u00edder do PSOL, deputado Ivan Valente.<\/font><\/font><\/font><\/p>\n<p>\t<font color=\"#000000\"><font face=\"Arial, sans-serif\"><font size=\"3\">Autor da Comiss\u00e3o Parlamentar de Inqu\u00e9rito (CPI) da D\u00edvida P\u00fablica, que resultou em um documento com mais de mil p\u00e1ginas entregue ao Minist\u00e9rio P\u00fablico, Ivan Valente diz que o que ainda prevalece no governo federal \u00e9 a l\u00f3gica do mercado com um trip\u00e9 econ\u00f4mico que privilegia o pagamento da d\u00edvida p\u00fablica. Os juros e amortiza\u00e7\u00f5es da d\u00edvida consumiram, no ano passado, 40,30% do or\u00e7amento federal, enquanto a sa\u00fade recebeu apenas 4,29%, a educa\u00e7\u00e3o, 3,70%, o transporte, 0,59% e a seguran\u00e7a, 0,40%.<\/font><\/font><\/font><\/p>\n<p>\t<font color=\"#000000\">\u201c<font face=\"Arial, sans-serif\"><font size=\"3\">O que o Brasil precisa \u00e9 de uma plataforma pol\u00edtica, na qual a primeira palavra de ordem seja auditoria da d\u00edvida, para a\u00ed sim discutir infla\u00e7\u00e3o, juros, mercado, distribui\u00e7\u00e3o de renda e servi\u00e7os sociais de qualidade\u201d, afirmou Ivan Valente\u201d.<\/font><\/font><\/font><\/p>\n<p>\t<font color=\"#000000\"><font face=\"Arial, sans-serif\"><font size=\"3\">O deputado criticou a mensagem presidencial apresentada na abertura dos trabalhos no Congresso Nacional, na \u00faltima segunda-feira, que reafirma a pol\u00edtica econ\u00f4mica e \u201cpede\u201d aos parlamentares n\u00e3o aprovarem propostas que possam onerar a m\u00e1quina p\u00fablica. Nestas propostas, chamadas de \u201cpauta-bomba\u201d pelo governo federal, est\u00e3o os reajustes salariais, como o dos agentes comunit\u00e1rios de sa\u00fade.<\/font><\/font><\/font><\/p>\n<p>\t<font color=\"#000000\">\u201c<font face=\"Arial, sans-serif\"><font size=\"3\">Mas, agora, a luta popular est\u00e1 destravada. A popula\u00e7\u00e3o foi \u00e0s ruas no ano passado, provou e percebeu isto: que pode provocar mudan\u00e7as\u201d, destaca Ivan Valente. \u201cA ordem do dia s\u00e3o as 40 horas semanais para o trabalhador, \u00e9 o fim do fator previdenci\u00e1rio, \u00e9 a anula\u00e7\u00e3o da reforma da previd\u00eancia, \u00e9 a promo\u00e7\u00e3o de transporte p\u00fablico de qualidade, da educa\u00e7\u00e3o p\u00fablica, gratuita e de qualidade e fortalecimento do SUS\u201d.<\/font><\/font><\/font><\/p>\n<p style=\"margin-bottom: 0cm; background: transparent; border: none; padding: 0cm; line-height: 0.53cm\">\n\t&nbsp;<\/p>\n","protected":false},"excerpt":{"rendered":"<p>Semin\u00e1rio debateu hoje a d\u00edvida p\u00fablica, que leva 40% do or\u00e7amento e impede investimentos sociais e melhoria salarial Est\u00e1 nas ruas a Campanha Salarial dos Servidores P\u00fablicos Federais. Centenas de servidores p\u00fablicos federais de diversas partes do pa\u00eds est\u00e3o em Bras\u00edlia e fizeram ontem, dia 5, manifesta\u00e7\u00e3o na frente do Minist\u00e9rio do Planejamento, em Bras\u00edlia. [&hellip;]<\/p>\n","protected":false},"author":2,"featured_media":0,"comment_status":"open","ping_status":"open","sticky":false,"template":"","format":"standard","meta":{"_acf_changed":false,"footnotes":""},"categories":[4766,6],"tags":[22],"class_list":{"0":"post-2562","1":"post","2":"type-post","3":"status-publish","4":"format-standard","6":"category-arquivo","7":"category-noticias","8":"tag-psol"},"acf":[],"yoast_head":"<!-- This site is optimized with the Yoast SEO plugin v26.5 - https:\/\/yoast.com\/wordpress\/plugins\/seo\/ -->\n<title>PSOL apoia a luta salarial dos servidores p\u00fablicos federais - PSOL 50<\/title>\n<meta name=\"robots\" content=\"index, follow, max-snippet:-1, max-image-preview:large, max-video-preview:-1\" \/>\n<link rel=\"canonical\" href=\"https:\/\/psol50.org.br\/psol-apoia-a-luta-salarial-dos-servidores-publicos-federais\/\" \/>\n<meta property=\"og:locale\" content=\"pt_BR\" \/>\n<meta property=\"og:type\" content=\"article\" \/>\n<meta property=\"og:title\" content=\"PSOL apoia a luta salarial dos servidores p\u00fablicos federais - PSOL 50\" \/>\n<meta property=\"og:description\" content=\"Semin\u00e1rio debateu hoje a d\u00edvida p\u00fablica, que leva 40% do or\u00e7amento e impede investimentos sociais e melhoria salarial Est\u00e1 nas ruas a Campanha Salarial dos Servidores P\u00fablicos Federais. Centenas de servidores p\u00fablicos federais de diversas partes do pa\u00eds est\u00e3o em Bras\u00edlia e fizeram ontem, dia 5, manifesta\u00e7\u00e3o na frente do Minist\u00e9rio do Planejamento, em Bras\u00edlia. [&hellip;]\" \/>\n<meta property=\"og:url\" content=\"https:\/\/psol50.org.br\/psol-apoia-a-luta-salarial-dos-servidores-publicos-federais\/\" \/>\n<meta property=\"og:site_name\" content=\"PSOL 50\" \/>\n<meta property=\"article:publisher\" content=\"https:\/\/www.facebook.com\/psol50\" \/>\n<meta property=\"article:published_time\" content=\"2014-02-06T19:16:04+00:00\" \/>\n<meta property=\"og:image\" content=\"https:\/\/psol50.org.br\/inc\/uploads\/2018\/07\/capa.png\" \/>\n\t<meta property=\"og:image:width\" content=\"1350\" \/>\n\t<meta property=\"og:image:height\" content=\"900\" \/>\n\t<meta property=\"og:image:type\" content=\"image\/png\" \/>\n<meta name=\"author\" content=\"Comunica\u00e7\u00e3o PSOL\" \/>\n<meta name=\"twitter:card\" content=\"summary_large_image\" \/>\n<meta name=\"twitter:creator\" content=\"@psol50\" \/>\n<meta name=\"twitter:site\" content=\"@psol50\" \/>\n<meta name=\"twitter:label1\" content=\"Escrito por\" \/>\n\t<meta name=\"twitter:data1\" content=\"Comunica\u00e7\u00e3o PSOL\" \/>\n\t<meta name=\"twitter:label2\" content=\"Est. tempo de leitura\" \/>\n\t<meta name=\"twitter:data2\" content=\"3 minutos\" \/>\n<script type=\"application\/ld+json\" class=\"yoast-schema-graph\">{\"@context\":\"https:\/\/schema.org\",\"@graph\":[{\"@type\":\"Article\",\"@id\":\"https:\/\/psol50.org.br\/psol-apoia-a-luta-salarial-dos-servidores-publicos-federais\/#article\",\"isPartOf\":{\"@id\":\"https:\/\/psol50.org.br\/psol-apoia-a-luta-salarial-dos-servidores-publicos-federais\/\"},\"author\":{\"name\":\"Comunica\u00e7\u00e3o PSOL\",\"@id\":\"https:\/\/psol50.org.br\/#\/schema\/person\/475dfa57d0b815993c714c2e96491fcd\"},\"headline\":\"PSOL apoia a luta salarial dos servidores p\u00fablicos federais\",\"datePublished\":\"2014-02-06T19:16:04+00:00\",\"mainEntityOfPage\":{\"@id\":\"https:\/\/psol50.org.br\/psol-apoia-a-luta-salarial-dos-servidores-publicos-federais\/\"},\"wordCount\":533,\"commentCount\":0,\"publisher\":{\"@id\":\"https:\/\/psol50.org.br\/#organization\"},\"keywords\":[\"PSOL\"],\"articleSection\":[\"Arquivo\",\"Not\u00edcias\"],\"inLanguage\":\"pt-BR\",\"potentialAction\":[{\"@type\":\"CommentAction\",\"name\":\"Comment\",\"target\":[\"https:\/\/psol50.org.br\/psol-apoia-a-luta-salarial-dos-servidores-publicos-federais\/#respond\"]}]},{\"@type\":\"WebPage\",\"@id\":\"https:\/\/psol50.org.br\/psol-apoia-a-luta-salarial-dos-servidores-publicos-federais\/\",\"url\":\"https:\/\/psol50.org.br\/psol-apoia-a-luta-salarial-dos-servidores-publicos-federais\/\",\"name\":\"PSOL apoia a luta salarial dos servidores p\u00fablicos federais - PSOL 50\",\"isPartOf\":{\"@id\":\"https:\/\/psol50.org.br\/#website\"},\"datePublished\":\"2014-02-06T19:16:04+00:00\",\"breadcrumb\":{\"@id\":\"https:\/\/psol50.org.br\/psol-apoia-a-luta-salarial-dos-servidores-publicos-federais\/#breadcrumb\"},\"inLanguage\":\"pt-BR\",\"potentialAction\":[{\"@type\":\"ReadAction\",\"target\":[\"https:\/\/psol50.org.br\/psol-apoia-a-luta-salarial-dos-servidores-publicos-federais\/\"]}]},{\"@type\":\"BreadcrumbList\",\"@id\":\"https:\/\/psol50.org.br\/psol-apoia-a-luta-salarial-dos-servidores-publicos-federais\/#breadcrumb\",\"itemListElement\":[{\"@type\":\"ListItem\",\"position\":1,\"name\":\"In\u00edcio\",\"item\":\"https:\/\/psol50.org.br\/\"},{\"@type\":\"ListItem\",\"position\":2,\"name\":\"PSOL apoia a luta salarial dos servidores p\u00fablicos federais\"}]},{\"@type\":\"WebSite\",\"@id\":\"https:\/\/psol50.org.br\/#website\",\"url\":\"https:\/\/psol50.org.br\/\",\"name\":\"PSOL 50\",\"description\":\"Site oficial do Partido Socialismo e Liberdade\",\"publisher\":{\"@id\":\"https:\/\/psol50.org.br\/#organization\"},\"alternateName\":\"PSOL50\",\"potentialAction\":[{\"@type\":\"SearchAction\",\"target\":{\"@type\":\"EntryPoint\",\"urlTemplate\":\"https:\/\/psol50.org.br\/?s={search_term_string}\"},\"query-input\":{\"@type\":\"PropertyValueSpecification\",\"valueRequired\":true,\"valueName\":\"search_term_string\"}}],\"inLanguage\":\"pt-BR\"},{\"@type\":\"Organization\",\"@id\":\"https:\/\/psol50.org.br\/#organization\",\"name\":\"PSOL 50\",\"alternateName\":\"PSOL 50\",\"url\":\"https:\/\/psol50.org.br\/\",\"logo\":{\"@type\":\"ImageObject\",\"inLanguage\":\"pt-BR\",\"@id\":\"https:\/\/psol50.org.br\/#\/schema\/logo\/image\/\",\"url\":\"https:\/\/psol50.org.br\/inc\/uploads\/2018\/07\/capa.png\",\"contentUrl\":\"https:\/\/psol50.org.br\/inc\/uploads\/2018\/07\/capa.png\",\"width\":1350,\"height\":900,\"caption\":\"PSOL 50\"},\"image\":{\"@id\":\"https:\/\/psol50.org.br\/#\/schema\/logo\/image\/\"},\"sameAs\":[\"https:\/\/www.facebook.com\/psol50\",\"https:\/\/x.com\/psol50\",\"https:\/\/www.instagram.com\/psol50\/\",\"https:\/\/www.youtube.com\/channel\/UC7SnJS5o1os7a6CaiNabzcg\"]},{\"@type\":\"Person\",\"@id\":\"https:\/\/psol50.org.br\/#\/schema\/person\/475dfa57d0b815993c714c2e96491fcd\",\"name\":\"Comunica\u00e7\u00e3o PSOL\",\"image\":{\"@type\":\"ImageObject\",\"inLanguage\":\"pt-BR\",\"@id\":\"https:\/\/psol50.org.br\/#\/schema\/person\/image\/\",\"url\":\"https:\/\/secure.gravatar.com\/avatar\/b34fc4f4e468a4e51785917065a3db57b841f5c95dba6ad8c73aaf8f66f8f9bf?s=96&d=mm&r=g\",\"contentUrl\":\"https:\/\/secure.gravatar.com\/avatar\/b34fc4f4e468a4e51785917065a3db57b841f5c95dba6ad8c73aaf8f66f8f9bf?s=96&d=mm&r=g\",\"caption\":\"Comunica\u00e7\u00e3o PSOL\"}}]}<\/script>\n<!-- \/ Yoast SEO plugin. -->","yoast_head_json":{"title":"PSOL apoia a luta salarial dos servidores p\u00fablicos federais - PSOL 50","robots":{"index":"index","follow":"follow","max-snippet":"max-snippet:-1","max-image-preview":"max-image-preview:large","max-video-preview":"max-video-preview:-1"},"canonical":"https:\/\/psol50.org.br\/psol-apoia-a-luta-salarial-dos-servidores-publicos-federais\/","og_locale":"pt_BR","og_type":"article","og_title":"PSOL apoia a luta salarial dos servidores p\u00fablicos federais - PSOL 50","og_description":"Semin\u00e1rio debateu hoje a d\u00edvida p\u00fablica, que leva 40% do or\u00e7amento e impede investimentos sociais e melhoria salarial Est\u00e1 nas ruas a Campanha Salarial dos Servidores P\u00fablicos Federais. Centenas de servidores p\u00fablicos federais de diversas partes do pa\u00eds est\u00e3o em Bras\u00edlia e fizeram ontem, dia 5, manifesta\u00e7\u00e3o na frente do Minist\u00e9rio do Planejamento, em Bras\u00edlia. [&hellip;]","og_url":"https:\/\/psol50.org.br\/psol-apoia-a-luta-salarial-dos-servidores-publicos-federais\/","og_site_name":"PSOL 50","article_publisher":"https:\/\/www.facebook.com\/psol50","article_published_time":"2014-02-06T19:16:04+00:00","og_image":[{"width":1350,"height":900,"url":"https:\/\/psol50.org.br\/inc\/uploads\/2018\/07\/capa.png","type":"image\/png"}],"author":"Comunica\u00e7\u00e3o PSOL","twitter_card":"summary_large_image","twitter_creator":"@psol50","twitter_site":"@psol50","twitter_misc":{"Escrito por":"Comunica\u00e7\u00e3o PSOL","Est. tempo de leitura":"3 minutos"},"schema":{"@context":"https:\/\/schema.org","@graph":[{"@type":"Article","@id":"https:\/\/psol50.org.br\/psol-apoia-a-luta-salarial-dos-servidores-publicos-federais\/#article","isPartOf":{"@id":"https:\/\/psol50.org.br\/psol-apoia-a-luta-salarial-dos-servidores-publicos-federais\/"},"author":{"name":"Comunica\u00e7\u00e3o PSOL","@id":"https:\/\/psol50.org.br\/#\/schema\/person\/475dfa57d0b815993c714c2e96491fcd"},"headline":"PSOL apoia a luta salarial dos servidores p\u00fablicos federais","datePublished":"2014-02-06T19:16:04+00:00","mainEntityOfPage":{"@id":"https:\/\/psol50.org.br\/psol-apoia-a-luta-salarial-dos-servidores-publicos-federais\/"},"wordCount":533,"commentCount":0,"publisher":{"@id":"https:\/\/psol50.org.br\/#organization"},"keywords":["PSOL"],"articleSection":["Arquivo","Not\u00edcias"],"inLanguage":"pt-BR","potentialAction":[{"@type":"CommentAction","name":"Comment","target":["https:\/\/psol50.org.br\/psol-apoia-a-luta-salarial-dos-servidores-publicos-federais\/#respond"]}]},{"@type":"WebPage","@id":"https:\/\/psol50.org.br\/psol-apoia-a-luta-salarial-dos-servidores-publicos-federais\/","url":"https:\/\/psol50.org.br\/psol-apoia-a-luta-salarial-dos-servidores-publicos-federais\/","name":"PSOL apoia a luta salarial dos servidores p\u00fablicos federais - PSOL 50","isPartOf":{"@id":"https:\/\/psol50.org.br\/#website"},"datePublished":"2014-02-06T19:16:04+00:00","breadcrumb":{"@id":"https:\/\/psol50.org.br\/psol-apoia-a-luta-salarial-dos-servidores-publicos-federais\/#breadcrumb"},"inLanguage":"pt-BR","potentialAction":[{"@type":"ReadAction","target":["https:\/\/psol50.org.br\/psol-apoia-a-luta-salarial-dos-servidores-publicos-federais\/"]}]},{"@type":"BreadcrumbList","@id":"https:\/\/psol50.org.br\/psol-apoia-a-luta-salarial-dos-servidores-publicos-federais\/#breadcrumb","itemListElement":[{"@type":"ListItem","position":1,"name":"In\u00edcio","item":"https:\/\/psol50.org.br\/"},{"@type":"ListItem","position":2,"name":"PSOL apoia a luta salarial dos servidores p\u00fablicos federais"}]},{"@type":"WebSite","@id":"https:\/\/psol50.org.br\/#website","url":"https:\/\/psol50.org.br\/","name":"PSOL 50","description":"Site oficial do Partido Socialismo e Liberdade","publisher":{"@id":"https:\/\/psol50.org.br\/#organization"},"alternateName":"PSOL50","potentialAction":[{"@type":"SearchAction","target":{"@type":"EntryPoint","urlTemplate":"https:\/\/psol50.org.br\/?s={search_term_string}"},"query-input":{"@type":"PropertyValueSpecification","valueRequired":true,"valueName":"search_term_string"}}],"inLanguage":"pt-BR"},{"@type":"Organization","@id":"https:\/\/psol50.org.br\/#organization","name":"PSOL 50","alternateName":"PSOL 50","url":"https:\/\/psol50.org.br\/","logo":{"@type":"ImageObject","inLanguage":"pt-BR","@id":"https:\/\/psol50.org.br\/#\/schema\/logo\/image\/","url":"https:\/\/psol50.org.br\/inc\/uploads\/2018\/07\/capa.png","contentUrl":"https:\/\/psol50.org.br\/inc\/uploads\/2018\/07\/capa.png","width":1350,"height":900,"caption":"PSOL 50"},"image":{"@id":"https:\/\/psol50.org.br\/#\/schema\/logo\/image\/"},"sameAs":["https:\/\/www.facebook.com\/psol50","https:\/\/x.com\/psol50","https:\/\/www.instagram.com\/psol50\/","https:\/\/www.youtube.com\/channel\/UC7SnJS5o1os7a6CaiNabzcg"]},{"@type":"Person","@id":"https:\/\/psol50.org.br\/#\/schema\/person\/475dfa57d0b815993c714c2e96491fcd","name":"Comunica\u00e7\u00e3o PSOL","image":{"@type":"ImageObject","inLanguage":"pt-BR","@id":"https:\/\/psol50.org.br\/#\/schema\/person\/image\/","url":"https:\/\/secure.gravatar.com\/avatar\/b34fc4f4e468a4e51785917065a3db57b841f5c95dba6ad8c73aaf8f66f8f9bf?s=96&d=mm&r=g","contentUrl":"https:\/\/secure.gravatar.com\/avatar\/b34fc4f4e468a4e51785917065a3db57b841f5c95dba6ad8c73aaf8f66f8f9bf?s=96&d=mm&r=g","caption":"Comunica\u00e7\u00e3o PSOL"}}]}},"_links":{"self":[{"href":"https:\/\/psol50.org.br\/rest\/wp\/v2\/posts\/2562","targetHints":{"allow":["GET"]}}],"collection":[{"href":"https:\/\/psol50.org.br\/rest\/wp\/v2\/posts"}],"about":[{"href":"https:\/\/psol50.org.br\/rest\/wp\/v2\/types\/post"}],"author":[{"embeddable":true,"href":"https:\/\/psol50.org.br\/rest\/wp\/v2\/users\/2"}],"replies":[{"embeddable":true,"href":"https:\/\/psol50.org.br\/rest\/wp\/v2\/comments?post=2562"}],"version-history":[{"count":0,"href":"https:\/\/psol50.org.br\/rest\/wp\/v2\/posts\/2562\/revisions"}],"wp:attachment":[{"href":"https:\/\/psol50.org.br\/rest\/wp\/v2\/media?parent=2562"}],"wp:term":[{"taxonomy":"category","embeddable":true,"href":"https:\/\/psol50.org.br\/rest\/wp\/v2\/categories?post=2562"},{"taxonomy":"post_tag","embeddable":true,"href":"https:\/\/psol50.org.br\/rest\/wp\/v2\/tags?post=2562"}],"curies":[{"name":"wp","href":"https:\/\/api.w.org\/{rel}","templated":true}]}}