{"id":25628,"date":"2019-06-26T14:49:23","date_gmt":"2019-06-26T17:49:23","guid":{"rendered":"http:\/\/psol50.org.br\/?p=25628"},"modified":"2019-06-26T14:49:23","modified_gmt":"2019-06-26T17:49:23","slug":"propostas-para-marco-regulatorio-da-mineracao-sao-aprovadas-na-camara","status":"publish","type":"post","link":"https:\/\/psol50.org.br\/propostas-para-marco-regulatorio-da-mineracao-sao-aprovadas-na-camara\/","title":{"rendered":"Propostas para marco regulat\u00f3rio da minera\u00e7\u00e3o s\u00e3o aprovadas na C\u00e2mara"},"content":{"rendered":"<p>O plen\u00e1rio da C\u00e2mara dos Deputados aprovou, na \u00faltima ter\u00e7a-feira (25), 3 projetos de lei que fazem parte das proposi\u00e7\u00f5es para um novo Marco Regulat\u00f3rio da minera\u00e7\u00e3o para o pa\u00eds.<\/p>\n<p>Entre mar\u00e7o e maio funcionou a Comiss\u00e3o Externa da C\u00e2mara dos Deputados sobre o Desastre de Brumadinho (MG), que contou com a presen\u00e7a da deputada federal do PSOL \u00c1urea Carolina, eleita pelo estado que sofreu com duas das principais trag\u00e9dias ambientais do Brasil, em Mariana e Brumadinho.<\/p>\n<p>Desta comiss\u00e3o sa\u00edram nove propostas para aprofundar uma pol\u00edtica de prote\u00e7\u00e3o ambiental e das popula\u00e7\u00f5es atingidas por desastres ambientais. Destas medidas sa\u00edram as tr\u00eas aprovadas no plen\u00e1rio da C\u00e2mara at\u00e9 agora. \u00c1urea Carolina explicou o processo para a M\u00eddia Ninja na noite da aprova\u00e7\u00e3o.<\/p>\n<blockquote class=\"twitter-tweet\" data-width=\"550\" data-dnt=\"true\">\n<p lang=\"pt\" dir=\"ltr\">Deputada <a href=\"https:\/\/twitter.com\/aureacarolinax?ref_src=twsrc%5Etfw\">@aureacarolinax<\/a> comenta decis\u00e3o hoje em plen\u00e1rio da C\u00e2mara dos Deputados sobre o projeto de lei que tipifica o crime de \u201cecoc\u00eddio\u201d e a conduta delitiva de respons\u00e1vel por desastre relacionado a rompimento de barragens. Agora, o texto segue para a an\u00e1lise do Senado. <a href=\"https:\/\/t.co\/iP7Dw4EDK3\">pic.twitter.com\/iP7Dw4EDK3<\/a><\/p>\n<p>&mdash; M\u00eddia NINJA (@MidiaNINJA) <a href=\"https:\/\/twitter.com\/MidiaNINJA\/status\/1143709140935725057?ref_src=twsrc%5Etfw\">June 26, 2019<\/a><\/p><\/blockquote>\n<p><script async src=\"https:\/\/platform.twitter.com\/widgets.js\" charset=\"utf-8\"><\/script><\/p>\n<p>O primeiro projeto tipifica o <a href=\"http:\/\/psol50.org.br\/inc\/uploads\/2019\/06\/PL-2787-2019-ecoc\u00eddio.pdf\">crime de ecoc\u00eddio<\/a> e estipula penas para as empresas respons\u00e1veis por rompimentos de barragem, como o que causou o desastre de Brumadinho (MG) no in\u00edcio deste ano.<\/p>\n<blockquote class=\"twitter-tweet\" data-width=\"550\" data-dnt=\"true\">\n<p lang=\"pt\" dir=\"ltr\">VIT\u00d3RIA! Aprovada em plen\u00e1rio a 1\u00aa das 9 propostas do novo marco regulat\u00f3rio da minera\u00e7\u00e3o, fruto do nosso trabalho da Com. Ext. Desastre de Brumadinho. O PL coloca na legisla\u00e7\u00e3o penal o crime de ecoc\u00eddio, c\/ penas p\/ os respons\u00e1veis por desastres ligados ao rompimento d barragens<\/p>\n<p>&mdash; \u00c1urea Carolina (@aureacarolinax) <a href=\"https:\/\/twitter.com\/aureacarolinax\/status\/1143660040588603392?ref_src=twsrc%5Etfw\">June 25, 2019<\/a><\/p><\/blockquote>\n<p><script async src=\"https:\/\/platform.twitter.com\/widgets.js\" charset=\"utf-8\"><\/script><\/p>\n<p>O segundo projeto aprovado amplia os direitos das <a href=\"http:\/\/psol50.org.br\/inc\/uploads\/2019\/06\/PL-2788-2019-atingidos-por-barragem.pdf\">popula\u00e7\u00f5es atingidas por barragens<\/a> e desastres ambientais.<\/p>\n<blockquote class=\"twitter-tweet\" data-width=\"550\" data-dnt=\"true\">\n<p lang=\"pt\" dir=\"ltr\">OUTRA VIT\u00d3RIA! Plen\u00e1rio aprova a 2\u00aa das 9 propostas do novo marco regulat\u00f3rio da minera\u00e7\u00e3o, fruto do nosso trabalho da Com. Externa Desastre de Brumadinho. O PL cria a Pol\u00edtica Nacional de Direitos das Popula\u00e7\u00f5es Atingidas por Barragens, c\/ centralidade no sofrimento das v\u00edtimas.<\/p>\n<p>&mdash; \u00c1urea Carolina (@aureacarolinax) <a href=\"https:\/\/twitter.com\/aureacarolinax\/status\/1143681166702198789?ref_src=twsrc%5Etfw\">June 26, 2019<\/a><\/p><\/blockquote>\n<p><script async src=\"https:\/\/platform.twitter.com\/widgets.js\" charset=\"utf-8\"><\/script><\/p>\n<p>J\u00e1 o outro estipula regras mais r\u00edgidas para a <a href=\"http:\/\/psol50.org.br\/inc\/uploads\/2019\/06\/PL-2791-2019-pol\u00edtica-nacional-de-barragens.pdf\">Pol\u00edtica Nacional de Seguran\u00e7a de Barragens<\/a>. Os 3 projetos agora devem ser apreciados pelo Senado Federal antes de serem encaminhados para san\u00e7\u00e3o do governo.<\/p>\n<blockquote class=\"twitter-tweet\" data-width=\"550\" data-dnt=\"true\">\n<p lang=\"pt\" dir=\"ltr\">P\/ FECHAR BEM O DIA! \ud83d\ude4f\ud83c\udffePlen\u00e1rio da C\u00e2mara aprovou a 3\u00aa das 9 propostas do novo marco regulat\u00f3rio da minera\u00e7\u00e3o, fruto do nosso trabalho da Com. Ext. Desastre de Brumadinho. O PL altera a Pol\u00edtica Nacional de Seguran\u00e7a de Barragens, incluindo o Plano de Seguran\u00e7a de Barragens.<\/p>\n<p>&mdash; \u00c1urea Carolina (@aureacarolinax) <a href=\"https:\/\/twitter.com\/aureacarolinax\/status\/1143693453362171904?ref_src=twsrc%5Etfw\">June 26, 2019<\/a><\/p><\/blockquote>\n<p><script async src=\"https:\/\/platform.twitter.com\/widgets.js\" charset=\"utf-8\"><\/script><\/p>\n","protected":false},"excerpt":{"rendered":"<p>O plen\u00e1rio da C\u00e2mara dos Deputados aprovou, na \u00faltima ter\u00e7a-feira (25), 3 projetos de lei que fazem parte das proposi\u00e7\u00f5es para um novo Marco Regulat\u00f3rio da minera\u00e7\u00e3o para o pa\u00eds. Entre mar\u00e7o e maio funcionou a Comiss\u00e3o Externa da C\u00e2mara dos Deputados sobre o Desastre de Brumadinho (MG), que contou com a presen\u00e7a da deputada [&hellip;]<\/p>\n","protected":false},"author":2,"featured_media":25464,"comment_status":"closed","ping_status":"open","sticky":false,"template":"","format":"standard","meta":{"_acf_changed":false,"footnotes":""},"categories":[6],"tags":[29,1390,120,163,1891,1872,44],"class_list":{"0":"post-25628","1":"post","2":"type-post","3":"status-publish","4":"format-standard","5":"has-post-thumbnail","7":"category-noticias","8":"tag-aurea-carolina","9":"tag-barragem","10":"tag-brumadinho","11":"tag-camara","12":"tag-desastre-ambiental","13":"tag-mariana","14":"tag-meio-ambiente"},"acf":[],"yoast_head":"<!-- This site is optimized with the Yoast SEO plugin v26.5 - https:\/\/yoast.com\/wordpress\/plugins\/seo\/ -->\n<title>Propostas para marco regulat\u00f3rio da minera\u00e7\u00e3o s\u00e3o aprovadas na C\u00e2mara - PSOL 50<\/title>\n<meta name=\"description\" content=\"Medidas como a tipifica\u00e7\u00e3o do ecoc\u00eddio sa\u00edram de comiss\u00e3o com participa\u00e7\u00e3o de \u00c1urea Carolina\" \/>\n<meta name=\"robots\" content=\"index, follow, max-snippet:-1, max-image-preview:large, max-video-preview:-1\" \/>\n<link rel=\"canonical\" href=\"https:\/\/psol50.org.br\/propostas-para-marco-regulatorio-da-mineracao-sao-aprovadas-na-camara\/\" \/>\n<meta property=\"og:locale\" content=\"pt_BR\" \/>\n<meta property=\"og:type\" content=\"article\" \/>\n<meta property=\"og:title\" content=\"VIT\u00d3RIA! Propostas para marco regulat\u00f3rio da minera\u00e7\u00e3o s\u00e3o aprovadas na C\u00e2mara\" \/>\n<meta property=\"og:description\" content=\"Medidas como a tipifica\u00e7\u00e3o do ecoc\u00eddio sa\u00edram de comiss\u00e3o com participa\u00e7\u00e3o de \u00c1urea Carolina\" \/>\n<meta property=\"og:url\" content=\"https:\/\/psol50.org.br\/propostas-para-marco-regulatorio-da-mineracao-sao-aprovadas-na-camara\/\" \/>\n<meta property=\"og:site_name\" content=\"PSOL 50\" \/>\n<meta property=\"article:publisher\" content=\"https:\/\/www.facebook.com\/psol50\" \/>\n<meta property=\"article:published_time\" content=\"2019-06-26T17:49:23+00:00\" \/>\n<meta property=\"og:image\" content=\"https:\/\/psol50.org.br\/inc\/uploads\/2019\/06\/Rompimento_de_Barragem_em_Mariana_MG_2015_3.jpg\" \/>\n\t<meta property=\"og:image:width\" content=\"800\" \/>\n\t<meta property=\"og:image:height\" content=\"481\" \/>\n\t<meta property=\"og:image:type\" content=\"image\/jpeg\" \/>\n<meta name=\"author\" content=\"Comunica\u00e7\u00e3o PSOL\" \/>\n<meta name=\"twitter:card\" content=\"summary_large_image\" \/>\n<meta name=\"twitter:title\" content=\"VIT\u00d3RIA! Propostas para marco regulat\u00f3rio da minera\u00e7\u00e3o s\u00e3o aprovadas na C\u00e2mara\" \/>\n<meta name=\"twitter:description\" content=\"Medidas como a tipifica\u00e7\u00e3o do ecoc\u00eddio sa\u00edram de comiss\u00e3o com participa\u00e7\u00e3o de \u00c1urea Carolina\" \/>\n<meta name=\"twitter:image\" content=\"https:\/\/psol50.org.br\/inc\/uploads\/2019\/06\/Rompimento_de_Barragem_em_Mariana_MG_2015_3.jpg\" \/>\n<meta name=\"twitter:creator\" content=\"@psol50\" \/>\n<meta name=\"twitter:site\" content=\"@psol50\" \/>\n<meta name=\"twitter:label1\" content=\"Escrito por\" \/>\n\t<meta name=\"twitter:data1\" content=\"Comunica\u00e7\u00e3o PSOL\" \/>\n\t<meta name=\"twitter:label2\" content=\"Est. tempo de leitura\" \/>\n\t<meta name=\"twitter:data2\" content=\"1 minuto\" \/>\n<script type=\"application\/ld+json\" class=\"yoast-schema-graph\">{\"@context\":\"https:\/\/schema.org\",\"@graph\":[{\"@type\":\"Article\",\"@id\":\"https:\/\/psol50.org.br\/propostas-para-marco-regulatorio-da-mineracao-sao-aprovadas-na-camara\/#article\",\"isPartOf\":{\"@id\":\"https:\/\/psol50.org.br\/propostas-para-marco-regulatorio-da-mineracao-sao-aprovadas-na-camara\/\"},\"author\":{\"name\":\"Comunica\u00e7\u00e3o PSOL\",\"@id\":\"https:\/\/psol50.org.br\/#\/schema\/person\/475dfa57d0b815993c714c2e96491fcd\"},\"headline\":\"Propostas para marco regulat\u00f3rio da minera\u00e7\u00e3o s\u00e3o aprovadas na C\u00e2mara\",\"datePublished\":\"2019-06-26T17:49:23+00:00\",\"mainEntityOfPage\":{\"@id\":\"https:\/\/psol50.org.br\/propostas-para-marco-regulatorio-da-mineracao-sao-aprovadas-na-camara\/\"},\"wordCount\":263,\"publisher\":{\"@id\":\"https:\/\/psol50.org.br\/#organization\"},\"image\":{\"@id\":\"https:\/\/psol50.org.br\/propostas-para-marco-regulatorio-da-mineracao-sao-aprovadas-na-camara\/#primaryimage\"},\"thumbnailUrl\":\"https:\/\/psol50.org.br\/inc\/uploads\/2019\/06\/Rompimento_de_Barragem_em_Mariana_MG_2015_3.jpg\",\"keywords\":[\"\u00c1urea Carolina\",\"Barragem\",\"Brumadinho\",\"c\u00e2mara\",\"desastre ambiental\",\"Mariana\",\"meio ambiente\"],\"articleSection\":[\"Not\u00edcias\"],\"inLanguage\":\"pt-BR\"},{\"@type\":\"WebPage\",\"@id\":\"https:\/\/psol50.org.br\/propostas-para-marco-regulatorio-da-mineracao-sao-aprovadas-na-camara\/\",\"url\":\"https:\/\/psol50.org.br\/propostas-para-marco-regulatorio-da-mineracao-sao-aprovadas-na-camara\/\",\"name\":\"Propostas para marco regulat\u00f3rio da minera\u00e7\u00e3o s\u00e3o aprovadas na C\u00e2mara - PSOL 50\",\"isPartOf\":{\"@id\":\"https:\/\/psol50.org.br\/#website\"},\"primaryImageOfPage\":{\"@id\":\"https:\/\/psol50.org.br\/propostas-para-marco-regulatorio-da-mineracao-sao-aprovadas-na-camara\/#primaryimage\"},\"image\":{\"@id\":\"https:\/\/psol50.org.br\/propostas-para-marco-regulatorio-da-mineracao-sao-aprovadas-na-camara\/#primaryimage\"},\"thumbnailUrl\":\"https:\/\/psol50.org.br\/inc\/uploads\/2019\/06\/Rompimento_de_Barragem_em_Mariana_MG_2015_3.jpg\",\"datePublished\":\"2019-06-26T17:49:23+00:00\",\"description\":\"Medidas como a tipifica\u00e7\u00e3o do ecoc\u00eddio sa\u00edram de comiss\u00e3o com participa\u00e7\u00e3o de \u00c1urea Carolina\",\"breadcrumb\":{\"@id\":\"https:\/\/psol50.org.br\/propostas-para-marco-regulatorio-da-mineracao-sao-aprovadas-na-camara\/#breadcrumb\"},\"inLanguage\":\"pt-BR\",\"potentialAction\":[{\"@type\":\"ReadAction\",\"target\":[\"https:\/\/psol50.org.br\/propostas-para-marco-regulatorio-da-mineracao-sao-aprovadas-na-camara\/\"]}]},{\"@type\":\"ImageObject\",\"inLanguage\":\"pt-BR\",\"@id\":\"https:\/\/psol50.org.br\/propostas-para-marco-regulatorio-da-mineracao-sao-aprovadas-na-camara\/#primaryimage\",\"url\":\"https:\/\/psol50.org.br\/inc\/uploads\/2019\/06\/Rompimento_de_Barragem_em_Mariana_MG_2015_3.jpg\",\"contentUrl\":\"https:\/\/psol50.org.br\/inc\/uploads\/2019\/06\/Rompimento_de_Barragem_em_Mariana_MG_2015_3.jpg\",\"width\":800,\"height\":481,\"caption\":\"Antonio Cruz\/Ag\u00eancia Brasil\"},{\"@type\":\"BreadcrumbList\",\"@id\":\"https:\/\/psol50.org.br\/propostas-para-marco-regulatorio-da-mineracao-sao-aprovadas-na-camara\/#breadcrumb\",\"itemListElement\":[{\"@type\":\"ListItem\",\"position\":1,\"name\":\"In\u00edcio\",\"item\":\"https:\/\/psol50.org.br\/\"},{\"@type\":\"ListItem\",\"position\":2,\"name\":\"Propostas para marco regulat\u00f3rio da minera\u00e7\u00e3o s\u00e3o aprovadas na C\u00e2mara\"}]},{\"@type\":\"WebSite\",\"@id\":\"https:\/\/psol50.org.br\/#website\",\"url\":\"https:\/\/psol50.org.br\/\",\"name\":\"PSOL 50\",\"description\":\"Site oficial do Partido Socialismo e Liberdade\",\"publisher\":{\"@id\":\"https:\/\/psol50.org.br\/#organization\"},\"alternateName\":\"PSOL50\",\"potentialAction\":[{\"@type\":\"SearchAction\",\"target\":{\"@type\":\"EntryPoint\",\"urlTemplate\":\"https:\/\/psol50.org.br\/?s={search_term_string}\"},\"query-input\":{\"@type\":\"PropertyValueSpecification\",\"valueRequired\":true,\"valueName\":\"search_term_string\"}}],\"inLanguage\":\"pt-BR\"},{\"@type\":\"Organization\",\"@id\":\"https:\/\/psol50.org.br\/#organization\",\"name\":\"PSOL 50\",\"alternateName\":\"PSOL 50\",\"url\":\"https:\/\/psol50.org.br\/\",\"logo\":{\"@type\":\"ImageObject\",\"inLanguage\":\"pt-BR\",\"@id\":\"https:\/\/psol50.org.br\/#\/schema\/logo\/image\/\",\"url\":\"https:\/\/psol50.org.br\/inc\/uploads\/2018\/07\/capa.png\",\"contentUrl\":\"https:\/\/psol50.org.br\/inc\/uploads\/2018\/07\/capa.png\",\"width\":1350,\"height\":900,\"caption\":\"PSOL 50\"},\"image\":{\"@id\":\"https:\/\/psol50.org.br\/#\/schema\/logo\/image\/\"},\"sameAs\":[\"https:\/\/www.facebook.com\/psol50\",\"https:\/\/x.com\/psol50\",\"https:\/\/www.instagram.com\/psol50\/\",\"https:\/\/www.youtube.com\/channel\/UC7SnJS5o1os7a6CaiNabzcg\"]},{\"@type\":\"Person\",\"@id\":\"https:\/\/psol50.org.br\/#\/schema\/person\/475dfa57d0b815993c714c2e96491fcd\",\"name\":\"Comunica\u00e7\u00e3o PSOL\",\"image\":{\"@type\":\"ImageObject\",\"inLanguage\":\"pt-BR\",\"@id\":\"https:\/\/psol50.org.br\/#\/schema\/person\/image\/\",\"url\":\"https:\/\/secure.gravatar.com\/avatar\/b34fc4f4e468a4e51785917065a3db57b841f5c95dba6ad8c73aaf8f66f8f9bf?s=96&d=mm&r=g\",\"contentUrl\":\"https:\/\/secure.gravatar.com\/avatar\/b34fc4f4e468a4e51785917065a3db57b841f5c95dba6ad8c73aaf8f66f8f9bf?s=96&d=mm&r=g\",\"caption\":\"Comunica\u00e7\u00e3o PSOL\"}}]}<\/script>\n<!-- \/ Yoast SEO plugin. -->","yoast_head_json":{"title":"Propostas para marco regulat\u00f3rio da minera\u00e7\u00e3o s\u00e3o aprovadas na C\u00e2mara - PSOL 50","description":"Medidas como a tipifica\u00e7\u00e3o do ecoc\u00eddio sa\u00edram de comiss\u00e3o com participa\u00e7\u00e3o de \u00c1urea Carolina","robots":{"index":"index","follow":"follow","max-snippet":"max-snippet:-1","max-image-preview":"max-image-preview:large","max-video-preview":"max-video-preview:-1"},"canonical":"https:\/\/psol50.org.br\/propostas-para-marco-regulatorio-da-mineracao-sao-aprovadas-na-camara\/","og_locale":"pt_BR","og_type":"article","og_title":"VIT\u00d3RIA! Propostas para marco regulat\u00f3rio da minera\u00e7\u00e3o s\u00e3o aprovadas na C\u00e2mara","og_description":"Medidas como a tipifica\u00e7\u00e3o do ecoc\u00eddio sa\u00edram de comiss\u00e3o com participa\u00e7\u00e3o de \u00c1urea Carolina","og_url":"https:\/\/psol50.org.br\/propostas-para-marco-regulatorio-da-mineracao-sao-aprovadas-na-camara\/","og_site_name":"PSOL 50","article_publisher":"https:\/\/www.facebook.com\/psol50","article_published_time":"2019-06-26T17:49:23+00:00","og_image":[{"width":800,"height":481,"url":"https:\/\/psol50.org.br\/inc\/uploads\/2019\/06\/Rompimento_de_Barragem_em_Mariana_MG_2015_3.jpg","type":"image\/jpeg"}],"author":"Comunica\u00e7\u00e3o PSOL","twitter_card":"summary_large_image","twitter_title":"VIT\u00d3RIA! Propostas para marco regulat\u00f3rio da minera\u00e7\u00e3o s\u00e3o aprovadas na C\u00e2mara","twitter_description":"Medidas como a tipifica\u00e7\u00e3o do ecoc\u00eddio sa\u00edram de comiss\u00e3o com participa\u00e7\u00e3o de \u00c1urea Carolina","twitter_image":"https:\/\/psol50.org.br\/inc\/uploads\/2019\/06\/Rompimento_de_Barragem_em_Mariana_MG_2015_3.jpg","twitter_creator":"@psol50","twitter_site":"@psol50","twitter_misc":{"Escrito por":"Comunica\u00e7\u00e3o PSOL","Est. tempo de leitura":"1 minuto"},"schema":{"@context":"https:\/\/schema.org","@graph":[{"@type":"Article","@id":"https:\/\/psol50.org.br\/propostas-para-marco-regulatorio-da-mineracao-sao-aprovadas-na-camara\/#article","isPartOf":{"@id":"https:\/\/psol50.org.br\/propostas-para-marco-regulatorio-da-mineracao-sao-aprovadas-na-camara\/"},"author":{"name":"Comunica\u00e7\u00e3o PSOL","@id":"https:\/\/psol50.org.br\/#\/schema\/person\/475dfa57d0b815993c714c2e96491fcd"},"headline":"Propostas para marco regulat\u00f3rio da minera\u00e7\u00e3o s\u00e3o aprovadas na C\u00e2mara","datePublished":"2019-06-26T17:49:23+00:00","mainEntityOfPage":{"@id":"https:\/\/psol50.org.br\/propostas-para-marco-regulatorio-da-mineracao-sao-aprovadas-na-camara\/"},"wordCount":263,"publisher":{"@id":"https:\/\/psol50.org.br\/#organization"},"image":{"@id":"https:\/\/psol50.org.br\/propostas-para-marco-regulatorio-da-mineracao-sao-aprovadas-na-camara\/#primaryimage"},"thumbnailUrl":"https:\/\/psol50.org.br\/inc\/uploads\/2019\/06\/Rompimento_de_Barragem_em_Mariana_MG_2015_3.jpg","keywords":["\u00c1urea Carolina","Barragem","Brumadinho","c\u00e2mara","desastre ambiental","Mariana","meio ambiente"],"articleSection":["Not\u00edcias"],"inLanguage":"pt-BR"},{"@type":"WebPage","@id":"https:\/\/psol50.org.br\/propostas-para-marco-regulatorio-da-mineracao-sao-aprovadas-na-camara\/","url":"https:\/\/psol50.org.br\/propostas-para-marco-regulatorio-da-mineracao-sao-aprovadas-na-camara\/","name":"Propostas para marco regulat\u00f3rio da minera\u00e7\u00e3o s\u00e3o aprovadas na C\u00e2mara - PSOL 50","isPartOf":{"@id":"https:\/\/psol50.org.br\/#website"},"primaryImageOfPage":{"@id":"https:\/\/psol50.org.br\/propostas-para-marco-regulatorio-da-mineracao-sao-aprovadas-na-camara\/#primaryimage"},"image":{"@id":"https:\/\/psol50.org.br\/propostas-para-marco-regulatorio-da-mineracao-sao-aprovadas-na-camara\/#primaryimage"},"thumbnailUrl":"https:\/\/psol50.org.br\/inc\/uploads\/2019\/06\/Rompimento_de_Barragem_em_Mariana_MG_2015_3.jpg","datePublished":"2019-06-26T17:49:23+00:00","description":"Medidas como a tipifica\u00e7\u00e3o do ecoc\u00eddio sa\u00edram de comiss\u00e3o com participa\u00e7\u00e3o de \u00c1urea Carolina","breadcrumb":{"@id":"https:\/\/psol50.org.br\/propostas-para-marco-regulatorio-da-mineracao-sao-aprovadas-na-camara\/#breadcrumb"},"inLanguage":"pt-BR","potentialAction":[{"@type":"ReadAction","target":["https:\/\/psol50.org.br\/propostas-para-marco-regulatorio-da-mineracao-sao-aprovadas-na-camara\/"]}]},{"@type":"ImageObject","inLanguage":"pt-BR","@id":"https:\/\/psol50.org.br\/propostas-para-marco-regulatorio-da-mineracao-sao-aprovadas-na-camara\/#primaryimage","url":"https:\/\/psol50.org.br\/inc\/uploads\/2019\/06\/Rompimento_de_Barragem_em_Mariana_MG_2015_3.jpg","contentUrl":"https:\/\/psol50.org.br\/inc\/uploads\/2019\/06\/Rompimento_de_Barragem_em_Mariana_MG_2015_3.jpg","width":800,"height":481,"caption":"Antonio Cruz\/Ag\u00eancia Brasil"},{"@type":"BreadcrumbList","@id":"https:\/\/psol50.org.br\/propostas-para-marco-regulatorio-da-mineracao-sao-aprovadas-na-camara\/#breadcrumb","itemListElement":[{"@type":"ListItem","position":1,"name":"In\u00edcio","item":"https:\/\/psol50.org.br\/"},{"@type":"ListItem","position":2,"name":"Propostas para marco regulat\u00f3rio da minera\u00e7\u00e3o s\u00e3o aprovadas na C\u00e2mara"}]},{"@type":"WebSite","@id":"https:\/\/psol50.org.br\/#website","url":"https:\/\/psol50.org.br\/","name":"PSOL 50","description":"Site oficial do Partido Socialismo e Liberdade","publisher":{"@id":"https:\/\/psol50.org.br\/#organization"},"alternateName":"PSOL50","potentialAction":[{"@type":"SearchAction","target":{"@type":"EntryPoint","urlTemplate":"https:\/\/psol50.org.br\/?s={search_term_string}"},"query-input":{"@type":"PropertyValueSpecification","valueRequired":true,"valueName":"search_term_string"}}],"inLanguage":"pt-BR"},{"@type":"Organization","@id":"https:\/\/psol50.org.br\/#organization","name":"PSOL 50","alternateName":"PSOL 50","url":"https:\/\/psol50.org.br\/","logo":{"@type":"ImageObject","inLanguage":"pt-BR","@id":"https:\/\/psol50.org.br\/#\/schema\/logo\/image\/","url":"https:\/\/psol50.org.br\/inc\/uploads\/2018\/07\/capa.png","contentUrl":"https:\/\/psol50.org.br\/inc\/uploads\/2018\/07\/capa.png","width":1350,"height":900,"caption":"PSOL 50"},"image":{"@id":"https:\/\/psol50.org.br\/#\/schema\/logo\/image\/"},"sameAs":["https:\/\/www.facebook.com\/psol50","https:\/\/x.com\/psol50","https:\/\/www.instagram.com\/psol50\/","https:\/\/www.youtube.com\/channel\/UC7SnJS5o1os7a6CaiNabzcg"]},{"@type":"Person","@id":"https:\/\/psol50.org.br\/#\/schema\/person\/475dfa57d0b815993c714c2e96491fcd","name":"Comunica\u00e7\u00e3o PSOL","image":{"@type":"ImageObject","inLanguage":"pt-BR","@id":"https:\/\/psol50.org.br\/#\/schema\/person\/image\/","url":"https:\/\/secure.gravatar.com\/avatar\/b34fc4f4e468a4e51785917065a3db57b841f5c95dba6ad8c73aaf8f66f8f9bf?s=96&d=mm&r=g","contentUrl":"https:\/\/secure.gravatar.com\/avatar\/b34fc4f4e468a4e51785917065a3db57b841f5c95dba6ad8c73aaf8f66f8f9bf?s=96&d=mm&r=g","caption":"Comunica\u00e7\u00e3o PSOL"}}]}},"_links":{"self":[{"href":"https:\/\/psol50.org.br\/rest\/wp\/v2\/posts\/25628","targetHints":{"allow":["GET"]}}],"collection":[{"href":"https:\/\/psol50.org.br\/rest\/wp\/v2\/posts"}],"about":[{"href":"https:\/\/psol50.org.br\/rest\/wp\/v2\/types\/post"}],"author":[{"embeddable":true,"href":"https:\/\/psol50.org.br\/rest\/wp\/v2\/users\/2"}],"replies":[{"embeddable":true,"href":"https:\/\/psol50.org.br\/rest\/wp\/v2\/comments?post=25628"}],"version-history":[{"count":0,"href":"https:\/\/psol50.org.br\/rest\/wp\/v2\/posts\/25628\/revisions"}],"wp:featuredmedia":[{"embeddable":true,"href":"https:\/\/psol50.org.br\/rest\/wp\/v2\/media\/25464"}],"wp:attachment":[{"href":"https:\/\/psol50.org.br\/rest\/wp\/v2\/media?parent=25628"}],"wp:term":[{"taxonomy":"category","embeddable":true,"href":"https:\/\/psol50.org.br\/rest\/wp\/v2\/categories?post=25628"},{"taxonomy":"post_tag","embeddable":true,"href":"https:\/\/psol50.org.br\/rest\/wp\/v2\/tags?post=25628"}],"curies":[{"name":"wp","href":"https:\/\/api.w.org\/{rel}","templated":true}]}}