{"id":2565,"date":"2014-02-07T00:00:00","date_gmt":"2014-02-07T21:08:33","guid":{"rendered":"http:\/\/psol50.org.br\/arquivo\/2014\/02\/07\/executiva-do-psol-debate-conjuntura-organizacao-e-define-linhas-para-o-programa-de-governo\/"},"modified":"2014-02-07T00:00:00","modified_gmt":"2014-02-07T21:08:33","slug":"executiva-do-psol-debate-conjuntura-organizacao-e-define-linhas-para-o-programa-de-governo","status":"publish","type":"post","link":"https:\/\/psol50.org.br\/executiva-do-psol-debate-conjuntura-organizacao-e-define-linhas-para-o-programa-de-governo\/","title":{"rendered":"Executiva do PSOL debate conjuntura, organiza\u00e7\u00e3o e define linhas para o programa de governo"},"content":{"rendered":"<p style=\"margin-bottom: 0cm; text-align: justify;\">\n\t<font face=\"Arial, sans-serif\"><i><span style=\"background: transparent\">Dirigentes se reuniram nesta sexta-feira, em Bras\u00edlia, na primeira reuni\u00e3o desde o 4\u00ba Congresso Nacional, realizado em dezembro \u00faltimo<\/span><\/i><\/font><\/p>\n<p>\t<font face=\"Arial, sans-serif\"><span style=\"background: transparent\"><em>Leonor Costa, do site do PSOL Nacional<\/em><\/p>\n<p>\tA agenda de trabalho do PSOL em 2014 ser\u00e1 bastante intensa, no que depender da Executiva Nacional eleita no 4\u00ba Congresso Nacional do partido, realizado em dezembro. O ano mal come\u00e7ou e os novos dirigentes do partido j\u00e1 definiram, em reuni\u00e3o nesta sexta-feira (07), em Bras\u00edlia, uma s\u00e9rie de a\u00e7\u00f5es que ser\u00e3o realizadas no primeiro semestre deste ano. O encontro de hoje, coordenado pelo presidente nacional Luiz Ara\u00fajo, fez uma avalia\u00e7\u00e3o do programa pol\u00edtico gratuito exibido nesta quinta-feira (06) em cadeia nacional de r\u00e1dio e TV, debateu a conjuntura nacional, definiu a metodologia do processo de elabora\u00e7\u00e3o do programa de governo que ser\u00e1 apresentado ao pa\u00eds nas elei\u00e7\u00f5es deste ano e tratou do funcionamento interno da Executiva Nacional do partido.<\/span><\/font><\/p>\n<p>\t<font face=\"Arial, sans-serif\"><span style=\"background: transparent\">Em rela\u00e7\u00e3o \u00e0 conjuntura, depois de um amplo debate que tomou como base as linhas gerais da resolu\u00e7\u00e3o aprovada no 4\u00ba Congresso Nacional, foi criada uma comiss\u00e3o para elaborar um texto que reflita o debate feito nesta primeira reuni\u00e3o da Executiva. O documento expressar\u00e1 a cr\u00edtica do PSOL \u00e0 pol\u00edtica econ\u00f4mica do governo Dilma, a den\u00fancia da criminaliza\u00e7\u00e3o dos movimentos sociais por parte das pol\u00edcias e o apoio \u00e0s manifesta\u00e7\u00f5es que j\u00e1 tomam as ruas do pa\u00eds e \u00e0s greves das diversas categorias de trabalhadores.<\/span><\/font><\/p>\n<p>\t<font face=\"Arial, sans-serif\"><span style=\"background: transparent\">As discuss\u00f5es tamb\u00e9m apontaram alguns dos principais eixos que devem constar do programa de governo do PSOL para as elei\u00e7\u00f5es de outubro. Os membros da Executiva aprovaram ainda um calend\u00e1rio de semin\u00e1rios tem\u00e1ticos, que ocorrer\u00e1 no per\u00edodo de mar\u00e7o a maio, visando \u00e0 elabora\u00e7\u00e3o do programa. A ideia, segundo o presidente do PSOL, Luiz Ara\u00fajo, \u00e9 transformar a formula\u00e7\u00e3o do programa em uma a\u00e7\u00e3o que realize um duplo movimento: dialogar com setores sociais insatisfeitos com as pol\u00edticas atuais do governo e apresentar uma alternativa de esquerda articulada e coerente. &#8220;Precisamos de um programa que seja audacioso e se proponha a enfrentar as bases da pol\u00edtica vigente&#8221;.<\/span><\/font><\/p>\n<p>\t<font face=\"Arial, sans-serif\"><span style=\"background: transparent\">Pela proposta de metodologia, os temas a serem abordados nos semin\u00e1rios, que ter\u00e3o a presen\u00e7a de militantes do partido e de outras organiza\u00e7\u00f5es do campo da esquerda, al\u00e9m de acad\u00eamicos, s\u00e3o: pol\u00edtica econ\u00f4mica e modelo de desenvolvimento; meio ambiente; mobilidade urbana; sa\u00fade e saneamento; educa\u00e7\u00e3o e cultura; reforma agr\u00e1ria e pol\u00edtica agr\u00edcola; seguran\u00e7a p\u00fablica; direitos humanos e pol\u00edtica de g\u00eanero; democracia, participa\u00e7\u00e3o popular e democratiza\u00e7\u00e3o da comunica\u00e7\u00e3o; trabalho e emprego; e direito \u00e0 cidade e \u00e0s pol\u00edticas urbanas (habita\u00e7\u00e3o, saneamento, reforma urbana, etc). As cidades que inicialmente ser\u00e3o sedes dos debates s\u00e3o Porto Alegre, S\u00e3o Paulo, Rio de Janeiro, Belo Horizonte, Curitiba, Bras\u00edlia, Salvador, Fortaleza, Recife, Bel\u00e9m e Macap\u00e1, mas outras podem entrar no roteiro ao longo do processo. Uma comiss\u00e3o, formanda na reuni\u00e3o de hoje, ser\u00e1 respons\u00e1vel por encaminhar a organiza\u00e7\u00e3o dos semin\u00e1rios.<\/span><\/font><\/p>\n<p>\t<font face=\"Arial, sans-serif\"><span style=\"background: transparent\">Ainda em rela\u00e7\u00e3o ao processo eleitoral, a Executiva tamb\u00e9m discutiu como ser\u00e1 o di\u00e1logo com os partidos PSTU e PCB, visando \u00e0 forma\u00e7\u00e3o da Frente de Esquerda. As reuni\u00f5es com as duas legendas j\u00e1 est\u00e3o sendo agendadas e devem ocorrer ainda neste m\u00eas de fevereiro.<\/span><\/font><\/p>\n<p>\t<font face=\"Arial, sans-serif\"><b><span style=\"background: transparent\">F\u00f3rum Social Pan-Amaz\u00f4nico e 30 anos do MST<\/span><\/b><\/font><br \/>\n\t<font face=\"Arial, sans-serif\"><span style=\"background: transparent\">Nos dias 28, 29 e 30 de maio Macap\u00e1-AP ser\u00e1 sede do VII F\u00f3rum Social Pan-Amaz\u00f4nico (FSPA), evento que tem como objetivo articular os movimentos sociais, comunidades tradicionais e povos originais dos nove pa\u00edses da Bacia Amaz\u00f4nica (Brasil, Equador, Venezuela, Bol\u00edvia, Republica Cooperativa das Guianas, Suriname, Col\u00f4mbia, Peru e Guiana). O F\u00f3rum tem tamb\u00e9m o desafio de aproximar culturas, quebrar o isolamento das lutas de resist\u00eancia, fortalecer o combate anti-imperialista, desenvolver a autonomia dos povos, buscar a promo\u00e7\u00e3o da justi\u00e7a social e ambiental, se opor aos modelos de desenvolvimento predat\u00f3rios e daninhos aos povos que vivem na Pan-Amaz\u00f4nia e discutir alternativas que construam a justi\u00e7a e a igualdade social.<\/span><\/font><\/p>\n<p>\t<font face=\"Arial, sans-serif\"><span style=\"background: transparent\">Atenta a esse calend\u00e1rio, a Executiva do PSOL aprovou, na reuni\u00e3o desta sexta-feira, participar do F\u00f3rum em Macap\u00e1 e tamb\u00e9m orientar a milit\u00e2ncia da regi\u00e3o a se engajar no processo que culminar\u00e1 nos tr\u00eas dias de debates e trocas de experi\u00eancias. A sugest\u00e3o \u00e9 que os militantes da regi\u00e3o Norte, al\u00e9m de marcarem presen\u00e7a no F\u00f3rum, tamb\u00e9m participem do processo organizativo. O FSPA \u00e9 um espa\u00e7o aut\u00f4nomo e independente composto por movimentos, organiza\u00e7\u00f5es sociais, representa\u00e7\u00f5es de povos e comunidades.<\/span><\/font><\/p>\n<p>\t<font face=\"Arial, sans-serif\"><span style=\"background: transparent\">Ainda como parte da articula\u00e7\u00e3o com os movimentos sociais, o PSOL marcar\u00e1 presen\u00e7a no 6\u00ba Congresso Nacional do MST &#8211; &#8220;Lutar, construir a reforma popular&#8221;, que ser\u00e1 realizado de 10 a 14 de fevereiro, em Bras\u00edlia. A expectativa do movimento \u00e9 reunir cerca de 16 mil delegados e delegadas, dos 23 estados brasileiros e 250 convidados internacionais. O senador Randolfe Rodrigues, pr\u00e9-candidato \u00e0 Presid\u00eancia da Rep\u00fablica pelo PSOL, deve ir \u00e0 abertura do 6\u00ba Congresso, marcada para a noite de segunda-feira (10). A Executiva do PSOL aprovou, ainda, levar sua sauda\u00e7\u00e3o aos trabalhadores rurais sem terra pelos 30 anos de luta e resist\u00eancia pela reforma agr\u00e1ria no pa\u00eds.<\/span><\/font><\/p>\n<p>\t<font face=\"Arial, sans-serif\"><b><span style=\"background: transparent\">Encontro Nacional de Mulheres do PSOL<\/span><\/b><\/font><br \/>\n\t<font face=\"Arial, sans-serif\"><span style=\"background: transparent\">O Setorial de Mulheres do PSOL j\u00e1 est\u00e1 iniciando os preparativos do 3\u00ba Encontro Nacional de Mulheres do PSOL, previsto para ocorrer de 18 a 20 de abril deste ano. A expectativa, segundo Luciete Silva, da Executiva Nacional e tamb\u00e9m do Setorial de Mulheres, \u00e9 mobilizar cerca de mil militantes mulheres em todo o pa\u00eds no processo preparat\u00f3rio do encontro. Aproximadamente 250 delegadas ser\u00e3o eleitas, para o evento nacional, nas etapas estaduais, que devem ser realizadas de 1\u00ba de mar\u00e7o a 6 de abril.<\/span><\/font><\/p>\n<p style=\"margin-bottom: 0cm\">\n\t&nbsp;<\/p>\n","protected":false},"excerpt":{"rendered":"<p>Dirigentes se reuniram nesta sexta-feira, em Bras\u00edlia, na primeira reuni\u00e3o desde o 4\u00ba Congresso Nacional, realizado em dezembro \u00faltimo Leonor Costa, do site do PSOL Nacional A agenda de trabalho do PSOL em 2014 ser\u00e1 bastante intensa, no que depender da Executiva Nacional eleita no 4\u00ba Congresso Nacional do partido, realizado em dezembro. O ano [&hellip;]<\/p>\n","protected":false},"author":2,"featured_media":0,"comment_status":"open","ping_status":"open","sticky":false,"template":"","format":"standard","meta":{"_acf_changed":false,"footnotes":""},"categories":[4766,6],"tags":[22],"class_list":{"0":"post-2565","1":"post","2":"type-post","3":"status-publish","4":"format-standard","6":"category-arquivo","7":"category-noticias","8":"tag-psol"},"acf":[],"yoast_head":"<!-- This site is optimized with the Yoast SEO plugin v26.5 - https:\/\/yoast.com\/wordpress\/plugins\/seo\/ -->\n<title>Executiva do PSOL debate conjuntura, organiza\u00e7\u00e3o e define linhas para o programa de governo - PSOL 50<\/title>\n<meta name=\"robots\" content=\"index, follow, max-snippet:-1, max-image-preview:large, max-video-preview:-1\" \/>\n<link rel=\"canonical\" href=\"https:\/\/psol50.org.br\/executiva-do-psol-debate-conjuntura-organizacao-e-define-linhas-para-o-programa-de-governo\/\" \/>\n<meta property=\"og:locale\" content=\"pt_BR\" \/>\n<meta property=\"og:type\" content=\"article\" \/>\n<meta property=\"og:title\" content=\"Executiva do PSOL debate conjuntura, organiza\u00e7\u00e3o e define linhas para o programa de governo - PSOL 50\" \/>\n<meta property=\"og:description\" content=\"Dirigentes se reuniram nesta sexta-feira, em Bras\u00edlia, na primeira reuni\u00e3o desde o 4\u00ba Congresso Nacional, realizado em dezembro \u00faltimo Leonor Costa, do site do PSOL Nacional A agenda de trabalho do PSOL em 2014 ser\u00e1 bastante intensa, no que depender da Executiva Nacional eleita no 4\u00ba Congresso Nacional do partido, realizado em dezembro. O ano [&hellip;]\" \/>\n<meta property=\"og:url\" content=\"https:\/\/psol50.org.br\/executiva-do-psol-debate-conjuntura-organizacao-e-define-linhas-para-o-programa-de-governo\/\" \/>\n<meta property=\"og:site_name\" content=\"PSOL 50\" \/>\n<meta property=\"article:publisher\" content=\"https:\/\/www.facebook.com\/psol50\" \/>\n<meta property=\"article:published_time\" content=\"2014-02-07T21:08:33+00:00\" \/>\n<meta property=\"og:image\" content=\"https:\/\/psol50.org.br\/inc\/uploads\/2018\/07\/capa.png\" \/>\n\t<meta property=\"og:image:width\" content=\"1350\" \/>\n\t<meta property=\"og:image:height\" content=\"900\" \/>\n\t<meta property=\"og:image:type\" content=\"image\/png\" \/>\n<meta name=\"author\" content=\"Comunica\u00e7\u00e3o PSOL\" \/>\n<meta name=\"twitter:card\" content=\"summary_large_image\" \/>\n<meta name=\"twitter:creator\" content=\"@psol50\" \/>\n<meta name=\"twitter:site\" content=\"@psol50\" \/>\n<meta name=\"twitter:label1\" content=\"Escrito por\" \/>\n\t<meta name=\"twitter:data1\" content=\"Comunica\u00e7\u00e3o PSOL\" \/>\n\t<meta name=\"twitter:label2\" content=\"Est. tempo de leitura\" \/>\n\t<meta name=\"twitter:data2\" content=\"5 minutos\" \/>\n<script type=\"application\/ld+json\" class=\"yoast-schema-graph\">{\"@context\":\"https:\/\/schema.org\",\"@graph\":[{\"@type\":\"Article\",\"@id\":\"https:\/\/psol50.org.br\/executiva-do-psol-debate-conjuntura-organizacao-e-define-linhas-para-o-programa-de-governo\/#article\",\"isPartOf\":{\"@id\":\"https:\/\/psol50.org.br\/executiva-do-psol-debate-conjuntura-organizacao-e-define-linhas-para-o-programa-de-governo\/\"},\"author\":{\"name\":\"Comunica\u00e7\u00e3o PSOL\",\"@id\":\"https:\/\/psol50.org.br\/#\/schema\/person\/475dfa57d0b815993c714c2e96491fcd\"},\"headline\":\"Executiva do PSOL debate conjuntura, organiza\u00e7\u00e3o e define linhas para o programa de governo\",\"datePublished\":\"2014-02-07T21:08:33+00:00\",\"mainEntityOfPage\":{\"@id\":\"https:\/\/psol50.org.br\/executiva-do-psol-debate-conjuntura-organizacao-e-define-linhas-para-o-programa-de-governo\/\"},\"wordCount\":1020,\"commentCount\":0,\"publisher\":{\"@id\":\"https:\/\/psol50.org.br\/#organization\"},\"keywords\":[\"PSOL\"],\"articleSection\":[\"Arquivo\",\"Not\u00edcias\"],\"inLanguage\":\"pt-BR\",\"potentialAction\":[{\"@type\":\"CommentAction\",\"name\":\"Comment\",\"target\":[\"https:\/\/psol50.org.br\/executiva-do-psol-debate-conjuntura-organizacao-e-define-linhas-para-o-programa-de-governo\/#respond\"]}]},{\"@type\":\"WebPage\",\"@id\":\"https:\/\/psol50.org.br\/executiva-do-psol-debate-conjuntura-organizacao-e-define-linhas-para-o-programa-de-governo\/\",\"url\":\"https:\/\/psol50.org.br\/executiva-do-psol-debate-conjuntura-organizacao-e-define-linhas-para-o-programa-de-governo\/\",\"name\":\"Executiva do PSOL debate conjuntura, organiza\u00e7\u00e3o e define linhas para o programa de governo - PSOL 50\",\"isPartOf\":{\"@id\":\"https:\/\/psol50.org.br\/#website\"},\"datePublished\":\"2014-02-07T21:08:33+00:00\",\"breadcrumb\":{\"@id\":\"https:\/\/psol50.org.br\/executiva-do-psol-debate-conjuntura-organizacao-e-define-linhas-para-o-programa-de-governo\/#breadcrumb\"},\"inLanguage\":\"pt-BR\",\"potentialAction\":[{\"@type\":\"ReadAction\",\"target\":[\"https:\/\/psol50.org.br\/executiva-do-psol-debate-conjuntura-organizacao-e-define-linhas-para-o-programa-de-governo\/\"]}]},{\"@type\":\"BreadcrumbList\",\"@id\":\"https:\/\/psol50.org.br\/executiva-do-psol-debate-conjuntura-organizacao-e-define-linhas-para-o-programa-de-governo\/#breadcrumb\",\"itemListElement\":[{\"@type\":\"ListItem\",\"position\":1,\"name\":\"In\u00edcio\",\"item\":\"https:\/\/psol50.org.br\/\"},{\"@type\":\"ListItem\",\"position\":2,\"name\":\"Executiva do PSOL debate conjuntura, organiza\u00e7\u00e3o e define linhas para o programa de governo\"}]},{\"@type\":\"WebSite\",\"@id\":\"https:\/\/psol50.org.br\/#website\",\"url\":\"https:\/\/psol50.org.br\/\",\"name\":\"PSOL 50\",\"description\":\"Site oficial do Partido Socialismo e Liberdade\",\"publisher\":{\"@id\":\"https:\/\/psol50.org.br\/#organization\"},\"alternateName\":\"PSOL50\",\"potentialAction\":[{\"@type\":\"SearchAction\",\"target\":{\"@type\":\"EntryPoint\",\"urlTemplate\":\"https:\/\/psol50.org.br\/?s={search_term_string}\"},\"query-input\":{\"@type\":\"PropertyValueSpecification\",\"valueRequired\":true,\"valueName\":\"search_term_string\"}}],\"inLanguage\":\"pt-BR\"},{\"@type\":\"Organization\",\"@id\":\"https:\/\/psol50.org.br\/#organization\",\"name\":\"PSOL 50\",\"alternateName\":\"PSOL 50\",\"url\":\"https:\/\/psol50.org.br\/\",\"logo\":{\"@type\":\"ImageObject\",\"inLanguage\":\"pt-BR\",\"@id\":\"https:\/\/psol50.org.br\/#\/schema\/logo\/image\/\",\"url\":\"https:\/\/psol50.org.br\/inc\/uploads\/2018\/07\/capa.png\",\"contentUrl\":\"https:\/\/psol50.org.br\/inc\/uploads\/2018\/07\/capa.png\",\"width\":1350,\"height\":900,\"caption\":\"PSOL 50\"},\"image\":{\"@id\":\"https:\/\/psol50.org.br\/#\/schema\/logo\/image\/\"},\"sameAs\":[\"https:\/\/www.facebook.com\/psol50\",\"https:\/\/x.com\/psol50\",\"https:\/\/www.instagram.com\/psol50\/\",\"https:\/\/www.youtube.com\/channel\/UC7SnJS5o1os7a6CaiNabzcg\"]},{\"@type\":\"Person\",\"@id\":\"https:\/\/psol50.org.br\/#\/schema\/person\/475dfa57d0b815993c714c2e96491fcd\",\"name\":\"Comunica\u00e7\u00e3o PSOL\",\"image\":{\"@type\":\"ImageObject\",\"inLanguage\":\"pt-BR\",\"@id\":\"https:\/\/psol50.org.br\/#\/schema\/person\/image\/\",\"url\":\"https:\/\/secure.gravatar.com\/avatar\/b34fc4f4e468a4e51785917065a3db57b841f5c95dba6ad8c73aaf8f66f8f9bf?s=96&d=mm&r=g\",\"contentUrl\":\"https:\/\/secure.gravatar.com\/avatar\/b34fc4f4e468a4e51785917065a3db57b841f5c95dba6ad8c73aaf8f66f8f9bf?s=96&d=mm&r=g\",\"caption\":\"Comunica\u00e7\u00e3o PSOL\"}}]}<\/script>\n<!-- \/ Yoast SEO plugin. -->","yoast_head_json":{"title":"Executiva do PSOL debate conjuntura, organiza\u00e7\u00e3o e define linhas para o programa de governo - PSOL 50","robots":{"index":"index","follow":"follow","max-snippet":"max-snippet:-1","max-image-preview":"max-image-preview:large","max-video-preview":"max-video-preview:-1"},"canonical":"https:\/\/psol50.org.br\/executiva-do-psol-debate-conjuntura-organizacao-e-define-linhas-para-o-programa-de-governo\/","og_locale":"pt_BR","og_type":"article","og_title":"Executiva do PSOL debate conjuntura, organiza\u00e7\u00e3o e define linhas para o programa de governo - PSOL 50","og_description":"Dirigentes se reuniram nesta sexta-feira, em Bras\u00edlia, na primeira reuni\u00e3o desde o 4\u00ba Congresso Nacional, realizado em dezembro \u00faltimo Leonor Costa, do site do PSOL Nacional A agenda de trabalho do PSOL em 2014 ser\u00e1 bastante intensa, no que depender da Executiva Nacional eleita no 4\u00ba Congresso Nacional do partido, realizado em dezembro. O ano [&hellip;]","og_url":"https:\/\/psol50.org.br\/executiva-do-psol-debate-conjuntura-organizacao-e-define-linhas-para-o-programa-de-governo\/","og_site_name":"PSOL 50","article_publisher":"https:\/\/www.facebook.com\/psol50","article_published_time":"2014-02-07T21:08:33+00:00","og_image":[{"width":1350,"height":900,"url":"https:\/\/psol50.org.br\/inc\/uploads\/2018\/07\/capa.png","type":"image\/png"}],"author":"Comunica\u00e7\u00e3o PSOL","twitter_card":"summary_large_image","twitter_creator":"@psol50","twitter_site":"@psol50","twitter_misc":{"Escrito por":"Comunica\u00e7\u00e3o PSOL","Est. tempo de leitura":"5 minutos"},"schema":{"@context":"https:\/\/schema.org","@graph":[{"@type":"Article","@id":"https:\/\/psol50.org.br\/executiva-do-psol-debate-conjuntura-organizacao-e-define-linhas-para-o-programa-de-governo\/#article","isPartOf":{"@id":"https:\/\/psol50.org.br\/executiva-do-psol-debate-conjuntura-organizacao-e-define-linhas-para-o-programa-de-governo\/"},"author":{"name":"Comunica\u00e7\u00e3o PSOL","@id":"https:\/\/psol50.org.br\/#\/schema\/person\/475dfa57d0b815993c714c2e96491fcd"},"headline":"Executiva do PSOL debate conjuntura, organiza\u00e7\u00e3o e define linhas para o programa de governo","datePublished":"2014-02-07T21:08:33+00:00","mainEntityOfPage":{"@id":"https:\/\/psol50.org.br\/executiva-do-psol-debate-conjuntura-organizacao-e-define-linhas-para-o-programa-de-governo\/"},"wordCount":1020,"commentCount":0,"publisher":{"@id":"https:\/\/psol50.org.br\/#organization"},"keywords":["PSOL"],"articleSection":["Arquivo","Not\u00edcias"],"inLanguage":"pt-BR","potentialAction":[{"@type":"CommentAction","name":"Comment","target":["https:\/\/psol50.org.br\/executiva-do-psol-debate-conjuntura-organizacao-e-define-linhas-para-o-programa-de-governo\/#respond"]}]},{"@type":"WebPage","@id":"https:\/\/psol50.org.br\/executiva-do-psol-debate-conjuntura-organizacao-e-define-linhas-para-o-programa-de-governo\/","url":"https:\/\/psol50.org.br\/executiva-do-psol-debate-conjuntura-organizacao-e-define-linhas-para-o-programa-de-governo\/","name":"Executiva do PSOL debate conjuntura, organiza\u00e7\u00e3o e define linhas para o programa de governo - PSOL 50","isPartOf":{"@id":"https:\/\/psol50.org.br\/#website"},"datePublished":"2014-02-07T21:08:33+00:00","breadcrumb":{"@id":"https:\/\/psol50.org.br\/executiva-do-psol-debate-conjuntura-organizacao-e-define-linhas-para-o-programa-de-governo\/#breadcrumb"},"inLanguage":"pt-BR","potentialAction":[{"@type":"ReadAction","target":["https:\/\/psol50.org.br\/executiva-do-psol-debate-conjuntura-organizacao-e-define-linhas-para-o-programa-de-governo\/"]}]},{"@type":"BreadcrumbList","@id":"https:\/\/psol50.org.br\/executiva-do-psol-debate-conjuntura-organizacao-e-define-linhas-para-o-programa-de-governo\/#breadcrumb","itemListElement":[{"@type":"ListItem","position":1,"name":"In\u00edcio","item":"https:\/\/psol50.org.br\/"},{"@type":"ListItem","position":2,"name":"Executiva do PSOL debate conjuntura, organiza\u00e7\u00e3o e define linhas para o programa de governo"}]},{"@type":"WebSite","@id":"https:\/\/psol50.org.br\/#website","url":"https:\/\/psol50.org.br\/","name":"PSOL 50","description":"Site oficial do Partido Socialismo e Liberdade","publisher":{"@id":"https:\/\/psol50.org.br\/#organization"},"alternateName":"PSOL50","potentialAction":[{"@type":"SearchAction","target":{"@type":"EntryPoint","urlTemplate":"https:\/\/psol50.org.br\/?s={search_term_string}"},"query-input":{"@type":"PropertyValueSpecification","valueRequired":true,"valueName":"search_term_string"}}],"inLanguage":"pt-BR"},{"@type":"Organization","@id":"https:\/\/psol50.org.br\/#organization","name":"PSOL 50","alternateName":"PSOL 50","url":"https:\/\/psol50.org.br\/","logo":{"@type":"ImageObject","inLanguage":"pt-BR","@id":"https:\/\/psol50.org.br\/#\/schema\/logo\/image\/","url":"https:\/\/psol50.org.br\/inc\/uploads\/2018\/07\/capa.png","contentUrl":"https:\/\/psol50.org.br\/inc\/uploads\/2018\/07\/capa.png","width":1350,"height":900,"caption":"PSOL 50"},"image":{"@id":"https:\/\/psol50.org.br\/#\/schema\/logo\/image\/"},"sameAs":["https:\/\/www.facebook.com\/psol50","https:\/\/x.com\/psol50","https:\/\/www.instagram.com\/psol50\/","https:\/\/www.youtube.com\/channel\/UC7SnJS5o1os7a6CaiNabzcg"]},{"@type":"Person","@id":"https:\/\/psol50.org.br\/#\/schema\/person\/475dfa57d0b815993c714c2e96491fcd","name":"Comunica\u00e7\u00e3o PSOL","image":{"@type":"ImageObject","inLanguage":"pt-BR","@id":"https:\/\/psol50.org.br\/#\/schema\/person\/image\/","url":"https:\/\/secure.gravatar.com\/avatar\/b34fc4f4e468a4e51785917065a3db57b841f5c95dba6ad8c73aaf8f66f8f9bf?s=96&d=mm&r=g","contentUrl":"https:\/\/secure.gravatar.com\/avatar\/b34fc4f4e468a4e51785917065a3db57b841f5c95dba6ad8c73aaf8f66f8f9bf?s=96&d=mm&r=g","caption":"Comunica\u00e7\u00e3o PSOL"}}]}},"_links":{"self":[{"href":"https:\/\/psol50.org.br\/rest\/wp\/v2\/posts\/2565","targetHints":{"allow":["GET"]}}],"collection":[{"href":"https:\/\/psol50.org.br\/rest\/wp\/v2\/posts"}],"about":[{"href":"https:\/\/psol50.org.br\/rest\/wp\/v2\/types\/post"}],"author":[{"embeddable":true,"href":"https:\/\/psol50.org.br\/rest\/wp\/v2\/users\/2"}],"replies":[{"embeddable":true,"href":"https:\/\/psol50.org.br\/rest\/wp\/v2\/comments?post=2565"}],"version-history":[{"count":0,"href":"https:\/\/psol50.org.br\/rest\/wp\/v2\/posts\/2565\/revisions"}],"wp:attachment":[{"href":"https:\/\/psol50.org.br\/rest\/wp\/v2\/media?parent=2565"}],"wp:term":[{"taxonomy":"category","embeddable":true,"href":"https:\/\/psol50.org.br\/rest\/wp\/v2\/categories?post=2565"},{"taxonomy":"post_tag","embeddable":true,"href":"https:\/\/psol50.org.br\/rest\/wp\/v2\/tags?post=2565"}],"curies":[{"name":"wp","href":"https:\/\/api.w.org\/{rel}","templated":true}]}}