{"id":2568,"date":"2014-02-10T00:00:00","date_gmt":"2014-02-10T17:00:17","guid":{"rendered":"http:\/\/psol50.org.br\/arquivo\/2014\/02\/10\/em-audiencia-com-consul-da-franca-presidente-do-psol-sp-discute-programa-do-psol\/"},"modified":"2014-02-10T00:00:00","modified_gmt":"2014-02-10T17:00:17","slug":"em-audiencia-com-consul-da-franca-presidente-do-psol-sp-discute-programa-do-psol","status":"publish","type":"post","link":"https:\/\/psol50.org.br\/em-audiencia-com-consul-da-franca-presidente-do-psol-sp-discute-programa-do-psol\/","title":{"rendered":"Em audi\u00eancia com C\u00f4nsul da Fran\u00e7a, presidente do PSOL-SP discute programa do PSOL"},"content":{"rendered":"<p style=\"text-align: justify;\">\n\t<em>Encontro ocorreu no Consulado em S\u00e3o Paulo<\/em><br \/>\n\t&nbsp;<br \/>\n\tO presidente estadual do PSOL de S\u00e3o Paulo, vereador de Campinas Paulo Bufalo, se reuniu com o C\u00f4nsul Geral da Fran\u00e7a em S\u00e3o Paulo, Damien Loras; e com a C\u00f4nsul Adjunta para Assuntos de Pol\u00edtica e Imprensa, Caroline Vabret, no Consulado, na \u00faltima quinta-feira (06\/02), para tratar dos&nbsp;rumos da pol\u00edtica no estado e a elei\u00e7\u00e3o que ocorre em outubro deste ano.<br \/>\n\t&nbsp;<br \/>\n\tO C\u00f4nsul apresentou os diversos setores econ\u00f4micos franceses que investem em S\u00e3o Paulo, como empresas, restaurantes, atividades culturais e outros. \u201c2014 \u00e9 um ano importante porque s\u00e3o v\u00e1rios eventos, como a Copa do Mundo e a elei\u00e7\u00e3o. Tenho o sentimento que o Brasil atravessa um momento de incerteza, o mundo vai olhar para o Brasil e pode ser um ano mais dif\u00edcil\u201d, avalia Loras.<br \/>\n\t&nbsp;<br \/>\n\tEm seguida, pediu para conhecer o programa do PSOL, a pol\u00edtica de alian\u00e7as e o que o partido far\u00e1 na pr\u00f3xima elei\u00e7\u00e3o. Paulo Bufalo resgatou a hist\u00f3ria da legenda nas elei\u00e7\u00f5es anteriores e ressaltou a semelhan\u00e7a no programa entre partidos que parecem antag\u00f4nicos, como o PSDB e o PT. Bem diferente do &nbsp;programa no qual o PSOL se baseia para tratar, por exemplo, de quest\u00f5es como a reforma agr\u00e1ria e reforma urbana.<br \/>\n\t&nbsp;<br \/>\n\tBufalo destacou as duas principais pautas que o PSOL vai trabalhar na campanha eleitoral: a educa\u00e7\u00e3o e desmilitariza\u00e7\u00e3o da Pol\u00edcia Militar. \u201cVamos debater investimentos para a educa\u00e7\u00e3o como o financiamento p\u00fablico e aumento nas matr\u00edculas no Ensino M\u00e9dio, que reduziu drasticamente em 20 anos pelo desmantelamento do ensino p\u00fablico no estado\u201d, aponta. Bufalo tamb\u00e9m disse que o partido vai falar sobre meio ambiente, transporte, sa\u00fade, combate \u00e0 viol\u00eancia e reforma urbana.<br \/>\n\t&nbsp;<br \/>\n\tPara a C\u00f4nsul Ajunta, o PSOL \u00e9 um partido que vem ganhando espa\u00e7o, devido as recentes manifesta\u00e7\u00f5es. \u201cO Vladimir (Safatle \u2013 poss\u00edvel candidato a governador da legenda) nos auxiliou para entendermos os protestos e tamb\u00e9m tem o Freixo (se referindo ao deputado estadual do Rio de Janeiro, Marcelo Freixo). Acredito que O PSOL ocupa um papel maior que nos anos anteriores\u201d, disse Caroline, que perguntou a posi\u00e7\u00e3o do PSOL sobre as manifesta\u00e7\u00f5es. \u201cA liberdade de mercado e o consumo sustentam nossa economia. A insatisfa\u00e7\u00e3o levou \u00e0s manifesta\u00e7\u00f5es populares, \u00e9 preciso dialogar para compreender, principalmente com a juventude, que foi a maior protagonista daquele per\u00edodo\u201d, definiu Bufalo.<br \/>\n\t&nbsp;<br \/>\n\tCom o tema da corrup\u00e7\u00e3o na conversa, o C\u00f4nsul ressaltou que o Brasil deve fazer a reforma pol\u00edtica com urg\u00eancia. \u201cA corrup\u00e7\u00e3o no Brasil \u00e9 end\u00eamica, esta \u00e9 a percep\u00e7\u00e3o que se tem no exterior\u201d, contou. Bufalo aproveitou o assunto para falar das privatiza\u00e7\u00f5es que ocorreram no pa\u00eds e em S\u00e3o Paulo que enfraqueceram o Estado. S\u00e3o Paulo ficou 10 anos com um v\u00e1cuo profissional em pontos estrat\u00e9gicos relacionados \u00e0 tecnologia. \u201cHoje n\u00e3o tem t\u00e9cnicos para certos setores no pr\u00e9-sal\u201d, exemplificou.<br \/>\n\t&nbsp;<br \/>\n\tO bate papo foi agrad\u00e1vel e rendeu convite para novo encontro. O C\u00f4nsul prop\u00f4s uma visita \u00e0 cidade. O vereador espera viabilizar a\u00e7\u00f5es entre o representante da Fran\u00e7a no estado e Campinas.<\/p>\n<p>&nbsp;<\/p>\n","protected":false},"excerpt":{"rendered":"<p>Encontro ocorreu no Consulado em S\u00e3o Paulo &nbsp; O presidente estadual do PSOL de S\u00e3o Paulo, vereador de Campinas Paulo Bufalo, se reuniu com o C\u00f4nsul Geral da Fran\u00e7a em S\u00e3o Paulo, Damien Loras; e com a C\u00f4nsul Adjunta para Assuntos de Pol\u00edtica e Imprensa, Caroline Vabret, no Consulado, na \u00faltima quinta-feira (06\/02), para tratar [&hellip;]<\/p>\n","protected":false},"author":2,"featured_media":0,"comment_status":"open","ping_status":"open","sticky":false,"template":"","format":"standard","meta":{"_acf_changed":false,"footnotes":""},"categories":[4766,6],"tags":[22],"class_list":{"0":"post-2568","1":"post","2":"type-post","3":"status-publish","4":"format-standard","6":"category-arquivo","7":"category-noticias","8":"tag-psol"},"acf":[],"yoast_head":"<!-- This site is optimized with the Yoast SEO plugin v26.5 - https:\/\/yoast.com\/wordpress\/plugins\/seo\/ -->\n<title>Em audi\u00eancia com C\u00f4nsul da Fran\u00e7a, presidente do PSOL-SP discute programa do PSOL - PSOL 50<\/title>\n<meta name=\"robots\" content=\"index, follow, max-snippet:-1, max-image-preview:large, max-video-preview:-1\" \/>\n<link rel=\"canonical\" href=\"https:\/\/psol50.org.br\/em-audiencia-com-consul-da-franca-presidente-do-psol-sp-discute-programa-do-psol\/\" \/>\n<meta property=\"og:locale\" content=\"pt_BR\" \/>\n<meta property=\"og:type\" content=\"article\" \/>\n<meta property=\"og:title\" content=\"Em audi\u00eancia com C\u00f4nsul da Fran\u00e7a, presidente do PSOL-SP discute programa do PSOL - PSOL 50\" \/>\n<meta property=\"og:description\" content=\"Encontro ocorreu no Consulado em S\u00e3o Paulo &nbsp; O presidente estadual do PSOL de S\u00e3o Paulo, vereador de Campinas Paulo Bufalo, se reuniu com o C\u00f4nsul Geral da Fran\u00e7a em S\u00e3o Paulo, Damien Loras; e com a C\u00f4nsul Adjunta para Assuntos de Pol\u00edtica e Imprensa, Caroline Vabret, no Consulado, na \u00faltima quinta-feira (06\/02), para tratar [&hellip;]\" \/>\n<meta property=\"og:url\" content=\"https:\/\/psol50.org.br\/em-audiencia-com-consul-da-franca-presidente-do-psol-sp-discute-programa-do-psol\/\" \/>\n<meta property=\"og:site_name\" content=\"PSOL 50\" \/>\n<meta property=\"article:publisher\" content=\"https:\/\/www.facebook.com\/psol50\" \/>\n<meta property=\"article:published_time\" content=\"2014-02-10T17:00:17+00:00\" \/>\n<meta property=\"og:image\" content=\"https:\/\/psol50.org.br\/inc\/uploads\/2018\/07\/capa.png\" \/>\n\t<meta property=\"og:image:width\" content=\"1350\" \/>\n\t<meta property=\"og:image:height\" content=\"900\" \/>\n\t<meta property=\"og:image:type\" content=\"image\/png\" \/>\n<meta name=\"author\" content=\"Comunica\u00e7\u00e3o PSOL\" \/>\n<meta name=\"twitter:card\" content=\"summary_large_image\" \/>\n<meta name=\"twitter:creator\" content=\"@psol50\" \/>\n<meta name=\"twitter:site\" content=\"@psol50\" \/>\n<meta name=\"twitter:label1\" content=\"Escrito por\" \/>\n\t<meta name=\"twitter:data1\" content=\"Comunica\u00e7\u00e3o PSOL\" \/>\n\t<meta name=\"twitter:label2\" content=\"Est. tempo de leitura\" \/>\n\t<meta name=\"twitter:data2\" content=\"3 minutos\" \/>\n<script type=\"application\/ld+json\" class=\"yoast-schema-graph\">{\"@context\":\"https:\/\/schema.org\",\"@graph\":[{\"@type\":\"Article\",\"@id\":\"https:\/\/psol50.org.br\/em-audiencia-com-consul-da-franca-presidente-do-psol-sp-discute-programa-do-psol\/#article\",\"isPartOf\":{\"@id\":\"https:\/\/psol50.org.br\/em-audiencia-com-consul-da-franca-presidente-do-psol-sp-discute-programa-do-psol\/\"},\"author\":{\"name\":\"Comunica\u00e7\u00e3o PSOL\",\"@id\":\"https:\/\/psol50.org.br\/#\/schema\/person\/475dfa57d0b815993c714c2e96491fcd\"},\"headline\":\"Em audi\u00eancia com C\u00f4nsul da Fran\u00e7a, presidente do PSOL-SP discute programa do PSOL\",\"datePublished\":\"2014-02-10T17:00:17+00:00\",\"mainEntityOfPage\":{\"@id\":\"https:\/\/psol50.org.br\/em-audiencia-com-consul-da-franca-presidente-do-psol-sp-discute-programa-do-psol\/\"},\"wordCount\":576,\"commentCount\":0,\"publisher\":{\"@id\":\"https:\/\/psol50.org.br\/#organization\"},\"keywords\":[\"PSOL\"],\"articleSection\":[\"Arquivo\",\"Not\u00edcias\"],\"inLanguage\":\"pt-BR\",\"potentialAction\":[{\"@type\":\"CommentAction\",\"name\":\"Comment\",\"target\":[\"https:\/\/psol50.org.br\/em-audiencia-com-consul-da-franca-presidente-do-psol-sp-discute-programa-do-psol\/#respond\"]}]},{\"@type\":\"WebPage\",\"@id\":\"https:\/\/psol50.org.br\/em-audiencia-com-consul-da-franca-presidente-do-psol-sp-discute-programa-do-psol\/\",\"url\":\"https:\/\/psol50.org.br\/em-audiencia-com-consul-da-franca-presidente-do-psol-sp-discute-programa-do-psol\/\",\"name\":\"Em audi\u00eancia com C\u00f4nsul da Fran\u00e7a, presidente do PSOL-SP discute programa do PSOL - PSOL 50\",\"isPartOf\":{\"@id\":\"https:\/\/psol50.org.br\/#website\"},\"datePublished\":\"2014-02-10T17:00:17+00:00\",\"breadcrumb\":{\"@id\":\"https:\/\/psol50.org.br\/em-audiencia-com-consul-da-franca-presidente-do-psol-sp-discute-programa-do-psol\/#breadcrumb\"},\"inLanguage\":\"pt-BR\",\"potentialAction\":[{\"@type\":\"ReadAction\",\"target\":[\"https:\/\/psol50.org.br\/em-audiencia-com-consul-da-franca-presidente-do-psol-sp-discute-programa-do-psol\/\"]}]},{\"@type\":\"BreadcrumbList\",\"@id\":\"https:\/\/psol50.org.br\/em-audiencia-com-consul-da-franca-presidente-do-psol-sp-discute-programa-do-psol\/#breadcrumb\",\"itemListElement\":[{\"@type\":\"ListItem\",\"position\":1,\"name\":\"In\u00edcio\",\"item\":\"https:\/\/psol50.org.br\/\"},{\"@type\":\"ListItem\",\"position\":2,\"name\":\"Em audi\u00eancia com C\u00f4nsul da Fran\u00e7a, presidente do PSOL-SP discute programa do PSOL\"}]},{\"@type\":\"WebSite\",\"@id\":\"https:\/\/psol50.org.br\/#website\",\"url\":\"https:\/\/psol50.org.br\/\",\"name\":\"PSOL 50\",\"description\":\"Site oficial do Partido Socialismo e Liberdade\",\"publisher\":{\"@id\":\"https:\/\/psol50.org.br\/#organization\"},\"alternateName\":\"PSOL50\",\"potentialAction\":[{\"@type\":\"SearchAction\",\"target\":{\"@type\":\"EntryPoint\",\"urlTemplate\":\"https:\/\/psol50.org.br\/?s={search_term_string}\"},\"query-input\":{\"@type\":\"PropertyValueSpecification\",\"valueRequired\":true,\"valueName\":\"search_term_string\"}}],\"inLanguage\":\"pt-BR\"},{\"@type\":\"Organization\",\"@id\":\"https:\/\/psol50.org.br\/#organization\",\"name\":\"PSOL 50\",\"alternateName\":\"PSOL 50\",\"url\":\"https:\/\/psol50.org.br\/\",\"logo\":{\"@type\":\"ImageObject\",\"inLanguage\":\"pt-BR\",\"@id\":\"https:\/\/psol50.org.br\/#\/schema\/logo\/image\/\",\"url\":\"https:\/\/psol50.org.br\/inc\/uploads\/2018\/07\/capa.png\",\"contentUrl\":\"https:\/\/psol50.org.br\/inc\/uploads\/2018\/07\/capa.png\",\"width\":1350,\"height\":900,\"caption\":\"PSOL 50\"},\"image\":{\"@id\":\"https:\/\/psol50.org.br\/#\/schema\/logo\/image\/\"},\"sameAs\":[\"https:\/\/www.facebook.com\/psol50\",\"https:\/\/x.com\/psol50\",\"https:\/\/www.instagram.com\/psol50\/\",\"https:\/\/www.youtube.com\/channel\/UC7SnJS5o1os7a6CaiNabzcg\"]},{\"@type\":\"Person\",\"@id\":\"https:\/\/psol50.org.br\/#\/schema\/person\/475dfa57d0b815993c714c2e96491fcd\",\"name\":\"Comunica\u00e7\u00e3o PSOL\",\"image\":{\"@type\":\"ImageObject\",\"inLanguage\":\"pt-BR\",\"@id\":\"https:\/\/psol50.org.br\/#\/schema\/person\/image\/\",\"url\":\"https:\/\/secure.gravatar.com\/avatar\/b34fc4f4e468a4e51785917065a3db57b841f5c95dba6ad8c73aaf8f66f8f9bf?s=96&d=mm&r=g\",\"contentUrl\":\"https:\/\/secure.gravatar.com\/avatar\/b34fc4f4e468a4e51785917065a3db57b841f5c95dba6ad8c73aaf8f66f8f9bf?s=96&d=mm&r=g\",\"caption\":\"Comunica\u00e7\u00e3o PSOL\"}}]}<\/script>\n<!-- \/ Yoast SEO plugin. -->","yoast_head_json":{"title":"Em audi\u00eancia com C\u00f4nsul da Fran\u00e7a, presidente do PSOL-SP discute programa do PSOL - PSOL 50","robots":{"index":"index","follow":"follow","max-snippet":"max-snippet:-1","max-image-preview":"max-image-preview:large","max-video-preview":"max-video-preview:-1"},"canonical":"https:\/\/psol50.org.br\/em-audiencia-com-consul-da-franca-presidente-do-psol-sp-discute-programa-do-psol\/","og_locale":"pt_BR","og_type":"article","og_title":"Em audi\u00eancia com C\u00f4nsul da Fran\u00e7a, presidente do PSOL-SP discute programa do PSOL - PSOL 50","og_description":"Encontro ocorreu no Consulado em S\u00e3o Paulo &nbsp; O presidente estadual do PSOL de S\u00e3o Paulo, vereador de Campinas Paulo Bufalo, se reuniu com o C\u00f4nsul Geral da Fran\u00e7a em S\u00e3o Paulo, Damien Loras; e com a C\u00f4nsul Adjunta para Assuntos de Pol\u00edtica e Imprensa, Caroline Vabret, no Consulado, na \u00faltima quinta-feira (06\/02), para tratar [&hellip;]","og_url":"https:\/\/psol50.org.br\/em-audiencia-com-consul-da-franca-presidente-do-psol-sp-discute-programa-do-psol\/","og_site_name":"PSOL 50","article_publisher":"https:\/\/www.facebook.com\/psol50","article_published_time":"2014-02-10T17:00:17+00:00","og_image":[{"width":1350,"height":900,"url":"https:\/\/psol50.org.br\/inc\/uploads\/2018\/07\/capa.png","type":"image\/png"}],"author":"Comunica\u00e7\u00e3o PSOL","twitter_card":"summary_large_image","twitter_creator":"@psol50","twitter_site":"@psol50","twitter_misc":{"Escrito por":"Comunica\u00e7\u00e3o PSOL","Est. tempo de leitura":"3 minutos"},"schema":{"@context":"https:\/\/schema.org","@graph":[{"@type":"Article","@id":"https:\/\/psol50.org.br\/em-audiencia-com-consul-da-franca-presidente-do-psol-sp-discute-programa-do-psol\/#article","isPartOf":{"@id":"https:\/\/psol50.org.br\/em-audiencia-com-consul-da-franca-presidente-do-psol-sp-discute-programa-do-psol\/"},"author":{"name":"Comunica\u00e7\u00e3o PSOL","@id":"https:\/\/psol50.org.br\/#\/schema\/person\/475dfa57d0b815993c714c2e96491fcd"},"headline":"Em audi\u00eancia com C\u00f4nsul da Fran\u00e7a, presidente do PSOL-SP discute programa do PSOL","datePublished":"2014-02-10T17:00:17+00:00","mainEntityOfPage":{"@id":"https:\/\/psol50.org.br\/em-audiencia-com-consul-da-franca-presidente-do-psol-sp-discute-programa-do-psol\/"},"wordCount":576,"commentCount":0,"publisher":{"@id":"https:\/\/psol50.org.br\/#organization"},"keywords":["PSOL"],"articleSection":["Arquivo","Not\u00edcias"],"inLanguage":"pt-BR","potentialAction":[{"@type":"CommentAction","name":"Comment","target":["https:\/\/psol50.org.br\/em-audiencia-com-consul-da-franca-presidente-do-psol-sp-discute-programa-do-psol\/#respond"]}]},{"@type":"WebPage","@id":"https:\/\/psol50.org.br\/em-audiencia-com-consul-da-franca-presidente-do-psol-sp-discute-programa-do-psol\/","url":"https:\/\/psol50.org.br\/em-audiencia-com-consul-da-franca-presidente-do-psol-sp-discute-programa-do-psol\/","name":"Em audi\u00eancia com C\u00f4nsul da Fran\u00e7a, presidente do PSOL-SP discute programa do PSOL - PSOL 50","isPartOf":{"@id":"https:\/\/psol50.org.br\/#website"},"datePublished":"2014-02-10T17:00:17+00:00","breadcrumb":{"@id":"https:\/\/psol50.org.br\/em-audiencia-com-consul-da-franca-presidente-do-psol-sp-discute-programa-do-psol\/#breadcrumb"},"inLanguage":"pt-BR","potentialAction":[{"@type":"ReadAction","target":["https:\/\/psol50.org.br\/em-audiencia-com-consul-da-franca-presidente-do-psol-sp-discute-programa-do-psol\/"]}]},{"@type":"BreadcrumbList","@id":"https:\/\/psol50.org.br\/em-audiencia-com-consul-da-franca-presidente-do-psol-sp-discute-programa-do-psol\/#breadcrumb","itemListElement":[{"@type":"ListItem","position":1,"name":"In\u00edcio","item":"https:\/\/psol50.org.br\/"},{"@type":"ListItem","position":2,"name":"Em audi\u00eancia com C\u00f4nsul da Fran\u00e7a, presidente do PSOL-SP discute programa do PSOL"}]},{"@type":"WebSite","@id":"https:\/\/psol50.org.br\/#website","url":"https:\/\/psol50.org.br\/","name":"PSOL 50","description":"Site oficial do Partido Socialismo e Liberdade","publisher":{"@id":"https:\/\/psol50.org.br\/#organization"},"alternateName":"PSOL50","potentialAction":[{"@type":"SearchAction","target":{"@type":"EntryPoint","urlTemplate":"https:\/\/psol50.org.br\/?s={search_term_string}"},"query-input":{"@type":"PropertyValueSpecification","valueRequired":true,"valueName":"search_term_string"}}],"inLanguage":"pt-BR"},{"@type":"Organization","@id":"https:\/\/psol50.org.br\/#organization","name":"PSOL 50","alternateName":"PSOL 50","url":"https:\/\/psol50.org.br\/","logo":{"@type":"ImageObject","inLanguage":"pt-BR","@id":"https:\/\/psol50.org.br\/#\/schema\/logo\/image\/","url":"https:\/\/psol50.org.br\/inc\/uploads\/2018\/07\/capa.png","contentUrl":"https:\/\/psol50.org.br\/inc\/uploads\/2018\/07\/capa.png","width":1350,"height":900,"caption":"PSOL 50"},"image":{"@id":"https:\/\/psol50.org.br\/#\/schema\/logo\/image\/"},"sameAs":["https:\/\/www.facebook.com\/psol50","https:\/\/x.com\/psol50","https:\/\/www.instagram.com\/psol50\/","https:\/\/www.youtube.com\/channel\/UC7SnJS5o1os7a6CaiNabzcg"]},{"@type":"Person","@id":"https:\/\/psol50.org.br\/#\/schema\/person\/475dfa57d0b815993c714c2e96491fcd","name":"Comunica\u00e7\u00e3o PSOL","image":{"@type":"ImageObject","inLanguage":"pt-BR","@id":"https:\/\/psol50.org.br\/#\/schema\/person\/image\/","url":"https:\/\/secure.gravatar.com\/avatar\/b34fc4f4e468a4e51785917065a3db57b841f5c95dba6ad8c73aaf8f66f8f9bf?s=96&d=mm&r=g","contentUrl":"https:\/\/secure.gravatar.com\/avatar\/b34fc4f4e468a4e51785917065a3db57b841f5c95dba6ad8c73aaf8f66f8f9bf?s=96&d=mm&r=g","caption":"Comunica\u00e7\u00e3o PSOL"}}]}},"_links":{"self":[{"href":"https:\/\/psol50.org.br\/rest\/wp\/v2\/posts\/2568","targetHints":{"allow":["GET"]}}],"collection":[{"href":"https:\/\/psol50.org.br\/rest\/wp\/v2\/posts"}],"about":[{"href":"https:\/\/psol50.org.br\/rest\/wp\/v2\/types\/post"}],"author":[{"embeddable":true,"href":"https:\/\/psol50.org.br\/rest\/wp\/v2\/users\/2"}],"replies":[{"embeddable":true,"href":"https:\/\/psol50.org.br\/rest\/wp\/v2\/comments?post=2568"}],"version-history":[{"count":0,"href":"https:\/\/psol50.org.br\/rest\/wp\/v2\/posts\/2568\/revisions"}],"wp:attachment":[{"href":"https:\/\/psol50.org.br\/rest\/wp\/v2\/media?parent=2568"}],"wp:term":[{"taxonomy":"category","embeddable":true,"href":"https:\/\/psol50.org.br\/rest\/wp\/v2\/categories?post=2568"},{"taxonomy":"post_tag","embeddable":true,"href":"https:\/\/psol50.org.br\/rest\/wp\/v2\/tags?post=2568"}],"curies":[{"name":"wp","href":"https:\/\/api.w.org\/{rel}","templated":true}]}}