{"id":2569,"date":"2014-02-11T00:00:00","date_gmt":"2014-02-11T10:51:49","guid":{"rendered":"http:\/\/psol50.org.br\/arquivo\/2014\/02\/11\/nota-da-executiva-nacional-responde-aos-ataques-da-imprensa-contra-marcelo-freixo-e-o-psol\/"},"modified":"2014-02-11T00:00:00","modified_gmt":"2014-02-11T10:51:49","slug":"nota-da-executiva-nacional-responde-aos-ataques-da-imprensa-contra-marcelo-freixo-e-o-psol","status":"publish","type":"post","link":"https:\/\/psol50.org.br\/nota-da-executiva-nacional-responde-aos-ataques-da-imprensa-contra-marcelo-freixo-e-o-psol\/","title":{"rendered":"Nota da Executiva Nacional responde aos ataques da imprensa contra Marcelo Freixo e o PSOL"},"content":{"rendered":"<div style=\"text-align: justify;\">\n\t<strong>MENTIRAS DE PERNAS CURTAS PARA ATACAR O PSOL E MARCELO FREIXO<\/strong><br \/>\n\t&nbsp;<br \/>\n\tNosso partido foi surpreendido com a mat\u00e9ria veiculada pelo programa Fant\u00e1stico (TV Globo) no \u00faltimo domingo e reproduzida por outros ve\u00edculos de comunica\u00e7\u00e3o que tentam vincular o deputado estadual Marcelo Freixo (PSOL\/RJ) ao epis\u00f3dio que vitimou o cinegrafista Santiago Andrade, no \u00faltimo dia 6 de fevereiro, durante conflito entre manifestantes e policiais na cidade do Rio de janeiro.<\/p>\n<p>\tDesde que teve conhecimento do fato, o PSOL se solidarizou com a fam\u00edlia do cinegrafista e se colocou a favor da apura\u00e7\u00e3o dos fatos. Enviamos nossas condol\u00eancias \u00e0 sua fam\u00edlia. Nossa conduta foi id\u00eantica tamb\u00e9m nos casos de agress\u00f5es de policiais a manifestantes e jornalistas em epis\u00f3dios recentes.<\/p>\n<p>\tSabemos que a leviandade cometida contra Marcelo Freixo e o PSOL na referida mat\u00e9ria est\u00e1 inserida no contexto da crescente criminaliza\u00e7\u00e3o das lutas sociais. Desde as manifesta\u00e7\u00f5es de junho a postura do Estado brasileiro, atrav\u00e9s do governo federal e dos governos estaduais, tem sido a de reprimir violentamente os participantes de manifesta\u00e7\u00f5es, orquestrando uma constante criminaliza\u00e7\u00e3o dos movimentos sociais, enquanto \u2013 o que \u00e9 mais grave ainda \u2013 ignora as principais demandas apresentadas pelos manifestantes.<\/p>\n<p>\tEssa situa\u00e7\u00e3o propiciou uma radicaliza\u00e7\u00e3o das manifesta\u00e7\u00f5es e ofereceu espa\u00e7o para pequenos grupos anarquistas que vislumbram como estrat\u00e9gia pol\u00edtica eficaz pra transformar o mundo o ataque aos s\u00edmbolos do capitalismo e das institui\u00e7\u00f5es.<\/p>\n<p>\tA possibilidade de ocorrer uma fatalidade, seja atrav\u00e9s das balas da Pol\u00edcia, seja atrav\u00e9s de roj\u00f5es dos manifestantes, estava dada. Foi assim com o jornalista agredido pela PM em S\u00e3o Paulo no ano passado que perdeu a vis\u00e3o em um dos olhos, e agora, levando o cinegrafista da TV Bandeirantes \u00e0 morte.<\/p>\n<p>\tNosso partido apoia de forma irrestrita o direito \u00e0 livre manifesta\u00e7\u00e3o e recrimina a postura repressiva do aparato estatal. Mas ao mesmo tempo, n\u00e3o concorda e nem participa de a\u00e7\u00f5es efetuadas por pequenos grupos presentes em alguns atos.<\/p>\n<p>\tPor essas raz\u00f5es, fica evidente que a reportagem veiculada pelo Fant\u00e1stico e outros ve\u00edculos de comunica\u00e7\u00e3o foi irrespons\u00e1vel e leviana, transformando informa\u00e7\u00f5es fr\u00e1geis numa acusa\u00e7\u00e3o grav\u00edssima. A reportagem se baseia nas declara\u00e7\u00f5es do advogado Jonas Tadeu Nunes, que defendeu o miliciano e ex-deputado estadual Natalino Jos\u00e9 Guimar\u00e3es, chefe da maior mil\u00edcia do Rio de Janeiro. Justamente os milicianos que foram para a cadeia pelo trabalho da CPI presidida pelo deputado Freixo.<\/p>\n<p>\tA inten\u00e7\u00e3o n\u00e3o poderia ser mais clara. De um lado, visa atacar nossa principal lideran\u00e7a no Rio. De outro, busca impingir ao nosso partido a pecha de violento, tentando frear a crescente simpatia que o povo brasileiro tem tido por seu programa, por sua combatividade e por suas candidaturas. E terceiro, mas n\u00e3o menos importante, \u00e9 uma clara tentativa de criar um ambiente negativo para as mobiliza\u00e7\u00f5es que questionam os abusivos gastos realizados com a Copa do Mundo.<\/p>\n<p>\tCoincid\u00eancia ou n\u00e3o, tal arma\u00e7\u00e3o acontece na mesma semana na qual se tenta aprovar no Senado o PLS 499\/2013 (de autoria do senador Romero Juc\u00e1, expoente da base governista) que quer criar o crime de terrorismo, numa disfar\u00e7ada reedi\u00e7\u00e3o da Lei de Seguran\u00e7a Nacional. Ou seja, para muitos, os inimigos s\u00e3o \u201cinternos\u201d e est\u00e3o espalhados pelas pra\u00e7as e pelas ruas protestando contra o aumento das tarifas dos transportes p\u00fablicos, as remo\u00e7\u00f5es da Copa, a constru\u00e7\u00e3o de Belo Monte, o assassinato de lideran\u00e7as ind\u00edgenas, na da Comperj e outros temas que tem levado brasileiros a protestar. Tal iniciativa d\u00e1 continuidade a medidas de exce\u00e7\u00e3o como a Lei Geral da Copa, contra a qual apenas os parlamentares do PSOL votaram.<\/p>\n<p>\tNosso partido exige imediata retrata\u00e7\u00e3o da TV Globo, para que se desfa\u00e7a o preju\u00edzo pol\u00edtico causado com a mentirosa reportagem; queremos que os culpados pela morte do cinegrafista sejam processados e julgados e n\u00e3o aceitamos a criminaliza\u00e7\u00e3o das manifesta\u00e7\u00f5es p\u00fablicas.<br \/>\n\t&nbsp;<br \/>\n\t<strong>Executiva Nacional do PSOL<\/strong><br \/>\n\t&nbsp;<\/div>\n","protected":false},"excerpt":{"rendered":"<p>Nota da Executiva Nacional do PSOL responde aos ataques dos ve\u00edculos de comunica\u00e7\u00e3o contra o partido.<\/p>\n","protected":false},"author":2,"featured_media":0,"comment_status":"open","ping_status":"open","sticky":false,"template":"","format":"standard","meta":{"_acf_changed":false,"footnotes":""},"categories":[4766,6],"tags":[22],"class_list":{"0":"post-2569","1":"post","2":"type-post","3":"status-publish","4":"format-standard","6":"category-arquivo","7":"category-noticias","8":"tag-psol"},"acf":[],"yoast_head":"<!-- This site is optimized with the Yoast SEO plugin v26.5 - https:\/\/yoast.com\/wordpress\/plugins\/seo\/ -->\n<title>Nota da Executiva Nacional responde aos ataques da imprensa contra Marcelo Freixo e o PSOL - PSOL 50<\/title>\n<meta name=\"robots\" content=\"index, follow, max-snippet:-1, max-image-preview:large, max-video-preview:-1\" \/>\n<link rel=\"canonical\" href=\"https:\/\/psol50.org.br\/nota-da-executiva-nacional-responde-aos-ataques-da-imprensa-contra-marcelo-freixo-e-o-psol\/\" \/>\n<meta property=\"og:locale\" content=\"pt_BR\" \/>\n<meta property=\"og:type\" content=\"article\" \/>\n<meta property=\"og:title\" content=\"Nota da Executiva Nacional responde aos ataques da imprensa contra Marcelo Freixo e o PSOL - PSOL 50\" \/>\n<meta property=\"og:description\" content=\"Nota da Executiva Nacional do PSOL responde aos ataques dos ve\u00edculos de comunica\u00e7\u00e3o contra o partido.\" \/>\n<meta property=\"og:url\" content=\"https:\/\/psol50.org.br\/nota-da-executiva-nacional-responde-aos-ataques-da-imprensa-contra-marcelo-freixo-e-o-psol\/\" \/>\n<meta property=\"og:site_name\" content=\"PSOL 50\" \/>\n<meta property=\"article:publisher\" content=\"https:\/\/www.facebook.com\/psol50\" \/>\n<meta property=\"article:published_time\" content=\"2014-02-11T10:51:49+00:00\" \/>\n<meta property=\"og:image\" content=\"https:\/\/psol50.org.br\/inc\/uploads\/2018\/07\/capa.png\" \/>\n\t<meta property=\"og:image:width\" content=\"1350\" \/>\n\t<meta property=\"og:image:height\" content=\"900\" \/>\n\t<meta property=\"og:image:type\" content=\"image\/png\" \/>\n<meta name=\"author\" content=\"Comunica\u00e7\u00e3o PSOL\" \/>\n<meta name=\"twitter:card\" content=\"summary_large_image\" \/>\n<meta name=\"twitter:creator\" content=\"@psol50\" \/>\n<meta name=\"twitter:site\" content=\"@psol50\" \/>\n<meta name=\"twitter:label1\" content=\"Escrito por\" \/>\n\t<meta name=\"twitter:data1\" content=\"Comunica\u00e7\u00e3o PSOL\" \/>\n\t<meta name=\"twitter:label2\" content=\"Est. tempo de leitura\" \/>\n\t<meta name=\"twitter:data2\" content=\"3 minutos\" \/>\n<script type=\"application\/ld+json\" class=\"yoast-schema-graph\">{\"@context\":\"https:\/\/schema.org\",\"@graph\":[{\"@type\":\"Article\",\"@id\":\"https:\/\/psol50.org.br\/nota-da-executiva-nacional-responde-aos-ataques-da-imprensa-contra-marcelo-freixo-e-o-psol\/#article\",\"isPartOf\":{\"@id\":\"https:\/\/psol50.org.br\/nota-da-executiva-nacional-responde-aos-ataques-da-imprensa-contra-marcelo-freixo-e-o-psol\/\"},\"author\":{\"name\":\"Comunica\u00e7\u00e3o PSOL\",\"@id\":\"https:\/\/psol50.org.br\/#\/schema\/person\/475dfa57d0b815993c714c2e96491fcd\"},\"headline\":\"Nota da Executiva Nacional responde aos ataques da imprensa contra Marcelo Freixo e o PSOL\",\"datePublished\":\"2014-02-11T10:51:49+00:00\",\"mainEntityOfPage\":{\"@id\":\"https:\/\/psol50.org.br\/nota-da-executiva-nacional-responde-aos-ataques-da-imprensa-contra-marcelo-freixo-e-o-psol\/\"},\"wordCount\":712,\"commentCount\":0,\"publisher\":{\"@id\":\"https:\/\/psol50.org.br\/#organization\"},\"keywords\":[\"PSOL\"],\"articleSection\":[\"Arquivo\",\"Not\u00edcias\"],\"inLanguage\":\"pt-BR\",\"potentialAction\":[{\"@type\":\"CommentAction\",\"name\":\"Comment\",\"target\":[\"https:\/\/psol50.org.br\/nota-da-executiva-nacional-responde-aos-ataques-da-imprensa-contra-marcelo-freixo-e-o-psol\/#respond\"]}]},{\"@type\":\"WebPage\",\"@id\":\"https:\/\/psol50.org.br\/nota-da-executiva-nacional-responde-aos-ataques-da-imprensa-contra-marcelo-freixo-e-o-psol\/\",\"url\":\"https:\/\/psol50.org.br\/nota-da-executiva-nacional-responde-aos-ataques-da-imprensa-contra-marcelo-freixo-e-o-psol\/\",\"name\":\"Nota da Executiva Nacional responde aos ataques da imprensa contra Marcelo Freixo e o PSOL - PSOL 50\",\"isPartOf\":{\"@id\":\"https:\/\/psol50.org.br\/#website\"},\"datePublished\":\"2014-02-11T10:51:49+00:00\",\"breadcrumb\":{\"@id\":\"https:\/\/psol50.org.br\/nota-da-executiva-nacional-responde-aos-ataques-da-imprensa-contra-marcelo-freixo-e-o-psol\/#breadcrumb\"},\"inLanguage\":\"pt-BR\",\"potentialAction\":[{\"@type\":\"ReadAction\",\"target\":[\"https:\/\/psol50.org.br\/nota-da-executiva-nacional-responde-aos-ataques-da-imprensa-contra-marcelo-freixo-e-o-psol\/\"]}]},{\"@type\":\"BreadcrumbList\",\"@id\":\"https:\/\/psol50.org.br\/nota-da-executiva-nacional-responde-aos-ataques-da-imprensa-contra-marcelo-freixo-e-o-psol\/#breadcrumb\",\"itemListElement\":[{\"@type\":\"ListItem\",\"position\":1,\"name\":\"In\u00edcio\",\"item\":\"https:\/\/psol50.org.br\/\"},{\"@type\":\"ListItem\",\"position\":2,\"name\":\"Nota da Executiva Nacional responde aos ataques da imprensa contra Marcelo Freixo e o PSOL\"}]},{\"@type\":\"WebSite\",\"@id\":\"https:\/\/psol50.org.br\/#website\",\"url\":\"https:\/\/psol50.org.br\/\",\"name\":\"PSOL 50\",\"description\":\"Site oficial do Partido Socialismo e Liberdade\",\"publisher\":{\"@id\":\"https:\/\/psol50.org.br\/#organization\"},\"alternateName\":\"PSOL50\",\"potentialAction\":[{\"@type\":\"SearchAction\",\"target\":{\"@type\":\"EntryPoint\",\"urlTemplate\":\"https:\/\/psol50.org.br\/?s={search_term_string}\"},\"query-input\":{\"@type\":\"PropertyValueSpecification\",\"valueRequired\":true,\"valueName\":\"search_term_string\"}}],\"inLanguage\":\"pt-BR\"},{\"@type\":\"Organization\",\"@id\":\"https:\/\/psol50.org.br\/#organization\",\"name\":\"PSOL 50\",\"alternateName\":\"PSOL 50\",\"url\":\"https:\/\/psol50.org.br\/\",\"logo\":{\"@type\":\"ImageObject\",\"inLanguage\":\"pt-BR\",\"@id\":\"https:\/\/psol50.org.br\/#\/schema\/logo\/image\/\",\"url\":\"https:\/\/psol50.org.br\/inc\/uploads\/2018\/07\/capa.png\",\"contentUrl\":\"https:\/\/psol50.org.br\/inc\/uploads\/2018\/07\/capa.png\",\"width\":1350,\"height\":900,\"caption\":\"PSOL 50\"},\"image\":{\"@id\":\"https:\/\/psol50.org.br\/#\/schema\/logo\/image\/\"},\"sameAs\":[\"https:\/\/www.facebook.com\/psol50\",\"https:\/\/x.com\/psol50\",\"https:\/\/www.instagram.com\/psol50\/\",\"https:\/\/www.youtube.com\/channel\/UC7SnJS5o1os7a6CaiNabzcg\"]},{\"@type\":\"Person\",\"@id\":\"https:\/\/psol50.org.br\/#\/schema\/person\/475dfa57d0b815993c714c2e96491fcd\",\"name\":\"Comunica\u00e7\u00e3o PSOL\",\"image\":{\"@type\":\"ImageObject\",\"inLanguage\":\"pt-BR\",\"@id\":\"https:\/\/psol50.org.br\/#\/schema\/person\/image\/\",\"url\":\"https:\/\/secure.gravatar.com\/avatar\/b34fc4f4e468a4e51785917065a3db57b841f5c95dba6ad8c73aaf8f66f8f9bf?s=96&d=mm&r=g\",\"contentUrl\":\"https:\/\/secure.gravatar.com\/avatar\/b34fc4f4e468a4e51785917065a3db57b841f5c95dba6ad8c73aaf8f66f8f9bf?s=96&d=mm&r=g\",\"caption\":\"Comunica\u00e7\u00e3o PSOL\"}}]}<\/script>\n<!-- \/ Yoast SEO plugin. -->","yoast_head_json":{"title":"Nota da Executiva Nacional responde aos ataques da imprensa contra Marcelo Freixo e o PSOL - PSOL 50","robots":{"index":"index","follow":"follow","max-snippet":"max-snippet:-1","max-image-preview":"max-image-preview:large","max-video-preview":"max-video-preview:-1"},"canonical":"https:\/\/psol50.org.br\/nota-da-executiva-nacional-responde-aos-ataques-da-imprensa-contra-marcelo-freixo-e-o-psol\/","og_locale":"pt_BR","og_type":"article","og_title":"Nota da Executiva Nacional responde aos ataques da imprensa contra Marcelo Freixo e o PSOL - PSOL 50","og_description":"Nota da Executiva Nacional do PSOL responde aos ataques dos ve\u00edculos de comunica\u00e7\u00e3o contra o partido.","og_url":"https:\/\/psol50.org.br\/nota-da-executiva-nacional-responde-aos-ataques-da-imprensa-contra-marcelo-freixo-e-o-psol\/","og_site_name":"PSOL 50","article_publisher":"https:\/\/www.facebook.com\/psol50","article_published_time":"2014-02-11T10:51:49+00:00","og_image":[{"width":1350,"height":900,"url":"https:\/\/psol50.org.br\/inc\/uploads\/2018\/07\/capa.png","type":"image\/png"}],"author":"Comunica\u00e7\u00e3o PSOL","twitter_card":"summary_large_image","twitter_creator":"@psol50","twitter_site":"@psol50","twitter_misc":{"Escrito por":"Comunica\u00e7\u00e3o PSOL","Est. tempo de leitura":"3 minutos"},"schema":{"@context":"https:\/\/schema.org","@graph":[{"@type":"Article","@id":"https:\/\/psol50.org.br\/nota-da-executiva-nacional-responde-aos-ataques-da-imprensa-contra-marcelo-freixo-e-o-psol\/#article","isPartOf":{"@id":"https:\/\/psol50.org.br\/nota-da-executiva-nacional-responde-aos-ataques-da-imprensa-contra-marcelo-freixo-e-o-psol\/"},"author":{"name":"Comunica\u00e7\u00e3o PSOL","@id":"https:\/\/psol50.org.br\/#\/schema\/person\/475dfa57d0b815993c714c2e96491fcd"},"headline":"Nota da Executiva Nacional responde aos ataques da imprensa contra Marcelo Freixo e o PSOL","datePublished":"2014-02-11T10:51:49+00:00","mainEntityOfPage":{"@id":"https:\/\/psol50.org.br\/nota-da-executiva-nacional-responde-aos-ataques-da-imprensa-contra-marcelo-freixo-e-o-psol\/"},"wordCount":712,"commentCount":0,"publisher":{"@id":"https:\/\/psol50.org.br\/#organization"},"keywords":["PSOL"],"articleSection":["Arquivo","Not\u00edcias"],"inLanguage":"pt-BR","potentialAction":[{"@type":"CommentAction","name":"Comment","target":["https:\/\/psol50.org.br\/nota-da-executiva-nacional-responde-aos-ataques-da-imprensa-contra-marcelo-freixo-e-o-psol\/#respond"]}]},{"@type":"WebPage","@id":"https:\/\/psol50.org.br\/nota-da-executiva-nacional-responde-aos-ataques-da-imprensa-contra-marcelo-freixo-e-o-psol\/","url":"https:\/\/psol50.org.br\/nota-da-executiva-nacional-responde-aos-ataques-da-imprensa-contra-marcelo-freixo-e-o-psol\/","name":"Nota da Executiva Nacional responde aos ataques da imprensa contra Marcelo Freixo e o PSOL - PSOL 50","isPartOf":{"@id":"https:\/\/psol50.org.br\/#website"},"datePublished":"2014-02-11T10:51:49+00:00","breadcrumb":{"@id":"https:\/\/psol50.org.br\/nota-da-executiva-nacional-responde-aos-ataques-da-imprensa-contra-marcelo-freixo-e-o-psol\/#breadcrumb"},"inLanguage":"pt-BR","potentialAction":[{"@type":"ReadAction","target":["https:\/\/psol50.org.br\/nota-da-executiva-nacional-responde-aos-ataques-da-imprensa-contra-marcelo-freixo-e-o-psol\/"]}]},{"@type":"BreadcrumbList","@id":"https:\/\/psol50.org.br\/nota-da-executiva-nacional-responde-aos-ataques-da-imprensa-contra-marcelo-freixo-e-o-psol\/#breadcrumb","itemListElement":[{"@type":"ListItem","position":1,"name":"In\u00edcio","item":"https:\/\/psol50.org.br\/"},{"@type":"ListItem","position":2,"name":"Nota da Executiva Nacional responde aos ataques da imprensa contra Marcelo Freixo e o PSOL"}]},{"@type":"WebSite","@id":"https:\/\/psol50.org.br\/#website","url":"https:\/\/psol50.org.br\/","name":"PSOL 50","description":"Site oficial do Partido Socialismo e Liberdade","publisher":{"@id":"https:\/\/psol50.org.br\/#organization"},"alternateName":"PSOL50","potentialAction":[{"@type":"SearchAction","target":{"@type":"EntryPoint","urlTemplate":"https:\/\/psol50.org.br\/?s={search_term_string}"},"query-input":{"@type":"PropertyValueSpecification","valueRequired":true,"valueName":"search_term_string"}}],"inLanguage":"pt-BR"},{"@type":"Organization","@id":"https:\/\/psol50.org.br\/#organization","name":"PSOL 50","alternateName":"PSOL 50","url":"https:\/\/psol50.org.br\/","logo":{"@type":"ImageObject","inLanguage":"pt-BR","@id":"https:\/\/psol50.org.br\/#\/schema\/logo\/image\/","url":"https:\/\/psol50.org.br\/inc\/uploads\/2018\/07\/capa.png","contentUrl":"https:\/\/psol50.org.br\/inc\/uploads\/2018\/07\/capa.png","width":1350,"height":900,"caption":"PSOL 50"},"image":{"@id":"https:\/\/psol50.org.br\/#\/schema\/logo\/image\/"},"sameAs":["https:\/\/www.facebook.com\/psol50","https:\/\/x.com\/psol50","https:\/\/www.instagram.com\/psol50\/","https:\/\/www.youtube.com\/channel\/UC7SnJS5o1os7a6CaiNabzcg"]},{"@type":"Person","@id":"https:\/\/psol50.org.br\/#\/schema\/person\/475dfa57d0b815993c714c2e96491fcd","name":"Comunica\u00e7\u00e3o PSOL","image":{"@type":"ImageObject","inLanguage":"pt-BR","@id":"https:\/\/psol50.org.br\/#\/schema\/person\/image\/","url":"https:\/\/secure.gravatar.com\/avatar\/b34fc4f4e468a4e51785917065a3db57b841f5c95dba6ad8c73aaf8f66f8f9bf?s=96&d=mm&r=g","contentUrl":"https:\/\/secure.gravatar.com\/avatar\/b34fc4f4e468a4e51785917065a3db57b841f5c95dba6ad8c73aaf8f66f8f9bf?s=96&d=mm&r=g","caption":"Comunica\u00e7\u00e3o PSOL"}}]}},"_links":{"self":[{"href":"https:\/\/psol50.org.br\/rest\/wp\/v2\/posts\/2569","targetHints":{"allow":["GET"]}}],"collection":[{"href":"https:\/\/psol50.org.br\/rest\/wp\/v2\/posts"}],"about":[{"href":"https:\/\/psol50.org.br\/rest\/wp\/v2\/types\/post"}],"author":[{"embeddable":true,"href":"https:\/\/psol50.org.br\/rest\/wp\/v2\/users\/2"}],"replies":[{"embeddable":true,"href":"https:\/\/psol50.org.br\/rest\/wp\/v2\/comments?post=2569"}],"version-history":[{"count":0,"href":"https:\/\/psol50.org.br\/rest\/wp\/v2\/posts\/2569\/revisions"}],"wp:attachment":[{"href":"https:\/\/psol50.org.br\/rest\/wp\/v2\/media?parent=2569"}],"wp:term":[{"taxonomy":"category","embeddable":true,"href":"https:\/\/psol50.org.br\/rest\/wp\/v2\/categories?post=2569"},{"taxonomy":"post_tag","embeddable":true,"href":"https:\/\/psol50.org.br\/rest\/wp\/v2\/tags?post=2569"}],"curies":[{"name":"wp","href":"https:\/\/api.w.org\/{rel}","templated":true}]}}