{"id":25694,"date":"2019-07-01T12:50:54","date_gmt":"2019-07-01T15:50:54","guid":{"rendered":"http:\/\/psol50.org.br\/?p=25694"},"modified":"2019-07-01T12:50:54","modified_gmt":"2019-07-01T15:50:54","slug":"aurea-carolina-o-brasil-resumido-nos-quilombos-de-alcantara","status":"publish","type":"post","link":"https:\/\/psol50.org.br\/aurea-carolina-o-brasil-resumido-nos-quilombos-de-alcantara\/","title":{"rendered":"\u00c1urea Carolina | O Brasil resumido nos quilombos de Alc\u00e2ntara"},"content":{"rendered":"<p>Originalmente publicado em <a href=\"https:\/\/www.nexojornal.com.br\/colunistas\/tribuna\/2019\/O-Brasil-resumido-nos-quilombos-de-Alc%C3%A2ntara?utm_medium=Social&amp;utm_campaign=Echobox&amp;utm_source=Twitter#Echobox=1561762621\" target=\"_blank\" rel=\"noopener noreferrer\">Nexo Jornal.<\/a><\/p>\n<p>\u201cVoc\u00eas precisam conhecer a nossa feira\u201d. Dona Maria Jos\u00e9 se referia ao mar, dadivoso, que garante alimento com fartura para o quilombo Mamuna e tantas outras comunidades quilombolas ao redor, no grande territ\u00f3rio \u00e9tnico que forma parte do munic\u00edpio de Alc\u00e2ntara, no Maranh\u00e3o. \u00c0 sombra das \u00e1rvores do quintal da dona Maria Jos\u00e9, com a brisa refrescando a roda de conversa, um senhor emendou: \u201cali \u00e9 nossa feira, nosso banco, \u00e9 tudo pra n\u00f3s\u201d.<\/p>\n<p>Mais do que fonte de seguran\u00e7a alimentar e sustento econ\u00f4mico, o mar \u00e9 um bem sagrado para aquele pequeno povoado pesqueiro, que h\u00e1 mais de 30 anos sofre com a amea\u00e7a constante de remo\u00e7\u00e3o pelo Estado brasileiro, em fun\u00e7\u00e3o da implementa\u00e7\u00e3o de um projeto aeroespacial na regi\u00e3o.<\/p>\n<p>Da praia de Mamuna se pode avistar a plataforma de lan\u00e7amento de foguetes do CLA (Centro de Lan\u00e7amento de Alc\u00e2ntara), uma base militar da Aeron\u00e1utica constru\u00edda na d\u00e9cada de 1980. Na \u00e9poca, a instala\u00e7\u00e3o do CLA acarretou a remo\u00e7\u00e3o de 32 povoados, que foram realocados em sete agrovilas afastadas do mar, em um processo traum\u00e1tico marcado por graves viola\u00e7\u00f5es de direitos de centenas de fam\u00edlias quilombolas.<\/p>\n<p>A hist\u00f3ria, praticamente ignorada no Brasil, at\u00e9 hoje se arrasta com o n\u00e3o cumprimento pelo poder p\u00fablico de obriga\u00e7\u00f5es e garantias relativas \u00e0 indeniza\u00e7\u00e3o das fam\u00edlias, \u00e0 titula\u00e7\u00e3o de suas terras e \u00e0 repara\u00e7\u00e3o por danos que lhes foram causados. Os efeitos perversos das remo\u00e7\u00f5es s\u00e3o sentidos na destrui\u00e7\u00e3o de v\u00ednculos comunit\u00e1rios, no adoecimento f\u00edsico e mental das pessoas, na altera\u00e7\u00e3o profunda dos seus modos tradicionais de vida, na expuls\u00e3o de fam\u00edlias para periferias no entorno de S\u00e3o Lu\u00eds, na falta de perspectivas e oportunidades para os jovens, no desemprego, na escassez de alimentos, na prolifera\u00e7\u00e3o da viol\u00eancia, na pobreza.<\/p>\n<p>O pesadelo vivido no passado continua produzindo consequ\u00eancias nefastas de toda ordem e afeta outras comunidades que n\u00e3o chegaram a ser diretamente atingidas, mas que atravessaram esses longos anos com medo de serem removidas a qualquer momento, diante da possibilidade de expans\u00e3o territorial da base militar. Essa tens\u00e3o aumentou terrivelmente com o governo Bolsonaro, que pretende implementar a qualquer custo um plano de explora\u00e7\u00e3o mercadol\u00f3gica da base.<\/p>\n<p>Essa hist\u00f3ria de viol\u00eancia pode se repetir a partir da consolida\u00e7\u00e3o de um AST (Acordo de Salvaguardas Tecnol\u00f3gicas) firmado entre o Brasil e os Estados Unidos, em mar\u00e7o de 2019, para o uso de tecnologias e equipamentos estadunidenses no CLA. Esse acordo, que poderia ser justific\u00e1vel para os interesses nacionais, posto que os Estados Unidos det\u00eam a maior parte da tecnologia espacial do planeta, \u00e9 condi\u00e7\u00e3o para o uso comercial do CLA e dever\u00e1 ser analisado pelo Congresso. Contudo, a proposta tem desconsiderado as realidades e necessidades das comunidades que poder\u00e3o ser atingidas. Al\u00e9m disso, da forma como foi redigido, o AST pode comprometer aspectos de soberania do Estado brasileiro.<\/p>\n<p>Em meados de junho, durante uma viagem que fiz a Alc\u00e2ntara, em miss\u00e3o oficial pela C\u00e2mara dos Deputados, eu ouvi depoimentos tanto de moradores que ainda permanecem no seu territ\u00f3rio ancestral como de moradores de agrovilas, que resultaram das primeiras remo\u00e7\u00f5es. Al\u00e9m de Mamuna, estive na agrovila de Marud\u00e1, acompanhada pelo deputado federal Bira do Pindar\u00e9 (PSB\/MA). Tamb\u00e9m me reuni com autoridades do governo estadual do Maranh\u00e3o e visitei o CLA.<\/p>\n<p>No fim das contas, pude entender como o conflito extrapola enormemente a quest\u00e3o do desenvolvimento cient\u00edfico e tecnol\u00f3gico do Brasil no ramo espacial, desvelando, na verdade, o car\u00e1ter etnocida, racista e autorit\u00e1rio subjacente ao Estado brasileiro. Como disse o senhor Cipriano, em Mamuna: \u201cj\u00e1 chega! N\u00e3o somos contra o desenvolvimento, mas deixa a nossa vida em paz! Sou contra me atingir, a\u00ed eu sou contra\u201d.<\/p>\n<p>Uma das caracter\u00edsticas dessa viol\u00eancia estatal \u00e9 a manipula\u00e7\u00e3o da informa\u00e7\u00e3o e da desinforma\u00e7\u00e3o como estrat\u00e9gia de controle. Espanta, por exemplo, que representantes do governo federal apresentem vers\u00f5es desencontradas ou contradit\u00f3rias sobre o destino do CLA.<\/p>\n<p>Ao passo que o ministro Marcos Pontes, de Ci\u00eancia e Tecnologia, por exemplo, afirma que o AST n\u00e3o implicar\u00e1 em expans\u00e3o territorial da base militar e, assim, n\u00e3o atingir\u00e1 as comunidades quilombolas, o Minist\u00e9rio da Defesa, em resposta oficial a questionamentos feitos pela bancada federal do PSOL, admite que haver\u00e1 a expans\u00e3o. A dire\u00e7\u00e3o do CLA, inclusive, estima que ser\u00e3o removidas 300 fam\u00edlias, chegando a cerca de 2.000 pessoas, aumentando a \u00e1rea da base de 9.000 para 22 mil hectares. O pr\u00f3prio presidente da Rep\u00fablica disse que a quest\u00e3o das comunidades na regi\u00e3o \u201c\u00e9 um problema em vias de se resolver\u201d e que o governo quer \u201coferecer trabalho\u201d na base aos quilombolas que ali residem \u2013 sem assumir, no entanto, qualquer compromisso de escuta ou di\u00e1logo com as comunidades.<\/p>\n<p>O que fica evidente \u00e9 que o Estado brasileiro, representado agora pela administra\u00e7\u00e3o de Bolsonaro, est\u00e1 disposto a perpetuar um hist\u00f3rico desastroso em nome de um projeto cujos alegados benef\u00edcios ainda n\u00e3o foram demonstrados.<\/p>\n<p>N\u00e3o est\u00e1 explicado se o uso comercial da base requer necessariamente a expans\u00e3o da sua \u00e1rea, com a consequente remo\u00e7\u00e3o populacional. Tampouco est\u00e1 assegurada a vantagem econ\u00f4mica do projeto para o pa\u00eds. O governo federal at\u00e9 o momento n\u00e3o apresentou estudos ou dados confi\u00e1veis sobre a poss\u00edvel rentabilidade do neg\u00f3cio, divulgando proje\u00e7\u00f5es vagas sem fundamenta\u00e7\u00e3o t\u00e9cnica. Ademais, entre outros problemas, o AST concede aos Estados Unidos acesso irrestrito a \u00e1reas que deveriam ser de controle exclusivo do Brasil no CLA.<\/p>\n<p>De qualquer maneira, o Estado brasileiro \u00e9 obrigado a realizar um processo de consulta pr\u00e9via, livre e informada das comunidades que poder\u00e3o ser atingidas, conforme determina a Conven\u00e7\u00e3o 169 da Organiza\u00e7\u00e3o Internacional do Trabalho, da qual o Brasil \u00e9 signat\u00e1rio. O governo Bolsonaro tem sido omisso sobre essa obriga\u00e7\u00e3o. Enquanto isso, as pr\u00f3prias comunidades est\u00e3o elaborando, de forma aut\u00f4noma, o protocolo da consulta. Tal iniciativa tem por objetivo balizar a metodologia segundo a qual as comunidades poder\u00e3o reconhecer a legitimidade da consulta a ser efetivada pelo poder p\u00fablico.<\/p>\n<p>Por envolver um escopo t\u00e3o amplo de quest\u00f5es estruturantes para o pa\u00eds, o que est\u00e1 se passando em Alc\u00e2ntara \u00e9 emblem\u00e1tico da atual conjuntura brasileira. Desde as origens da viol\u00eancia colonial escravocrata, passando pela persegui\u00e7\u00e3o aos quilombos no Imp\u00e9rio, at\u00e9 o quadro presente de nega\u00e7\u00e3o de direitos e genoc\u00eddio da popula\u00e7\u00e3o negra, com a matan\u00e7a sistem\u00e1tica e o encarceramento em massa de pessoas negras, em um contexto de desmonte das pol\u00edticas p\u00fablicas, piora das condi\u00e7\u00f5es de vida da popula\u00e7\u00e3o e retrocesso nas conquistas democr\u00e1ticas, o terror como pol\u00edtica de Estado est\u00e1 cravado no cotidiano dos quilombolas de Alc\u00e2ntara. Ao mesmo tempo, a resist\u00eancia secular desse povo \u00e9 o que tem garantido a sua sobreviv\u00eancia e evitado perdas ainda maiores.<\/p>\n<p>O Maranh\u00e3o \u00e9 o estado com o maior n\u00famero de quilombos do Brasil. S\u00f3 em Alc\u00e2ntara existem mais de 200 comunidades quilombolas. S\u00e3o grandes grupos que conhecem muito bem o valor da luta contra a opress\u00e3o.<\/p>\n<p>Carrego comigo a for\u00e7a de amor e solidariedade que testemunhei no encontro com lideran\u00e7as de alguns desses quilombos, com o gesto comovente daqueles que foram expulsos dos seus territ\u00f3rios no passado e que hoje est\u00e3o lado a lado com seus irm\u00e3os que sofrem com a tentativa de reedi\u00e7\u00e3o do massacre pelo Estado brasileiro. Aconte\u00e7a o que acontecer, eles seguir\u00e3o defendendo as suas \u201cterras de bondade\u201d, como disse a dona Maria de F\u00e1tima, em Mamuna. Ou como ensina dona Gilza, em Marud\u00e1: \u201csobrevivemos atrav\u00e9s da uni\u00e3o. O que a gente quer s\u00e3o os nossos direitos\u201d.<\/p>\n","protected":false},"excerpt":{"rendered":"<p>Originalmente publicado em Nexo Jornal. \u201cVoc\u00eas precisam conhecer a nossa feira\u201d. Dona Maria Jos\u00e9 se referia ao mar, dadivoso, que garante alimento com fartura para o quilombo Mamuna e tantas outras comunidades quilombolas ao redor, no grande territ\u00f3rio \u00e9tnico que forma parte do munic\u00edpio de Alc\u00e2ntara, no Maranh\u00e3o. \u00c0 sombra das \u00e1rvores do quintal da [&hellip;]<\/p>\n","protected":false},"author":2,"featured_media":25222,"comment_status":"closed","ping_status":"open","sticky":false,"template":"","format":"standard","meta":{"_acf_changed":false,"footnotes":""},"categories":[6],"tags":[442,29,1619],"class_list":{"0":"post-25694","1":"post","2":"type-post","3":"status-publish","4":"format-standard","5":"has-post-thumbnail","7":"category-noticias","8":"tag-alcantara","9":"tag-aurea-carolina","10":"tag-quilombo"},"acf":[],"yoast_head":"<!-- This site is optimized with the Yoast SEO plugin v26.5 - https:\/\/yoast.com\/wordpress\/plugins\/seo\/ -->\n<title>\u00c1urea Carolina | O Brasil resumido nos quilombos de Alc\u00e2ntara<\/title>\n<meta name=\"robots\" content=\"index, follow, max-snippet:-1, max-image-preview:large, max-video-preview:-1\" \/>\n<link rel=\"canonical\" href=\"https:\/\/psol50.org.br\/aurea-carolina-o-brasil-resumido-nos-quilombos-de-alcantara\/\" \/>\n<meta property=\"og:locale\" content=\"pt_BR\" \/>\n<meta property=\"og:type\" content=\"article\" \/>\n<meta property=\"og:title\" content=\"O Brasil resumido nos quilombos de Alc\u00e2ntara\" \/>\n<meta property=\"og:description\" content=\"Leia o artigo de \u00c1urea Carolina.\" \/>\n<meta property=\"og:url\" content=\"https:\/\/psol50.org.br\/aurea-carolina-o-brasil-resumido-nos-quilombos-de-alcantara\/\" \/>\n<meta property=\"og:site_name\" content=\"PSOL 50\" \/>\n<meta property=\"article:publisher\" content=\"https:\/\/www.facebook.com\/psol50\" \/>\n<meta property=\"article:published_time\" content=\"2019-07-01T15:50:54+00:00\" \/>\n<meta property=\"og:image\" content=\"https:\/\/psol50.org.br\/inc\/uploads\/2019\/05\/aurea-83.jpg\" \/>\n\t<meta property=\"og:image:width\" content=\"984\" \/>\n\t<meta property=\"og:image:height\" content=\"616\" \/>\n\t<meta property=\"og:image:type\" content=\"image\/jpeg\" \/>\n<meta name=\"author\" content=\"Comunica\u00e7\u00e3o PSOL\" \/>\n<meta name=\"twitter:card\" content=\"summary_large_image\" \/>\n<meta name=\"twitter:title\" content=\"O Brasil resumido nos quilombos de Alc\u00e2ntara\" \/>\n<meta name=\"twitter:description\" content=\"Leia o artigo de \u00c1urea Carolina.\" \/>\n<meta name=\"twitter:image\" content=\"https:\/\/psol50.org.br\/inc\/uploads\/2019\/05\/aurea-83.jpg\" \/>\n<meta name=\"twitter:creator\" content=\"@psol50\" \/>\n<meta name=\"twitter:site\" content=\"@psol50\" \/>\n<meta name=\"twitter:label1\" content=\"Escrito por\" \/>\n\t<meta name=\"twitter:data1\" content=\"Comunica\u00e7\u00e3o PSOL\" \/>\n\t<meta name=\"twitter:label2\" content=\"Est. tempo de leitura\" \/>\n\t<meta name=\"twitter:data2\" content=\"7 minutos\" \/>\n<script type=\"application\/ld+json\" class=\"yoast-schema-graph\">{\"@context\":\"https:\/\/schema.org\",\"@graph\":[{\"@type\":\"Article\",\"@id\":\"https:\/\/psol50.org.br\/aurea-carolina-o-brasil-resumido-nos-quilombos-de-alcantara\/#article\",\"isPartOf\":{\"@id\":\"https:\/\/psol50.org.br\/aurea-carolina-o-brasil-resumido-nos-quilombos-de-alcantara\/\"},\"author\":{\"name\":\"Comunica\u00e7\u00e3o PSOL\",\"@id\":\"https:\/\/psol50.org.br\/#\/schema\/person\/475dfa57d0b815993c714c2e96491fcd\"},\"headline\":\"\u00c1urea Carolina | O Brasil resumido nos quilombos de Alc\u00e2ntara\",\"datePublished\":\"2019-07-01T15:50:54+00:00\",\"mainEntityOfPage\":{\"@id\":\"https:\/\/psol50.org.br\/aurea-carolina-o-brasil-resumido-nos-quilombos-de-alcantara\/\"},\"wordCount\":1368,\"publisher\":{\"@id\":\"https:\/\/psol50.org.br\/#organization\"},\"image\":{\"@id\":\"https:\/\/psol50.org.br\/aurea-carolina-o-brasil-resumido-nos-quilombos-de-alcantara\/#primaryimage\"},\"thumbnailUrl\":\"https:\/\/psol50.org.br\/inc\/uploads\/2019\/05\/aurea-83.jpg\",\"keywords\":[\"Alc\u00e2ntara\",\"\u00c1urea Carolina\",\"quilombo\"],\"articleSection\":[\"Not\u00edcias\"],\"inLanguage\":\"pt-BR\"},{\"@type\":\"WebPage\",\"@id\":\"https:\/\/psol50.org.br\/aurea-carolina-o-brasil-resumido-nos-quilombos-de-alcantara\/\",\"url\":\"https:\/\/psol50.org.br\/aurea-carolina-o-brasil-resumido-nos-quilombos-de-alcantara\/\",\"name\":\"\u00c1urea Carolina | O Brasil resumido nos quilombos de Alc\u00e2ntara\",\"isPartOf\":{\"@id\":\"https:\/\/psol50.org.br\/#website\"},\"primaryImageOfPage\":{\"@id\":\"https:\/\/psol50.org.br\/aurea-carolina-o-brasil-resumido-nos-quilombos-de-alcantara\/#primaryimage\"},\"image\":{\"@id\":\"https:\/\/psol50.org.br\/aurea-carolina-o-brasil-resumido-nos-quilombos-de-alcantara\/#primaryimage\"},\"thumbnailUrl\":\"https:\/\/psol50.org.br\/inc\/uploads\/2019\/05\/aurea-83.jpg\",\"datePublished\":\"2019-07-01T15:50:54+00:00\",\"breadcrumb\":{\"@id\":\"https:\/\/psol50.org.br\/aurea-carolina-o-brasil-resumido-nos-quilombos-de-alcantara\/#breadcrumb\"},\"inLanguage\":\"pt-BR\",\"potentialAction\":[{\"@type\":\"ReadAction\",\"target\":[\"https:\/\/psol50.org.br\/aurea-carolina-o-brasil-resumido-nos-quilombos-de-alcantara\/\"]}]},{\"@type\":\"ImageObject\",\"inLanguage\":\"pt-BR\",\"@id\":\"https:\/\/psol50.org.br\/aurea-carolina-o-brasil-resumido-nos-quilombos-de-alcantara\/#primaryimage\",\"url\":\"https:\/\/psol50.org.br\/inc\/uploads\/2019\/05\/aurea-83.jpg\",\"contentUrl\":\"https:\/\/psol50.org.br\/inc\/uploads\/2019\/05\/aurea-83.jpg\",\"width\":984,\"height\":616,\"caption\":\"Foto: Patrick Arley\/Divulga\u00e7\u00e3o\"},{\"@type\":\"BreadcrumbList\",\"@id\":\"https:\/\/psol50.org.br\/aurea-carolina-o-brasil-resumido-nos-quilombos-de-alcantara\/#breadcrumb\",\"itemListElement\":[{\"@type\":\"ListItem\",\"position\":1,\"name\":\"In\u00edcio\",\"item\":\"https:\/\/psol50.org.br\/\"},{\"@type\":\"ListItem\",\"position\":2,\"name\":\"\u00c1urea Carolina | O Brasil resumido nos quilombos de Alc\u00e2ntara\"}]},{\"@type\":\"WebSite\",\"@id\":\"https:\/\/psol50.org.br\/#website\",\"url\":\"https:\/\/psol50.org.br\/\",\"name\":\"PSOL 50\",\"description\":\"Site oficial do Partido Socialismo e Liberdade\",\"publisher\":{\"@id\":\"https:\/\/psol50.org.br\/#organization\"},\"alternateName\":\"PSOL50\",\"potentialAction\":[{\"@type\":\"SearchAction\",\"target\":{\"@type\":\"EntryPoint\",\"urlTemplate\":\"https:\/\/psol50.org.br\/?s={search_term_string}\"},\"query-input\":{\"@type\":\"PropertyValueSpecification\",\"valueRequired\":true,\"valueName\":\"search_term_string\"}}],\"inLanguage\":\"pt-BR\"},{\"@type\":\"Organization\",\"@id\":\"https:\/\/psol50.org.br\/#organization\",\"name\":\"PSOL 50\",\"alternateName\":\"PSOL 50\",\"url\":\"https:\/\/psol50.org.br\/\",\"logo\":{\"@type\":\"ImageObject\",\"inLanguage\":\"pt-BR\",\"@id\":\"https:\/\/psol50.org.br\/#\/schema\/logo\/image\/\",\"url\":\"https:\/\/psol50.org.br\/inc\/uploads\/2018\/07\/capa.png\",\"contentUrl\":\"https:\/\/psol50.org.br\/inc\/uploads\/2018\/07\/capa.png\",\"width\":1350,\"height\":900,\"caption\":\"PSOL 50\"},\"image\":{\"@id\":\"https:\/\/psol50.org.br\/#\/schema\/logo\/image\/\"},\"sameAs\":[\"https:\/\/www.facebook.com\/psol50\",\"https:\/\/x.com\/psol50\",\"https:\/\/www.instagram.com\/psol50\/\",\"https:\/\/www.youtube.com\/channel\/UC7SnJS5o1os7a6CaiNabzcg\"]},{\"@type\":\"Person\",\"@id\":\"https:\/\/psol50.org.br\/#\/schema\/person\/475dfa57d0b815993c714c2e96491fcd\",\"name\":\"Comunica\u00e7\u00e3o PSOL\",\"image\":{\"@type\":\"ImageObject\",\"inLanguage\":\"pt-BR\",\"@id\":\"https:\/\/psol50.org.br\/#\/schema\/person\/image\/\",\"url\":\"https:\/\/secure.gravatar.com\/avatar\/b34fc4f4e468a4e51785917065a3db57b841f5c95dba6ad8c73aaf8f66f8f9bf?s=96&d=mm&r=g\",\"contentUrl\":\"https:\/\/secure.gravatar.com\/avatar\/b34fc4f4e468a4e51785917065a3db57b841f5c95dba6ad8c73aaf8f66f8f9bf?s=96&d=mm&r=g\",\"caption\":\"Comunica\u00e7\u00e3o PSOL\"}}]}<\/script>\n<!-- \/ Yoast SEO plugin. -->","yoast_head_json":{"title":"\u00c1urea Carolina | O Brasil resumido nos quilombos de Alc\u00e2ntara","robots":{"index":"index","follow":"follow","max-snippet":"max-snippet:-1","max-image-preview":"max-image-preview:large","max-video-preview":"max-video-preview:-1"},"canonical":"https:\/\/psol50.org.br\/aurea-carolina-o-brasil-resumido-nos-quilombos-de-alcantara\/","og_locale":"pt_BR","og_type":"article","og_title":"O Brasil resumido nos quilombos de Alc\u00e2ntara","og_description":"Leia o artigo de \u00c1urea Carolina.","og_url":"https:\/\/psol50.org.br\/aurea-carolina-o-brasil-resumido-nos-quilombos-de-alcantara\/","og_site_name":"PSOL 50","article_publisher":"https:\/\/www.facebook.com\/psol50","article_published_time":"2019-07-01T15:50:54+00:00","og_image":[{"width":984,"height":616,"url":"https:\/\/psol50.org.br\/inc\/uploads\/2019\/05\/aurea-83.jpg","type":"image\/jpeg"}],"author":"Comunica\u00e7\u00e3o PSOL","twitter_card":"summary_large_image","twitter_title":"O Brasil resumido nos quilombos de Alc\u00e2ntara","twitter_description":"Leia o artigo de \u00c1urea Carolina.","twitter_image":"https:\/\/psol50.org.br\/inc\/uploads\/2019\/05\/aurea-83.jpg","twitter_creator":"@psol50","twitter_site":"@psol50","twitter_misc":{"Escrito por":"Comunica\u00e7\u00e3o PSOL","Est. tempo de leitura":"7 minutos"},"schema":{"@context":"https:\/\/schema.org","@graph":[{"@type":"Article","@id":"https:\/\/psol50.org.br\/aurea-carolina-o-brasil-resumido-nos-quilombos-de-alcantara\/#article","isPartOf":{"@id":"https:\/\/psol50.org.br\/aurea-carolina-o-brasil-resumido-nos-quilombos-de-alcantara\/"},"author":{"name":"Comunica\u00e7\u00e3o PSOL","@id":"https:\/\/psol50.org.br\/#\/schema\/person\/475dfa57d0b815993c714c2e96491fcd"},"headline":"\u00c1urea Carolina | O Brasil resumido nos quilombos de Alc\u00e2ntara","datePublished":"2019-07-01T15:50:54+00:00","mainEntityOfPage":{"@id":"https:\/\/psol50.org.br\/aurea-carolina-o-brasil-resumido-nos-quilombos-de-alcantara\/"},"wordCount":1368,"publisher":{"@id":"https:\/\/psol50.org.br\/#organization"},"image":{"@id":"https:\/\/psol50.org.br\/aurea-carolina-o-brasil-resumido-nos-quilombos-de-alcantara\/#primaryimage"},"thumbnailUrl":"https:\/\/psol50.org.br\/inc\/uploads\/2019\/05\/aurea-83.jpg","keywords":["Alc\u00e2ntara","\u00c1urea Carolina","quilombo"],"articleSection":["Not\u00edcias"],"inLanguage":"pt-BR"},{"@type":"WebPage","@id":"https:\/\/psol50.org.br\/aurea-carolina-o-brasil-resumido-nos-quilombos-de-alcantara\/","url":"https:\/\/psol50.org.br\/aurea-carolina-o-brasil-resumido-nos-quilombos-de-alcantara\/","name":"\u00c1urea Carolina | O Brasil resumido nos quilombos de Alc\u00e2ntara","isPartOf":{"@id":"https:\/\/psol50.org.br\/#website"},"primaryImageOfPage":{"@id":"https:\/\/psol50.org.br\/aurea-carolina-o-brasil-resumido-nos-quilombos-de-alcantara\/#primaryimage"},"image":{"@id":"https:\/\/psol50.org.br\/aurea-carolina-o-brasil-resumido-nos-quilombos-de-alcantara\/#primaryimage"},"thumbnailUrl":"https:\/\/psol50.org.br\/inc\/uploads\/2019\/05\/aurea-83.jpg","datePublished":"2019-07-01T15:50:54+00:00","breadcrumb":{"@id":"https:\/\/psol50.org.br\/aurea-carolina-o-brasil-resumido-nos-quilombos-de-alcantara\/#breadcrumb"},"inLanguage":"pt-BR","potentialAction":[{"@type":"ReadAction","target":["https:\/\/psol50.org.br\/aurea-carolina-o-brasil-resumido-nos-quilombos-de-alcantara\/"]}]},{"@type":"ImageObject","inLanguage":"pt-BR","@id":"https:\/\/psol50.org.br\/aurea-carolina-o-brasil-resumido-nos-quilombos-de-alcantara\/#primaryimage","url":"https:\/\/psol50.org.br\/inc\/uploads\/2019\/05\/aurea-83.jpg","contentUrl":"https:\/\/psol50.org.br\/inc\/uploads\/2019\/05\/aurea-83.jpg","width":984,"height":616,"caption":"Foto: Patrick Arley\/Divulga\u00e7\u00e3o"},{"@type":"BreadcrumbList","@id":"https:\/\/psol50.org.br\/aurea-carolina-o-brasil-resumido-nos-quilombos-de-alcantara\/#breadcrumb","itemListElement":[{"@type":"ListItem","position":1,"name":"In\u00edcio","item":"https:\/\/psol50.org.br\/"},{"@type":"ListItem","position":2,"name":"\u00c1urea Carolina | O Brasil resumido nos quilombos de Alc\u00e2ntara"}]},{"@type":"WebSite","@id":"https:\/\/psol50.org.br\/#website","url":"https:\/\/psol50.org.br\/","name":"PSOL 50","description":"Site oficial do Partido Socialismo e Liberdade","publisher":{"@id":"https:\/\/psol50.org.br\/#organization"},"alternateName":"PSOL50","potentialAction":[{"@type":"SearchAction","target":{"@type":"EntryPoint","urlTemplate":"https:\/\/psol50.org.br\/?s={search_term_string}"},"query-input":{"@type":"PropertyValueSpecification","valueRequired":true,"valueName":"search_term_string"}}],"inLanguage":"pt-BR"},{"@type":"Organization","@id":"https:\/\/psol50.org.br\/#organization","name":"PSOL 50","alternateName":"PSOL 50","url":"https:\/\/psol50.org.br\/","logo":{"@type":"ImageObject","inLanguage":"pt-BR","@id":"https:\/\/psol50.org.br\/#\/schema\/logo\/image\/","url":"https:\/\/psol50.org.br\/inc\/uploads\/2018\/07\/capa.png","contentUrl":"https:\/\/psol50.org.br\/inc\/uploads\/2018\/07\/capa.png","width":1350,"height":900,"caption":"PSOL 50"},"image":{"@id":"https:\/\/psol50.org.br\/#\/schema\/logo\/image\/"},"sameAs":["https:\/\/www.facebook.com\/psol50","https:\/\/x.com\/psol50","https:\/\/www.instagram.com\/psol50\/","https:\/\/www.youtube.com\/channel\/UC7SnJS5o1os7a6CaiNabzcg"]},{"@type":"Person","@id":"https:\/\/psol50.org.br\/#\/schema\/person\/475dfa57d0b815993c714c2e96491fcd","name":"Comunica\u00e7\u00e3o PSOL","image":{"@type":"ImageObject","inLanguage":"pt-BR","@id":"https:\/\/psol50.org.br\/#\/schema\/person\/image\/","url":"https:\/\/secure.gravatar.com\/avatar\/b34fc4f4e468a4e51785917065a3db57b841f5c95dba6ad8c73aaf8f66f8f9bf?s=96&d=mm&r=g","contentUrl":"https:\/\/secure.gravatar.com\/avatar\/b34fc4f4e468a4e51785917065a3db57b841f5c95dba6ad8c73aaf8f66f8f9bf?s=96&d=mm&r=g","caption":"Comunica\u00e7\u00e3o PSOL"}}]}},"_links":{"self":[{"href":"https:\/\/psol50.org.br\/rest\/wp\/v2\/posts\/25694","targetHints":{"allow":["GET"]}}],"collection":[{"href":"https:\/\/psol50.org.br\/rest\/wp\/v2\/posts"}],"about":[{"href":"https:\/\/psol50.org.br\/rest\/wp\/v2\/types\/post"}],"author":[{"embeddable":true,"href":"https:\/\/psol50.org.br\/rest\/wp\/v2\/users\/2"}],"replies":[{"embeddable":true,"href":"https:\/\/psol50.org.br\/rest\/wp\/v2\/comments?post=25694"}],"version-history":[{"count":0,"href":"https:\/\/psol50.org.br\/rest\/wp\/v2\/posts\/25694\/revisions"}],"wp:featuredmedia":[{"embeddable":true,"href":"https:\/\/psol50.org.br\/rest\/wp\/v2\/media\/25222"}],"wp:attachment":[{"href":"https:\/\/psol50.org.br\/rest\/wp\/v2\/media?parent=25694"}],"wp:term":[{"taxonomy":"category","embeddable":true,"href":"https:\/\/psol50.org.br\/rest\/wp\/v2\/categories?post=25694"},{"taxonomy":"post_tag","embeddable":true,"href":"https:\/\/psol50.org.br\/rest\/wp\/v2\/tags?post=25694"}],"curies":[{"name":"wp","href":"https:\/\/api.w.org\/{rel}","templated":true}]}}