{"id":25696,"date":"2019-07-01T17:47:36","date_gmt":"2019-07-01T20:47:36","guid":{"rendered":"http:\/\/psol50.org.br\/?p=25696"},"modified":"2019-07-01T17:47:36","modified_gmt":"2019-07-01T20:47:36","slug":"psol-propoe-barrar-na-camara-o-aumento-da-pena-para-casos-de-desacato-policial","status":"publish","type":"post","link":"https:\/\/psol50.org.br\/psol-propoe-barrar-na-camara-o-aumento-da-pena-para-casos-de-desacato-policial\/","title":{"rendered":"PSOL prop\u00f5e barrar na C\u00e2mara o aumento da pena para casos de desacato policial"},"content":{"rendered":"<div class=\"s-block-item s-repeatable-item s-block-sortable-item s-blog-post-section blog-section\">\n<div class=\"container\">\n<div class=\"sixteen columns\">\n<div class=\"s-blog-section-inner\">\n<div class=\"s-component s-text\">\n<div class=\"s-component-content s-font-body\">\n<p>A deputada federal Tal\u00edria Petrone apresentou um voto em separado na Comiss\u00e3o de Constitui\u00e7\u00e3o, Justi\u00e7a e Cidadania (CCJ) a um projeto de autoria de Eli Correa Filho (DEM) que aumenta a pena do crime de desacato praticado contra policiais civis e militares e guardas civis. O parecer pela aprova\u00e7\u00e3o produzido pelo deputado Sanderson (PSL-RS) estava na pauta da reuni\u00e3o da \u00faltima quarta-feira (27) na CCJ e pode ser apreciado esta semana pelo colegiado.<\/p>\n<\/div>\n<\/div>\n<\/div>\n<\/div>\n<\/div>\n<\/div>\n<div class=\"s-block-item s-repeatable-item s-block-sortable-item s-blog-post-section blog-section\">\n<div class=\"container\">\n<div class=\"sixteen columns\">\n<div class=\"s-blog-section-inner\">\n<div class=\"s-component s-text\">\n<div class=\"s-component-content s-font-body\">No voto em separado, Tal\u00edria Petrone ressalta que o projeto \u00e9 evidentemente inconstitucional, j\u00e1 que afronta o direito fundamental \u00e0 liberdade de express\u00e3o, previsto na Constitui\u00e7\u00e3o Federal e na Conven\u00e7\u00e3o Americana de Direitos Humanos, tamb\u00e9m conhecida como Pacto de San Jos\u00e9 da Costa Rica, marco internacional da prote\u00e7\u00e3o aos direitos humanos.<\/div>\n<\/div>\n<\/div>\n<\/div>\n<\/div>\n<\/div>\n<div class=\"s-block-item s-repeatable-item s-block-sortable-item s-blog-post-section blog-section\">\n<div class=\"container\">\n<div class=\"sixteen columns\">\n<div class=\"s-blog-section-inner\">\n<div class=\"s-component s-text\">\n<div class=\"s-component-content s-font-body\">\n<p>A Comiss\u00e3o Interamericana de Direitos Humanos (CIDH), \u00f3rg\u00e3o principal e aut\u00f4nomo da Organiza\u00e7\u00e3o dos Estados Americanos (OEA) encarregado da promo\u00e7\u00e3o e prote\u00e7\u00e3o dos direitos humanos no continente americano, j\u00e1 concluiu que as leis de desacato s\u00e3o incompat\u00edveis com a Conven\u00e7\u00e3o Americana de Direitos Humanos e orientou os pa\u00edses que assinam a revog\u00e1-las.<\/p>\n<\/div>\n<\/div>\n<\/div>\n<\/div>\n<\/div>\n<\/div>\n<div class=\"s-block-item s-repeatable-item s-block-sortable-item s-blog-post-section blog-section\">\n<div class=\"container\">\n<div class=\"sixteen columns\">\n<div class=\"s-blog-section-inner\">\n<div class=\"s-component s-text\">\n<div class=\"s-component-content s-font-body\">\n<p>\u201cO PL 1.768\/2011, ao propor o aumento da pena de desacato, vai de encontro aos compromissos assumidos pelo Brasil e destoa do posicionamento da Comiss\u00e3o Interamericana de Direitos Humanos e da comunidade internacional sobre o tema. O que se tem observado historicamente \u00e9 a utiliza\u00e7\u00e3o desse tipo penal para calar a voz dos que \u2018ousam\u2019 reagir aos abusos praticados por agentes p\u00fablicos, em clara ofensa \u00e0 liberdade de express\u00e3o\u201d, ressalta Tal\u00edria em seu voto.<\/p>\n<\/div>\n<\/div>\n<\/div>\n<\/div>\n<\/div>\n<\/div>\n","protected":false},"excerpt":{"rendered":"<p>A deputada federal Tal\u00edria Petrone apresentou um voto em separado na Comiss\u00e3o de Constitui\u00e7\u00e3o, Justi\u00e7a e Cidadania (CCJ) a um projeto de autoria de Eli Correa Filho (DEM) que aumenta a pena do crime de desacato praticado contra policiais civis e militares e guardas civis. O parecer pela aprova\u00e7\u00e3o produzido pelo deputado Sanderson (PSL-RS) estava [&hellip;]<\/p>\n","protected":false},"author":2,"featured_media":25697,"comment_status":"closed","ping_status":"open","sticky":false,"template":"","format":"standard","meta":{"_acf_changed":false,"footnotes":""},"categories":[6,14],"tags":[1894,163,1375,728,22,9],"class_list":{"0":"post-25696","1":"post","2":"type-post","3":"status-publish","4":"format-standard","5":"has-post-thumbnail","7":"category-noticias","8":"category-partido","9":"tag-abuso-policial","10":"tag-camara","11":"tag-ccj","12":"tag-policia","13":"tag-psol","14":"tag-taliria"},"acf":[],"yoast_head":"<!-- This site is optimized with the Yoast SEO plugin v26.5 - https:\/\/yoast.com\/wordpress\/plugins\/seo\/ -->\n<title>PSOL prop\u00f5e barrar na C\u00e2mara o aumento da pena para casos de desacato policial<\/title>\n<meta name=\"description\" content=\"Para Tal\u00edria Petrone o projeto \u00e9 inconstitucional e facilita situa\u00e7\u00f5es de abuso policial\" \/>\n<meta name=\"robots\" content=\"index, follow, max-snippet:-1, max-image-preview:large, max-video-preview:-1\" \/>\n<link rel=\"canonical\" href=\"https:\/\/psol50.org.br\/psol-propoe-barrar-na-camara-o-aumento-da-pena-para-casos-de-desacato-policial\/\" \/>\n<meta property=\"og:locale\" content=\"pt_BR\" \/>\n<meta property=\"og:type\" content=\"article\" \/>\n<meta property=\"og:title\" content=\"PSOL prop\u00f5e barrar na C\u00e2mara o aumento da pena para casos de desacato policial\" \/>\n<meta property=\"og:description\" content=\"Para Tal\u00edria Petrone o projeto \u00e9 inconstitucional e facilita situa\u00e7\u00f5es de abuso policial\" \/>\n<meta property=\"og:url\" content=\"https:\/\/psol50.org.br\/psol-propoe-barrar-na-camara-o-aumento-da-pena-para-casos-de-desacato-policial\/\" \/>\n<meta property=\"og:site_name\" content=\"PSOL 50\" \/>\n<meta property=\"article:publisher\" content=\"https:\/\/www.facebook.com\/psol50\" \/>\n<meta property=\"article:published_time\" content=\"2019-07-01T20:47:36+00:00\" \/>\n<meta property=\"og:image\" content=\"https:\/\/psol50.org.br\/inc\/uploads\/2019\/07\/abusopoder.jpg\" \/>\n\t<meta property=\"og:image:width\" content=\"640\" \/>\n\t<meta property=\"og:image:height\" content=\"335\" \/>\n\t<meta property=\"og:image:type\" content=\"image\/jpeg\" \/>\n<meta name=\"author\" content=\"Comunica\u00e7\u00e3o PSOL\" \/>\n<meta name=\"twitter:card\" content=\"summary_large_image\" \/>\n<meta name=\"twitter:title\" content=\"PSOL prop\u00f5e barrar na C\u00e2mara o aumento da pena para casos de desacato policial\" \/>\n<meta name=\"twitter:description\" content=\"Para Tal\u00edria Petrone o projeto \u00e9 inconstitucional e facilita situa\u00e7\u00f5es de abuso policial\" \/>\n<meta name=\"twitter:image\" content=\"https:\/\/psol50.org.br\/inc\/uploads\/2019\/07\/abusopoder.jpg\" \/>\n<meta name=\"twitter:creator\" content=\"@psol50\" \/>\n<meta name=\"twitter:site\" content=\"@psol50\" \/>\n<meta name=\"twitter:label1\" content=\"Escrito por\" \/>\n\t<meta name=\"twitter:data1\" content=\"Comunica\u00e7\u00e3o PSOL\" \/>\n\t<meta name=\"twitter:label2\" content=\"Est. tempo de leitura\" \/>\n\t<meta name=\"twitter:data2\" content=\"1 minuto\" \/>\n<script type=\"application\/ld+json\" class=\"yoast-schema-graph\">{\"@context\":\"https:\/\/schema.org\",\"@graph\":[{\"@type\":\"Article\",\"@id\":\"https:\/\/psol50.org.br\/psol-propoe-barrar-na-camara-o-aumento-da-pena-para-casos-de-desacato-policial\/#article\",\"isPartOf\":{\"@id\":\"https:\/\/psol50.org.br\/psol-propoe-barrar-na-camara-o-aumento-da-pena-para-casos-de-desacato-policial\/\"},\"author\":{\"name\":\"Comunica\u00e7\u00e3o PSOL\",\"@id\":\"https:\/\/psol50.org.br\/#\/schema\/person\/475dfa57d0b815993c714c2e96491fcd\"},\"headline\":\"PSOL prop\u00f5e barrar na C\u00e2mara o aumento da pena para casos de desacato policial\",\"datePublished\":\"2019-07-01T20:47:36+00:00\",\"mainEntityOfPage\":{\"@id\":\"https:\/\/psol50.org.br\/psol-propoe-barrar-na-camara-o-aumento-da-pena-para-casos-de-desacato-policial\/\"},\"wordCount\":288,\"publisher\":{\"@id\":\"https:\/\/psol50.org.br\/#organization\"},\"image\":{\"@id\":\"https:\/\/psol50.org.br\/psol-propoe-barrar-na-camara-o-aumento-da-pena-para-casos-de-desacato-policial\/#primaryimage\"},\"thumbnailUrl\":\"https:\/\/psol50.org.br\/inc\/uploads\/2019\/07\/abusopoder.jpg\",\"keywords\":[\"abuso policial\",\"c\u00e2mara\",\"CCJ\",\"pol\u00edcia\",\"PSOL\",\"tal\u00edria\"],\"articleSection\":[\"Not\u00edcias\",\"Partido\"],\"inLanguage\":\"pt-BR\"},{\"@type\":\"WebPage\",\"@id\":\"https:\/\/psol50.org.br\/psol-propoe-barrar-na-camara-o-aumento-da-pena-para-casos-de-desacato-policial\/\",\"url\":\"https:\/\/psol50.org.br\/psol-propoe-barrar-na-camara-o-aumento-da-pena-para-casos-de-desacato-policial\/\",\"name\":\"PSOL prop\u00f5e barrar na C\u00e2mara o aumento da pena para casos de desacato policial\",\"isPartOf\":{\"@id\":\"https:\/\/psol50.org.br\/#website\"},\"primaryImageOfPage\":{\"@id\":\"https:\/\/psol50.org.br\/psol-propoe-barrar-na-camara-o-aumento-da-pena-para-casos-de-desacato-policial\/#primaryimage\"},\"image\":{\"@id\":\"https:\/\/psol50.org.br\/psol-propoe-barrar-na-camara-o-aumento-da-pena-para-casos-de-desacato-policial\/#primaryimage\"},\"thumbnailUrl\":\"https:\/\/psol50.org.br\/inc\/uploads\/2019\/07\/abusopoder.jpg\",\"datePublished\":\"2019-07-01T20:47:36+00:00\",\"description\":\"Para Tal\u00edria Petrone o projeto \u00e9 inconstitucional e facilita situa\u00e7\u00f5es de abuso policial\",\"breadcrumb\":{\"@id\":\"https:\/\/psol50.org.br\/psol-propoe-barrar-na-camara-o-aumento-da-pena-para-casos-de-desacato-policial\/#breadcrumb\"},\"inLanguage\":\"pt-BR\",\"potentialAction\":[{\"@type\":\"ReadAction\",\"target\":[\"https:\/\/psol50.org.br\/psol-propoe-barrar-na-camara-o-aumento-da-pena-para-casos-de-desacato-policial\/\"]}]},{\"@type\":\"ImageObject\",\"inLanguage\":\"pt-BR\",\"@id\":\"https:\/\/psol50.org.br\/psol-propoe-barrar-na-camara-o-aumento-da-pena-para-casos-de-desacato-policial\/#primaryimage\",\"url\":\"https:\/\/psol50.org.br\/inc\/uploads\/2019\/07\/abusopoder.jpg\",\"contentUrl\":\"https:\/\/psol50.org.br\/inc\/uploads\/2019\/07\/abusopoder.jpg\",\"width\":640,\"height\":335},{\"@type\":\"BreadcrumbList\",\"@id\":\"https:\/\/psol50.org.br\/psol-propoe-barrar-na-camara-o-aumento-da-pena-para-casos-de-desacato-policial\/#breadcrumb\",\"itemListElement\":[{\"@type\":\"ListItem\",\"position\":1,\"name\":\"In\u00edcio\",\"item\":\"https:\/\/psol50.org.br\/\"},{\"@type\":\"ListItem\",\"position\":2,\"name\":\"PSOL prop\u00f5e barrar na C\u00e2mara o aumento da pena para casos de desacato policial\"}]},{\"@type\":\"WebSite\",\"@id\":\"https:\/\/psol50.org.br\/#website\",\"url\":\"https:\/\/psol50.org.br\/\",\"name\":\"PSOL 50\",\"description\":\"Site oficial do Partido Socialismo e Liberdade\",\"publisher\":{\"@id\":\"https:\/\/psol50.org.br\/#organization\"},\"alternateName\":\"PSOL50\",\"potentialAction\":[{\"@type\":\"SearchAction\",\"target\":{\"@type\":\"EntryPoint\",\"urlTemplate\":\"https:\/\/psol50.org.br\/?s={search_term_string}\"},\"query-input\":{\"@type\":\"PropertyValueSpecification\",\"valueRequired\":true,\"valueName\":\"search_term_string\"}}],\"inLanguage\":\"pt-BR\"},{\"@type\":\"Organization\",\"@id\":\"https:\/\/psol50.org.br\/#organization\",\"name\":\"PSOL 50\",\"alternateName\":\"PSOL 50\",\"url\":\"https:\/\/psol50.org.br\/\",\"logo\":{\"@type\":\"ImageObject\",\"inLanguage\":\"pt-BR\",\"@id\":\"https:\/\/psol50.org.br\/#\/schema\/logo\/image\/\",\"url\":\"https:\/\/psol50.org.br\/inc\/uploads\/2018\/07\/capa.png\",\"contentUrl\":\"https:\/\/psol50.org.br\/inc\/uploads\/2018\/07\/capa.png\",\"width\":1350,\"height\":900,\"caption\":\"PSOL 50\"},\"image\":{\"@id\":\"https:\/\/psol50.org.br\/#\/schema\/logo\/image\/\"},\"sameAs\":[\"https:\/\/www.facebook.com\/psol50\",\"https:\/\/x.com\/psol50\",\"https:\/\/www.instagram.com\/psol50\/\",\"https:\/\/www.youtube.com\/channel\/UC7SnJS5o1os7a6CaiNabzcg\"]},{\"@type\":\"Person\",\"@id\":\"https:\/\/psol50.org.br\/#\/schema\/person\/475dfa57d0b815993c714c2e96491fcd\",\"name\":\"Comunica\u00e7\u00e3o PSOL\",\"image\":{\"@type\":\"ImageObject\",\"inLanguage\":\"pt-BR\",\"@id\":\"https:\/\/psol50.org.br\/#\/schema\/person\/image\/\",\"url\":\"https:\/\/secure.gravatar.com\/avatar\/b34fc4f4e468a4e51785917065a3db57b841f5c95dba6ad8c73aaf8f66f8f9bf?s=96&d=mm&r=g\",\"contentUrl\":\"https:\/\/secure.gravatar.com\/avatar\/b34fc4f4e468a4e51785917065a3db57b841f5c95dba6ad8c73aaf8f66f8f9bf?s=96&d=mm&r=g\",\"caption\":\"Comunica\u00e7\u00e3o PSOL\"}}]}<\/script>\n<!-- \/ Yoast SEO plugin. -->","yoast_head_json":{"title":"PSOL prop\u00f5e barrar na C\u00e2mara o aumento da pena para casos de desacato policial","description":"Para Tal\u00edria Petrone o projeto \u00e9 inconstitucional e facilita situa\u00e7\u00f5es de abuso policial","robots":{"index":"index","follow":"follow","max-snippet":"max-snippet:-1","max-image-preview":"max-image-preview:large","max-video-preview":"max-video-preview:-1"},"canonical":"https:\/\/psol50.org.br\/psol-propoe-barrar-na-camara-o-aumento-da-pena-para-casos-de-desacato-policial\/","og_locale":"pt_BR","og_type":"article","og_title":"PSOL prop\u00f5e barrar na C\u00e2mara o aumento da pena para casos de desacato policial","og_description":"Para Tal\u00edria Petrone o projeto \u00e9 inconstitucional e facilita situa\u00e7\u00f5es de abuso policial","og_url":"https:\/\/psol50.org.br\/psol-propoe-barrar-na-camara-o-aumento-da-pena-para-casos-de-desacato-policial\/","og_site_name":"PSOL 50","article_publisher":"https:\/\/www.facebook.com\/psol50","article_published_time":"2019-07-01T20:47:36+00:00","og_image":[{"width":640,"height":335,"url":"https:\/\/psol50.org.br\/inc\/uploads\/2019\/07\/abusopoder.jpg","type":"image\/jpeg"}],"author":"Comunica\u00e7\u00e3o PSOL","twitter_card":"summary_large_image","twitter_title":"PSOL prop\u00f5e barrar na C\u00e2mara o aumento da pena para casos de desacato policial","twitter_description":"Para Tal\u00edria Petrone o projeto \u00e9 inconstitucional e facilita situa\u00e7\u00f5es de abuso policial","twitter_image":"https:\/\/psol50.org.br\/inc\/uploads\/2019\/07\/abusopoder.jpg","twitter_creator":"@psol50","twitter_site":"@psol50","twitter_misc":{"Escrito por":"Comunica\u00e7\u00e3o PSOL","Est. tempo de leitura":"1 minuto"},"schema":{"@context":"https:\/\/schema.org","@graph":[{"@type":"Article","@id":"https:\/\/psol50.org.br\/psol-propoe-barrar-na-camara-o-aumento-da-pena-para-casos-de-desacato-policial\/#article","isPartOf":{"@id":"https:\/\/psol50.org.br\/psol-propoe-barrar-na-camara-o-aumento-da-pena-para-casos-de-desacato-policial\/"},"author":{"name":"Comunica\u00e7\u00e3o PSOL","@id":"https:\/\/psol50.org.br\/#\/schema\/person\/475dfa57d0b815993c714c2e96491fcd"},"headline":"PSOL prop\u00f5e barrar na C\u00e2mara o aumento da pena para casos de desacato policial","datePublished":"2019-07-01T20:47:36+00:00","mainEntityOfPage":{"@id":"https:\/\/psol50.org.br\/psol-propoe-barrar-na-camara-o-aumento-da-pena-para-casos-de-desacato-policial\/"},"wordCount":288,"publisher":{"@id":"https:\/\/psol50.org.br\/#organization"},"image":{"@id":"https:\/\/psol50.org.br\/psol-propoe-barrar-na-camara-o-aumento-da-pena-para-casos-de-desacato-policial\/#primaryimage"},"thumbnailUrl":"https:\/\/psol50.org.br\/inc\/uploads\/2019\/07\/abusopoder.jpg","keywords":["abuso policial","c\u00e2mara","CCJ","pol\u00edcia","PSOL","tal\u00edria"],"articleSection":["Not\u00edcias","Partido"],"inLanguage":"pt-BR"},{"@type":"WebPage","@id":"https:\/\/psol50.org.br\/psol-propoe-barrar-na-camara-o-aumento-da-pena-para-casos-de-desacato-policial\/","url":"https:\/\/psol50.org.br\/psol-propoe-barrar-na-camara-o-aumento-da-pena-para-casos-de-desacato-policial\/","name":"PSOL prop\u00f5e barrar na C\u00e2mara o aumento da pena para casos de desacato policial","isPartOf":{"@id":"https:\/\/psol50.org.br\/#website"},"primaryImageOfPage":{"@id":"https:\/\/psol50.org.br\/psol-propoe-barrar-na-camara-o-aumento-da-pena-para-casos-de-desacato-policial\/#primaryimage"},"image":{"@id":"https:\/\/psol50.org.br\/psol-propoe-barrar-na-camara-o-aumento-da-pena-para-casos-de-desacato-policial\/#primaryimage"},"thumbnailUrl":"https:\/\/psol50.org.br\/inc\/uploads\/2019\/07\/abusopoder.jpg","datePublished":"2019-07-01T20:47:36+00:00","description":"Para Tal\u00edria Petrone o projeto \u00e9 inconstitucional e facilita situa\u00e7\u00f5es de abuso policial","breadcrumb":{"@id":"https:\/\/psol50.org.br\/psol-propoe-barrar-na-camara-o-aumento-da-pena-para-casos-de-desacato-policial\/#breadcrumb"},"inLanguage":"pt-BR","potentialAction":[{"@type":"ReadAction","target":["https:\/\/psol50.org.br\/psol-propoe-barrar-na-camara-o-aumento-da-pena-para-casos-de-desacato-policial\/"]}]},{"@type":"ImageObject","inLanguage":"pt-BR","@id":"https:\/\/psol50.org.br\/psol-propoe-barrar-na-camara-o-aumento-da-pena-para-casos-de-desacato-policial\/#primaryimage","url":"https:\/\/psol50.org.br\/inc\/uploads\/2019\/07\/abusopoder.jpg","contentUrl":"https:\/\/psol50.org.br\/inc\/uploads\/2019\/07\/abusopoder.jpg","width":640,"height":335},{"@type":"BreadcrumbList","@id":"https:\/\/psol50.org.br\/psol-propoe-barrar-na-camara-o-aumento-da-pena-para-casos-de-desacato-policial\/#breadcrumb","itemListElement":[{"@type":"ListItem","position":1,"name":"In\u00edcio","item":"https:\/\/psol50.org.br\/"},{"@type":"ListItem","position":2,"name":"PSOL prop\u00f5e barrar na C\u00e2mara o aumento da pena para casos de desacato policial"}]},{"@type":"WebSite","@id":"https:\/\/psol50.org.br\/#website","url":"https:\/\/psol50.org.br\/","name":"PSOL 50","description":"Site oficial do Partido Socialismo e Liberdade","publisher":{"@id":"https:\/\/psol50.org.br\/#organization"},"alternateName":"PSOL50","potentialAction":[{"@type":"SearchAction","target":{"@type":"EntryPoint","urlTemplate":"https:\/\/psol50.org.br\/?s={search_term_string}"},"query-input":{"@type":"PropertyValueSpecification","valueRequired":true,"valueName":"search_term_string"}}],"inLanguage":"pt-BR"},{"@type":"Organization","@id":"https:\/\/psol50.org.br\/#organization","name":"PSOL 50","alternateName":"PSOL 50","url":"https:\/\/psol50.org.br\/","logo":{"@type":"ImageObject","inLanguage":"pt-BR","@id":"https:\/\/psol50.org.br\/#\/schema\/logo\/image\/","url":"https:\/\/psol50.org.br\/inc\/uploads\/2018\/07\/capa.png","contentUrl":"https:\/\/psol50.org.br\/inc\/uploads\/2018\/07\/capa.png","width":1350,"height":900,"caption":"PSOL 50"},"image":{"@id":"https:\/\/psol50.org.br\/#\/schema\/logo\/image\/"},"sameAs":["https:\/\/www.facebook.com\/psol50","https:\/\/x.com\/psol50","https:\/\/www.instagram.com\/psol50\/","https:\/\/www.youtube.com\/channel\/UC7SnJS5o1os7a6CaiNabzcg"]},{"@type":"Person","@id":"https:\/\/psol50.org.br\/#\/schema\/person\/475dfa57d0b815993c714c2e96491fcd","name":"Comunica\u00e7\u00e3o PSOL","image":{"@type":"ImageObject","inLanguage":"pt-BR","@id":"https:\/\/psol50.org.br\/#\/schema\/person\/image\/","url":"https:\/\/secure.gravatar.com\/avatar\/b34fc4f4e468a4e51785917065a3db57b841f5c95dba6ad8c73aaf8f66f8f9bf?s=96&d=mm&r=g","contentUrl":"https:\/\/secure.gravatar.com\/avatar\/b34fc4f4e468a4e51785917065a3db57b841f5c95dba6ad8c73aaf8f66f8f9bf?s=96&d=mm&r=g","caption":"Comunica\u00e7\u00e3o PSOL"}}]}},"_links":{"self":[{"href":"https:\/\/psol50.org.br\/rest\/wp\/v2\/posts\/25696","targetHints":{"allow":["GET"]}}],"collection":[{"href":"https:\/\/psol50.org.br\/rest\/wp\/v2\/posts"}],"about":[{"href":"https:\/\/psol50.org.br\/rest\/wp\/v2\/types\/post"}],"author":[{"embeddable":true,"href":"https:\/\/psol50.org.br\/rest\/wp\/v2\/users\/2"}],"replies":[{"embeddable":true,"href":"https:\/\/psol50.org.br\/rest\/wp\/v2\/comments?post=25696"}],"version-history":[{"count":0,"href":"https:\/\/psol50.org.br\/rest\/wp\/v2\/posts\/25696\/revisions"}],"wp:featuredmedia":[{"embeddable":true,"href":"https:\/\/psol50.org.br\/rest\/wp\/v2\/media\/25697"}],"wp:attachment":[{"href":"https:\/\/psol50.org.br\/rest\/wp\/v2\/media?parent=25696"}],"wp:term":[{"taxonomy":"category","embeddable":true,"href":"https:\/\/psol50.org.br\/rest\/wp\/v2\/categories?post=25696"},{"taxonomy":"post_tag","embeddable":true,"href":"https:\/\/psol50.org.br\/rest\/wp\/v2\/tags?post=25696"}],"curies":[{"name":"wp","href":"https:\/\/api.w.org\/{rel}","templated":true}]}}